{"id":160497,"date":"2019-11-19T00:00:00","date_gmt":"2019-11-18T22:00:00","guid":{"rendered":"http:\/\/south.euneighbours.eu\/news\/le-reseau-euro-mediterraneen-pour-les-etudes-economiques-organise-une-manifestation-pour-echanger-des-points-de-vue-sur-lavenir-des-relations-euromed\/"},"modified":"2022-07-12T13:31:30","modified_gmt":"2022-07-12T10:31:30","slug":"le-reseau-euro-mediterraneen-pour-les-etudes-economiques-organise-une","status":"publish","type":"news","link":"https:\/\/www.eumedbridge.eu\/fr\/news\/le-reseau-euro-mediterraneen-pour-les-etudes-economiques-organise-une\/","title":{"rendered":"Le R\u00e9seau euro-m\u00e9diterran\u00e9en pour les \u00e9tudes \u00e9conomiques organise une manifestation pour \u00e9changer des points de vue sur l\u2019avenir des relations Euromed"},"content":{"rendered":"<p>Le 14\u00a0novembre dernier, le R\u00e9seau euro-m\u00e9diterran\u00e9en pour les \u00e9tudes \u00e9conomiques (EMNES), l\u2019Association euro-m\u00e9diterran\u00e9enne des \u00e9conomistes (EMEA) et le Centre d\u2019\u00e9tudes de la politique europ\u00e9enne (CEPS) ont organis\u00e9 l\u2019\u00e9v\u00e9nement \u00ab\u00a0How important is the Southern neighborhood for the future of Europe\u00a0?\u00a0\u00bb (Quelle est l\u2019importance du voisinage m\u00e9ridional pour l\u2019avenir de l\u2019Europe\u00a0?), dans les locaux du CEPS \u00e0 Bruxelles (Belgique).<\/p>\n<p>Fathallah\u00a0Sijilmassi, ancien Secr\u00e9taire g\u00e9n\u00e9ral de l\u2019Union pour la M\u00e9diterran\u00e9e et membre du comit\u00e9 consultatif d\u2019EMNES, Michael\u00a0Koehler, directeur g\u00e9n\u00e9ral adjoint pour la protection civile et les op\u00e9rations d\u2019aide humanitaire europ\u00e9ennes (DG\u00a0ECHO), et le professeur Rym\u00a0Ayadi, directeur d\u2019EMNES et pr\u00e9sident de l\u2019EMEA, ont \u00e9chang\u00e9 leurs points de vue sur la mani\u00e8re d\u2019envisager l\u2019avenir de la r\u00e9gion et les relations euro-m\u00e9diterran\u00e9ennes sous un angle strat\u00e9gique et constructif.<\/p>\n<p>Le Centre d\u2019\u00e9tudes de la politique europ\u00e9enne (CEPS) est aujourd\u2019hui l\u2019un des groupes de r\u00e9flexion les plus exp\u00e9riment\u00e9s et les plus comp\u00e9tents de l\u2019UE. Pour la quatri\u00e8me ann\u00e9e cons\u00e9cutive, le CEPS s\u2019est class\u00e9 parmi les dix premiers think tanks mondiaux (hors \u00c9tats-Unis). La caract\u00e9ristique la plus marquante du CEPS r\u00e9side dans sa forte capacit\u00e9 de recherche interne, compl\u00e9t\u00e9e par un vaste r\u00e9seau d\u2019instituts partenaires et d\u2019associ\u00e9s de recherche \u00e0 travers le monde.<\/p>\n<p>L\u2019EMNES (R\u00e9seau euro-m\u00e9diterran\u00e9en pour les \u00e9tudes \u00e9conomiques) est un r\u00e9seau d\u2019instituts de recherche et de groupes de r\u00e9flexion partenaires et associ\u00e9s travaillant sur les aspects socio\u00e9conomiques dans la r\u00e9gion euro-m\u00e9diterran\u00e9enne. Le projet EMNES est cofinanc\u00e9 par l\u2019Association euro-m\u00e9diterran\u00e9enne des \u00e9conomistes (Euro-Mediterranean Economists Association &#8211; EMEA) et la Commission europ\u00e9enne.<\/p>\n<p>\u00a0<\/p>\n<p><strong>Pour en savoir plus<\/strong><\/p>\n<p><a href=\"https:\/\/www.facebook.com\/EMNES.org\/posts\/2498715647121335?__xts__%5b0%5d=68.ARB4jdgR_McMHvY9DG0nZzF_bwpVT4YlipsZftTGZ4l3gDTmvnOFbrhlTBIkv9fXMOXFA6EKp-yHToih345pWAO2_niYUMQQggxTKN8_HDGTnANxh5SHxB1MjtnXXvkLAMlhseaFZ2sjRKTOqCxXgDMBAN2fXokMqFH6Zk7anKSla6l-I_Hh20D8MQb4Ejpi3gsY-2_1iRQ01M7n0rvmaJ5wdUK6XXbhoXqihnTcBQNUDa66zwSWn9wC4OLhZDXZ_mC6ahZtJQ9z01bP0Aom8vkQMSX4e7ROQhKzSvKvfleuR90fRmiz65MuMJIIDyhLsfraCPsu__AbukhAJghfq-RIKtv3hJTRHb_idkc6oUPa_AtPVO6B76poUqFM7Ge5Nfxmk8fGPrReysLJpQrVSIgTvpmPma0ZxGeTMPr2V0VdZm928ik&#038;__tn__=-R\">Communiqu\u00e9 de presse<\/a><\/p>\n<p>EMNES \u2013 <a href=\"http:\/\/emnes.org\/\">Site internet<\/a><\/p>\n<p>CEPS \u2013 <a href=\"https:\/\/www.ceps.eu\/?fbclid=IwAR16cTFSUksNLO_xwI9iBODXIhtvWwAOlcWy_V9oG6o7fEfsZW5dHJvHo38\">Site internet<\/a><\/p>\n","protected":false},"featured_media":0,"parent":0,"template":"","news_category":[],"country":[1946,1947,1950,2124,1949,1951,1953,1952,2029,1955],"special_action":[],"custom_tag":[2312,1884,2821],"class_list":["post-160497","news","type-news","status-publish","hentry","country-algerie","country-egypte","country-israel-fr","country-jordanie","country-liban","country-libye","country-maroc","country-palestine-fr","country-syrie","country-tunisie","custom_tag-developpement-durable","custom_tag-environnement-et-changement-climatique","custom_tag-migration-fr"],"acf":[],"yoast_head":"<!-- This site is optimized with the Yoast SEO plugin v26.5 - https:\/\/yoast.com\/wordpress\/plugins\/seo\/ -->\n<title>Le R\u00e9seau euro-m\u00e9diterran\u00e9en pour les \u00e9tudes \u00e9conomiques organise une manifestation pour \u00e9changer des points de vue sur l\u2019avenir des relations Euromed - Voisins de l&#039;UE<\/title>\n<meta name=\"robots\" content=\"index, follow, max-snippet:-1, max-image-preview:large, max-video-preview:-1\" \/>\n<link rel=\"canonical\" href=\"https:\/\/www.eumedbridge.eu\/fr\/news\/le-reseau-euro-mediterraneen-pour-les-etudes-economiques-organise-une\/\" \/>\n<meta property=\"og:locale\" content=\"fr_FR\" \/>\n<meta property=\"og:type\" content=\"article\" \/>\n<meta property=\"og:title\" content=\"Le R\u00e9seau euro-m\u00e9diterran\u00e9en pour les \u00e9tudes \u00e9conomiques organise une manifestation pour \u00e9changer des points de vue sur l\u2019avenir des relations Euromed - Voisins de l&#039;UE\" \/>\n<meta property=\"og:description\" content=\"Le 14\u00a0novembre dernier, le R\u00e9seau euro-m\u00e9diterran\u00e9en pour les \u00e9tudes \u00e9conomiques (EMNES), l\u2019Association euro-m\u00e9diterran\u00e9enne des \u00e9conomistes (EMEA) et le Centre d\u2019\u00e9tudes de la politique europ\u00e9enne (CEPS) ont organis\u00e9 l\u2019\u00e9v\u00e9nement \u00ab\u00a0How important is the Southern neighborhood for the future of Europe\u00a0?\u00a0\u00bb (Quelle est l\u2019importance du voisinage m\u00e9ridional pour l\u2019avenir de l\u2019Europe\u00a0?), dans les locaux du CEPS \u00e0 [&hellip;]\" \/>\n<meta property=\"og:url\" content=\"https:\/\/www.eumedbridge.eu\/fr\/news\/le-reseau-euro-mediterraneen-pour-les-etudes-economiques-organise-une\/\" \/>\n<meta property=\"og:site_name\" content=\"Voisins de l&#039;UE\" \/>\n<meta property=\"article:publisher\" content=\"https:\/\/www.facebook.com\/eumedbridge\/\" \/>\n<meta property=\"article:modified_time\" content=\"2022-07-12T10:31:30+00:00\" \/>\n<meta property=\"og:image\" content=\"https:\/\/www.eumedbridge.eu\/wp-content\/uploads\/2022\/03\/photo-EMNES-2.jpg\" \/>\n\t<meta property=\"og:image:width\" content=\"960\" \/>\n\t<meta property=\"og:image:height\" content=\"720\" \/>\n\t<meta property=\"og:image:type\" content=\"image\/jpeg\" \/>\n<meta name=\"twitter:card\" content=\"summary_large_image\" \/>\n<meta name=\"twitter:site\" content=\"@eumedbridge\" \/>\n<meta name=\"twitter:label1\" content=\"Dur\u00e9e de lecture estim\u00e9e\" \/>\n\t<meta name=\"twitter:data1\" content=\"2 minutes\" \/>\n<script type=\"application\/ld+json\" class=\"yoast-schema-graph\">{\"@context\":\"https:\/\/schema.org\",\"@graph\":[{\"@type\":\"WebPage\",\"@id\":\"https:\/\/www.eumedbridge.eu\/fr\/news\/le-reseau-euro-mediterraneen-pour-les-etudes-economiques-organise-une\/\",\"url\":\"https:\/\/www.eumedbridge.eu\/fr\/news\/le-reseau-euro-mediterraneen-pour-les-etudes-economiques-organise-une\/\",\"name\":\"Le R\u00e9seau euro-m\u00e9diterran\u00e9en pour les \u00e9tudes \u00e9conomiques organise une manifestation pour \u00e9changer des points de vue sur l\u2019avenir des relations Euromed - Voisins de l'UE\",\"isPartOf\":{\"@id\":\"https:\/\/www.eumedbridge.eu\/#website\"},\"datePublished\":\"2019-11-18T22:00:00+00:00\",\"dateModified\":\"2022-07-12T10:31:30+00:00\",\"breadcrumb\":{\"@id\":\"https:\/\/www.eumedbridge.eu\/fr\/news\/le-reseau-euro-mediterraneen-pour-les-etudes-economiques-organise-une\/#breadcrumb\"},\"inLanguage\":\"fr-FR\",\"potentialAction\":[{\"@type\":\"ReadAction\",\"target\":[\"https:\/\/www.eumedbridge.eu\/fr\/news\/le-reseau-euro-mediterraneen-pour-les-etudes-economiques-organise-une\/\"]}]},{\"@type\":\"BreadcrumbList\",\"@id\":\"https:\/\/www.eumedbridge.eu\/fr\/news\/le-reseau-euro-mediterraneen-pour-les-etudes-economiques-organise-une\/#breadcrumb\",\"itemListElement\":[{\"@type\":\"ListItem\",\"position\":1,\"name\":\"Home\",\"item\":\"https:\/\/www.eumedbridge.eu\/fr\/home-page\/\"},{\"@type\":\"ListItem\",\"position\":2,\"name\":\"Actualit\u00e9s\",\"item\":\"https:\/\/www.eumedbridge.eu\/fr\/news\/\"},{\"@type\":\"ListItem\",\"position\":3,\"name\":\"Le R\u00e9seau euro-m\u00e9diterran\u00e9en pour les \u00e9tudes \u00e9conomiques organise une manifestation pour \u00e9changer des points de vue sur l\u2019avenir des relations Euromed\"}]},{\"@type\":\"WebSite\",\"@id\":\"https:\/\/www.eumedbridge.eu\/#website\",\"url\":\"https:\/\/www.eumedbridge.eu\/\",\"name\":\"EU Medbridge\",\"description\":\"\",\"publisher\":{\"@id\":\"https:\/\/www.eumedbridge.eu\/#organization\"},\"potentialAction\":[{\"@type\":\"SearchAction\",\"target\":{\"@type\":\"EntryPoint\",\"urlTemplate\":\"https:\/\/www.eumedbridge.eu\/?s={search_term_string}\"},\"query-input\":{\"@type\":\"PropertyValueSpecification\",\"valueRequired\":true,\"valueName\":\"search_term_string\"}}],\"inLanguage\":\"fr-FR\"},{\"@type\":\"Organization\",\"@id\":\"https:\/\/www.eumedbridge.eu\/#organization\",\"name\":\"EU Medbridge\",\"url\":\"https:\/\/www.eumedbridge.eu\/\",\"logo\":{\"@type\":\"ImageObject\",\"inLanguage\":\"fr-FR\",\"@id\":\"https:\/\/www.eumedbridge.eu\/#\/schema\/logo\/image\/\",\"url\":\"https:\/\/www.eumedbridge.eu\/wp-content\/uploads\/2021\/12\/Logo.png\",\"contentUrl\":\"https:\/\/www.eumedbridge.eu\/wp-content\/uploads\/2021\/12\/Logo.png\",\"width\":325,\"height\":114,\"caption\":\"EU Medbridge\"},\"image\":{\"@id\":\"https:\/\/www.eumedbridge.eu\/#\/schema\/logo\/image\/\"},\"sameAs\":[\"https:\/\/www.facebook.com\/eumedbridge\/\",\"https:\/\/x.com\/eumedbridge\",\"https:\/\/www.linkedin.com\/company\/eumedbridge\",\"https:\/\/www.youtube.com\/@eumedbridge\",\"https:\/\/www.instagram.com\/eumedbridge\",\"https:\/\/www.flickr.com\/photos\/euneighbours-south\/\"]}]}<\/script>\n<!-- \/ Yoast SEO plugin. -->","yoast_head_json":{"title":"Le R\u00e9seau euro-m\u00e9diterran\u00e9en pour les \u00e9tudes \u00e9conomiques organise une manifestation pour \u00e9changer des points de vue sur l\u2019avenir des relations Euromed - Voisins de l'UE","robots":{"index":"index","follow":"follow","max-snippet":"max-snippet:-1","max-image-preview":"max-image-preview:large","max-video-preview":"max-video-preview:-1"},"canonical":"https:\/\/www.eumedbridge.eu\/fr\/news\/le-reseau-euro-mediterraneen-pour-les-etudes-economiques-organise-une\/","og_locale":"fr_FR","og_type":"article","og_title":"Le R\u00e9seau euro-m\u00e9diterran\u00e9en pour les \u00e9tudes \u00e9conomiques organise une manifestation pour \u00e9changer des points de vue sur l\u2019avenir des relations Euromed - Voisins de l'UE","og_description":"Le 14\u00a0novembre dernier, le R\u00e9seau euro-m\u00e9diterran\u00e9en pour les \u00e9tudes \u00e9conomiques (EMNES), l\u2019Association euro-m\u00e9diterran\u00e9enne des \u00e9conomistes (EMEA) et le Centre d\u2019\u00e9tudes de la politique europ\u00e9enne (CEPS) ont organis\u00e9 l\u2019\u00e9v\u00e9nement \u00ab\u00a0How important is the Southern neighborhood for the future of Europe\u00a0?\u00a0\u00bb (Quelle est l\u2019importance du voisinage m\u00e9ridional pour l\u2019avenir de l\u2019Europe\u00a0?), dans les locaux du CEPS \u00e0 [&hellip;]","og_url":"https:\/\/www.eumedbridge.eu\/fr\/news\/le-reseau-euro-mediterraneen-pour-les-etudes-economiques-organise-une\/","og_site_name":"Voisins de l'UE","article_publisher":"https:\/\/www.facebook.com\/eumedbridge\/","article_modified_time":"2022-07-12T10:31:30+00:00","og_image":[{"width":960,"height":720,"url":"https:\/\/www.eumedbridge.eu\/wp-content\/uploads\/2022\/03\/photo-EMNES-2.jpg","type":"image\/jpeg"}],"twitter_card":"summary_large_image","twitter_site":"@eumedbridge","twitter_misc":{"Dur\u00e9e de lecture estim\u00e9e":"2 minutes"},"schema":{"@context":"https:\/\/schema.org","@graph":[{"@type":"WebPage","@id":"https:\/\/www.eumedbridge.eu\/fr\/news\/le-reseau-euro-mediterraneen-pour-les-etudes-economiques-organise-une\/","url":"https:\/\/www.eumedbridge.eu\/fr\/news\/le-reseau-euro-mediterraneen-pour-les-etudes-economiques-organise-une\/","name":"Le R\u00e9seau euro-m\u00e9diterran\u00e9en pour les \u00e9tudes \u00e9conomiques organise une manifestation pour \u00e9changer des points de vue sur l\u2019avenir des relations Euromed - Voisins de l'UE","isPartOf":{"@id":"https:\/\/www.eumedbridge.eu\/#website"},"datePublished":"2019-11-18T22:00:00+00:00","dateModified":"2022-07-12T10:31:30+00:00","breadcrumb":{"@id":"https:\/\/www.eumedbridge.eu\/fr\/news\/le-reseau-euro-mediterraneen-pour-les-etudes-economiques-organise-une\/#breadcrumb"},"inLanguage":"fr-FR","potentialAction":[{"@type":"ReadAction","target":["https:\/\/www.eumedbridge.eu\/fr\/news\/le-reseau-euro-mediterraneen-pour-les-etudes-economiques-organise-une\/"]}]},{"@type":"BreadcrumbList","@id":"https:\/\/www.eumedbridge.eu\/fr\/news\/le-reseau-euro-mediterraneen-pour-les-etudes-economiques-organise-une\/#breadcrumb","itemListElement":[{"@type":"ListItem","position":1,"name":"Home","item":"https:\/\/www.eumedbridge.eu\/fr\/home-page\/"},{"@type":"ListItem","position":2,"name":"Actualit\u00e9s","item":"https:\/\/www.eumedbridge.eu\/fr\/news\/"},{"@type":"ListItem","position":3,"name":"Le R\u00e9seau euro-m\u00e9diterran\u00e9en pour les \u00e9tudes \u00e9conomiques organise une manifestation pour \u00e9changer des points de vue sur l\u2019avenir des relations Euromed"}]},{"@type":"WebSite","@id":"https:\/\/www.eumedbridge.eu\/#website","url":"https:\/\/www.eumedbridge.eu\/","name":"EU Medbridge","description":"","publisher":{"@id":"https:\/\/www.eumedbridge.eu\/#organization"},"potentialAction":[{"@type":"SearchAction","target":{"@type":"EntryPoint","urlTemplate":"https:\/\/www.eumedbridge.eu\/?s={search_term_string}"},"query-input":{"@type":"PropertyValueSpecification","valueRequired":true,"valueName":"search_term_string"}}],"inLanguage":"fr-FR"},{"@type":"Organization","@id":"https:\/\/www.eumedbridge.eu\/#organization","name":"EU Medbridge","url":"https:\/\/www.eumedbridge.eu\/","logo":{"@type":"ImageObject","inLanguage":"fr-FR","@id":"https:\/\/www.eumedbridge.eu\/#\/schema\/logo\/image\/","url":"https:\/\/www.eumedbridge.eu\/wp-content\/uploads\/2021\/12\/Logo.png","contentUrl":"https:\/\/www.eumedbridge.eu\/wp-content\/uploads\/2021\/12\/Logo.png","width":325,"height":114,"caption":"EU Medbridge"},"image":{"@id":"https:\/\/www.eumedbridge.eu\/#\/schema\/logo\/image\/"},"sameAs":["https:\/\/www.facebook.com\/eumedbridge\/","https:\/\/x.com\/eumedbridge","https:\/\/www.linkedin.com\/company\/eumedbridge","https:\/\/www.youtube.com\/@eumedbridge","https:\/\/www.instagram.com\/eumedbridge","https:\/\/www.flickr.com\/photos\/euneighbours-south\/"]}]}},"_links":{"self":[{"href":"https:\/\/www.eumedbridge.eu\/fr\/wp-json\/wp\/v2\/news\/160497","targetHints":{"allow":["GET"]}}],"collection":[{"href":"https:\/\/www.eumedbridge.eu\/fr\/wp-json\/wp\/v2\/news"}],"about":[{"href":"https:\/\/www.eumedbridge.eu\/fr\/wp-json\/wp\/v2\/types\/news"}],"wp:attachment":[{"href":"https:\/\/www.eumedbridge.eu\/fr\/wp-json\/wp\/v2\/media?parent=160497"}],"wp:term":[{"taxonomy":"news_category","embeddable":true,"href":"https:\/\/www.eumedbridge.eu\/fr\/wp-json\/wp\/v2\/news_category?post=160497"},{"taxonomy":"country","embeddable":true,"href":"https:\/\/www.eumedbridge.eu\/fr\/wp-json\/wp\/v2\/country?post=160497"},{"taxonomy":"special_action","embeddable":true,"href":"https:\/\/www.eumedbridge.eu\/fr\/wp-json\/wp\/v2\/special_action?post=160497"},{"taxonomy":"custom_tag","embeddable":true,"href":"https:\/\/www.eumedbridge.eu\/fr\/wp-json\/wp\/v2\/custom_tag?post=160497"}],"curies":[{"name":"wp","href":"https:\/\/api.w.org\/{rel}","templated":true}]}}