{"id":160660,"date":"2019-10-03T00:00:00","date_gmt":"2019-10-02T21:00:00","guid":{"rendered":"http:\/\/south.euneighbours.eu\/news\/assistez-a-la-session-facebook-live-aujourdhui-pour-en-savoir-plus-sur-le-prix-de-larlem\/"},"modified":"2022-07-08T17:45:03","modified_gmt":"2022-07-08T14:45:03","slug":"assistez-la-session-facebook-live-aujourdhui-pour-en-savoir-plus-sur-le","status":"publish","type":"news","link":"https:\/\/www.eumedbridge.eu\/fr\/news\/assistez-la-session-facebook-live-aujourdhui-pour-en-savoir-plus-sur-le\/","title":{"rendered":"Assistez \u00e0 la session Facebook live aujourd\u2019hui pour en savoir plus sur le prix de l\u2019ARLEM"},"content":{"rendered":"<p>Suite au rapport de l&rsquo;ARLEM sur \u00ab\u00a0L&rsquo;entrepreneuriat des jeunes en M\u00e9diterran\u00e9e\u00a0\u00bb adopt\u00e9 en f\u00e9vrier 2019, l&rsquo;Assembl\u00e9e R\u00e9gionale et Locale Euro-M\u00e9diterran\u00e9enne (ARLEM) r\u00e9compensera, lors de sa session pl\u00e9ni\u00e8re du 23 janvier 2020, un(e) jeune entrepreneur des pays partenaires du Sud de la M\u00e9diterran\u00e9e (Albanie, Alg\u00e9rie, Bosnie-Herz\u00e9govine, Egypte, Isra\u00ebl, Jordanie, Liban, Libye, Mauritanie, Monaco, Mont\u00e9n\u00e9gro, Maroc, Palestine, Tunisie et Turquie) et la collectivit\u00e9 locale qui l&rsquo;aura soutenu dans son activit\u00e9. Le prix de l&rsquo;ARLEM vise \u00e0 inspirer les entrepreneurs potentiels et les autorit\u00e9s locales et r\u00e9gionales ainsi qu&rsquo;\u00e0 contribuer \u00e0 un r\u00e9cit positif. Il s&rsquo;agit de sa deuxi\u00e8me \u00e9dition (#ARLEMaward).<\/p>\n<p>Assistez \u00e0 la session Facebook Live le jeudi 3 octobre 2019 \u00e0 14h30 CET (<a href=\"https:\/\/www.facebook.com\/European.Committee.of.the.Regions\/videos\/2188150188161637\/\">ici<\/a>) pour en savoir plus sur le prix de l&rsquo;ARLEM et comment poser vos questions directement.<\/p>\n<p>La date limite de r\u00e9ception des candidatures d\u2019entrepreneurs dont l\u2019\u00e2ge ne devra pas d\u00e9passer 35 ans est fix\u00e9e au 31 Octobre 2019. \u00a0La c\u00e9r\u00e9monie de remise des prix aura lieu en marge de la prochaine session pl\u00e9ni\u00e8re de l\u2019ARLEM le 23 janvier 2020.<\/p>\n<p>L&rsquo;Assembl\u00e9e r\u00e9gionale et locale euro-m\u00e9diterran\u00e9enne (ARLEM) r\u00e9unit des repr\u00e9sentants locaux et r\u00e9gionaux de l&rsquo;Union europ\u00e9enne et de ses partenaires m\u00e9diterran\u00e9ens.<\/p>\n<p>Elle a \u00e9t\u00e9 cr\u00e9\u00e9e en\u00a02010 par le Comit\u00e9 europ\u00e9en des r\u00e9gions (CdR), conjointement avec les associations territoriales qui agissent dans ce domaine, permettant aux \u00e9lus des trois rives de la mer M\u00e9diterran\u00e9e d\u2019:<\/p>\n<ul>\n<li>assurer une repr\u00e9sentation politique des collectivit\u00e9s territoriales, notamment aupr\u00e8s de l&rsquo;Union europ\u00e9enne et de l&rsquo;Union pour la M\u00e9diterran\u00e9e (UpM);<\/li>\n<li>entretenir un dialogue politique;<\/li>\n<li>encourager la coop\u00e9ration interr\u00e9gionale.<\/li>\n<\/ul>\n<p>\u00a0<\/p>\n<p><strong>Pour en savoir plus<\/strong><\/p>\n<p><a href=\"https:\/\/cor.europa.eu\/fr\/events\/Pages\/arlem_award_2020.aspx\">Communiqu\u00e9 de presse<\/a><\/p>\n<p>Prix de l\u2019ARLEM 2020 \u2013 <a href=\"https:\/\/cor.europa.eu\/en\/events\/Documents\/ARLEM\/ARLEM%20AWARD%202020\/ARLEM%20Award%202020%20flyer_FR.pdf\">flyer<\/a><\/p>\n<p>Comit\u00e9 Europ\u00e9en des R\u00e9gions &#8211;\u00a0<a href=\"http:\/\/cor.europa.eu\/en\/Pages\/home.aspx\">Site internet<\/a><\/p>\n","protected":false},"featured_media":0,"parent":0,"template":"","news_category":[],"country":[1946,1947,1950,2124,1949,1951,1953,1952,1955],"special_action":[],"custom_tag":[2821],"class_list":["post-160660","news","type-news","status-publish","hentry","country-algerie","country-egypte","country-israel-fr","country-jordanie","country-liban","country-libye","country-maroc","country-palestine-fr","country-tunisie","custom_tag-migration-fr"],"acf":[],"yoast_head":"<!-- This site is optimized with the Yoast SEO plugin v26.5 - https:\/\/yoast.com\/wordpress\/plugins\/seo\/ -->\n<title>Assistez \u00e0 la session Facebook live aujourd\u2019hui pour en savoir plus sur le prix de l\u2019ARLEM - Voisins de l&#039;UE<\/title>\n<meta name=\"robots\" content=\"index, follow, max-snippet:-1, max-image-preview:large, max-video-preview:-1\" \/>\n<link rel=\"canonical\" href=\"https:\/\/www.eumedbridge.eu\/fr\/news\/assistez-la-session-facebook-live-aujourdhui-pour-en-savoir-plus-sur-le\/\" \/>\n<meta property=\"og:locale\" content=\"fr_FR\" \/>\n<meta property=\"og:type\" content=\"article\" \/>\n<meta property=\"og:title\" content=\"Assistez \u00e0 la session Facebook live aujourd\u2019hui pour en savoir plus sur le prix de l\u2019ARLEM - Voisins de l&#039;UE\" \/>\n<meta property=\"og:description\" content=\"Suite au rapport de l&rsquo;ARLEM sur \u00ab\u00a0L&rsquo;entrepreneuriat des jeunes en M\u00e9diterran\u00e9e\u00a0\u00bb adopt\u00e9 en f\u00e9vrier 2019, l&rsquo;Assembl\u00e9e R\u00e9gionale et Locale Euro-M\u00e9diterran\u00e9enne (ARLEM) r\u00e9compensera, lors de sa session pl\u00e9ni\u00e8re du 23 janvier 2020, un(e) jeune entrepreneur des pays partenaires du Sud de la M\u00e9diterran\u00e9e (Albanie, Alg\u00e9rie, Bosnie-Herz\u00e9govine, Egypte, Isra\u00ebl, Jordanie, Liban, Libye, Mauritanie, Monaco, Mont\u00e9n\u00e9gro, Maroc, Palestine, [&hellip;]\" \/>\n<meta property=\"og:url\" content=\"https:\/\/www.eumedbridge.eu\/fr\/news\/assistez-la-session-facebook-live-aujourdhui-pour-en-savoir-plus-sur-le\/\" \/>\n<meta property=\"og:site_name\" content=\"Voisins de l&#039;UE\" \/>\n<meta property=\"article:publisher\" content=\"https:\/\/www.facebook.com\/eumedbridge\/\" \/>\n<meta property=\"article:modified_time\" content=\"2022-07-08T14:45:03+00:00\" \/>\n<meta property=\"og:image\" content=\"https:\/\/www.eumedbridge.eu\/wp-content\/uploads\/2022\/03\/photo-ARLEM-1.jpg\" \/>\n\t<meta property=\"og:image:width\" content=\"354\" \/>\n\t<meta property=\"og:image:height\" content=\"341\" \/>\n\t<meta property=\"og:image:type\" content=\"image\/jpeg\" \/>\n<meta name=\"twitter:card\" content=\"summary_large_image\" \/>\n<meta name=\"twitter:site\" content=\"@eumedbridge\" \/>\n<meta name=\"twitter:label1\" content=\"Dur\u00e9e de lecture estim\u00e9e\" \/>\n\t<meta name=\"twitter:data1\" content=\"2 minutes\" \/>\n<script type=\"application\/ld+json\" class=\"yoast-schema-graph\">{\"@context\":\"https:\/\/schema.org\",\"@graph\":[{\"@type\":\"WebPage\",\"@id\":\"https:\/\/www.eumedbridge.eu\/fr\/news\/assistez-la-session-facebook-live-aujourdhui-pour-en-savoir-plus-sur-le\/\",\"url\":\"https:\/\/www.eumedbridge.eu\/fr\/news\/assistez-la-session-facebook-live-aujourdhui-pour-en-savoir-plus-sur-le\/\",\"name\":\"Assistez \u00e0 la session Facebook live aujourd\u2019hui pour en savoir plus sur le prix de l\u2019ARLEM - Voisins de l'UE\",\"isPartOf\":{\"@id\":\"https:\/\/www.eumedbridge.eu\/#website\"},\"datePublished\":\"2019-10-02T21:00:00+00:00\",\"dateModified\":\"2022-07-08T14:45:03+00:00\",\"breadcrumb\":{\"@id\":\"https:\/\/www.eumedbridge.eu\/fr\/news\/assistez-la-session-facebook-live-aujourdhui-pour-en-savoir-plus-sur-le\/#breadcrumb\"},\"inLanguage\":\"fr-FR\",\"potentialAction\":[{\"@type\":\"ReadAction\",\"target\":[\"https:\/\/www.eumedbridge.eu\/fr\/news\/assistez-la-session-facebook-live-aujourdhui-pour-en-savoir-plus-sur-le\/\"]}]},{\"@type\":\"BreadcrumbList\",\"@id\":\"https:\/\/www.eumedbridge.eu\/fr\/news\/assistez-la-session-facebook-live-aujourdhui-pour-en-savoir-plus-sur-le\/#breadcrumb\",\"itemListElement\":[{\"@type\":\"ListItem\",\"position\":1,\"name\":\"Home\",\"item\":\"https:\/\/www.eumedbridge.eu\/fr\/home-page\/\"},{\"@type\":\"ListItem\",\"position\":2,\"name\":\"Actualit\u00e9s\",\"item\":\"https:\/\/www.eumedbridge.eu\/fr\/news\/\"},{\"@type\":\"ListItem\",\"position\":3,\"name\":\"Assistez \u00e0 la session Facebook live aujourd\u2019hui pour en savoir plus sur le prix de l\u2019ARLEM\"}]},{\"@type\":\"WebSite\",\"@id\":\"https:\/\/www.eumedbridge.eu\/#website\",\"url\":\"https:\/\/www.eumedbridge.eu\/\",\"name\":\"EU Medbridge\",\"description\":\"\",\"publisher\":{\"@id\":\"https:\/\/www.eumedbridge.eu\/#organization\"},\"potentialAction\":[{\"@type\":\"SearchAction\",\"target\":{\"@type\":\"EntryPoint\",\"urlTemplate\":\"https:\/\/www.eumedbridge.eu\/?s={search_term_string}\"},\"query-input\":{\"@type\":\"PropertyValueSpecification\",\"valueRequired\":true,\"valueName\":\"search_term_string\"}}],\"inLanguage\":\"fr-FR\"},{\"@type\":\"Organization\",\"@id\":\"https:\/\/www.eumedbridge.eu\/#organization\",\"name\":\"EU Medbridge\",\"url\":\"https:\/\/www.eumedbridge.eu\/\",\"logo\":{\"@type\":\"ImageObject\",\"inLanguage\":\"fr-FR\",\"@id\":\"https:\/\/www.eumedbridge.eu\/#\/schema\/logo\/image\/\",\"url\":\"https:\/\/www.eumedbridge.eu\/wp-content\/uploads\/2021\/12\/Logo.png\",\"contentUrl\":\"https:\/\/www.eumedbridge.eu\/wp-content\/uploads\/2021\/12\/Logo.png\",\"width\":325,\"height\":114,\"caption\":\"EU Medbridge\"},\"image\":{\"@id\":\"https:\/\/www.eumedbridge.eu\/#\/schema\/logo\/image\/\"},\"sameAs\":[\"https:\/\/www.facebook.com\/eumedbridge\/\",\"https:\/\/x.com\/eumedbridge\",\"https:\/\/www.linkedin.com\/company\/eumedbridge\",\"https:\/\/www.youtube.com\/@eumedbridge\",\"https:\/\/www.instagram.com\/eumedbridge\",\"https:\/\/www.flickr.com\/photos\/euneighbours-south\/\"]}]}<\/script>\n<!-- \/ Yoast SEO plugin. -->","yoast_head_json":{"title":"Assistez \u00e0 la session Facebook live aujourd\u2019hui pour en savoir plus sur le prix de l\u2019ARLEM - Voisins de l'UE","robots":{"index":"index","follow":"follow","max-snippet":"max-snippet:-1","max-image-preview":"max-image-preview:large","max-video-preview":"max-video-preview:-1"},"canonical":"https:\/\/www.eumedbridge.eu\/fr\/news\/assistez-la-session-facebook-live-aujourdhui-pour-en-savoir-plus-sur-le\/","og_locale":"fr_FR","og_type":"article","og_title":"Assistez \u00e0 la session Facebook live aujourd\u2019hui pour en savoir plus sur le prix de l\u2019ARLEM - Voisins de l'UE","og_description":"Suite au rapport de l&rsquo;ARLEM sur \u00ab\u00a0L&rsquo;entrepreneuriat des jeunes en M\u00e9diterran\u00e9e\u00a0\u00bb adopt\u00e9 en f\u00e9vrier 2019, l&rsquo;Assembl\u00e9e R\u00e9gionale et Locale Euro-M\u00e9diterran\u00e9enne (ARLEM) r\u00e9compensera, lors de sa session pl\u00e9ni\u00e8re du 23 janvier 2020, un(e) jeune entrepreneur des pays partenaires du Sud de la M\u00e9diterran\u00e9e (Albanie, Alg\u00e9rie, Bosnie-Herz\u00e9govine, Egypte, Isra\u00ebl, Jordanie, Liban, Libye, Mauritanie, Monaco, Mont\u00e9n\u00e9gro, Maroc, Palestine, [&hellip;]","og_url":"https:\/\/www.eumedbridge.eu\/fr\/news\/assistez-la-session-facebook-live-aujourdhui-pour-en-savoir-plus-sur-le\/","og_site_name":"Voisins de l'UE","article_publisher":"https:\/\/www.facebook.com\/eumedbridge\/","article_modified_time":"2022-07-08T14:45:03+00:00","og_image":[{"width":354,"height":341,"url":"https:\/\/www.eumedbridge.eu\/wp-content\/uploads\/2022\/03\/photo-ARLEM-1.jpg","type":"image\/jpeg"}],"twitter_card":"summary_large_image","twitter_site":"@eumedbridge","twitter_misc":{"Dur\u00e9e de lecture estim\u00e9e":"2 minutes"},"schema":{"@context":"https:\/\/schema.org","@graph":[{"@type":"WebPage","@id":"https:\/\/www.eumedbridge.eu\/fr\/news\/assistez-la-session-facebook-live-aujourdhui-pour-en-savoir-plus-sur-le\/","url":"https:\/\/www.eumedbridge.eu\/fr\/news\/assistez-la-session-facebook-live-aujourdhui-pour-en-savoir-plus-sur-le\/","name":"Assistez \u00e0 la session Facebook live aujourd\u2019hui pour en savoir plus sur le prix de l\u2019ARLEM - Voisins de l'UE","isPartOf":{"@id":"https:\/\/www.eumedbridge.eu\/#website"},"datePublished":"2019-10-02T21:00:00+00:00","dateModified":"2022-07-08T14:45:03+00:00","breadcrumb":{"@id":"https:\/\/www.eumedbridge.eu\/fr\/news\/assistez-la-session-facebook-live-aujourdhui-pour-en-savoir-plus-sur-le\/#breadcrumb"},"inLanguage":"fr-FR","potentialAction":[{"@type":"ReadAction","target":["https:\/\/www.eumedbridge.eu\/fr\/news\/assistez-la-session-facebook-live-aujourdhui-pour-en-savoir-plus-sur-le\/"]}]},{"@type":"BreadcrumbList","@id":"https:\/\/www.eumedbridge.eu\/fr\/news\/assistez-la-session-facebook-live-aujourdhui-pour-en-savoir-plus-sur-le\/#breadcrumb","itemListElement":[{"@type":"ListItem","position":1,"name":"Home","item":"https:\/\/www.eumedbridge.eu\/fr\/home-page\/"},{"@type":"ListItem","position":2,"name":"Actualit\u00e9s","item":"https:\/\/www.eumedbridge.eu\/fr\/news\/"},{"@type":"ListItem","position":3,"name":"Assistez \u00e0 la session Facebook live aujourd\u2019hui pour en savoir plus sur le prix de l\u2019ARLEM"}]},{"@type":"WebSite","@id":"https:\/\/www.eumedbridge.eu\/#website","url":"https:\/\/www.eumedbridge.eu\/","name":"EU Medbridge","description":"","publisher":{"@id":"https:\/\/www.eumedbridge.eu\/#organization"},"potentialAction":[{"@type":"SearchAction","target":{"@type":"EntryPoint","urlTemplate":"https:\/\/www.eumedbridge.eu\/?s={search_term_string}"},"query-input":{"@type":"PropertyValueSpecification","valueRequired":true,"valueName":"search_term_string"}}],"inLanguage":"fr-FR"},{"@type":"Organization","@id":"https:\/\/www.eumedbridge.eu\/#organization","name":"EU Medbridge","url":"https:\/\/www.eumedbridge.eu\/","logo":{"@type":"ImageObject","inLanguage":"fr-FR","@id":"https:\/\/www.eumedbridge.eu\/#\/schema\/logo\/image\/","url":"https:\/\/www.eumedbridge.eu\/wp-content\/uploads\/2021\/12\/Logo.png","contentUrl":"https:\/\/www.eumedbridge.eu\/wp-content\/uploads\/2021\/12\/Logo.png","width":325,"height":114,"caption":"EU Medbridge"},"image":{"@id":"https:\/\/www.eumedbridge.eu\/#\/schema\/logo\/image\/"},"sameAs":["https:\/\/www.facebook.com\/eumedbridge\/","https:\/\/x.com\/eumedbridge","https:\/\/www.linkedin.com\/company\/eumedbridge","https:\/\/www.youtube.com\/@eumedbridge","https:\/\/www.instagram.com\/eumedbridge","https:\/\/www.flickr.com\/photos\/euneighbours-south\/"]}]}},"_links":{"self":[{"href":"https:\/\/www.eumedbridge.eu\/fr\/wp-json\/wp\/v2\/news\/160660","targetHints":{"allow":["GET"]}}],"collection":[{"href":"https:\/\/www.eumedbridge.eu\/fr\/wp-json\/wp\/v2\/news"}],"about":[{"href":"https:\/\/www.eumedbridge.eu\/fr\/wp-json\/wp\/v2\/types\/news"}],"wp:attachment":[{"href":"https:\/\/www.eumedbridge.eu\/fr\/wp-json\/wp\/v2\/media?parent=160660"}],"wp:term":[{"taxonomy":"news_category","embeddable":true,"href":"https:\/\/www.eumedbridge.eu\/fr\/wp-json\/wp\/v2\/news_category?post=160660"},{"taxonomy":"country","embeddable":true,"href":"https:\/\/www.eumedbridge.eu\/fr\/wp-json\/wp\/v2\/country?post=160660"},{"taxonomy":"special_action","embeddable":true,"href":"https:\/\/www.eumedbridge.eu\/fr\/wp-json\/wp\/v2\/special_action?post=160660"},{"taxonomy":"custom_tag","embeddable":true,"href":"https:\/\/www.eumedbridge.eu\/fr\/wp-json\/wp\/v2\/custom_tag?post=160660"}],"curies":[{"name":"wp","href":"https:\/\/api.w.org\/{rel}","templated":true}]}}