{"id":160730,"date":"2019-09-16T00:00:00","date_gmt":"2019-09-15T21:00:00","guid":{"rendered":"http:\/\/south.euneighbours.eu\/news\/rabat-abrite-une-rencontre-mediterraneenne-autour-du-climat-dans-le-cadre-du-programme-clima-med-finance-par-lunion-europeenne\/"},"modified":"2022-07-08T17:48:25","modified_gmt":"2022-07-08T14:48:25","slug":"rabat-abrite-une-rencontre-mediterraneenne-autour-du-climat-dans-le-cadre","status":"publish","type":"news","link":"https:\/\/www.eumedbridge.eu\/fr\/news\/rabat-abrite-une-rencontre-mediterraneenne-autour-du-climat-dans-le-cadre\/","title":{"rendered":"Rabat abrite une rencontre m\u00e9diterran\u00e9enne autour du climat dans le cadre du programme CLima-Med, financ\u00e9 par l&rsquo;Union europ\u00e9enne"},"content":{"rendered":"<p><span style=\"font-size:11pt\"><span style=\"font-family:Calibri,sans-serif\">Onze villes marocaines particuli\u00e8rement concern\u00e9es par le d\u00e9veloppement de plans d&rsquo;action pour l&rsquo;acc\u00e8s \u00e0 l&rsquo;\u00e9nergie durable et le climat ont pris part, en tant que villes pilotes, dans une rencontre m\u00e9diterran\u00e9enne qui s&rsquo;est tenue \u00e0 Rabat dans le cadre du programme CLima-Med, financ\u00e9 par l&rsquo;Union europ\u00e9enne. Cette rencontre a permis d&rsquo;encourager le partage d&rsquo;exp\u00e9riences concr\u00e8tes entre municipalit\u00e9s marocaines, m\u00e9diterran\u00e9ennes et europ\u00e9ennes.<\/span><\/span><\/p>\n<p><span style=\"font-size:11pt\"><span style=\"font-family:Calibri,sans-serif\">L&rsquo;objectif principal \u00e9tait de renforcer les capacit\u00e9s des communes \u00e0 \u00e9valuer leurs risques climatiques, de mieux connaitre leurs \u00e9missions de gaz \u00e0 effet de serre, et de se doter de moyens de suivre leurs \u00e9volutions dans le temps. <\/span><\/span><\/p>\n<p><span style=\"font-size:11pt\"><span style=\"font-family:Calibri,sans-serif\">Quatre communes marocaines Agadir, Oujda, Benslimane et Chefchaouen ont pris l&rsquo;initiative, dans le cadre de leur d\u00e9veloppement et avec le soutien de l&rsquo;Union europ\u00e9enne \u00e0 travers un projet appel\u00e9 projet CES-MED, d&rsquo;\u00e9laborer des plans d\u2019actions et d\u2019acc\u00e8s \u00e0 l\u2019\u00e9nergie durable, dont les composantes touchent tous les aspects du d\u00e9veloppement local, comme l&rsquo;acc\u00e8s \u00e0 l&rsquo;eau potable et le traitement des eaux us\u00e9es, la pr\u00e9vention et la collecte des d\u00e9chets ou les transports. Ces activit\u00e9s g\u00e9n\u00e8rent des gaz \u00e0 effet de serre que ces communes souhaitent mieux encadrer.<\/span><\/span><\/p>\n<p><span style=\"font-size:11pt\"><span style=\"font-family:Calibri,sans-serif\">Le projet <a href=\"http:\/\/www.climamed.eu\/\" style=\"color:blue; text-decoration:underline\">Clima-Med<\/a> a vocation \u00e0 aider ces communes marocaines \u00e0 avancer, \u00e9tape par \u00e9tape, gr\u00e2ce \u00e0 un soutien technique direct et \u00e0 distance.<\/span><\/span><\/p>\n<p><span style=\"font-size:11pt\"><span style=\"font-family:Calibri,sans-serif\">Au Maroc, la ville de <a href=\"https:\/\/eeas.europa.eu\/delegations\/morocco\/46194\/chefchaouen-ville-mod%C3%A8le-pour-la-d%C3%A9mocratie-participative-et-les-%C3%A9nergies-renouvelables_fr\" style=\"color:blue; text-decoration:underline\">Chefchaouen<\/a> est consid\u00e9r\u00e9e comme ville mod\u00e8le en terme d&rsquo;engagement pour adopter des solutions durables pour l&rsquo;environnement, et ce depuis que son conseil a proclam\u00e9 la ville, <a href=\"https:\/\/eeas.europa.eu\/delegations\/morocco\/52374\/node\/52374_fr\" style=\"color:blue; text-decoration:underline\">ville \u00e9coloqigue en 2010<\/a>.<\/span><\/span><\/p>\n<p><meta charset=\"utf-8\" \/><\/p>\n<p dir=\"ltr\"><meta charset=\"utf-8\" \/><b id=\"docs-internal-guid-8bca9b1f-7fff-ae25-3814-8d6f4aa7080c\">Pour en savoir plus<\/b><b> <\/b><\/p>\n<p dir=\"ltr\"><meta charset=\"utf-8\" \/><b id=\"docs-internal-guid-7cdb8842-7fff-37b2-8560-b216618ab82d\"><a href=\"https:\/\/moucharaka-mouwatina.ma\/2019\/09\/12\/changement-climatique-11-villes-marocaines-engagees-pour-lenergie-durable-et-le-climat-rabat-abrite-une-rencontre-mediterraneenne-autour-du-climat\/\">Communiqu\u00e9 de presse<\/a><\/b><\/p>\n<p dir=\"ltr\"><meta charset=\"utf-8\" \/><meta charset=\"utf-8\" \/><b id=\"docs-internal-guid-5223b6d2-7fff-c924-8a4b-d7c0ea54d1b4\"><a href=\"http:\/\/www.climamed.eu\">SiteWeb<\/a><\/b><\/p>\n","protected":false},"featured_media":0,"parent":0,"template":"","news_category":[],"country":[1953],"special_action":[],"custom_tag":[1884],"class_list":["post-160730","news","type-news","status-publish","hentry","country-maroc","custom_tag-environnement-et-changement-climatique"],"acf":[],"yoast_head":"<!-- This site is optimized with the Yoast SEO plugin v26.5 - https:\/\/yoast.com\/wordpress\/plugins\/seo\/ -->\n<title>Rabat abrite une rencontre m\u00e9diterran\u00e9enne autour du climat dans le cadre du programme CLima-Med, financ\u00e9 par l&#039;Union europ\u00e9enne - Voisins de l&#039;UE<\/title>\n<meta name=\"robots\" content=\"index, follow, max-snippet:-1, max-image-preview:large, max-video-preview:-1\" \/>\n<link rel=\"canonical\" href=\"https:\/\/www.eumedbridge.eu\/fr\/news\/rabat-abrite-une-rencontre-mediterraneenne-autour-du-climat-dans-le-cadre\/\" \/>\n<meta property=\"og:locale\" content=\"fr_FR\" \/>\n<meta property=\"og:type\" content=\"article\" \/>\n<meta property=\"og:title\" content=\"Rabat abrite une rencontre m\u00e9diterran\u00e9enne autour du climat dans le cadre du programme CLima-Med, financ\u00e9 par l&#039;Union europ\u00e9enne - Voisins de l&#039;UE\" \/>\n<meta property=\"og:description\" content=\"Onze villes marocaines particuli\u00e8rement concern\u00e9es par le d\u00e9veloppement de plans d&rsquo;action pour l&rsquo;acc\u00e8s \u00e0 l&rsquo;\u00e9nergie durable et le climat ont pris part, en tant que villes pilotes, dans une rencontre m\u00e9diterran\u00e9enne qui s&rsquo;est tenue \u00e0 Rabat dans le cadre du programme CLima-Med, financ\u00e9 par l&rsquo;Union europ\u00e9enne. Cette rencontre a permis d&rsquo;encourager le partage d&rsquo;exp\u00e9riences concr\u00e8tes [&hellip;]\" \/>\n<meta property=\"og:url\" content=\"https:\/\/www.eumedbridge.eu\/fr\/news\/rabat-abrite-une-rencontre-mediterraneenne-autour-du-climat-dans-le-cadre\/\" \/>\n<meta property=\"og:site_name\" content=\"Voisins de l&#039;UE\" \/>\n<meta property=\"article:publisher\" content=\"https:\/\/www.facebook.com\/eumedbridge\/\" \/>\n<meta property=\"article:modified_time\" content=\"2022-07-08T14:48:25+00:00\" \/>\n<meta property=\"og:image\" content=\"https:\/\/www.eumedbridge.eu\/wp-content\/uploads\/2022\/03\/andrei-lazarev-JFA9OJbtWYw-unsplash-scaled.jpg\" \/>\n\t<meta property=\"og:image:width\" content=\"2560\" \/>\n\t<meta property=\"og:image:height\" content=\"1707\" \/>\n\t<meta property=\"og:image:type\" content=\"image\/jpeg\" \/>\n<meta name=\"twitter:card\" content=\"summary_large_image\" \/>\n<meta name=\"twitter:site\" content=\"@eumedbridge\" \/>\n<meta name=\"twitter:label1\" content=\"Dur\u00e9e de lecture estim\u00e9e\" \/>\n\t<meta name=\"twitter:data1\" content=\"1 minute\" \/>\n<script type=\"application\/ld+json\" class=\"yoast-schema-graph\">{\"@context\":\"https:\/\/schema.org\",\"@graph\":[{\"@type\":\"WebPage\",\"@id\":\"https:\/\/www.eumedbridge.eu\/fr\/news\/rabat-abrite-une-rencontre-mediterraneenne-autour-du-climat-dans-le-cadre\/\",\"url\":\"https:\/\/www.eumedbridge.eu\/fr\/news\/rabat-abrite-une-rencontre-mediterraneenne-autour-du-climat-dans-le-cadre\/\",\"name\":\"Rabat abrite une rencontre m\u00e9diterran\u00e9enne autour du climat dans le cadre du programme CLima-Med, financ\u00e9 par l'Union europ\u00e9enne - Voisins de l'UE\",\"isPartOf\":{\"@id\":\"https:\/\/www.eumedbridge.eu\/#website\"},\"datePublished\":\"2019-09-15T21:00:00+00:00\",\"dateModified\":\"2022-07-08T14:48:25+00:00\",\"breadcrumb\":{\"@id\":\"https:\/\/www.eumedbridge.eu\/fr\/news\/rabat-abrite-une-rencontre-mediterraneenne-autour-du-climat-dans-le-cadre\/#breadcrumb\"},\"inLanguage\":\"fr-FR\",\"potentialAction\":[{\"@type\":\"ReadAction\",\"target\":[\"https:\/\/www.eumedbridge.eu\/fr\/news\/rabat-abrite-une-rencontre-mediterraneenne-autour-du-climat-dans-le-cadre\/\"]}]},{\"@type\":\"BreadcrumbList\",\"@id\":\"https:\/\/www.eumedbridge.eu\/fr\/news\/rabat-abrite-une-rencontre-mediterraneenne-autour-du-climat-dans-le-cadre\/#breadcrumb\",\"itemListElement\":[{\"@type\":\"ListItem\",\"position\":1,\"name\":\"Home\",\"item\":\"https:\/\/www.eumedbridge.eu\/fr\/home-page\/\"},{\"@type\":\"ListItem\",\"position\":2,\"name\":\"Actualit\u00e9s\",\"item\":\"https:\/\/www.eumedbridge.eu\/fr\/news\/\"},{\"@type\":\"ListItem\",\"position\":3,\"name\":\"Rabat abrite une rencontre m\u00e9diterran\u00e9enne autour du climat dans le cadre du programme CLima-Med, financ\u00e9 par l&rsquo;Union europ\u00e9enne\"}]},{\"@type\":\"WebSite\",\"@id\":\"https:\/\/www.eumedbridge.eu\/#website\",\"url\":\"https:\/\/www.eumedbridge.eu\/\",\"name\":\"EU Medbridge\",\"description\":\"\",\"publisher\":{\"@id\":\"https:\/\/www.eumedbridge.eu\/#organization\"},\"potentialAction\":[{\"@type\":\"SearchAction\",\"target\":{\"@type\":\"EntryPoint\",\"urlTemplate\":\"https:\/\/www.eumedbridge.eu\/?s={search_term_string}\"},\"query-input\":{\"@type\":\"PropertyValueSpecification\",\"valueRequired\":true,\"valueName\":\"search_term_string\"}}],\"inLanguage\":\"fr-FR\"},{\"@type\":\"Organization\",\"@id\":\"https:\/\/www.eumedbridge.eu\/#organization\",\"name\":\"EU Medbridge\",\"url\":\"https:\/\/www.eumedbridge.eu\/\",\"logo\":{\"@type\":\"ImageObject\",\"inLanguage\":\"fr-FR\",\"@id\":\"https:\/\/www.eumedbridge.eu\/#\/schema\/logo\/image\/\",\"url\":\"https:\/\/www.eumedbridge.eu\/wp-content\/uploads\/2021\/12\/Logo.png\",\"contentUrl\":\"https:\/\/www.eumedbridge.eu\/wp-content\/uploads\/2021\/12\/Logo.png\",\"width\":325,\"height\":114,\"caption\":\"EU Medbridge\"},\"image\":{\"@id\":\"https:\/\/www.eumedbridge.eu\/#\/schema\/logo\/image\/\"},\"sameAs\":[\"https:\/\/www.facebook.com\/eumedbridge\/\",\"https:\/\/x.com\/eumedbridge\",\"https:\/\/www.linkedin.com\/company\/eumedbridge\",\"https:\/\/www.youtube.com\/@eumedbridge\",\"https:\/\/www.instagram.com\/eumedbridge\",\"https:\/\/www.flickr.com\/photos\/euneighbours-south\/\"]}]}<\/script>\n<!-- \/ Yoast SEO plugin. -->","yoast_head_json":{"title":"Rabat abrite une rencontre m\u00e9diterran\u00e9enne autour du climat dans le cadre du programme CLima-Med, financ\u00e9 par l'Union europ\u00e9enne - Voisins de l'UE","robots":{"index":"index","follow":"follow","max-snippet":"max-snippet:-1","max-image-preview":"max-image-preview:large","max-video-preview":"max-video-preview:-1"},"canonical":"https:\/\/www.eumedbridge.eu\/fr\/news\/rabat-abrite-une-rencontre-mediterraneenne-autour-du-climat-dans-le-cadre\/","og_locale":"fr_FR","og_type":"article","og_title":"Rabat abrite une rencontre m\u00e9diterran\u00e9enne autour du climat dans le cadre du programme CLima-Med, financ\u00e9 par l'Union europ\u00e9enne - Voisins de l'UE","og_description":"Onze villes marocaines particuli\u00e8rement concern\u00e9es par le d\u00e9veloppement de plans d&rsquo;action pour l&rsquo;acc\u00e8s \u00e0 l&rsquo;\u00e9nergie durable et le climat ont pris part, en tant que villes pilotes, dans une rencontre m\u00e9diterran\u00e9enne qui s&rsquo;est tenue \u00e0 Rabat dans le cadre du programme CLima-Med, financ\u00e9 par l&rsquo;Union europ\u00e9enne. Cette rencontre a permis d&rsquo;encourager le partage d&rsquo;exp\u00e9riences concr\u00e8tes [&hellip;]","og_url":"https:\/\/www.eumedbridge.eu\/fr\/news\/rabat-abrite-une-rencontre-mediterraneenne-autour-du-climat-dans-le-cadre\/","og_site_name":"Voisins de l'UE","article_publisher":"https:\/\/www.facebook.com\/eumedbridge\/","article_modified_time":"2022-07-08T14:48:25+00:00","og_image":[{"width":2560,"height":1707,"url":"https:\/\/www.eumedbridge.eu\/wp-content\/uploads\/2022\/03\/andrei-lazarev-JFA9OJbtWYw-unsplash-scaled.jpg","type":"image\/jpeg"}],"twitter_card":"summary_large_image","twitter_site":"@eumedbridge","twitter_misc":{"Dur\u00e9e de lecture estim\u00e9e":"1 minute"},"schema":{"@context":"https:\/\/schema.org","@graph":[{"@type":"WebPage","@id":"https:\/\/www.eumedbridge.eu\/fr\/news\/rabat-abrite-une-rencontre-mediterraneenne-autour-du-climat-dans-le-cadre\/","url":"https:\/\/www.eumedbridge.eu\/fr\/news\/rabat-abrite-une-rencontre-mediterraneenne-autour-du-climat-dans-le-cadre\/","name":"Rabat abrite une rencontre m\u00e9diterran\u00e9enne autour du climat dans le cadre du programme CLima-Med, financ\u00e9 par l'Union europ\u00e9enne - Voisins de l'UE","isPartOf":{"@id":"https:\/\/www.eumedbridge.eu\/#website"},"datePublished":"2019-09-15T21:00:00+00:00","dateModified":"2022-07-08T14:48:25+00:00","breadcrumb":{"@id":"https:\/\/www.eumedbridge.eu\/fr\/news\/rabat-abrite-une-rencontre-mediterraneenne-autour-du-climat-dans-le-cadre\/#breadcrumb"},"inLanguage":"fr-FR","potentialAction":[{"@type":"ReadAction","target":["https:\/\/www.eumedbridge.eu\/fr\/news\/rabat-abrite-une-rencontre-mediterraneenne-autour-du-climat-dans-le-cadre\/"]}]},{"@type":"BreadcrumbList","@id":"https:\/\/www.eumedbridge.eu\/fr\/news\/rabat-abrite-une-rencontre-mediterraneenne-autour-du-climat-dans-le-cadre\/#breadcrumb","itemListElement":[{"@type":"ListItem","position":1,"name":"Home","item":"https:\/\/www.eumedbridge.eu\/fr\/home-page\/"},{"@type":"ListItem","position":2,"name":"Actualit\u00e9s","item":"https:\/\/www.eumedbridge.eu\/fr\/news\/"},{"@type":"ListItem","position":3,"name":"Rabat abrite une rencontre m\u00e9diterran\u00e9enne autour du climat dans le cadre du programme CLima-Med, financ\u00e9 par l&rsquo;Union europ\u00e9enne"}]},{"@type":"WebSite","@id":"https:\/\/www.eumedbridge.eu\/#website","url":"https:\/\/www.eumedbridge.eu\/","name":"EU Medbridge","description":"","publisher":{"@id":"https:\/\/www.eumedbridge.eu\/#organization"},"potentialAction":[{"@type":"SearchAction","target":{"@type":"EntryPoint","urlTemplate":"https:\/\/www.eumedbridge.eu\/?s={search_term_string}"},"query-input":{"@type":"PropertyValueSpecification","valueRequired":true,"valueName":"search_term_string"}}],"inLanguage":"fr-FR"},{"@type":"Organization","@id":"https:\/\/www.eumedbridge.eu\/#organization","name":"EU Medbridge","url":"https:\/\/www.eumedbridge.eu\/","logo":{"@type":"ImageObject","inLanguage":"fr-FR","@id":"https:\/\/www.eumedbridge.eu\/#\/schema\/logo\/image\/","url":"https:\/\/www.eumedbridge.eu\/wp-content\/uploads\/2021\/12\/Logo.png","contentUrl":"https:\/\/www.eumedbridge.eu\/wp-content\/uploads\/2021\/12\/Logo.png","width":325,"height":114,"caption":"EU Medbridge"},"image":{"@id":"https:\/\/www.eumedbridge.eu\/#\/schema\/logo\/image\/"},"sameAs":["https:\/\/www.facebook.com\/eumedbridge\/","https:\/\/x.com\/eumedbridge","https:\/\/www.linkedin.com\/company\/eumedbridge","https:\/\/www.youtube.com\/@eumedbridge","https:\/\/www.instagram.com\/eumedbridge","https:\/\/www.flickr.com\/photos\/euneighbours-south\/"]}]}},"_links":{"self":[{"href":"https:\/\/www.eumedbridge.eu\/fr\/wp-json\/wp\/v2\/news\/160730","targetHints":{"allow":["GET"]}}],"collection":[{"href":"https:\/\/www.eumedbridge.eu\/fr\/wp-json\/wp\/v2\/news"}],"about":[{"href":"https:\/\/www.eumedbridge.eu\/fr\/wp-json\/wp\/v2\/types\/news"}],"wp:attachment":[{"href":"https:\/\/www.eumedbridge.eu\/fr\/wp-json\/wp\/v2\/media?parent=160730"}],"wp:term":[{"taxonomy":"news_category","embeddable":true,"href":"https:\/\/www.eumedbridge.eu\/fr\/wp-json\/wp\/v2\/news_category?post=160730"},{"taxonomy":"country","embeddable":true,"href":"https:\/\/www.eumedbridge.eu\/fr\/wp-json\/wp\/v2\/country?post=160730"},{"taxonomy":"special_action","embeddable":true,"href":"https:\/\/www.eumedbridge.eu\/fr\/wp-json\/wp\/v2\/special_action?post=160730"},{"taxonomy":"custom_tag","embeddable":true,"href":"https:\/\/www.eumedbridge.eu\/fr\/wp-json\/wp\/v2\/custom_tag?post=160730"}],"curies":[{"name":"wp","href":"https:\/\/api.w.org\/{rel}","templated":true}]}}