{"id":160734,"date":"2019-09-12T00:00:00","date_gmt":"2019-09-11T21:00:00","guid":{"rendered":"http:\/\/south.euneighbours.eu\/news\/lue-en-jordanie-accueille-une-conference-pour-repondre-aux-besoins-des-survivants-des-mines-antipersonnel\/"},"modified":"2022-07-08T17:48:34","modified_gmt":"2022-07-08T14:48:34","slug":"lue-en-jordanie-accueille-une-conference-pour-repondre-aux-besoins-des","status":"publish","type":"news","link":"https:\/\/www.eumedbridge.eu\/fr\/news\/lue-en-jordanie-accueille-une-conference-pour-repondre-aux-besoins-des\/","title":{"rendered":"L\u2019UE en Jordanie accueille une conf\u00e9rence pour r\u00e9pondre aux besoins des survivants des mines antipersonnel"},"content":{"rendered":"<p>Accueillie par l\u2019<a href=\"https:\/\/www.facebook.com\/EUinJordan\/?__xts__%5b0%5d=68.ARDjBRzTHZiNc8Cw1Rxvm1i_7cLiw_vPLlHanL8satPx2Nky_PgGvL3XQ7Vx0bgx7_1iUMiRV-P9aTOilxIDCKJcGUwQlU14fFIcnVKNW3CZB8mwdqJJxn-Qe7OyxDvBF-Qc8vWdIZpSyS6T5z7Byiu3htL_74oUWENWIHt0bvoOcHdm_tmBLrDcEks7XQ4BF3beb7jksnYcAg1RozavOFGN0E25pjuWk1q2PTzSe4UXfK3JdNb0qX0Cof9i3tBPfz7PCXOXk7nCwSD6sUUA0oZZq1zOTGr74Cw4aXD5jVz3BSqlg9DQfa0LBUzdbG2siiCxnnRvwZIRmDp5Up2H63KL9A&#038;__xts__%5b1%5d=68.ARBKwS0KncMaEwm8s9K4wID9s0kRMJSLiHJbPIYXDlBwLAwvt-HlDR6kqCOMWz49O7t_QO44xLmkCLsvvYV7nqKa6zQQHHGu9GsuQ7pz5fDImm_z_zoeFUaL_dniGbgzZZRrdF1lrHYJC5FIFqZUeKHGP96sFZJ3yXTIhdLmW5mqGGnXtVXntJAnluGhdUYxqce6IhvMLwGsxRHsWYHCcu_mZMAStO28Xe6C1gHGx7DtiKpp-rroYQiYgoaHZ7-bcI4Ur4ZIPfcQCmtKlYEBAxG6hI2CZwnpTSaAvfeWtjjXiNJ4mloQQa3E5PpWC3JGFbWL99Ir_zKC6jJc365ATwQxpQ&#038;__tn__=K-R&#038;eid=ARDe1D4UnAeYyAoU1-rt28DWnvigyhd8PiuPnsgbWZfVs2zK01ZDjkHIkx5BM9hh8EOU4Z0Su65rABo2&#038;fref=mentions\">Union europ\u00e9enne en Jordanie<\/a> et pr\u00e9sid\u00e9e par S.A.R. le Prince Mired Raad Zeid Al-Hussein, la Conf\u00e9rence mondiale sur l\u2019assistance aux victimes des mines antipersonnel et autres restes explosifs de guerre et des droits des personnes handicap\u00e9es a d\u00e9but\u00e9 mardi \u00e0 Amman, en Jordanie.<br \/>\nDes experts nationaux en mati\u00e8re de droits des personnes handicap\u00e9es et d\u2019assistance aux victimes, des d\u00e9cideurs et des personnes handicap\u00e9es se sont r\u00e9unis pour examiner plus avant les d\u00e9fis et discuter des bonnes pratiques permettant de r\u00e9pondre aux besoins des victimes de mines et de garantir leurs droits. L\u2019UE est fi\u00e8re de faire partie de ce mouvement mondial qui entend mettre un terme aux souffrances et aux victimes caus\u00e9es par les mines antipersonnel.<\/p>\n<p>\u00a0<\/p>\n<p><strong>Pour en savoir plus<\/strong><\/p>\n<p><a href=\"https:\/\/www.facebook.com\/EUinJordan\/posts\/1443236975814805?__tn__=-R\">Lien Facebook<\/a><\/p>\n","protected":false},"featured_media":0,"parent":0,"template":"","news_category":[],"country":[2124],"special_action":[],"custom_tag":[2312,2313,2821,1890],"class_list":["post-160734","news","type-news","status-publish","hentry","country-jordanie","custom_tag-developpement-durable","custom_tag-droit-de-lhomme","custom_tag-migration-fr","custom_tag-sante"],"acf":[],"yoast_head":"<!-- This site is optimized with the Yoast SEO plugin v26.5 - https:\/\/yoast.com\/wordpress\/plugins\/seo\/ -->\n<title>L\u2019UE en Jordanie accueille une conf\u00e9rence pour r\u00e9pondre aux besoins des survivants des mines antipersonnel - Voisins de l&#039;UE<\/title>\n<meta name=\"robots\" content=\"index, follow, max-snippet:-1, max-image-preview:large, max-video-preview:-1\" \/>\n<link rel=\"canonical\" href=\"https:\/\/www.eumedbridge.eu\/fr\/news\/lue-en-jordanie-accueille-une-conference-pour-repondre-aux-besoins-des\/\" \/>\n<meta property=\"og:locale\" content=\"fr_FR\" \/>\n<meta property=\"og:type\" content=\"article\" \/>\n<meta property=\"og:title\" content=\"L\u2019UE en Jordanie accueille une conf\u00e9rence pour r\u00e9pondre aux besoins des survivants des mines antipersonnel - Voisins de l&#039;UE\" \/>\n<meta property=\"og:description\" content=\"Accueillie par l\u2019Union europ\u00e9enne en Jordanie et pr\u00e9sid\u00e9e par S.A.R. le Prince Mired Raad Zeid Al-Hussein, la Conf\u00e9rence mondiale sur l\u2019assistance aux victimes des mines antipersonnel et autres restes explosifs de guerre et des droits des personnes handicap\u00e9es a d\u00e9but\u00e9 mardi \u00e0 Amman, en Jordanie. Des experts nationaux en mati\u00e8re de droits des personnes handicap\u00e9es [&hellip;]\" \/>\n<meta property=\"og:url\" content=\"https:\/\/www.eumedbridge.eu\/fr\/news\/lue-en-jordanie-accueille-une-conference-pour-repondre-aux-besoins-des\/\" \/>\n<meta property=\"og:site_name\" content=\"Voisins de l&#039;UE\" \/>\n<meta property=\"article:publisher\" content=\"https:\/\/www.facebook.com\/eumedbridge\/\" \/>\n<meta property=\"article:modified_time\" content=\"2022-07-08T14:48:34+00:00\" \/>\n<meta property=\"og:image\" content=\"https:\/\/www.eumedbridge.eu\/wp-content\/uploads\/2022\/03\/photo-Jordanie_2-1.jpg\" \/>\n\t<meta property=\"og:image:width\" content=\"960\" \/>\n\t<meta property=\"og:image:height\" content=\"590\" \/>\n\t<meta property=\"og:image:type\" content=\"image\/jpeg\" \/>\n<meta name=\"twitter:card\" content=\"summary_large_image\" \/>\n<meta name=\"twitter:site\" content=\"@eumedbridge\" \/>\n<meta name=\"twitter:label1\" content=\"Dur\u00e9e de lecture estim\u00e9e\" \/>\n\t<meta name=\"twitter:data1\" content=\"1 minute\" \/>\n<script type=\"application\/ld+json\" class=\"yoast-schema-graph\">{\"@context\":\"https:\/\/schema.org\",\"@graph\":[{\"@type\":\"WebPage\",\"@id\":\"https:\/\/www.eumedbridge.eu\/fr\/news\/lue-en-jordanie-accueille-une-conference-pour-repondre-aux-besoins-des\/\",\"url\":\"https:\/\/www.eumedbridge.eu\/fr\/news\/lue-en-jordanie-accueille-une-conference-pour-repondre-aux-besoins-des\/\",\"name\":\"L\u2019UE en Jordanie accueille une conf\u00e9rence pour r\u00e9pondre aux besoins des survivants des mines antipersonnel - Voisins de l'UE\",\"isPartOf\":{\"@id\":\"https:\/\/www.eumedbridge.eu\/#website\"},\"datePublished\":\"2019-09-11T21:00:00+00:00\",\"dateModified\":\"2022-07-08T14:48:34+00:00\",\"breadcrumb\":{\"@id\":\"https:\/\/www.eumedbridge.eu\/fr\/news\/lue-en-jordanie-accueille-une-conference-pour-repondre-aux-besoins-des\/#breadcrumb\"},\"inLanguage\":\"fr-FR\",\"potentialAction\":[{\"@type\":\"ReadAction\",\"target\":[\"https:\/\/www.eumedbridge.eu\/fr\/news\/lue-en-jordanie-accueille-une-conference-pour-repondre-aux-besoins-des\/\"]}]},{\"@type\":\"BreadcrumbList\",\"@id\":\"https:\/\/www.eumedbridge.eu\/fr\/news\/lue-en-jordanie-accueille-une-conference-pour-repondre-aux-besoins-des\/#breadcrumb\",\"itemListElement\":[{\"@type\":\"ListItem\",\"position\":1,\"name\":\"Home\",\"item\":\"https:\/\/www.eumedbridge.eu\/fr\/home-page\/\"},{\"@type\":\"ListItem\",\"position\":2,\"name\":\"Actualit\u00e9s\",\"item\":\"https:\/\/www.eumedbridge.eu\/fr\/news\/\"},{\"@type\":\"ListItem\",\"position\":3,\"name\":\"L\u2019UE en Jordanie accueille une conf\u00e9rence pour r\u00e9pondre aux besoins des survivants des mines antipersonnel\"}]},{\"@type\":\"WebSite\",\"@id\":\"https:\/\/www.eumedbridge.eu\/#website\",\"url\":\"https:\/\/www.eumedbridge.eu\/\",\"name\":\"EU Medbridge\",\"description\":\"\",\"publisher\":{\"@id\":\"https:\/\/www.eumedbridge.eu\/#organization\"},\"potentialAction\":[{\"@type\":\"SearchAction\",\"target\":{\"@type\":\"EntryPoint\",\"urlTemplate\":\"https:\/\/www.eumedbridge.eu\/?s={search_term_string}\"},\"query-input\":{\"@type\":\"PropertyValueSpecification\",\"valueRequired\":true,\"valueName\":\"search_term_string\"}}],\"inLanguage\":\"fr-FR\"},{\"@type\":\"Organization\",\"@id\":\"https:\/\/www.eumedbridge.eu\/#organization\",\"name\":\"EU Medbridge\",\"url\":\"https:\/\/www.eumedbridge.eu\/\",\"logo\":{\"@type\":\"ImageObject\",\"inLanguage\":\"fr-FR\",\"@id\":\"https:\/\/www.eumedbridge.eu\/#\/schema\/logo\/image\/\",\"url\":\"https:\/\/www.eumedbridge.eu\/wp-content\/uploads\/2021\/12\/Logo.png\",\"contentUrl\":\"https:\/\/www.eumedbridge.eu\/wp-content\/uploads\/2021\/12\/Logo.png\",\"width\":325,\"height\":114,\"caption\":\"EU Medbridge\"},\"image\":{\"@id\":\"https:\/\/www.eumedbridge.eu\/#\/schema\/logo\/image\/\"},\"sameAs\":[\"https:\/\/www.facebook.com\/eumedbridge\/\",\"https:\/\/x.com\/eumedbridge\",\"https:\/\/www.linkedin.com\/company\/eumedbridge\",\"https:\/\/www.youtube.com\/@eumedbridge\",\"https:\/\/www.instagram.com\/eumedbridge\",\"https:\/\/www.flickr.com\/photos\/euneighbours-south\/\"]}]}<\/script>\n<!-- \/ Yoast SEO plugin. -->","yoast_head_json":{"title":"L\u2019UE en Jordanie accueille une conf\u00e9rence pour r\u00e9pondre aux besoins des survivants des mines antipersonnel - Voisins de l'UE","robots":{"index":"index","follow":"follow","max-snippet":"max-snippet:-1","max-image-preview":"max-image-preview:large","max-video-preview":"max-video-preview:-1"},"canonical":"https:\/\/www.eumedbridge.eu\/fr\/news\/lue-en-jordanie-accueille-une-conference-pour-repondre-aux-besoins-des\/","og_locale":"fr_FR","og_type":"article","og_title":"L\u2019UE en Jordanie accueille une conf\u00e9rence pour r\u00e9pondre aux besoins des survivants des mines antipersonnel - Voisins de l'UE","og_description":"Accueillie par l\u2019Union europ\u00e9enne en Jordanie et pr\u00e9sid\u00e9e par S.A.R. le Prince Mired Raad Zeid Al-Hussein, la Conf\u00e9rence mondiale sur l\u2019assistance aux victimes des mines antipersonnel et autres restes explosifs de guerre et des droits des personnes handicap\u00e9es a d\u00e9but\u00e9 mardi \u00e0 Amman, en Jordanie. Des experts nationaux en mati\u00e8re de droits des personnes handicap\u00e9es [&hellip;]","og_url":"https:\/\/www.eumedbridge.eu\/fr\/news\/lue-en-jordanie-accueille-une-conference-pour-repondre-aux-besoins-des\/","og_site_name":"Voisins de l'UE","article_publisher":"https:\/\/www.facebook.com\/eumedbridge\/","article_modified_time":"2022-07-08T14:48:34+00:00","og_image":[{"width":960,"height":590,"url":"https:\/\/www.eumedbridge.eu\/wp-content\/uploads\/2022\/03\/photo-Jordanie_2-1.jpg","type":"image\/jpeg"}],"twitter_card":"summary_large_image","twitter_site":"@eumedbridge","twitter_misc":{"Dur\u00e9e de lecture estim\u00e9e":"1 minute"},"schema":{"@context":"https:\/\/schema.org","@graph":[{"@type":"WebPage","@id":"https:\/\/www.eumedbridge.eu\/fr\/news\/lue-en-jordanie-accueille-une-conference-pour-repondre-aux-besoins-des\/","url":"https:\/\/www.eumedbridge.eu\/fr\/news\/lue-en-jordanie-accueille-une-conference-pour-repondre-aux-besoins-des\/","name":"L\u2019UE en Jordanie accueille une conf\u00e9rence pour r\u00e9pondre aux besoins des survivants des mines antipersonnel - Voisins de l'UE","isPartOf":{"@id":"https:\/\/www.eumedbridge.eu\/#website"},"datePublished":"2019-09-11T21:00:00+00:00","dateModified":"2022-07-08T14:48:34+00:00","breadcrumb":{"@id":"https:\/\/www.eumedbridge.eu\/fr\/news\/lue-en-jordanie-accueille-une-conference-pour-repondre-aux-besoins-des\/#breadcrumb"},"inLanguage":"fr-FR","potentialAction":[{"@type":"ReadAction","target":["https:\/\/www.eumedbridge.eu\/fr\/news\/lue-en-jordanie-accueille-une-conference-pour-repondre-aux-besoins-des\/"]}]},{"@type":"BreadcrumbList","@id":"https:\/\/www.eumedbridge.eu\/fr\/news\/lue-en-jordanie-accueille-une-conference-pour-repondre-aux-besoins-des\/#breadcrumb","itemListElement":[{"@type":"ListItem","position":1,"name":"Home","item":"https:\/\/www.eumedbridge.eu\/fr\/home-page\/"},{"@type":"ListItem","position":2,"name":"Actualit\u00e9s","item":"https:\/\/www.eumedbridge.eu\/fr\/news\/"},{"@type":"ListItem","position":3,"name":"L\u2019UE en Jordanie accueille une conf\u00e9rence pour r\u00e9pondre aux besoins des survivants des mines antipersonnel"}]},{"@type":"WebSite","@id":"https:\/\/www.eumedbridge.eu\/#website","url":"https:\/\/www.eumedbridge.eu\/","name":"EU Medbridge","description":"","publisher":{"@id":"https:\/\/www.eumedbridge.eu\/#organization"},"potentialAction":[{"@type":"SearchAction","target":{"@type":"EntryPoint","urlTemplate":"https:\/\/www.eumedbridge.eu\/?s={search_term_string}"},"query-input":{"@type":"PropertyValueSpecification","valueRequired":true,"valueName":"search_term_string"}}],"inLanguage":"fr-FR"},{"@type":"Organization","@id":"https:\/\/www.eumedbridge.eu\/#organization","name":"EU Medbridge","url":"https:\/\/www.eumedbridge.eu\/","logo":{"@type":"ImageObject","inLanguage":"fr-FR","@id":"https:\/\/www.eumedbridge.eu\/#\/schema\/logo\/image\/","url":"https:\/\/www.eumedbridge.eu\/wp-content\/uploads\/2021\/12\/Logo.png","contentUrl":"https:\/\/www.eumedbridge.eu\/wp-content\/uploads\/2021\/12\/Logo.png","width":325,"height":114,"caption":"EU Medbridge"},"image":{"@id":"https:\/\/www.eumedbridge.eu\/#\/schema\/logo\/image\/"},"sameAs":["https:\/\/www.facebook.com\/eumedbridge\/","https:\/\/x.com\/eumedbridge","https:\/\/www.linkedin.com\/company\/eumedbridge","https:\/\/www.youtube.com\/@eumedbridge","https:\/\/www.instagram.com\/eumedbridge","https:\/\/www.flickr.com\/photos\/euneighbours-south\/"]}]}},"_links":{"self":[{"href":"https:\/\/www.eumedbridge.eu\/fr\/wp-json\/wp\/v2\/news\/160734","targetHints":{"allow":["GET"]}}],"collection":[{"href":"https:\/\/www.eumedbridge.eu\/fr\/wp-json\/wp\/v2\/news"}],"about":[{"href":"https:\/\/www.eumedbridge.eu\/fr\/wp-json\/wp\/v2\/types\/news"}],"wp:attachment":[{"href":"https:\/\/www.eumedbridge.eu\/fr\/wp-json\/wp\/v2\/media?parent=160734"}],"wp:term":[{"taxonomy":"news_category","embeddable":true,"href":"https:\/\/www.eumedbridge.eu\/fr\/wp-json\/wp\/v2\/news_category?post=160734"},{"taxonomy":"country","embeddable":true,"href":"https:\/\/www.eumedbridge.eu\/fr\/wp-json\/wp\/v2\/country?post=160734"},{"taxonomy":"special_action","embeddable":true,"href":"https:\/\/www.eumedbridge.eu\/fr\/wp-json\/wp\/v2\/special_action?post=160734"},{"taxonomy":"custom_tag","embeddable":true,"href":"https:\/\/www.eumedbridge.eu\/fr\/wp-json\/wp\/v2\/custom_tag?post=160734"}],"curies":[{"name":"wp","href":"https:\/\/api.w.org\/{rel}","templated":true}]}}