{"id":160909,"date":"2019-07-19T00:00:00","date_gmt":"2019-07-18T21:00:00","guid":{"rendered":"http:\/\/south.euneighbours.eu\/news\/le-chef-dinterpol-se-rend-en-egypte-pour-des-reunions-sur-la-lutte-contre-la-criminalite-transnationale\/"},"modified":"2022-07-08T17:56:29","modified_gmt":"2022-07-08T14:56:29","slug":"le-chef-dinterpol-se-rend-en-egypte-pour-des-reunions-sur-la-lutte-contre","status":"publish","type":"news","link":"https:\/\/www.eumedbridge.eu\/fr\/news\/le-chef-dinterpol-se-rend-en-egypte-pour-des-reunions-sur-la-lutte-contre\/","title":{"rendered":"Le chef d\u2019INTERPOL se rend en \u00c9gypte pour des r\u00e9unions sur la lutte contre la criminalit\u00e9 transnationale"},"content":{"rendered":"<p>Au cours de la derni\u00e8re \u00e9tape de sa mission au Proche-Orient, le chef d\u2019INTERPOL, le Secr\u00e9taire g\u00e9n\u00e9ral J\u00fcrgen\u00a0Stock, a rencontr\u00e9 de hauts responsables gouvernementaux et de la police \u00e9gyptiens.<\/p>\n<p>Les entretiens avec le g\u00e9n\u00e9ral de division Alaa\u00a0el\u00a0Din\u00a0Selim, ministre adjoint de l\u2019Int\u00e9rieur et directeur du secteur de la s\u00e9curit\u00e9 publique, et le g\u00e9n\u00e9ral de division Alaa\u00a0Abd\u00a0El\u00a0Mouti, directeur de la coop\u00e9ration internationale, ont port\u00e9 sur un certain nombre de questions li\u00e9es \u00e0 la criminalit\u00e9 et au terrorisme.<\/p>\n<p>L\u2019\u00c9gypte participe au projet \u00ab\u00a0Sharaka\u00a0\u00bb d\u2019INTERPOL, qui porte sur l\u2019\u00e9change mondial d\u2019informations pour d\u00e9tecter et intercepter les membres des r\u00e9seaux terroristes gr\u00e2ce \u00e0 la technologie, au renforcement des capacit\u00e9s et aux op\u00e9rations polici\u00e8res.<\/p>\n<p>Au cours de sa mission au Caire, le Secr\u00e9taire g\u00e9n\u00e9ral\u00a0Stock s\u2019est \u00e9galement rendu \u00e0 l\u2019Acad\u00e9mie de police o\u00f9 il a rencontr\u00e9 les nouvelles recrues suivant une formation de base.<\/p>\n<p>La mission du chef d\u2019INTERPOL fait suite \u00e0 des visites au Liban et en Jordanie, o\u00f9 il s\u2019est entretenu avec les ministres de l\u2019Int\u00e9rieur et les chefs de police, et a \u00e9t\u00e9 inform\u00e9 des principales questions de s\u00e9curit\u00e9 nationale et r\u00e9gionale.<\/p>\n<p>\u00a0<\/p>\n<p><strong>Pour en savoir plus<\/strong><\/p>\n<p><a href=\"https:\/\/www.interpol.int\/en\/News-and-Events\/News\/2019\/INTERPOL-Chief-in-Egypt-for-meetings-on-combating-transnational-crime\">Communiqu\u00e9 de presse<\/a><\/p>\n<p><a href=\"https:\/\/www.interpol.int\/en\/Crimes\/Terrorism\/Counter-terrorism-projects\/Project-Sharaka\">Projet Sharaka<\/a><\/p>\n","protected":false},"featured_media":0,"parent":0,"template":"","news_category":[],"country":[1947],"special_action":[],"custom_tag":[2313,2821],"class_list":["post-160909","news","type-news","status-publish","hentry","country-egypte","custom_tag-droit-de-lhomme","custom_tag-migration-fr"],"acf":[],"yoast_head":"<!-- This site is optimized with the Yoast SEO plugin v26.5 - https:\/\/yoast.com\/wordpress\/plugins\/seo\/ -->\n<title>Le chef d\u2019INTERPOL se rend en \u00c9gypte pour des r\u00e9unions sur la lutte contre la criminalit\u00e9 transnationale - Voisins de l&#039;UE<\/title>\n<meta name=\"robots\" content=\"index, follow, max-snippet:-1, max-image-preview:large, max-video-preview:-1\" \/>\n<link rel=\"canonical\" href=\"https:\/\/www.eumedbridge.eu\/fr\/news\/le-chef-dinterpol-se-rend-en-egypte-pour-des-reunions-sur-la-lutte-contre\/\" \/>\n<meta property=\"og:locale\" content=\"fr_FR\" \/>\n<meta property=\"og:type\" content=\"article\" \/>\n<meta property=\"og:title\" content=\"Le chef d\u2019INTERPOL se rend en \u00c9gypte pour des r\u00e9unions sur la lutte contre la criminalit\u00e9 transnationale - Voisins de l&#039;UE\" \/>\n<meta property=\"og:description\" content=\"Au cours de la derni\u00e8re \u00e9tape de sa mission au Proche-Orient, le chef d\u2019INTERPOL, le Secr\u00e9taire g\u00e9n\u00e9ral J\u00fcrgen\u00a0Stock, a rencontr\u00e9 de hauts responsables gouvernementaux et de la police \u00e9gyptiens. Les entretiens avec le g\u00e9n\u00e9ral de division Alaa\u00a0el\u00a0Din\u00a0Selim, ministre adjoint de l\u2019Int\u00e9rieur et directeur du secteur de la s\u00e9curit\u00e9 publique, et le g\u00e9n\u00e9ral de division Alaa\u00a0Abd\u00a0El\u00a0Mouti, [&hellip;]\" \/>\n<meta property=\"og:url\" content=\"https:\/\/www.eumedbridge.eu\/fr\/news\/le-chef-dinterpol-se-rend-en-egypte-pour-des-reunions-sur-la-lutte-contre\/\" \/>\n<meta property=\"og:site_name\" content=\"Voisins de l&#039;UE\" \/>\n<meta property=\"article:publisher\" content=\"https:\/\/www.facebook.com\/eumedbridge\/\" \/>\n<meta property=\"article:modified_time\" content=\"2022-07-08T14:56:29+00:00\" \/>\n<meta property=\"og:image\" content=\"https:\/\/www.eumedbridge.eu\/wp-content\/uploads\/2022\/03\/photo-INTERPOL.png\" \/>\n\t<meta property=\"og:image:width\" content=\"1024\" \/>\n\t<meta property=\"og:image:height\" content=\"676\" \/>\n\t<meta property=\"og:image:type\" content=\"image\/png\" \/>\n<meta name=\"twitter:card\" content=\"summary_large_image\" \/>\n<meta name=\"twitter:site\" content=\"@eumedbridge\" \/>\n<meta name=\"twitter:label1\" content=\"Dur\u00e9e de lecture estim\u00e9e\" \/>\n\t<meta name=\"twitter:data1\" content=\"1 minute\" \/>\n<script type=\"application\/ld+json\" class=\"yoast-schema-graph\">{\"@context\":\"https:\/\/schema.org\",\"@graph\":[{\"@type\":\"WebPage\",\"@id\":\"https:\/\/www.eumedbridge.eu\/fr\/news\/le-chef-dinterpol-se-rend-en-egypte-pour-des-reunions-sur-la-lutte-contre\/\",\"url\":\"https:\/\/www.eumedbridge.eu\/fr\/news\/le-chef-dinterpol-se-rend-en-egypte-pour-des-reunions-sur-la-lutte-contre\/\",\"name\":\"Le chef d\u2019INTERPOL se rend en \u00c9gypte pour des r\u00e9unions sur la lutte contre la criminalit\u00e9 transnationale - Voisins de l'UE\",\"isPartOf\":{\"@id\":\"https:\/\/www.eumedbridge.eu\/#website\"},\"datePublished\":\"2019-07-18T21:00:00+00:00\",\"dateModified\":\"2022-07-08T14:56:29+00:00\",\"breadcrumb\":{\"@id\":\"https:\/\/www.eumedbridge.eu\/fr\/news\/le-chef-dinterpol-se-rend-en-egypte-pour-des-reunions-sur-la-lutte-contre\/#breadcrumb\"},\"inLanguage\":\"fr-FR\",\"potentialAction\":[{\"@type\":\"ReadAction\",\"target\":[\"https:\/\/www.eumedbridge.eu\/fr\/news\/le-chef-dinterpol-se-rend-en-egypte-pour-des-reunions-sur-la-lutte-contre\/\"]}]},{\"@type\":\"BreadcrumbList\",\"@id\":\"https:\/\/www.eumedbridge.eu\/fr\/news\/le-chef-dinterpol-se-rend-en-egypte-pour-des-reunions-sur-la-lutte-contre\/#breadcrumb\",\"itemListElement\":[{\"@type\":\"ListItem\",\"position\":1,\"name\":\"Home\",\"item\":\"https:\/\/www.eumedbridge.eu\/fr\/home-page\/\"},{\"@type\":\"ListItem\",\"position\":2,\"name\":\"Actualit\u00e9s\",\"item\":\"https:\/\/www.eumedbridge.eu\/fr\/news\/\"},{\"@type\":\"ListItem\",\"position\":3,\"name\":\"Le chef d\u2019INTERPOL se rend en \u00c9gypte pour des r\u00e9unions sur la lutte contre la criminalit\u00e9 transnationale\"}]},{\"@type\":\"WebSite\",\"@id\":\"https:\/\/www.eumedbridge.eu\/#website\",\"url\":\"https:\/\/www.eumedbridge.eu\/\",\"name\":\"EU Medbridge\",\"description\":\"\",\"publisher\":{\"@id\":\"https:\/\/www.eumedbridge.eu\/#organization\"},\"potentialAction\":[{\"@type\":\"SearchAction\",\"target\":{\"@type\":\"EntryPoint\",\"urlTemplate\":\"https:\/\/www.eumedbridge.eu\/?s={search_term_string}\"},\"query-input\":{\"@type\":\"PropertyValueSpecification\",\"valueRequired\":true,\"valueName\":\"search_term_string\"}}],\"inLanguage\":\"fr-FR\"},{\"@type\":\"Organization\",\"@id\":\"https:\/\/www.eumedbridge.eu\/#organization\",\"name\":\"EU Medbridge\",\"url\":\"https:\/\/www.eumedbridge.eu\/\",\"logo\":{\"@type\":\"ImageObject\",\"inLanguage\":\"fr-FR\",\"@id\":\"https:\/\/www.eumedbridge.eu\/#\/schema\/logo\/image\/\",\"url\":\"https:\/\/www.eumedbridge.eu\/wp-content\/uploads\/2021\/12\/Logo.png\",\"contentUrl\":\"https:\/\/www.eumedbridge.eu\/wp-content\/uploads\/2021\/12\/Logo.png\",\"width\":325,\"height\":114,\"caption\":\"EU Medbridge\"},\"image\":{\"@id\":\"https:\/\/www.eumedbridge.eu\/#\/schema\/logo\/image\/\"},\"sameAs\":[\"https:\/\/www.facebook.com\/eumedbridge\/\",\"https:\/\/x.com\/eumedbridge\",\"https:\/\/www.linkedin.com\/company\/eumedbridge\",\"https:\/\/www.youtube.com\/@eumedbridge\",\"https:\/\/www.instagram.com\/eumedbridge\",\"https:\/\/www.flickr.com\/photos\/euneighbours-south\/\"]}]}<\/script>\n<!-- \/ Yoast SEO plugin. -->","yoast_head_json":{"title":"Le chef d\u2019INTERPOL se rend en \u00c9gypte pour des r\u00e9unions sur la lutte contre la criminalit\u00e9 transnationale - Voisins de l'UE","robots":{"index":"index","follow":"follow","max-snippet":"max-snippet:-1","max-image-preview":"max-image-preview:large","max-video-preview":"max-video-preview:-1"},"canonical":"https:\/\/www.eumedbridge.eu\/fr\/news\/le-chef-dinterpol-se-rend-en-egypte-pour-des-reunions-sur-la-lutte-contre\/","og_locale":"fr_FR","og_type":"article","og_title":"Le chef d\u2019INTERPOL se rend en \u00c9gypte pour des r\u00e9unions sur la lutte contre la criminalit\u00e9 transnationale - Voisins de l'UE","og_description":"Au cours de la derni\u00e8re \u00e9tape de sa mission au Proche-Orient, le chef d\u2019INTERPOL, le Secr\u00e9taire g\u00e9n\u00e9ral J\u00fcrgen\u00a0Stock, a rencontr\u00e9 de hauts responsables gouvernementaux et de la police \u00e9gyptiens. Les entretiens avec le g\u00e9n\u00e9ral de division Alaa\u00a0el\u00a0Din\u00a0Selim, ministre adjoint de l\u2019Int\u00e9rieur et directeur du secteur de la s\u00e9curit\u00e9 publique, et le g\u00e9n\u00e9ral de division Alaa\u00a0Abd\u00a0El\u00a0Mouti, [&hellip;]","og_url":"https:\/\/www.eumedbridge.eu\/fr\/news\/le-chef-dinterpol-se-rend-en-egypte-pour-des-reunions-sur-la-lutte-contre\/","og_site_name":"Voisins de l'UE","article_publisher":"https:\/\/www.facebook.com\/eumedbridge\/","article_modified_time":"2022-07-08T14:56:29+00:00","og_image":[{"width":1024,"height":676,"url":"https:\/\/www.eumedbridge.eu\/wp-content\/uploads\/2022\/03\/photo-INTERPOL.png","type":"image\/png"}],"twitter_card":"summary_large_image","twitter_site":"@eumedbridge","twitter_misc":{"Dur\u00e9e de lecture estim\u00e9e":"1 minute"},"schema":{"@context":"https:\/\/schema.org","@graph":[{"@type":"WebPage","@id":"https:\/\/www.eumedbridge.eu\/fr\/news\/le-chef-dinterpol-se-rend-en-egypte-pour-des-reunions-sur-la-lutte-contre\/","url":"https:\/\/www.eumedbridge.eu\/fr\/news\/le-chef-dinterpol-se-rend-en-egypte-pour-des-reunions-sur-la-lutte-contre\/","name":"Le chef d\u2019INTERPOL se rend en \u00c9gypte pour des r\u00e9unions sur la lutte contre la criminalit\u00e9 transnationale - Voisins de l'UE","isPartOf":{"@id":"https:\/\/www.eumedbridge.eu\/#website"},"datePublished":"2019-07-18T21:00:00+00:00","dateModified":"2022-07-08T14:56:29+00:00","breadcrumb":{"@id":"https:\/\/www.eumedbridge.eu\/fr\/news\/le-chef-dinterpol-se-rend-en-egypte-pour-des-reunions-sur-la-lutte-contre\/#breadcrumb"},"inLanguage":"fr-FR","potentialAction":[{"@type":"ReadAction","target":["https:\/\/www.eumedbridge.eu\/fr\/news\/le-chef-dinterpol-se-rend-en-egypte-pour-des-reunions-sur-la-lutte-contre\/"]}]},{"@type":"BreadcrumbList","@id":"https:\/\/www.eumedbridge.eu\/fr\/news\/le-chef-dinterpol-se-rend-en-egypte-pour-des-reunions-sur-la-lutte-contre\/#breadcrumb","itemListElement":[{"@type":"ListItem","position":1,"name":"Home","item":"https:\/\/www.eumedbridge.eu\/fr\/home-page\/"},{"@type":"ListItem","position":2,"name":"Actualit\u00e9s","item":"https:\/\/www.eumedbridge.eu\/fr\/news\/"},{"@type":"ListItem","position":3,"name":"Le chef d\u2019INTERPOL se rend en \u00c9gypte pour des r\u00e9unions sur la lutte contre la criminalit\u00e9 transnationale"}]},{"@type":"WebSite","@id":"https:\/\/www.eumedbridge.eu\/#website","url":"https:\/\/www.eumedbridge.eu\/","name":"EU Medbridge","description":"","publisher":{"@id":"https:\/\/www.eumedbridge.eu\/#organization"},"potentialAction":[{"@type":"SearchAction","target":{"@type":"EntryPoint","urlTemplate":"https:\/\/www.eumedbridge.eu\/?s={search_term_string}"},"query-input":{"@type":"PropertyValueSpecification","valueRequired":true,"valueName":"search_term_string"}}],"inLanguage":"fr-FR"},{"@type":"Organization","@id":"https:\/\/www.eumedbridge.eu\/#organization","name":"EU Medbridge","url":"https:\/\/www.eumedbridge.eu\/","logo":{"@type":"ImageObject","inLanguage":"fr-FR","@id":"https:\/\/www.eumedbridge.eu\/#\/schema\/logo\/image\/","url":"https:\/\/www.eumedbridge.eu\/wp-content\/uploads\/2021\/12\/Logo.png","contentUrl":"https:\/\/www.eumedbridge.eu\/wp-content\/uploads\/2021\/12\/Logo.png","width":325,"height":114,"caption":"EU Medbridge"},"image":{"@id":"https:\/\/www.eumedbridge.eu\/#\/schema\/logo\/image\/"},"sameAs":["https:\/\/www.facebook.com\/eumedbridge\/","https:\/\/x.com\/eumedbridge","https:\/\/www.linkedin.com\/company\/eumedbridge","https:\/\/www.youtube.com\/@eumedbridge","https:\/\/www.instagram.com\/eumedbridge","https:\/\/www.flickr.com\/photos\/euneighbours-south\/"]}]}},"_links":{"self":[{"href":"https:\/\/www.eumedbridge.eu\/fr\/wp-json\/wp\/v2\/news\/160909","targetHints":{"allow":["GET"]}}],"collection":[{"href":"https:\/\/www.eumedbridge.eu\/fr\/wp-json\/wp\/v2\/news"}],"about":[{"href":"https:\/\/www.eumedbridge.eu\/fr\/wp-json\/wp\/v2\/types\/news"}],"wp:attachment":[{"href":"https:\/\/www.eumedbridge.eu\/fr\/wp-json\/wp\/v2\/media?parent=160909"}],"wp:term":[{"taxonomy":"news_category","embeddable":true,"href":"https:\/\/www.eumedbridge.eu\/fr\/wp-json\/wp\/v2\/news_category?post=160909"},{"taxonomy":"country","embeddable":true,"href":"https:\/\/www.eumedbridge.eu\/fr\/wp-json\/wp\/v2\/country?post=160909"},{"taxonomy":"special_action","embeddable":true,"href":"https:\/\/www.eumedbridge.eu\/fr\/wp-json\/wp\/v2\/special_action?post=160909"},{"taxonomy":"custom_tag","embeddable":true,"href":"https:\/\/www.eumedbridge.eu\/fr\/wp-json\/wp\/v2\/custom_tag?post=160909"}],"curies":[{"name":"wp","href":"https:\/\/api.w.org\/{rel}","templated":true}]}}