{"id":161103,"date":"2019-05-29T00:00:00","date_gmt":"2019-05-28T21:00:00","guid":{"rendered":"http:\/\/south.euneighbours.eu\/news\/lunion-europeenne-a-israel-presente-la-5e-nuit-de-la-philosophie-de-tel-aviv\/"},"modified":"2022-07-08T18:05:21","modified_gmt":"2022-07-08T15:05:21","slug":"lunion-europeenne-israel-presente-la-5e-nuit-de-la-philosophie-de-tel-aviv","status":"publish","type":"news","link":"https:\/\/www.eumedbridge.eu\/fr\/news\/lunion-europeenne-israel-presente-la-5e-nuit-de-la-philosophie-de-tel-aviv\/","title":{"rendered":"L\u2019Union europ\u00e9enne \u00e0 Isra\u00ebl pr\u00e9sente la 5e Nuit de la philosophie de Tel-Aviv"},"content":{"rendered":"<p>L\u2019Union europ\u00e9enne, en collaboration avec l\u2019Institut fran\u00e7ais, le Goethe Institut, l\u2019Institut polonais, l\u2019Instituto Cervant\u00e8s de Tel Aviv et le Forum culturel autrichien, avec le soutien de la municipalit\u00e9 de Tel Aviv-Yafo, pr\u00e9sente ce jeudi 30\u00a0mai la 5e\u00a0Nuit de la philosophie de Tel Aviv\u00a0\u2013 un \u00e9v\u00e9nement philosophique et festif.<\/p>\n<p>Venez profiter des discussions, des conf\u00e9rences, des panels, des projections et de la musique, qui se d\u00e9roulent dans diff\u00e9rents lieux autour du boulevard Rothschild \u00e0 Tel Aviv. Les \u00e9v\u00e9nements sont gratuits\u00a0!<\/p>\n<p>\u00a0<\/p>\n<p><strong>Pour en savoir plus<\/strong><\/p>\n<p><a href=\"https:\/\/www.facebook.com\/Europe.in.Israel\/posts\/2406908782705799?__xts__%5b0%5d=68.ARCzfnHnXVuKEJWdVOwDf0STnVQZna7cfY5hYRdra1KxkrABpE8n87qEi9fw6gaf-0fhPo3IgtvxzD0PUG_fvjGd6JyxT3NqOQsTGGfqHU3WwSDHvS_4LWzS8u3qeqtQ1kfkGV6FOtWiVNS40Zwm1poz-gAwkBCh_ybc-NUorlCg0PExG8REcw5GWNijyZBhro1lUuf9Csljak8m2jKv4QBQ3SD1KXTI0apTMLhdqZxYWr5jB6MbL6bk9ny2lV3tkyqlrGcR8Tw7ICCSsL75EHcyAC4lcoZ37zCrA4CjJOtqwk2XI1zqH5QS9MAZcwMsO2xkTSFWkHSsDyJfpcWtZosr-Q&#038;__tn__=-R\">Lien Facebook<\/a><\/p>\n<p><a href=\"http:\/\/institutfrancais-israel.com\/wp-content\/uploads\/2019\/05\/philosophy-night-2019_4_Page_Ad_adaptation-flyer_b2_web.pdf\">Programme<\/a><\/p>\n","protected":false},"featured_media":0,"parent":0,"template":"","news_category":[],"country":[1950],"special_action":[],"custom_tag":[1874,2312,2817,1970,1897,1870],"class_list":["post-161103","news","type-news","status-publish","hentry","country-israel-fr","custom_tag-culture-fr","custom_tag-developpement-durable","custom_tag-education-fr","custom_tag-jeunesse","custom_tag-medias","custom_tag-societe-civile"],"acf":[],"yoast_head":"<!-- This site is optimized with the Yoast SEO plugin v26.5 - https:\/\/yoast.com\/wordpress\/plugins\/seo\/ -->\n<title>L\u2019Union europ\u00e9enne \u00e0 Isra\u00ebl pr\u00e9sente la 5e Nuit de la philosophie de Tel-Aviv - Voisins de l&#039;UE<\/title>\n<meta name=\"robots\" content=\"index, follow, max-snippet:-1, max-image-preview:large, max-video-preview:-1\" \/>\n<link rel=\"canonical\" href=\"https:\/\/www.eumedbridge.eu\/fr\/news\/lunion-europeenne-israel-presente-la-5e-nuit-de-la-philosophie-de-tel-aviv\/\" \/>\n<meta property=\"og:locale\" content=\"fr_FR\" \/>\n<meta property=\"og:type\" content=\"article\" \/>\n<meta property=\"og:title\" content=\"L\u2019Union europ\u00e9enne \u00e0 Isra\u00ebl pr\u00e9sente la 5e Nuit de la philosophie de Tel-Aviv - Voisins de l&#039;UE\" \/>\n<meta property=\"og:description\" content=\"L\u2019Union europ\u00e9enne, en collaboration avec l\u2019Institut fran\u00e7ais, le Goethe Institut, l\u2019Institut polonais, l\u2019Instituto Cervant\u00e8s de Tel Aviv et le Forum culturel autrichien, avec le soutien de la municipalit\u00e9 de Tel Aviv-Yafo, pr\u00e9sente ce jeudi 30\u00a0mai la 5e\u00a0Nuit de la philosophie de Tel Aviv\u00a0\u2013 un \u00e9v\u00e9nement philosophique et festif. Venez profiter des discussions, des conf\u00e9rences, des [&hellip;]\" \/>\n<meta property=\"og:url\" content=\"https:\/\/www.eumedbridge.eu\/fr\/news\/lunion-europeenne-israel-presente-la-5e-nuit-de-la-philosophie-de-tel-aviv\/\" \/>\n<meta property=\"og:site_name\" content=\"Voisins de l&#039;UE\" \/>\n<meta property=\"article:publisher\" content=\"https:\/\/www.facebook.com\/eumedbridge\/\" \/>\n<meta property=\"article:modified_time\" content=\"2022-07-08T15:05:21+00:00\" \/>\n<meta property=\"og:image\" content=\"https:\/\/www.eumedbridge.eu\/wp-content\/uploads\/2022\/03\/Capture_15.png\" \/>\n\t<meta property=\"og:image:width\" content=\"855\" \/>\n\t<meta property=\"og:image:height\" content=\"652\" \/>\n\t<meta property=\"og:image:type\" content=\"image\/png\" \/>\n<meta name=\"twitter:card\" content=\"summary_large_image\" \/>\n<meta name=\"twitter:site\" content=\"@eumedbridge\" \/>\n<script type=\"application\/ld+json\" class=\"yoast-schema-graph\">{\"@context\":\"https:\/\/schema.org\",\"@graph\":[{\"@type\":\"WebPage\",\"@id\":\"https:\/\/www.eumedbridge.eu\/fr\/news\/lunion-europeenne-israel-presente-la-5e-nuit-de-la-philosophie-de-tel-aviv\/\",\"url\":\"https:\/\/www.eumedbridge.eu\/fr\/news\/lunion-europeenne-israel-presente-la-5e-nuit-de-la-philosophie-de-tel-aviv\/\",\"name\":\"L\u2019Union europ\u00e9enne \u00e0 Isra\u00ebl pr\u00e9sente la 5e Nuit de la philosophie de Tel-Aviv - Voisins de l'UE\",\"isPartOf\":{\"@id\":\"https:\/\/www.eumedbridge.eu\/#website\"},\"datePublished\":\"2019-05-28T21:00:00+00:00\",\"dateModified\":\"2022-07-08T15:05:21+00:00\",\"breadcrumb\":{\"@id\":\"https:\/\/www.eumedbridge.eu\/fr\/news\/lunion-europeenne-israel-presente-la-5e-nuit-de-la-philosophie-de-tel-aviv\/#breadcrumb\"},\"inLanguage\":\"fr-FR\",\"potentialAction\":[{\"@type\":\"ReadAction\",\"target\":[\"https:\/\/www.eumedbridge.eu\/fr\/news\/lunion-europeenne-israel-presente-la-5e-nuit-de-la-philosophie-de-tel-aviv\/\"]}]},{\"@type\":\"BreadcrumbList\",\"@id\":\"https:\/\/www.eumedbridge.eu\/fr\/news\/lunion-europeenne-israel-presente-la-5e-nuit-de-la-philosophie-de-tel-aviv\/#breadcrumb\",\"itemListElement\":[{\"@type\":\"ListItem\",\"position\":1,\"name\":\"Home\",\"item\":\"https:\/\/www.eumedbridge.eu\/fr\/home-page\/\"},{\"@type\":\"ListItem\",\"position\":2,\"name\":\"Actualit\u00e9s\",\"item\":\"https:\/\/www.eumedbridge.eu\/fr\/news\/\"},{\"@type\":\"ListItem\",\"position\":3,\"name\":\"L\u2019Union europ\u00e9enne \u00e0 Isra\u00ebl pr\u00e9sente la 5e Nuit de la philosophie de Tel-Aviv\"}]},{\"@type\":\"WebSite\",\"@id\":\"https:\/\/www.eumedbridge.eu\/#website\",\"url\":\"https:\/\/www.eumedbridge.eu\/\",\"name\":\"EU Medbridge\",\"description\":\"\",\"publisher\":{\"@id\":\"https:\/\/www.eumedbridge.eu\/#organization\"},\"potentialAction\":[{\"@type\":\"SearchAction\",\"target\":{\"@type\":\"EntryPoint\",\"urlTemplate\":\"https:\/\/www.eumedbridge.eu\/?s={search_term_string}\"},\"query-input\":{\"@type\":\"PropertyValueSpecification\",\"valueRequired\":true,\"valueName\":\"search_term_string\"}}],\"inLanguage\":\"fr-FR\"},{\"@type\":\"Organization\",\"@id\":\"https:\/\/www.eumedbridge.eu\/#organization\",\"name\":\"EU Medbridge\",\"url\":\"https:\/\/www.eumedbridge.eu\/\",\"logo\":{\"@type\":\"ImageObject\",\"inLanguage\":\"fr-FR\",\"@id\":\"https:\/\/www.eumedbridge.eu\/#\/schema\/logo\/image\/\",\"url\":\"https:\/\/www.eumedbridge.eu\/wp-content\/uploads\/2021\/12\/Logo.png\",\"contentUrl\":\"https:\/\/www.eumedbridge.eu\/wp-content\/uploads\/2021\/12\/Logo.png\",\"width\":325,\"height\":114,\"caption\":\"EU Medbridge\"},\"image\":{\"@id\":\"https:\/\/www.eumedbridge.eu\/#\/schema\/logo\/image\/\"},\"sameAs\":[\"https:\/\/www.facebook.com\/eumedbridge\/\",\"https:\/\/x.com\/eumedbridge\",\"https:\/\/www.linkedin.com\/company\/eumedbridge\",\"https:\/\/www.youtube.com\/@eumedbridge\",\"https:\/\/www.instagram.com\/eumedbridge\",\"https:\/\/www.flickr.com\/photos\/euneighbours-south\/\"]}]}<\/script>\n<!-- \/ Yoast SEO plugin. -->","yoast_head_json":{"title":"L\u2019Union europ\u00e9enne \u00e0 Isra\u00ebl pr\u00e9sente la 5e Nuit de la philosophie de Tel-Aviv - Voisins de l'UE","robots":{"index":"index","follow":"follow","max-snippet":"max-snippet:-1","max-image-preview":"max-image-preview:large","max-video-preview":"max-video-preview:-1"},"canonical":"https:\/\/www.eumedbridge.eu\/fr\/news\/lunion-europeenne-israel-presente-la-5e-nuit-de-la-philosophie-de-tel-aviv\/","og_locale":"fr_FR","og_type":"article","og_title":"L\u2019Union europ\u00e9enne \u00e0 Isra\u00ebl pr\u00e9sente la 5e Nuit de la philosophie de Tel-Aviv - Voisins de l'UE","og_description":"L\u2019Union europ\u00e9enne, en collaboration avec l\u2019Institut fran\u00e7ais, le Goethe Institut, l\u2019Institut polonais, l\u2019Instituto Cervant\u00e8s de Tel Aviv et le Forum culturel autrichien, avec le soutien de la municipalit\u00e9 de Tel Aviv-Yafo, pr\u00e9sente ce jeudi 30\u00a0mai la 5e\u00a0Nuit de la philosophie de Tel Aviv\u00a0\u2013 un \u00e9v\u00e9nement philosophique et festif. Venez profiter des discussions, des conf\u00e9rences, des [&hellip;]","og_url":"https:\/\/www.eumedbridge.eu\/fr\/news\/lunion-europeenne-israel-presente-la-5e-nuit-de-la-philosophie-de-tel-aviv\/","og_site_name":"Voisins de l'UE","article_publisher":"https:\/\/www.facebook.com\/eumedbridge\/","article_modified_time":"2022-07-08T15:05:21+00:00","og_image":[{"width":855,"height":652,"url":"https:\/\/www.eumedbridge.eu\/wp-content\/uploads\/2022\/03\/Capture_15.png","type":"image\/png"}],"twitter_card":"summary_large_image","twitter_site":"@eumedbridge","schema":{"@context":"https:\/\/schema.org","@graph":[{"@type":"WebPage","@id":"https:\/\/www.eumedbridge.eu\/fr\/news\/lunion-europeenne-israel-presente-la-5e-nuit-de-la-philosophie-de-tel-aviv\/","url":"https:\/\/www.eumedbridge.eu\/fr\/news\/lunion-europeenne-israel-presente-la-5e-nuit-de-la-philosophie-de-tel-aviv\/","name":"L\u2019Union europ\u00e9enne \u00e0 Isra\u00ebl pr\u00e9sente la 5e Nuit de la philosophie de Tel-Aviv - Voisins de l'UE","isPartOf":{"@id":"https:\/\/www.eumedbridge.eu\/#website"},"datePublished":"2019-05-28T21:00:00+00:00","dateModified":"2022-07-08T15:05:21+00:00","breadcrumb":{"@id":"https:\/\/www.eumedbridge.eu\/fr\/news\/lunion-europeenne-israel-presente-la-5e-nuit-de-la-philosophie-de-tel-aviv\/#breadcrumb"},"inLanguage":"fr-FR","potentialAction":[{"@type":"ReadAction","target":["https:\/\/www.eumedbridge.eu\/fr\/news\/lunion-europeenne-israel-presente-la-5e-nuit-de-la-philosophie-de-tel-aviv\/"]}]},{"@type":"BreadcrumbList","@id":"https:\/\/www.eumedbridge.eu\/fr\/news\/lunion-europeenne-israel-presente-la-5e-nuit-de-la-philosophie-de-tel-aviv\/#breadcrumb","itemListElement":[{"@type":"ListItem","position":1,"name":"Home","item":"https:\/\/www.eumedbridge.eu\/fr\/home-page\/"},{"@type":"ListItem","position":2,"name":"Actualit\u00e9s","item":"https:\/\/www.eumedbridge.eu\/fr\/news\/"},{"@type":"ListItem","position":3,"name":"L\u2019Union europ\u00e9enne \u00e0 Isra\u00ebl pr\u00e9sente la 5e Nuit de la philosophie de Tel-Aviv"}]},{"@type":"WebSite","@id":"https:\/\/www.eumedbridge.eu\/#website","url":"https:\/\/www.eumedbridge.eu\/","name":"EU Medbridge","description":"","publisher":{"@id":"https:\/\/www.eumedbridge.eu\/#organization"},"potentialAction":[{"@type":"SearchAction","target":{"@type":"EntryPoint","urlTemplate":"https:\/\/www.eumedbridge.eu\/?s={search_term_string}"},"query-input":{"@type":"PropertyValueSpecification","valueRequired":true,"valueName":"search_term_string"}}],"inLanguage":"fr-FR"},{"@type":"Organization","@id":"https:\/\/www.eumedbridge.eu\/#organization","name":"EU Medbridge","url":"https:\/\/www.eumedbridge.eu\/","logo":{"@type":"ImageObject","inLanguage":"fr-FR","@id":"https:\/\/www.eumedbridge.eu\/#\/schema\/logo\/image\/","url":"https:\/\/www.eumedbridge.eu\/wp-content\/uploads\/2021\/12\/Logo.png","contentUrl":"https:\/\/www.eumedbridge.eu\/wp-content\/uploads\/2021\/12\/Logo.png","width":325,"height":114,"caption":"EU Medbridge"},"image":{"@id":"https:\/\/www.eumedbridge.eu\/#\/schema\/logo\/image\/"},"sameAs":["https:\/\/www.facebook.com\/eumedbridge\/","https:\/\/x.com\/eumedbridge","https:\/\/www.linkedin.com\/company\/eumedbridge","https:\/\/www.youtube.com\/@eumedbridge","https:\/\/www.instagram.com\/eumedbridge","https:\/\/www.flickr.com\/photos\/euneighbours-south\/"]}]}},"_links":{"self":[{"href":"https:\/\/www.eumedbridge.eu\/fr\/wp-json\/wp\/v2\/news\/161103","targetHints":{"allow":["GET"]}}],"collection":[{"href":"https:\/\/www.eumedbridge.eu\/fr\/wp-json\/wp\/v2\/news"}],"about":[{"href":"https:\/\/www.eumedbridge.eu\/fr\/wp-json\/wp\/v2\/types\/news"}],"wp:attachment":[{"href":"https:\/\/www.eumedbridge.eu\/fr\/wp-json\/wp\/v2\/media?parent=161103"}],"wp:term":[{"taxonomy":"news_category","embeddable":true,"href":"https:\/\/www.eumedbridge.eu\/fr\/wp-json\/wp\/v2\/news_category?post=161103"},{"taxonomy":"country","embeddable":true,"href":"https:\/\/www.eumedbridge.eu\/fr\/wp-json\/wp\/v2\/country?post=161103"},{"taxonomy":"special_action","embeddable":true,"href":"https:\/\/www.eumedbridge.eu\/fr\/wp-json\/wp\/v2\/special_action?post=161103"},{"taxonomy":"custom_tag","embeddable":true,"href":"https:\/\/www.eumedbridge.eu\/fr\/wp-json\/wp\/v2\/custom_tag?post=161103"}],"curies":[{"name":"wp","href":"https:\/\/api.w.org\/{rel}","templated":true}]}}