{"id":161457,"date":"2019-03-01T00:00:00","date_gmt":"2019-02-28T22:00:00","guid":{"rendered":"http:\/\/south.euneighbours.eu\/news\/jumelage-maroc-union-europeenne-cloture-dun-projet-sur-lamelioration-de-la-performance-de-la-direction-generale-des-impots\/"},"modified":"2022-07-11T17:31:34","modified_gmt":"2022-07-11T14:31:34","slug":"jumelage-maroc-union-europeenne-cloture-dun-projet-sur-lamelioration-de-la","status":"publish","type":"news","link":"https:\/\/www.eumedbridge.eu\/fr\/news\/jumelage-maroc-union-europeenne-cloture-dun-projet-sur-lamelioration-de-la\/","title":{"rendered":"Jumelage Maroc Union europ\u00e9enne: Cl\u00f4ture d&rsquo;un projet sur l&rsquo;am\u00e9lioration de la performance de la Direction G\u00e9n\u00e9rale des Imp\u00f4ts"},"content":{"rendered":"<p>Dans le cadre du partenariat entre le Royaume du Maroc et l\u2019Union europ\u00e9enne, Monsieur Mohamed BENCHAABOUN, Ministre de l\u2019Economie et des Finances a pr\u00e9sid\u00e9 le s\u00e9minaire de cl\u00f4ture du jumelage d\u2019appui \u00e0 la Direction g\u00e9n\u00e9rale des imp\u00f4ts (DGI),\u00a0en pr\u00e9sence de Madame Claudia WIEDEY, Ambassadeur de l&rsquo;Union europ\u00e9enne au Maroc.\u00a0<\/p>\n<p>Ce jumelage institutionnel, d&rsquo;une dur\u00e9e de 24 mois (de mars 2017 \u00e0 f\u00e9vrier 2019), a \u00e9t\u00e9 r\u00e9alis\u00e9 dans le cadre du programme \u00ab\u00a0HAKAMA\u00a0\u00bb (gouvernance publique) financ\u00e9 par l\u2019Union europ\u00e9enne \u00e0 hauteur de 1.2 millions d\u2019euros\u00a0et g\u00e9r\u00e9 par le Minist\u00e8re de l\u2019Economie et des Finances du Maroc.<\/p>\n<p dir=\"ltr\">\u00a0<\/p>\n<p dir=\"ltr\"><meta charset=\"utf-8\" \/><\/p>\n<p dir=\"ltr\"><b id=\"docs-internal-guid-1946f17f-7fff-1d83-e917-4ffcd5135849\">Pour en savoir plus<\/b><\/p>\n<p dir=\"ltr\"><b id=\"docs-internal-guid-1946f17f-7fff-1d83-e917-4ffcd5135849\"><a href=\"https:\/\/eeas.europa.eu\/delegations\/morocco\/58719\/jumelage-maroc-union-europ%C3%A9enne-cl%C3%B4ture-du-projet-am%C3%A9lioration-de-la-performance-de-la_fr\">Communiqu\u00e9 de presse<\/a><\/b><\/p>\n<p dir=\"ltr\">\u00a0<\/p>\n","protected":false},"featured_media":0,"parent":0,"template":"","news_category":[],"country":[1953],"special_action":[],"custom_tag":[2312,2313,2821],"class_list":["post-161457","news","type-news","status-publish","hentry","country-maroc","custom_tag-developpement-durable","custom_tag-droit-de-lhomme","custom_tag-migration-fr"],"acf":[],"yoast_head":"<!-- This site is optimized with the Yoast SEO plugin v26.5 - https:\/\/yoast.com\/wordpress\/plugins\/seo\/ -->\n<title>Jumelage Maroc Union europ\u00e9enne: Cl\u00f4ture d&#039;un projet sur l&#039;am\u00e9lioration de la performance de la Direction G\u00e9n\u00e9rale des Imp\u00f4ts - Voisins de l&#039;UE<\/title>\n<meta name=\"robots\" content=\"index, follow, max-snippet:-1, max-image-preview:large, max-video-preview:-1\" \/>\n<link rel=\"canonical\" href=\"https:\/\/www.eumedbridge.eu\/fr\/news\/jumelage-maroc-union-europeenne-cloture-dun-projet-sur-lamelioration-de-la\/\" \/>\n<meta property=\"og:locale\" content=\"fr_FR\" \/>\n<meta property=\"og:type\" content=\"article\" \/>\n<meta property=\"og:title\" content=\"Jumelage Maroc Union europ\u00e9enne: Cl\u00f4ture d&#039;un projet sur l&#039;am\u00e9lioration de la performance de la Direction G\u00e9n\u00e9rale des Imp\u00f4ts - Voisins de l&#039;UE\" \/>\n<meta property=\"og:description\" content=\"Dans le cadre du partenariat entre le Royaume du Maroc et l\u2019Union europ\u00e9enne, Monsieur Mohamed BENCHAABOUN, Ministre de l\u2019Economie et des Finances a pr\u00e9sid\u00e9 le s\u00e9minaire de cl\u00f4ture du jumelage d\u2019appui \u00e0 la Direction g\u00e9n\u00e9rale des imp\u00f4ts (DGI),\u00a0en pr\u00e9sence de Madame Claudia WIEDEY, Ambassadeur de l&rsquo;Union europ\u00e9enne au Maroc.\u00a0 Ce jumelage institutionnel, d&rsquo;une dur\u00e9e de [&hellip;]\" \/>\n<meta property=\"og:url\" content=\"https:\/\/www.eumedbridge.eu\/fr\/news\/jumelage-maroc-union-europeenne-cloture-dun-projet-sur-lamelioration-de-la\/\" \/>\n<meta property=\"og:site_name\" content=\"Voisins de l&#039;UE\" \/>\n<meta property=\"article:publisher\" content=\"https:\/\/www.facebook.com\/eumedbridge\/\" \/>\n<meta property=\"article:modified_time\" content=\"2022-07-11T14:31:34+00:00\" \/>\n<meta property=\"og:image\" content=\"https:\/\/www.eumedbridge.eu\/wp-content\/uploads\/2022\/03\/EU-Morocco-8.jpg\" \/>\n\t<meta property=\"og:image:width\" content=\"1600\" \/>\n\t<meta property=\"og:image:height\" content=\"900\" \/>\n\t<meta property=\"og:image:type\" content=\"image\/jpeg\" \/>\n<meta name=\"twitter:card\" content=\"summary_large_image\" \/>\n<meta name=\"twitter:site\" content=\"@eumedbridge\" \/>\n<meta name=\"twitter:label1\" content=\"Dur\u00e9e de lecture estim\u00e9e\" \/>\n\t<meta name=\"twitter:data1\" content=\"1 minute\" \/>\n<script type=\"application\/ld+json\" class=\"yoast-schema-graph\">{\"@context\":\"https:\/\/schema.org\",\"@graph\":[{\"@type\":\"WebPage\",\"@id\":\"https:\/\/www.eumedbridge.eu\/fr\/news\/jumelage-maroc-union-europeenne-cloture-dun-projet-sur-lamelioration-de-la\/\",\"url\":\"https:\/\/www.eumedbridge.eu\/fr\/news\/jumelage-maroc-union-europeenne-cloture-dun-projet-sur-lamelioration-de-la\/\",\"name\":\"Jumelage Maroc Union europ\u00e9enne: Cl\u00f4ture d'un projet sur l'am\u00e9lioration de la performance de la Direction G\u00e9n\u00e9rale des Imp\u00f4ts - Voisins de l'UE\",\"isPartOf\":{\"@id\":\"https:\/\/www.eumedbridge.eu\/#website\"},\"datePublished\":\"2019-02-28T22:00:00+00:00\",\"dateModified\":\"2022-07-11T14:31:34+00:00\",\"breadcrumb\":{\"@id\":\"https:\/\/www.eumedbridge.eu\/fr\/news\/jumelage-maroc-union-europeenne-cloture-dun-projet-sur-lamelioration-de-la\/#breadcrumb\"},\"inLanguage\":\"fr-FR\",\"potentialAction\":[{\"@type\":\"ReadAction\",\"target\":[\"https:\/\/www.eumedbridge.eu\/fr\/news\/jumelage-maroc-union-europeenne-cloture-dun-projet-sur-lamelioration-de-la\/\"]}]},{\"@type\":\"BreadcrumbList\",\"@id\":\"https:\/\/www.eumedbridge.eu\/fr\/news\/jumelage-maroc-union-europeenne-cloture-dun-projet-sur-lamelioration-de-la\/#breadcrumb\",\"itemListElement\":[{\"@type\":\"ListItem\",\"position\":1,\"name\":\"Home\",\"item\":\"https:\/\/www.eumedbridge.eu\/fr\/home-page\/\"},{\"@type\":\"ListItem\",\"position\":2,\"name\":\"Actualit\u00e9s\",\"item\":\"https:\/\/www.eumedbridge.eu\/fr\/news\/\"},{\"@type\":\"ListItem\",\"position\":3,\"name\":\"Jumelage Maroc Union europ\u00e9enne: Cl\u00f4ture d&rsquo;un projet sur l&rsquo;am\u00e9lioration de la performance de la Direction G\u00e9n\u00e9rale des Imp\u00f4ts\"}]},{\"@type\":\"WebSite\",\"@id\":\"https:\/\/www.eumedbridge.eu\/#website\",\"url\":\"https:\/\/www.eumedbridge.eu\/\",\"name\":\"EU Medbridge\",\"description\":\"\",\"publisher\":{\"@id\":\"https:\/\/www.eumedbridge.eu\/#organization\"},\"potentialAction\":[{\"@type\":\"SearchAction\",\"target\":{\"@type\":\"EntryPoint\",\"urlTemplate\":\"https:\/\/www.eumedbridge.eu\/?s={search_term_string}\"},\"query-input\":{\"@type\":\"PropertyValueSpecification\",\"valueRequired\":true,\"valueName\":\"search_term_string\"}}],\"inLanguage\":\"fr-FR\"},{\"@type\":\"Organization\",\"@id\":\"https:\/\/www.eumedbridge.eu\/#organization\",\"name\":\"EU Medbridge\",\"url\":\"https:\/\/www.eumedbridge.eu\/\",\"logo\":{\"@type\":\"ImageObject\",\"inLanguage\":\"fr-FR\",\"@id\":\"https:\/\/www.eumedbridge.eu\/#\/schema\/logo\/image\/\",\"url\":\"https:\/\/www.eumedbridge.eu\/wp-content\/uploads\/2021\/12\/Logo.png\",\"contentUrl\":\"https:\/\/www.eumedbridge.eu\/wp-content\/uploads\/2021\/12\/Logo.png\",\"width\":325,\"height\":114,\"caption\":\"EU Medbridge\"},\"image\":{\"@id\":\"https:\/\/www.eumedbridge.eu\/#\/schema\/logo\/image\/\"},\"sameAs\":[\"https:\/\/www.facebook.com\/eumedbridge\/\",\"https:\/\/x.com\/eumedbridge\",\"https:\/\/www.linkedin.com\/company\/eumedbridge\",\"https:\/\/www.youtube.com\/@eumedbridge\",\"https:\/\/www.instagram.com\/eumedbridge\",\"https:\/\/www.flickr.com\/photos\/euneighbours-south\/\"]}]}<\/script>\n<!-- \/ Yoast SEO plugin. -->","yoast_head_json":{"title":"Jumelage Maroc Union europ\u00e9enne: Cl\u00f4ture d'un projet sur l'am\u00e9lioration de la performance de la Direction G\u00e9n\u00e9rale des Imp\u00f4ts - Voisins de l'UE","robots":{"index":"index","follow":"follow","max-snippet":"max-snippet:-1","max-image-preview":"max-image-preview:large","max-video-preview":"max-video-preview:-1"},"canonical":"https:\/\/www.eumedbridge.eu\/fr\/news\/jumelage-maroc-union-europeenne-cloture-dun-projet-sur-lamelioration-de-la\/","og_locale":"fr_FR","og_type":"article","og_title":"Jumelage Maroc Union europ\u00e9enne: Cl\u00f4ture d'un projet sur l'am\u00e9lioration de la performance de la Direction G\u00e9n\u00e9rale des Imp\u00f4ts - Voisins de l'UE","og_description":"Dans le cadre du partenariat entre le Royaume du Maroc et l\u2019Union europ\u00e9enne, Monsieur Mohamed BENCHAABOUN, Ministre de l\u2019Economie et des Finances a pr\u00e9sid\u00e9 le s\u00e9minaire de cl\u00f4ture du jumelage d\u2019appui \u00e0 la Direction g\u00e9n\u00e9rale des imp\u00f4ts (DGI),\u00a0en pr\u00e9sence de Madame Claudia WIEDEY, Ambassadeur de l&rsquo;Union europ\u00e9enne au Maroc.\u00a0 Ce jumelage institutionnel, d&rsquo;une dur\u00e9e de [&hellip;]","og_url":"https:\/\/www.eumedbridge.eu\/fr\/news\/jumelage-maroc-union-europeenne-cloture-dun-projet-sur-lamelioration-de-la\/","og_site_name":"Voisins de l'UE","article_publisher":"https:\/\/www.facebook.com\/eumedbridge\/","article_modified_time":"2022-07-11T14:31:34+00:00","og_image":[{"width":1600,"height":900,"url":"https:\/\/www.eumedbridge.eu\/wp-content\/uploads\/2022\/03\/EU-Morocco-8.jpg","type":"image\/jpeg"}],"twitter_card":"summary_large_image","twitter_site":"@eumedbridge","twitter_misc":{"Dur\u00e9e de lecture estim\u00e9e":"1 minute"},"schema":{"@context":"https:\/\/schema.org","@graph":[{"@type":"WebPage","@id":"https:\/\/www.eumedbridge.eu\/fr\/news\/jumelage-maroc-union-europeenne-cloture-dun-projet-sur-lamelioration-de-la\/","url":"https:\/\/www.eumedbridge.eu\/fr\/news\/jumelage-maroc-union-europeenne-cloture-dun-projet-sur-lamelioration-de-la\/","name":"Jumelage Maroc Union europ\u00e9enne: Cl\u00f4ture d'un projet sur l'am\u00e9lioration de la performance de la Direction G\u00e9n\u00e9rale des Imp\u00f4ts - Voisins de l'UE","isPartOf":{"@id":"https:\/\/www.eumedbridge.eu\/#website"},"datePublished":"2019-02-28T22:00:00+00:00","dateModified":"2022-07-11T14:31:34+00:00","breadcrumb":{"@id":"https:\/\/www.eumedbridge.eu\/fr\/news\/jumelage-maroc-union-europeenne-cloture-dun-projet-sur-lamelioration-de-la\/#breadcrumb"},"inLanguage":"fr-FR","potentialAction":[{"@type":"ReadAction","target":["https:\/\/www.eumedbridge.eu\/fr\/news\/jumelage-maroc-union-europeenne-cloture-dun-projet-sur-lamelioration-de-la\/"]}]},{"@type":"BreadcrumbList","@id":"https:\/\/www.eumedbridge.eu\/fr\/news\/jumelage-maroc-union-europeenne-cloture-dun-projet-sur-lamelioration-de-la\/#breadcrumb","itemListElement":[{"@type":"ListItem","position":1,"name":"Home","item":"https:\/\/www.eumedbridge.eu\/fr\/home-page\/"},{"@type":"ListItem","position":2,"name":"Actualit\u00e9s","item":"https:\/\/www.eumedbridge.eu\/fr\/news\/"},{"@type":"ListItem","position":3,"name":"Jumelage Maroc Union europ\u00e9enne: Cl\u00f4ture d&rsquo;un projet sur l&rsquo;am\u00e9lioration de la performance de la Direction G\u00e9n\u00e9rale des Imp\u00f4ts"}]},{"@type":"WebSite","@id":"https:\/\/www.eumedbridge.eu\/#website","url":"https:\/\/www.eumedbridge.eu\/","name":"EU Medbridge","description":"","publisher":{"@id":"https:\/\/www.eumedbridge.eu\/#organization"},"potentialAction":[{"@type":"SearchAction","target":{"@type":"EntryPoint","urlTemplate":"https:\/\/www.eumedbridge.eu\/?s={search_term_string}"},"query-input":{"@type":"PropertyValueSpecification","valueRequired":true,"valueName":"search_term_string"}}],"inLanguage":"fr-FR"},{"@type":"Organization","@id":"https:\/\/www.eumedbridge.eu\/#organization","name":"EU Medbridge","url":"https:\/\/www.eumedbridge.eu\/","logo":{"@type":"ImageObject","inLanguage":"fr-FR","@id":"https:\/\/www.eumedbridge.eu\/#\/schema\/logo\/image\/","url":"https:\/\/www.eumedbridge.eu\/wp-content\/uploads\/2021\/12\/Logo.png","contentUrl":"https:\/\/www.eumedbridge.eu\/wp-content\/uploads\/2021\/12\/Logo.png","width":325,"height":114,"caption":"EU Medbridge"},"image":{"@id":"https:\/\/www.eumedbridge.eu\/#\/schema\/logo\/image\/"},"sameAs":["https:\/\/www.facebook.com\/eumedbridge\/","https:\/\/x.com\/eumedbridge","https:\/\/www.linkedin.com\/company\/eumedbridge","https:\/\/www.youtube.com\/@eumedbridge","https:\/\/www.instagram.com\/eumedbridge","https:\/\/www.flickr.com\/photos\/euneighbours-south\/"]}]}},"_links":{"self":[{"href":"https:\/\/www.eumedbridge.eu\/fr\/wp-json\/wp\/v2\/news\/161457","targetHints":{"allow":["GET"]}}],"collection":[{"href":"https:\/\/www.eumedbridge.eu\/fr\/wp-json\/wp\/v2\/news"}],"about":[{"href":"https:\/\/www.eumedbridge.eu\/fr\/wp-json\/wp\/v2\/types\/news"}],"wp:attachment":[{"href":"https:\/\/www.eumedbridge.eu\/fr\/wp-json\/wp\/v2\/media?parent=161457"}],"wp:term":[{"taxonomy":"news_category","embeddable":true,"href":"https:\/\/www.eumedbridge.eu\/fr\/wp-json\/wp\/v2\/news_category?post=161457"},{"taxonomy":"country","embeddable":true,"href":"https:\/\/www.eumedbridge.eu\/fr\/wp-json\/wp\/v2\/country?post=161457"},{"taxonomy":"special_action","embeddable":true,"href":"https:\/\/www.eumedbridge.eu\/fr\/wp-json\/wp\/v2\/special_action?post=161457"},{"taxonomy":"custom_tag","embeddable":true,"href":"https:\/\/www.eumedbridge.eu\/fr\/wp-json\/wp\/v2\/custom_tag?post=161457"}],"curies":[{"name":"wp","href":"https:\/\/api.w.org\/{rel}","templated":true}]}}