{"id":161615,"date":"2019-01-15T00:00:00","date_gmt":"2019-01-14T22:00:00","guid":{"rendered":"http:\/\/south.euneighbours.eu\/news\/deux-missions-de-lue-dans-les-territoires-palestiniens-occupes-sunissent-pour-renforcer-la-lutte-contre-la-criminalite-frontaliere\/"},"modified":"2022-07-08T17:04:59","modified_gmt":"2022-07-08T14:04:59","slug":"deux-missions-de-lue-dans-les-territoires-palestiniens-occupes-sunissent","status":"publish","type":"news","link":"https:\/\/www.eumedbridge.eu\/fr\/news\/deux-missions-de-lue-dans-les-territoires-palestiniens-occupes-sunissent\/","title":{"rendered":"Deux missions de l\u2019UE dans les territoires palestiniens occup\u00e9s s\u2019unissent pour renforcer la lutte contre la criminalit\u00e9 frontali\u00e8re"},"content":{"rendered":"<p>La semaine derni\u00e8re, les deux missions de l\u2019UE dans les territoires palestiniens occup\u00e9s ont organis\u00e9 une formation sur l\u2019efficacit\u00e9 des enqu\u00eates et des poursuites concernant la criminalit\u00e9 aux fronti\u00e8res. La session de formation de deux jours a \u00e9t\u00e9 organis\u00e9e conjointement par EUPOL\u00a0COPPS (la mission de police de l\u2019UE pour les territoires palestiniens) et EUBAM\u00a0Rafah (la mission de l\u2019Union europ\u00e9enne d\u2019assistance \u00e0 la fronti\u00e8re pour le point de passage de Rafah).<\/p>\n<p>Cette formation fait suite \u00e0 la demande croissante de renforcement, d\u2019\u00e9largissement et de maintien d\u2019une coop\u00e9ration solide entre les diff\u00e9rentes autorit\u00e9s frontali\u00e8res palestiniennes et les services du minist\u00e8re public dans la lutte contre la criminalit\u00e9 frontali\u00e8re.<\/p>\n<p>\u00a0<\/p>\n<p><strong>Pour en savoir plus<\/strong><\/p>\n<p><a href=\"https:\/\/www.facebook.com\/EUPOLCOPPS\/photos\/a.313521155417461\/1551515544951343\/?type=3&#038;theater\">Lien Facebook<\/a><\/p>\n","protected":false},"featured_media":0,"parent":0,"template":"","news_category":[],"country":[1952],"special_action":[],"custom_tag":[2312,2313,2817,2821],"class_list":["post-161615","news","type-news","status-publish","hentry","country-palestine-fr","custom_tag-developpement-durable","custom_tag-droit-de-lhomme","custom_tag-education-fr","custom_tag-migration-fr"],"acf":[],"yoast_head":"<!-- This site is optimized with the Yoast SEO plugin v26.5 - https:\/\/yoast.com\/wordpress\/plugins\/seo\/ -->\n<title>Deux missions de l\u2019UE dans les territoires palestiniens occup\u00e9s s\u2019unissent pour renforcer la lutte contre la criminalit\u00e9 frontali\u00e8re - Voisins de l&#039;UE<\/title>\n<meta name=\"robots\" content=\"index, follow, max-snippet:-1, max-image-preview:large, max-video-preview:-1\" \/>\n<link rel=\"canonical\" href=\"https:\/\/www.eumedbridge.eu\/fr\/news\/deux-missions-de-lue-dans-les-territoires-palestiniens-occupes-sunissent\/\" \/>\n<meta property=\"og:locale\" content=\"fr_FR\" \/>\n<meta property=\"og:type\" content=\"article\" \/>\n<meta property=\"og:title\" content=\"Deux missions de l\u2019UE dans les territoires palestiniens occup\u00e9s s\u2019unissent pour renforcer la lutte contre la criminalit\u00e9 frontali\u00e8re - Voisins de l&#039;UE\" \/>\n<meta property=\"og:description\" content=\"La semaine derni\u00e8re, les deux missions de l\u2019UE dans les territoires palestiniens occup\u00e9s ont organis\u00e9 une formation sur l\u2019efficacit\u00e9 des enqu\u00eates et des poursuites concernant la criminalit\u00e9 aux fronti\u00e8res. La session de formation de deux jours a \u00e9t\u00e9 organis\u00e9e conjointement par EUPOL\u00a0COPPS (la mission de police de l\u2019UE pour les territoires palestiniens) et EUBAM\u00a0Rafah (la [&hellip;]\" \/>\n<meta property=\"og:url\" content=\"https:\/\/www.eumedbridge.eu\/fr\/news\/deux-missions-de-lue-dans-les-territoires-palestiniens-occupes-sunissent\/\" \/>\n<meta property=\"og:site_name\" content=\"Voisins de l&#039;UE\" \/>\n<meta property=\"article:publisher\" content=\"https:\/\/www.facebook.com\/eumedbridge\/\" \/>\n<meta property=\"article:modified_time\" content=\"2022-07-08T14:04:59+00:00\" \/>\n<meta property=\"og:image\" content=\"https:\/\/www.eumedbridge.eu\/wp-content\/uploads\/2022\/03\/eupol-missions.jpg\" \/>\n\t<meta property=\"og:image:width\" content=\"1939\" \/>\n\t<meta property=\"og:image:height\" content=\"1104\" \/>\n\t<meta property=\"og:image:type\" content=\"image\/jpeg\" \/>\n<meta name=\"twitter:card\" content=\"summary_large_image\" \/>\n<meta name=\"twitter:site\" content=\"@eumedbridge\" \/>\n<meta name=\"twitter:label1\" content=\"Dur\u00e9e de lecture estim\u00e9e\" \/>\n\t<meta name=\"twitter:data1\" content=\"1 minute\" \/>\n<script type=\"application\/ld+json\" class=\"yoast-schema-graph\">{\"@context\":\"https:\/\/schema.org\",\"@graph\":[{\"@type\":\"WebPage\",\"@id\":\"https:\/\/www.eumedbridge.eu\/fr\/news\/deux-missions-de-lue-dans-les-territoires-palestiniens-occupes-sunissent\/\",\"url\":\"https:\/\/www.eumedbridge.eu\/fr\/news\/deux-missions-de-lue-dans-les-territoires-palestiniens-occupes-sunissent\/\",\"name\":\"Deux missions de l\u2019UE dans les territoires palestiniens occup\u00e9s s\u2019unissent pour renforcer la lutte contre la criminalit\u00e9 frontali\u00e8re - Voisins de l'UE\",\"isPartOf\":{\"@id\":\"https:\/\/www.eumedbridge.eu\/#website\"},\"datePublished\":\"2019-01-14T22:00:00+00:00\",\"dateModified\":\"2022-07-08T14:04:59+00:00\",\"breadcrumb\":{\"@id\":\"https:\/\/www.eumedbridge.eu\/fr\/news\/deux-missions-de-lue-dans-les-territoires-palestiniens-occupes-sunissent\/#breadcrumb\"},\"inLanguage\":\"fr-FR\",\"potentialAction\":[{\"@type\":\"ReadAction\",\"target\":[\"https:\/\/www.eumedbridge.eu\/fr\/news\/deux-missions-de-lue-dans-les-territoires-palestiniens-occupes-sunissent\/\"]}]},{\"@type\":\"BreadcrumbList\",\"@id\":\"https:\/\/www.eumedbridge.eu\/fr\/news\/deux-missions-de-lue-dans-les-territoires-palestiniens-occupes-sunissent\/#breadcrumb\",\"itemListElement\":[{\"@type\":\"ListItem\",\"position\":1,\"name\":\"Home\",\"item\":\"https:\/\/www.eumedbridge.eu\/fr\/home-page\/\"},{\"@type\":\"ListItem\",\"position\":2,\"name\":\"Actualit\u00e9s\",\"item\":\"https:\/\/www.eumedbridge.eu\/fr\/news\/\"},{\"@type\":\"ListItem\",\"position\":3,\"name\":\"Deux missions de l\u2019UE dans les territoires palestiniens occup\u00e9s s\u2019unissent pour renforcer la lutte contre la criminalit\u00e9 frontali\u00e8re\"}]},{\"@type\":\"WebSite\",\"@id\":\"https:\/\/www.eumedbridge.eu\/#website\",\"url\":\"https:\/\/www.eumedbridge.eu\/\",\"name\":\"EU Medbridge\",\"description\":\"\",\"publisher\":{\"@id\":\"https:\/\/www.eumedbridge.eu\/#organization\"},\"potentialAction\":[{\"@type\":\"SearchAction\",\"target\":{\"@type\":\"EntryPoint\",\"urlTemplate\":\"https:\/\/www.eumedbridge.eu\/?s={search_term_string}\"},\"query-input\":{\"@type\":\"PropertyValueSpecification\",\"valueRequired\":true,\"valueName\":\"search_term_string\"}}],\"inLanguage\":\"fr-FR\"},{\"@type\":\"Organization\",\"@id\":\"https:\/\/www.eumedbridge.eu\/#organization\",\"name\":\"EU Medbridge\",\"url\":\"https:\/\/www.eumedbridge.eu\/\",\"logo\":{\"@type\":\"ImageObject\",\"inLanguage\":\"fr-FR\",\"@id\":\"https:\/\/www.eumedbridge.eu\/#\/schema\/logo\/image\/\",\"url\":\"https:\/\/www.eumedbridge.eu\/wp-content\/uploads\/2021\/12\/Logo.png\",\"contentUrl\":\"https:\/\/www.eumedbridge.eu\/wp-content\/uploads\/2021\/12\/Logo.png\",\"width\":325,\"height\":114,\"caption\":\"EU Medbridge\"},\"image\":{\"@id\":\"https:\/\/www.eumedbridge.eu\/#\/schema\/logo\/image\/\"},\"sameAs\":[\"https:\/\/www.facebook.com\/eumedbridge\/\",\"https:\/\/x.com\/eumedbridge\",\"https:\/\/www.linkedin.com\/company\/eumedbridge\",\"https:\/\/www.youtube.com\/@eumedbridge\",\"https:\/\/www.instagram.com\/eumedbridge\",\"https:\/\/www.flickr.com\/photos\/euneighbours-south\/\"]}]}<\/script>\n<!-- \/ Yoast SEO plugin. -->","yoast_head_json":{"title":"Deux missions de l\u2019UE dans les territoires palestiniens occup\u00e9s s\u2019unissent pour renforcer la lutte contre la criminalit\u00e9 frontali\u00e8re - Voisins de l'UE","robots":{"index":"index","follow":"follow","max-snippet":"max-snippet:-1","max-image-preview":"max-image-preview:large","max-video-preview":"max-video-preview:-1"},"canonical":"https:\/\/www.eumedbridge.eu\/fr\/news\/deux-missions-de-lue-dans-les-territoires-palestiniens-occupes-sunissent\/","og_locale":"fr_FR","og_type":"article","og_title":"Deux missions de l\u2019UE dans les territoires palestiniens occup\u00e9s s\u2019unissent pour renforcer la lutte contre la criminalit\u00e9 frontali\u00e8re - Voisins de l'UE","og_description":"La semaine derni\u00e8re, les deux missions de l\u2019UE dans les territoires palestiniens occup\u00e9s ont organis\u00e9 une formation sur l\u2019efficacit\u00e9 des enqu\u00eates et des poursuites concernant la criminalit\u00e9 aux fronti\u00e8res. La session de formation de deux jours a \u00e9t\u00e9 organis\u00e9e conjointement par EUPOL\u00a0COPPS (la mission de police de l\u2019UE pour les territoires palestiniens) et EUBAM\u00a0Rafah (la [&hellip;]","og_url":"https:\/\/www.eumedbridge.eu\/fr\/news\/deux-missions-de-lue-dans-les-territoires-palestiniens-occupes-sunissent\/","og_site_name":"Voisins de l'UE","article_publisher":"https:\/\/www.facebook.com\/eumedbridge\/","article_modified_time":"2022-07-08T14:04:59+00:00","og_image":[{"width":1939,"height":1104,"url":"https:\/\/www.eumedbridge.eu\/wp-content\/uploads\/2022\/03\/eupol-missions.jpg","type":"image\/jpeg"}],"twitter_card":"summary_large_image","twitter_site":"@eumedbridge","twitter_misc":{"Dur\u00e9e de lecture estim\u00e9e":"1 minute"},"schema":{"@context":"https:\/\/schema.org","@graph":[{"@type":"WebPage","@id":"https:\/\/www.eumedbridge.eu\/fr\/news\/deux-missions-de-lue-dans-les-territoires-palestiniens-occupes-sunissent\/","url":"https:\/\/www.eumedbridge.eu\/fr\/news\/deux-missions-de-lue-dans-les-territoires-palestiniens-occupes-sunissent\/","name":"Deux missions de l\u2019UE dans les territoires palestiniens occup\u00e9s s\u2019unissent pour renforcer la lutte contre la criminalit\u00e9 frontali\u00e8re - Voisins de l'UE","isPartOf":{"@id":"https:\/\/www.eumedbridge.eu\/#website"},"datePublished":"2019-01-14T22:00:00+00:00","dateModified":"2022-07-08T14:04:59+00:00","breadcrumb":{"@id":"https:\/\/www.eumedbridge.eu\/fr\/news\/deux-missions-de-lue-dans-les-territoires-palestiniens-occupes-sunissent\/#breadcrumb"},"inLanguage":"fr-FR","potentialAction":[{"@type":"ReadAction","target":["https:\/\/www.eumedbridge.eu\/fr\/news\/deux-missions-de-lue-dans-les-territoires-palestiniens-occupes-sunissent\/"]}]},{"@type":"BreadcrumbList","@id":"https:\/\/www.eumedbridge.eu\/fr\/news\/deux-missions-de-lue-dans-les-territoires-palestiniens-occupes-sunissent\/#breadcrumb","itemListElement":[{"@type":"ListItem","position":1,"name":"Home","item":"https:\/\/www.eumedbridge.eu\/fr\/home-page\/"},{"@type":"ListItem","position":2,"name":"Actualit\u00e9s","item":"https:\/\/www.eumedbridge.eu\/fr\/news\/"},{"@type":"ListItem","position":3,"name":"Deux missions de l\u2019UE dans les territoires palestiniens occup\u00e9s s\u2019unissent pour renforcer la lutte contre la criminalit\u00e9 frontali\u00e8re"}]},{"@type":"WebSite","@id":"https:\/\/www.eumedbridge.eu\/#website","url":"https:\/\/www.eumedbridge.eu\/","name":"EU Medbridge","description":"","publisher":{"@id":"https:\/\/www.eumedbridge.eu\/#organization"},"potentialAction":[{"@type":"SearchAction","target":{"@type":"EntryPoint","urlTemplate":"https:\/\/www.eumedbridge.eu\/?s={search_term_string}"},"query-input":{"@type":"PropertyValueSpecification","valueRequired":true,"valueName":"search_term_string"}}],"inLanguage":"fr-FR"},{"@type":"Organization","@id":"https:\/\/www.eumedbridge.eu\/#organization","name":"EU Medbridge","url":"https:\/\/www.eumedbridge.eu\/","logo":{"@type":"ImageObject","inLanguage":"fr-FR","@id":"https:\/\/www.eumedbridge.eu\/#\/schema\/logo\/image\/","url":"https:\/\/www.eumedbridge.eu\/wp-content\/uploads\/2021\/12\/Logo.png","contentUrl":"https:\/\/www.eumedbridge.eu\/wp-content\/uploads\/2021\/12\/Logo.png","width":325,"height":114,"caption":"EU Medbridge"},"image":{"@id":"https:\/\/www.eumedbridge.eu\/#\/schema\/logo\/image\/"},"sameAs":["https:\/\/www.facebook.com\/eumedbridge\/","https:\/\/x.com\/eumedbridge","https:\/\/www.linkedin.com\/company\/eumedbridge","https:\/\/www.youtube.com\/@eumedbridge","https:\/\/www.instagram.com\/eumedbridge","https:\/\/www.flickr.com\/photos\/euneighbours-south\/"]}]}},"_links":{"self":[{"href":"https:\/\/www.eumedbridge.eu\/fr\/wp-json\/wp\/v2\/news\/161615","targetHints":{"allow":["GET"]}}],"collection":[{"href":"https:\/\/www.eumedbridge.eu\/fr\/wp-json\/wp\/v2\/news"}],"about":[{"href":"https:\/\/www.eumedbridge.eu\/fr\/wp-json\/wp\/v2\/types\/news"}],"wp:attachment":[{"href":"https:\/\/www.eumedbridge.eu\/fr\/wp-json\/wp\/v2\/media?parent=161615"}],"wp:term":[{"taxonomy":"news_category","embeddable":true,"href":"https:\/\/www.eumedbridge.eu\/fr\/wp-json\/wp\/v2\/news_category?post=161615"},{"taxonomy":"country","embeddable":true,"href":"https:\/\/www.eumedbridge.eu\/fr\/wp-json\/wp\/v2\/country?post=161615"},{"taxonomy":"special_action","embeddable":true,"href":"https:\/\/www.eumedbridge.eu\/fr\/wp-json\/wp\/v2\/special_action?post=161615"},{"taxonomy":"custom_tag","embeddable":true,"href":"https:\/\/www.eumedbridge.eu\/fr\/wp-json\/wp\/v2\/custom_tag?post=161615"}],"curies":[{"name":"wp","href":"https:\/\/api.w.org\/{rel}","templated":true}]}}