{"id":161663,"date":"2018-12-20T00:00:00","date_gmt":"2018-12-19T22:00:00","guid":{"rendered":"http:\/\/south.euneighbours.eu\/news\/egypte-lue-et-lorganisation-internationale-pour-les-migrations-celebrent-la-journee-internationale-des-migrants\/"},"modified":"2022-07-08T17:06:59","modified_gmt":"2022-07-08T14:06:59","slug":"egypte-lue-et-lorganisation-internationale-pour-les-migrations-celebrent","status":"publish","type":"news","link":"https:\/\/www.eumedbridge.eu\/fr\/news\/egypte-lue-et-lorganisation-internationale-pour-les-migrations-celebrent\/","title":{"rendered":"\u00c9gypte : l\u2019UE et l\u2019Organisation internationale pour les migrations c\u00e9l\u00e8brent la Journ\u00e9e internationale des migrants"},"content":{"rendered":"<p>L\u2019Union europ\u00e9enne s\u2019est associ\u00e9e \u00e0 l\u2019Organisation internationale pour les migrations (OIM) afin de c\u00e9l\u00e9brer la Journ\u00e9e internationale des migrants. Les activit\u00e9s comprenaient des jeux pour enfants, une projection de films, des spectacles musicaux, des s\u00e9ances de sensibilisation \u00e0 la sant\u00e9 et des examens m\u00e9dicaux. Plus de 2\u00a0000\u00a0participants ont pu s\u2019informer sur les projets de l\u2019UE visant \u00e0 soutenir les migrants en \u00c9gypte par l\u2019interm\u00e9diaire de l\u2019espace d\u00e9di\u00e9.<\/p>\n<p>Regardez la vid\u00e9o\u00a0!<\/p>\n<p>\u00a0<\/p>\n<p><strong>Pour en savoir plus<\/strong><\/p>\n<p><a href=\"https:\/\/www.facebook.com\/EUinEgypt\/videos\/291099734874614\/?__xts__%5b0%5d=68.ARAxFpUhU1-wOxUBkwrwzG6rE2vcIwW5M0qv47ny9BBpaucrvB4IB2r2Z7-v-b2amX5Fy9HRmjGWyM5UNUEjzPp8l12Z4oiErFZ_M_19q0adZ_hiHl-tz_LrP2KZjTACsT1zj1znNB4RwlgGPGtCPM1r0hH1At4c1NefmmkKPQf3aYAfJp_YlJYVchrYFx48wxqcu6xS7b6TAqFu5sm0bfLQ635jSnoAWTJrdHtm-b63fqdqcj4AARKMIpubCkuaIcda4MUePZsMNQQYJTSpt5SPNzPOXDOCSz-8IhfHYktc7yNxkWoNb_JJmrHzZtkA-xnwGOXtSyIIgVZp-1PbiOVUhflZTbTbLT0j&#038;__tn__=-R\">Lien Facebook<\/a><\/p>\n","protected":false},"featured_media":0,"parent":0,"template":"","news_category":[],"country":[1947],"special_action":[],"custom_tag":[2313,1897,2821,1870],"class_list":["post-161663","news","type-news","status-publish","hentry","country-egypte","custom_tag-droit-de-lhomme","custom_tag-medias","custom_tag-migration-fr","custom_tag-societe-civile"],"acf":[],"yoast_head":"<!-- This site is optimized with the Yoast SEO plugin v26.5 - https:\/\/yoast.com\/wordpress\/plugins\/seo\/ -->\n<title>\u00c9gypte : l\u2019UE et l\u2019Organisation internationale pour les migrations c\u00e9l\u00e8brent la Journ\u00e9e internationale des migrants - Voisins de l&#039;UE<\/title>\n<meta name=\"robots\" content=\"index, follow, max-snippet:-1, max-image-preview:large, max-video-preview:-1\" \/>\n<link rel=\"canonical\" href=\"https:\/\/www.eumedbridge.eu\/fr\/news\/egypte-lue-et-lorganisation-internationale-pour-les-migrations-celebrent\/\" \/>\n<meta property=\"og:locale\" content=\"fr_FR\" \/>\n<meta property=\"og:type\" content=\"article\" \/>\n<meta property=\"og:title\" content=\"\u00c9gypte : l\u2019UE et l\u2019Organisation internationale pour les migrations c\u00e9l\u00e8brent la Journ\u00e9e internationale des migrants - Voisins de l&#039;UE\" \/>\n<meta property=\"og:description\" content=\"L\u2019Union europ\u00e9enne s\u2019est associ\u00e9e \u00e0 l\u2019Organisation internationale pour les migrations (OIM) afin de c\u00e9l\u00e9brer la Journ\u00e9e internationale des migrants. Les activit\u00e9s comprenaient des jeux pour enfants, une projection de films, des spectacles musicaux, des s\u00e9ances de sensibilisation \u00e0 la sant\u00e9 et des examens m\u00e9dicaux. Plus de 2\u00a0000\u00a0participants ont pu s\u2019informer sur les projets de l\u2019UE [&hellip;]\" \/>\n<meta property=\"og:url\" content=\"https:\/\/www.eumedbridge.eu\/fr\/news\/egypte-lue-et-lorganisation-internationale-pour-les-migrations-celebrent\/\" \/>\n<meta property=\"og:site_name\" content=\"Voisins de l&#039;UE\" \/>\n<meta property=\"article:publisher\" content=\"https:\/\/www.facebook.com\/eumedbridge\/\" \/>\n<meta property=\"article:modified_time\" content=\"2022-07-08T14:06:59+00:00\" \/>\n<meta property=\"og:image\" content=\"https:\/\/www.eumedbridge.eu\/wp-content\/uploads\/2022\/03\/egypt-1.jpg\" \/>\n\t<meta property=\"og:image:width\" content=\"1165\" \/>\n\t<meta property=\"og:image:height\" content=\"638\" \/>\n\t<meta property=\"og:image:type\" content=\"image\/jpeg\" \/>\n<meta name=\"twitter:card\" content=\"summary_large_image\" \/>\n<meta name=\"twitter:site\" content=\"@eumedbridge\" \/>\n<script type=\"application\/ld+json\" class=\"yoast-schema-graph\">{\"@context\":\"https:\/\/schema.org\",\"@graph\":[{\"@type\":\"WebPage\",\"@id\":\"https:\/\/www.eumedbridge.eu\/fr\/news\/egypte-lue-et-lorganisation-internationale-pour-les-migrations-celebrent\/\",\"url\":\"https:\/\/www.eumedbridge.eu\/fr\/news\/egypte-lue-et-lorganisation-internationale-pour-les-migrations-celebrent\/\",\"name\":\"\u00c9gypte : l\u2019UE et l\u2019Organisation internationale pour les migrations c\u00e9l\u00e8brent la Journ\u00e9e internationale des migrants - Voisins de l'UE\",\"isPartOf\":{\"@id\":\"https:\/\/www.eumedbridge.eu\/#website\"},\"datePublished\":\"2018-12-19T22:00:00+00:00\",\"dateModified\":\"2022-07-08T14:06:59+00:00\",\"breadcrumb\":{\"@id\":\"https:\/\/www.eumedbridge.eu\/fr\/news\/egypte-lue-et-lorganisation-internationale-pour-les-migrations-celebrent\/#breadcrumb\"},\"inLanguage\":\"fr-FR\",\"potentialAction\":[{\"@type\":\"ReadAction\",\"target\":[\"https:\/\/www.eumedbridge.eu\/fr\/news\/egypte-lue-et-lorganisation-internationale-pour-les-migrations-celebrent\/\"]}]},{\"@type\":\"BreadcrumbList\",\"@id\":\"https:\/\/www.eumedbridge.eu\/fr\/news\/egypte-lue-et-lorganisation-internationale-pour-les-migrations-celebrent\/#breadcrumb\",\"itemListElement\":[{\"@type\":\"ListItem\",\"position\":1,\"name\":\"Home\",\"item\":\"https:\/\/www.eumedbridge.eu\/fr\/home-page\/\"},{\"@type\":\"ListItem\",\"position\":2,\"name\":\"Actualit\u00e9s\",\"item\":\"https:\/\/www.eumedbridge.eu\/fr\/news\/\"},{\"@type\":\"ListItem\",\"position\":3,\"name\":\"\u00c9gypte : l\u2019UE et l\u2019Organisation internationale pour les migrations c\u00e9l\u00e8brent la Journ\u00e9e internationale des migrants\"}]},{\"@type\":\"WebSite\",\"@id\":\"https:\/\/www.eumedbridge.eu\/#website\",\"url\":\"https:\/\/www.eumedbridge.eu\/\",\"name\":\"EU Medbridge\",\"description\":\"\",\"publisher\":{\"@id\":\"https:\/\/www.eumedbridge.eu\/#organization\"},\"potentialAction\":[{\"@type\":\"SearchAction\",\"target\":{\"@type\":\"EntryPoint\",\"urlTemplate\":\"https:\/\/www.eumedbridge.eu\/?s={search_term_string}\"},\"query-input\":{\"@type\":\"PropertyValueSpecification\",\"valueRequired\":true,\"valueName\":\"search_term_string\"}}],\"inLanguage\":\"fr-FR\"},{\"@type\":\"Organization\",\"@id\":\"https:\/\/www.eumedbridge.eu\/#organization\",\"name\":\"EU Medbridge\",\"url\":\"https:\/\/www.eumedbridge.eu\/\",\"logo\":{\"@type\":\"ImageObject\",\"inLanguage\":\"fr-FR\",\"@id\":\"https:\/\/www.eumedbridge.eu\/#\/schema\/logo\/image\/\",\"url\":\"https:\/\/www.eumedbridge.eu\/wp-content\/uploads\/2021\/12\/Logo.png\",\"contentUrl\":\"https:\/\/www.eumedbridge.eu\/wp-content\/uploads\/2021\/12\/Logo.png\",\"width\":325,\"height\":114,\"caption\":\"EU Medbridge\"},\"image\":{\"@id\":\"https:\/\/www.eumedbridge.eu\/#\/schema\/logo\/image\/\"},\"sameAs\":[\"https:\/\/www.facebook.com\/eumedbridge\/\",\"https:\/\/x.com\/eumedbridge\",\"https:\/\/www.linkedin.com\/company\/eumedbridge\",\"https:\/\/www.youtube.com\/@eumedbridge\",\"https:\/\/www.instagram.com\/eumedbridge\",\"https:\/\/www.flickr.com\/photos\/euneighbours-south\/\"]}]}<\/script>\n<!-- \/ Yoast SEO plugin. -->","yoast_head_json":{"title":"\u00c9gypte : l\u2019UE et l\u2019Organisation internationale pour les migrations c\u00e9l\u00e8brent la Journ\u00e9e internationale des migrants - Voisins de l'UE","robots":{"index":"index","follow":"follow","max-snippet":"max-snippet:-1","max-image-preview":"max-image-preview:large","max-video-preview":"max-video-preview:-1"},"canonical":"https:\/\/www.eumedbridge.eu\/fr\/news\/egypte-lue-et-lorganisation-internationale-pour-les-migrations-celebrent\/","og_locale":"fr_FR","og_type":"article","og_title":"\u00c9gypte : l\u2019UE et l\u2019Organisation internationale pour les migrations c\u00e9l\u00e8brent la Journ\u00e9e internationale des migrants - Voisins de l'UE","og_description":"L\u2019Union europ\u00e9enne s\u2019est associ\u00e9e \u00e0 l\u2019Organisation internationale pour les migrations (OIM) afin de c\u00e9l\u00e9brer la Journ\u00e9e internationale des migrants. Les activit\u00e9s comprenaient des jeux pour enfants, une projection de films, des spectacles musicaux, des s\u00e9ances de sensibilisation \u00e0 la sant\u00e9 et des examens m\u00e9dicaux. Plus de 2\u00a0000\u00a0participants ont pu s\u2019informer sur les projets de l\u2019UE [&hellip;]","og_url":"https:\/\/www.eumedbridge.eu\/fr\/news\/egypte-lue-et-lorganisation-internationale-pour-les-migrations-celebrent\/","og_site_name":"Voisins de l'UE","article_publisher":"https:\/\/www.facebook.com\/eumedbridge\/","article_modified_time":"2022-07-08T14:06:59+00:00","og_image":[{"width":1165,"height":638,"url":"https:\/\/www.eumedbridge.eu\/wp-content\/uploads\/2022\/03\/egypt-1.jpg","type":"image\/jpeg"}],"twitter_card":"summary_large_image","twitter_site":"@eumedbridge","schema":{"@context":"https:\/\/schema.org","@graph":[{"@type":"WebPage","@id":"https:\/\/www.eumedbridge.eu\/fr\/news\/egypte-lue-et-lorganisation-internationale-pour-les-migrations-celebrent\/","url":"https:\/\/www.eumedbridge.eu\/fr\/news\/egypte-lue-et-lorganisation-internationale-pour-les-migrations-celebrent\/","name":"\u00c9gypte : l\u2019UE et l\u2019Organisation internationale pour les migrations c\u00e9l\u00e8brent la Journ\u00e9e internationale des migrants - Voisins de l'UE","isPartOf":{"@id":"https:\/\/www.eumedbridge.eu\/#website"},"datePublished":"2018-12-19T22:00:00+00:00","dateModified":"2022-07-08T14:06:59+00:00","breadcrumb":{"@id":"https:\/\/www.eumedbridge.eu\/fr\/news\/egypte-lue-et-lorganisation-internationale-pour-les-migrations-celebrent\/#breadcrumb"},"inLanguage":"fr-FR","potentialAction":[{"@type":"ReadAction","target":["https:\/\/www.eumedbridge.eu\/fr\/news\/egypte-lue-et-lorganisation-internationale-pour-les-migrations-celebrent\/"]}]},{"@type":"BreadcrumbList","@id":"https:\/\/www.eumedbridge.eu\/fr\/news\/egypte-lue-et-lorganisation-internationale-pour-les-migrations-celebrent\/#breadcrumb","itemListElement":[{"@type":"ListItem","position":1,"name":"Home","item":"https:\/\/www.eumedbridge.eu\/fr\/home-page\/"},{"@type":"ListItem","position":2,"name":"Actualit\u00e9s","item":"https:\/\/www.eumedbridge.eu\/fr\/news\/"},{"@type":"ListItem","position":3,"name":"\u00c9gypte : l\u2019UE et l\u2019Organisation internationale pour les migrations c\u00e9l\u00e8brent la Journ\u00e9e internationale des migrants"}]},{"@type":"WebSite","@id":"https:\/\/www.eumedbridge.eu\/#website","url":"https:\/\/www.eumedbridge.eu\/","name":"EU Medbridge","description":"","publisher":{"@id":"https:\/\/www.eumedbridge.eu\/#organization"},"potentialAction":[{"@type":"SearchAction","target":{"@type":"EntryPoint","urlTemplate":"https:\/\/www.eumedbridge.eu\/?s={search_term_string}"},"query-input":{"@type":"PropertyValueSpecification","valueRequired":true,"valueName":"search_term_string"}}],"inLanguage":"fr-FR"},{"@type":"Organization","@id":"https:\/\/www.eumedbridge.eu\/#organization","name":"EU Medbridge","url":"https:\/\/www.eumedbridge.eu\/","logo":{"@type":"ImageObject","inLanguage":"fr-FR","@id":"https:\/\/www.eumedbridge.eu\/#\/schema\/logo\/image\/","url":"https:\/\/www.eumedbridge.eu\/wp-content\/uploads\/2021\/12\/Logo.png","contentUrl":"https:\/\/www.eumedbridge.eu\/wp-content\/uploads\/2021\/12\/Logo.png","width":325,"height":114,"caption":"EU Medbridge"},"image":{"@id":"https:\/\/www.eumedbridge.eu\/#\/schema\/logo\/image\/"},"sameAs":["https:\/\/www.facebook.com\/eumedbridge\/","https:\/\/x.com\/eumedbridge","https:\/\/www.linkedin.com\/company\/eumedbridge","https:\/\/www.youtube.com\/@eumedbridge","https:\/\/www.instagram.com\/eumedbridge","https:\/\/www.flickr.com\/photos\/euneighbours-south\/"]}]}},"_links":{"self":[{"href":"https:\/\/www.eumedbridge.eu\/fr\/wp-json\/wp\/v2\/news\/161663","targetHints":{"allow":["GET"]}}],"collection":[{"href":"https:\/\/www.eumedbridge.eu\/fr\/wp-json\/wp\/v2\/news"}],"about":[{"href":"https:\/\/www.eumedbridge.eu\/fr\/wp-json\/wp\/v2\/types\/news"}],"wp:attachment":[{"href":"https:\/\/www.eumedbridge.eu\/fr\/wp-json\/wp\/v2\/media?parent=161663"}],"wp:term":[{"taxonomy":"news_category","embeddable":true,"href":"https:\/\/www.eumedbridge.eu\/fr\/wp-json\/wp\/v2\/news_category?post=161663"},{"taxonomy":"country","embeddable":true,"href":"https:\/\/www.eumedbridge.eu\/fr\/wp-json\/wp\/v2\/country?post=161663"},{"taxonomy":"special_action","embeddable":true,"href":"https:\/\/www.eumedbridge.eu\/fr\/wp-json\/wp\/v2\/special_action?post=161663"},{"taxonomy":"custom_tag","embeddable":true,"href":"https:\/\/www.eumedbridge.eu\/fr\/wp-json\/wp\/v2\/custom_tag?post=161663"}],"curies":[{"name":"wp","href":"https:\/\/api.w.org\/{rel}","templated":true}]}}