{"id":161744,"date":"2018-12-03T00:00:00","date_gmt":"2018-12-02T22:00:00","guid":{"rendered":"http:\/\/south.euneighbours.eu\/news\/lunion-pour-la-mediterranee-co-organise-et-accueille-le-programme-de-travail-prima-2019\/"},"modified":"2022-07-08T17:10:35","modified_gmt":"2022-07-08T14:10:35","slug":"lunion-pour-la-mediterranee-co-organise-et-accueille-le-programme-de","status":"publish","type":"news","link":"https:\/\/www.eumedbridge.eu\/fr\/news\/lunion-pour-la-mediterranee-co-organise-et-accueille-le-programme-de\/","title":{"rendered":"L\u2019Union pour la M\u00e9diterran\u00e9e co-organise et accueille le programme de travail PRIMA 2019"},"content":{"rendered":"<p>Le Secr\u00e9tariat de l\u2019UpM co-organise et accueille, le 4 d\u00e9cembre 2018, une <a href=\"http:\/\/prima-med.org\/wp-content\/uploads\/2018\/10\/Prima-Info-Day-Agenda.pdf\">journ\u00e9e d\u2019information<\/a> destin\u00e9e \u00e0 informer les parties prenantes euro-m\u00e9diterran\u00e9ennes concern\u00e9es sur le programme de travail PRIMA\u00a02019 et sur le lancement des appels \u00e0 projets de l\u2019ann\u00e9e prochaine. La journ\u00e9e d\u2019information PRIMA sera retransmise en direct sur le <a href=\"http:\/\/prima-med.org\/announcement-prima-info-day-2018\/\">site web de la Fondation PRIMA<\/a>.<\/p>\n<p>PRIMA est le partenariat pour la recherche et l\u2019innovation dans la r\u00e9gion m\u00e9diterran\u00e9enne, dot\u00e9 d\u2019un programme conjoint ambitieux \u00e0 entreprendre dans le cadre de la coop\u00e9ration euro-m\u00e9diterran\u00e9enne. PRIMA vise \u00e0 promouvoir les capacit\u00e9s de recherche et d\u2019innovation et \u00e0 d\u00e9velopper des connaissances et des solutions innovantes communes pour les syst\u00e8mes agroalimentaires ainsi que l\u2019approvisionnement int\u00e9gr\u00e9 en eau et la gestion int\u00e9gr\u00e9e de l\u2019eau dans la r\u00e9gion m\u00e9diterran\u00e9enne, en vue de les rendre plus r\u00e9sistants au climat, efficaces, \u00e9conomiques et durables sur les plans environnemental et social, et de contribuer \u00e0 r\u00e9soudre en amont les probl\u00e8mes de p\u00e9nurie en eau, de s\u00e9curit\u00e9 alimentaire, de nutrition, de sant\u00e9, de bien-\u00eatre et de migrations. PRIMA rassemble les \u00c9tats membres de l\u2019Union europ\u00e9enne, les pays associ\u00e9s de Horizon\u00a02020 et les pays partenaires m\u00e9diterran\u00e9ens sur un pied d\u2019\u00e9galit\u00e9 (copropri\u00e9t\u00e9, cogestion et cofinancement) avec la participation de la Commission europ\u00e9enne, dans le cadre de l\u2019article\u00a0185 TFUE.<\/p>\n<p>\u00a0<\/p>\n<p><strong>Pour en savoir plus<\/strong><\/p>\n<p><a href=\"https:\/\/ufmsecretariat.org\/prima-info-day-2018\/\">Communiqu\u00e9 de presse<\/a><\/p>\n","protected":false},"featured_media":0,"parent":0,"template":"","news_category":[],"country":[1946,1947,1950,2124,1949,1953,1952,2029,1955],"special_action":[],"custom_tag":[2312,2817,2315],"class_list":["post-161744","news","type-news","status-publish","hentry","country-algerie","country-egypte","country-israel-fr","country-jordanie","country-liban","country-maroc","country-palestine-fr","country-syrie","country-tunisie","custom_tag-developpement-durable","custom_tag-education-fr","custom_tag-emploi-et-entrpreuneuriat"],"acf":[],"yoast_head":"<!-- This site is optimized with the Yoast SEO plugin v26.5 - https:\/\/yoast.com\/wordpress\/plugins\/seo\/ -->\n<title>L\u2019Union pour la M\u00e9diterran\u00e9e co-organise et accueille le programme de travail PRIMA 2019 - Voisins de l&#039;UE<\/title>\n<meta name=\"robots\" content=\"index, follow, max-snippet:-1, max-image-preview:large, max-video-preview:-1\" \/>\n<link rel=\"canonical\" href=\"https:\/\/www.eumedbridge.eu\/fr\/news\/lunion-pour-la-mediterranee-co-organise-et-accueille-le-programme-de\/\" \/>\n<meta property=\"og:locale\" content=\"fr_FR\" \/>\n<meta property=\"og:type\" content=\"article\" \/>\n<meta property=\"og:title\" content=\"L\u2019Union pour la M\u00e9diterran\u00e9e co-organise et accueille le programme de travail PRIMA 2019 - Voisins de l&#039;UE\" \/>\n<meta property=\"og:description\" content=\"Le Secr\u00e9tariat de l\u2019UpM co-organise et accueille, le 4 d\u00e9cembre 2018, une journ\u00e9e d\u2019information destin\u00e9e \u00e0 informer les parties prenantes euro-m\u00e9diterran\u00e9ennes concern\u00e9es sur le programme de travail PRIMA\u00a02019 et sur le lancement des appels \u00e0 projets de l\u2019ann\u00e9e prochaine. La journ\u00e9e d\u2019information PRIMA sera retransmise en direct sur le site web de la Fondation PRIMA. [&hellip;]\" \/>\n<meta property=\"og:url\" content=\"https:\/\/www.eumedbridge.eu\/fr\/news\/lunion-pour-la-mediterranee-co-organise-et-accueille-le-programme-de\/\" \/>\n<meta property=\"og:site_name\" content=\"Voisins de l&#039;UE\" \/>\n<meta property=\"article:publisher\" content=\"https:\/\/www.facebook.com\/eumedbridge\/\" \/>\n<meta property=\"article:modified_time\" content=\"2022-07-08T14:10:35+00:00\" \/>\n<meta property=\"og:image\" content=\"https:\/\/www.eumedbridge.eu\/wp-content\/uploads\/2022\/03\/EU-flag-6.jpg\" \/>\n\t<meta property=\"og:image:width\" content=\"1600\" \/>\n\t<meta property=\"og:image:height\" content=\"900\" \/>\n\t<meta property=\"og:image:type\" content=\"image\/jpeg\" \/>\n<meta name=\"twitter:card\" content=\"summary_large_image\" \/>\n<meta name=\"twitter:site\" content=\"@eumedbridge\" \/>\n<meta name=\"twitter:label1\" content=\"Dur\u00e9e de lecture estim\u00e9e\" \/>\n\t<meta name=\"twitter:data1\" content=\"1 minute\" \/>\n<script type=\"application\/ld+json\" class=\"yoast-schema-graph\">{\"@context\":\"https:\/\/schema.org\",\"@graph\":[{\"@type\":\"WebPage\",\"@id\":\"https:\/\/www.eumedbridge.eu\/fr\/news\/lunion-pour-la-mediterranee-co-organise-et-accueille-le-programme-de\/\",\"url\":\"https:\/\/www.eumedbridge.eu\/fr\/news\/lunion-pour-la-mediterranee-co-organise-et-accueille-le-programme-de\/\",\"name\":\"L\u2019Union pour la M\u00e9diterran\u00e9e co-organise et accueille le programme de travail PRIMA 2019 - Voisins de l'UE\",\"isPartOf\":{\"@id\":\"https:\/\/www.eumedbridge.eu\/#website\"},\"datePublished\":\"2018-12-02T22:00:00+00:00\",\"dateModified\":\"2022-07-08T14:10:35+00:00\",\"breadcrumb\":{\"@id\":\"https:\/\/www.eumedbridge.eu\/fr\/news\/lunion-pour-la-mediterranee-co-organise-et-accueille-le-programme-de\/#breadcrumb\"},\"inLanguage\":\"fr-FR\",\"potentialAction\":[{\"@type\":\"ReadAction\",\"target\":[\"https:\/\/www.eumedbridge.eu\/fr\/news\/lunion-pour-la-mediterranee-co-organise-et-accueille-le-programme-de\/\"]}]},{\"@type\":\"BreadcrumbList\",\"@id\":\"https:\/\/www.eumedbridge.eu\/fr\/news\/lunion-pour-la-mediterranee-co-organise-et-accueille-le-programme-de\/#breadcrumb\",\"itemListElement\":[{\"@type\":\"ListItem\",\"position\":1,\"name\":\"Home\",\"item\":\"https:\/\/www.eumedbridge.eu\/fr\/home-page\/\"},{\"@type\":\"ListItem\",\"position\":2,\"name\":\"Actualit\u00e9s\",\"item\":\"https:\/\/www.eumedbridge.eu\/fr\/news\/\"},{\"@type\":\"ListItem\",\"position\":3,\"name\":\"L\u2019Union pour la M\u00e9diterran\u00e9e co-organise et accueille le programme de travail PRIMA 2019\"}]},{\"@type\":\"WebSite\",\"@id\":\"https:\/\/www.eumedbridge.eu\/#website\",\"url\":\"https:\/\/www.eumedbridge.eu\/\",\"name\":\"EU Medbridge\",\"description\":\"\",\"publisher\":{\"@id\":\"https:\/\/www.eumedbridge.eu\/#organization\"},\"potentialAction\":[{\"@type\":\"SearchAction\",\"target\":{\"@type\":\"EntryPoint\",\"urlTemplate\":\"https:\/\/www.eumedbridge.eu\/?s={search_term_string}\"},\"query-input\":{\"@type\":\"PropertyValueSpecification\",\"valueRequired\":true,\"valueName\":\"search_term_string\"}}],\"inLanguage\":\"fr-FR\"},{\"@type\":\"Organization\",\"@id\":\"https:\/\/www.eumedbridge.eu\/#organization\",\"name\":\"EU Medbridge\",\"url\":\"https:\/\/www.eumedbridge.eu\/\",\"logo\":{\"@type\":\"ImageObject\",\"inLanguage\":\"fr-FR\",\"@id\":\"https:\/\/www.eumedbridge.eu\/#\/schema\/logo\/image\/\",\"url\":\"https:\/\/www.eumedbridge.eu\/wp-content\/uploads\/2021\/12\/Logo.png\",\"contentUrl\":\"https:\/\/www.eumedbridge.eu\/wp-content\/uploads\/2021\/12\/Logo.png\",\"width\":325,\"height\":114,\"caption\":\"EU Medbridge\"},\"image\":{\"@id\":\"https:\/\/www.eumedbridge.eu\/#\/schema\/logo\/image\/\"},\"sameAs\":[\"https:\/\/www.facebook.com\/eumedbridge\/\",\"https:\/\/x.com\/eumedbridge\",\"https:\/\/www.linkedin.com\/company\/eumedbridge\",\"https:\/\/www.youtube.com\/@eumedbridge\",\"https:\/\/www.instagram.com\/eumedbridge\",\"https:\/\/www.flickr.com\/photos\/euneighbours-south\/\"]}]}<\/script>\n<!-- \/ Yoast SEO plugin. -->","yoast_head_json":{"title":"L\u2019Union pour la M\u00e9diterran\u00e9e co-organise et accueille le programme de travail PRIMA 2019 - Voisins de l'UE","robots":{"index":"index","follow":"follow","max-snippet":"max-snippet:-1","max-image-preview":"max-image-preview:large","max-video-preview":"max-video-preview:-1"},"canonical":"https:\/\/www.eumedbridge.eu\/fr\/news\/lunion-pour-la-mediterranee-co-organise-et-accueille-le-programme-de\/","og_locale":"fr_FR","og_type":"article","og_title":"L\u2019Union pour la M\u00e9diterran\u00e9e co-organise et accueille le programme de travail PRIMA 2019 - Voisins de l'UE","og_description":"Le Secr\u00e9tariat de l\u2019UpM co-organise et accueille, le 4 d\u00e9cembre 2018, une journ\u00e9e d\u2019information destin\u00e9e \u00e0 informer les parties prenantes euro-m\u00e9diterran\u00e9ennes concern\u00e9es sur le programme de travail PRIMA\u00a02019 et sur le lancement des appels \u00e0 projets de l\u2019ann\u00e9e prochaine. La journ\u00e9e d\u2019information PRIMA sera retransmise en direct sur le site web de la Fondation PRIMA. [&hellip;]","og_url":"https:\/\/www.eumedbridge.eu\/fr\/news\/lunion-pour-la-mediterranee-co-organise-et-accueille-le-programme-de\/","og_site_name":"Voisins de l'UE","article_publisher":"https:\/\/www.facebook.com\/eumedbridge\/","article_modified_time":"2022-07-08T14:10:35+00:00","og_image":[{"width":1600,"height":900,"url":"https:\/\/www.eumedbridge.eu\/wp-content\/uploads\/2022\/03\/EU-flag-6.jpg","type":"image\/jpeg"}],"twitter_card":"summary_large_image","twitter_site":"@eumedbridge","twitter_misc":{"Dur\u00e9e de lecture estim\u00e9e":"1 minute"},"schema":{"@context":"https:\/\/schema.org","@graph":[{"@type":"WebPage","@id":"https:\/\/www.eumedbridge.eu\/fr\/news\/lunion-pour-la-mediterranee-co-organise-et-accueille-le-programme-de\/","url":"https:\/\/www.eumedbridge.eu\/fr\/news\/lunion-pour-la-mediterranee-co-organise-et-accueille-le-programme-de\/","name":"L\u2019Union pour la M\u00e9diterran\u00e9e co-organise et accueille le programme de travail PRIMA 2019 - Voisins de l'UE","isPartOf":{"@id":"https:\/\/www.eumedbridge.eu\/#website"},"datePublished":"2018-12-02T22:00:00+00:00","dateModified":"2022-07-08T14:10:35+00:00","breadcrumb":{"@id":"https:\/\/www.eumedbridge.eu\/fr\/news\/lunion-pour-la-mediterranee-co-organise-et-accueille-le-programme-de\/#breadcrumb"},"inLanguage":"fr-FR","potentialAction":[{"@type":"ReadAction","target":["https:\/\/www.eumedbridge.eu\/fr\/news\/lunion-pour-la-mediterranee-co-organise-et-accueille-le-programme-de\/"]}]},{"@type":"BreadcrumbList","@id":"https:\/\/www.eumedbridge.eu\/fr\/news\/lunion-pour-la-mediterranee-co-organise-et-accueille-le-programme-de\/#breadcrumb","itemListElement":[{"@type":"ListItem","position":1,"name":"Home","item":"https:\/\/www.eumedbridge.eu\/fr\/home-page\/"},{"@type":"ListItem","position":2,"name":"Actualit\u00e9s","item":"https:\/\/www.eumedbridge.eu\/fr\/news\/"},{"@type":"ListItem","position":3,"name":"L\u2019Union pour la M\u00e9diterran\u00e9e co-organise et accueille le programme de travail PRIMA 2019"}]},{"@type":"WebSite","@id":"https:\/\/www.eumedbridge.eu\/#website","url":"https:\/\/www.eumedbridge.eu\/","name":"EU Medbridge","description":"","publisher":{"@id":"https:\/\/www.eumedbridge.eu\/#organization"},"potentialAction":[{"@type":"SearchAction","target":{"@type":"EntryPoint","urlTemplate":"https:\/\/www.eumedbridge.eu\/?s={search_term_string}"},"query-input":{"@type":"PropertyValueSpecification","valueRequired":true,"valueName":"search_term_string"}}],"inLanguage":"fr-FR"},{"@type":"Organization","@id":"https:\/\/www.eumedbridge.eu\/#organization","name":"EU Medbridge","url":"https:\/\/www.eumedbridge.eu\/","logo":{"@type":"ImageObject","inLanguage":"fr-FR","@id":"https:\/\/www.eumedbridge.eu\/#\/schema\/logo\/image\/","url":"https:\/\/www.eumedbridge.eu\/wp-content\/uploads\/2021\/12\/Logo.png","contentUrl":"https:\/\/www.eumedbridge.eu\/wp-content\/uploads\/2021\/12\/Logo.png","width":325,"height":114,"caption":"EU Medbridge"},"image":{"@id":"https:\/\/www.eumedbridge.eu\/#\/schema\/logo\/image\/"},"sameAs":["https:\/\/www.facebook.com\/eumedbridge\/","https:\/\/x.com\/eumedbridge","https:\/\/www.linkedin.com\/company\/eumedbridge","https:\/\/www.youtube.com\/@eumedbridge","https:\/\/www.instagram.com\/eumedbridge","https:\/\/www.flickr.com\/photos\/euneighbours-south\/"]}]}},"_links":{"self":[{"href":"https:\/\/www.eumedbridge.eu\/fr\/wp-json\/wp\/v2\/news\/161744","targetHints":{"allow":["GET"]}}],"collection":[{"href":"https:\/\/www.eumedbridge.eu\/fr\/wp-json\/wp\/v2\/news"}],"about":[{"href":"https:\/\/www.eumedbridge.eu\/fr\/wp-json\/wp\/v2\/types\/news"}],"wp:attachment":[{"href":"https:\/\/www.eumedbridge.eu\/fr\/wp-json\/wp\/v2\/media?parent=161744"}],"wp:term":[{"taxonomy":"news_category","embeddable":true,"href":"https:\/\/www.eumedbridge.eu\/fr\/wp-json\/wp\/v2\/news_category?post=161744"},{"taxonomy":"country","embeddable":true,"href":"https:\/\/www.eumedbridge.eu\/fr\/wp-json\/wp\/v2\/country?post=161744"},{"taxonomy":"special_action","embeddable":true,"href":"https:\/\/www.eumedbridge.eu\/fr\/wp-json\/wp\/v2\/special_action?post=161744"},{"taxonomy":"custom_tag","embeddable":true,"href":"https:\/\/www.eumedbridge.eu\/fr\/wp-json\/wp\/v2\/custom_tag?post=161744"}],"curies":[{"name":"wp","href":"https:\/\/api.w.org\/{rel}","templated":true}]}}