{"id":161839,"date":"2018-11-09T00:00:00","date_gmt":"2018-11-08T22:00:00","guid":{"rendered":"http:\/\/south.euneighbours.eu\/news\/le-prix-de-lassemblee-regionale-et-locale-euro-mediterraneenne-arlem-pour-les-jeunes-entrepreneurs\/"},"modified":"2022-07-08T17:14:36","modified_gmt":"2022-07-08T14:14:36","slug":"le-prix-de-lassemblee-regionale-et-locale-euro-mediterraneenne-arlem-pour","status":"publish","type":"news","link":"https:\/\/www.eumedbridge.eu\/fr\/news\/le-prix-de-lassemblee-regionale-et-locale-euro-mediterraneenne-arlem-pour\/","title":{"rendered":"Le prix de  l&rsquo;Assembl\u00e9e r\u00e9gionale et locale Euro-M\u00e9diterran\u00e9enne (ARLEM) pour les jeunes entrepreneurs"},"content":{"rendered":"<p style=\"margin:0px 0px 0px 72pt; text-align:start; -webkit-text-stroke-width:0px\"><span style=\"font-size:small\"><span style=\"color:#222222\"><span style=\"font-family:Arial, Helvetica, sans-serif\"><span style=\"font-style:normal\"><span style=\"font-variant-ligatures:normal\"><span style=\"font-variant-caps:normal\"><span style=\"font-weight:400\"><span style=\"letter-spacing:normal\"><span style=\"orphans:2\"><span style=\"text-transform:none\"><span style=\"white-space:normal\"><span style=\"widows:2\"><span style=\"word-spacing:0px\"><span style=\"background-color:#ffffff\"><span style=\"text-decoration-style:initial\"><span style=\"text-decoration-color:initial\"><span lang=\"FR-BE\" style=\"font-size:11pt\" xml_lang=\"FR-BE\">Le d\u00e9veloppement \u00e9conomique durable est l&rsquo;une des\u00a0<\/span><span style=\"font-size:11pt\"><a data-saferedirecturl=\"https:\/\/www.google.com\/url?q=https:\/\/cor.europa.eu\/en\/our-work\/Documents\/ARLEM\/ARLEM-Action-Plan-2018-2019-FR.pdf&#038;source=gmail&#038;ust=1541774306217000&#038;usg=AFQjCNGi9XZ46uox2bmnaeeGZcfhNEoAjw\" href=\"https:\/\/cor.europa.eu\/en\/our-work\/Documents\/ARLEM\/ARLEM-Action-Plan-2018-2019-FR.pdf\" style=\"color:#1155cc\" target=\"_blank\" rel=\"noopener\">trois priorit\u00e9s<\/a><\/span><span lang=\"FR-BE\" style=\"font-size:11pt\" xml_lang=\"FR-BE\">\u00a0de l&rsquo;Assembl\u00e9e r\u00e9gionale et locale euro-m\u00e9diterran\u00e9enne (ARLEM). Conform\u00e9ment \u00e0 cette priorit\u00e9, l&rsquo;Assembl\u00e9e a d\u00e9cid\u00e9 d&rsquo;attribuer un prix \u00e0 un(e) jeune entrepreneur(e) des pays partenaires m\u00e9diterran\u00e9ens qui a b\u00e9n\u00e9fici\u00e9 du soutien de sa collectivit\u00e9 locale ou r\u00e9gionale. Cette initiative est propos\u00e9e par le prochain projet de\u00a0<\/span><span style=\"font-size:11pt\"><a data-saferedirecturl=\"https:\/\/www.google.com\/url?q=https:\/\/cor.europa.eu\/en\/events\/Documents\/ARLEM\/4th%2520ARLEM%2520Commission\/draft-report-on-youth-and-entrepeneurship-fr.pdf&#038;source=gmail&#038;ust=1541774306217000&#038;usg=AFQjCNE_MOtgJ1Ht1YhhgHSBYcUZza8wjA\" href=\"https:\/\/cor.europa.eu\/en\/events\/Documents\/ARLEM\/4th%20ARLEM%20Commission\/draft-report-on-youth-and-entrepeneurship-fr.pdf\" style=\"color:#1155cc\" target=\"_blank\" rel=\"noopener\">rapport de l&rsquo;ARLEM sur l&rsquo;entrepreneuriat des jeunes en M\u00e9diterran\u00e9e<\/a><\/span><span lang=\"FR-BE\" style=\"font-size:11pt\" xml_lang=\"FR-BE\">.<\/span><\/span><\/span><\/span><\/span><\/span><\/span><\/span><\/span><\/span><\/span><\/span><\/span><\/span><\/span><\/span><\/span><\/p>\n<p style=\"margin:0px 0px 0px 72pt; text-align:start; -webkit-text-stroke-width:0px\"><span style=\"font-size:small\"><span style=\"color:#222222\"><span style=\"font-family:Arial, Helvetica, sans-serif\"><span style=\"font-style:normal\"><span style=\"font-variant-ligatures:normal\"><span style=\"font-variant-caps:normal\"><span style=\"font-weight:400\"><span style=\"letter-spacing:normal\"><span style=\"orphans:2\"><span style=\"text-transform:none\"><span style=\"white-space:normal\"><span style=\"widows:2\"><span style=\"word-spacing:0px\"><span style=\"background-color:#ffffff\"><span style=\"text-decoration-style:initial\"><span style=\"text-decoration-color:initial\">\u00a0<\/span><\/span><\/span><\/span><\/span><\/span><\/span><\/span><\/span><\/span><\/span><\/span><\/span><\/span><\/span><\/span><\/p>\n<p style=\"margin:0px 0px 0px 72pt; text-align:start; -webkit-text-stroke-width:0px\"><span style=\"font-size:small\"><span style=\"color:#222222\"><span style=\"font-family:Arial, Helvetica, sans-serif\"><span style=\"font-style:normal\"><span style=\"font-variant-ligatures:normal\"><span style=\"font-variant-caps:normal\"><span style=\"font-weight:400\"><span style=\"letter-spacing:normal\"><span style=\"orphans:2\"><span style=\"text-transform:none\"><span style=\"white-space:normal\"><span style=\"widows:2\"><span style=\"word-spacing:0px\"><span style=\"background-color:#ffffff\"><span style=\"text-decoration-style:initial\"><span style=\"text-decoration-color:initial\"><span lang=\"FR-BE\" style=\"font-size:11pt\" xml_lang=\"FR-BE\">Afin d&rsquo;encourager la LRA et les jeunes entrepreneur(e)s \u00e0 travailler ensemble pour assurer le dynamisme de l&rsquo;\u00e9conomie de la r\u00e9gion, le prix vise \u00e0 pr\u00e9senter des exemples r\u00e9ussis d&rsquo;entrepreneuriat des jeunes (jusqu&rsquo;\u00e0 35 ans) de la r\u00e9gion m\u00e9diterran\u00e9enne* (*Albanie, Alg\u00e9rie, Bosnie-Herz\u00e9govine, Egypte, Isra\u00ebl, Jordanie, Liban, Libye, Libye, Mauritanie, Monaco, Mont\u00e9n\u00e9gro, Maroc, Palestine, Tunisie et Turquie).<\/span><\/span><\/span><\/span><\/span><\/span><\/span><\/span><\/span><\/span><\/span><\/span><\/span><\/span><\/span><\/span><\/span><\/p>\n<p style=\"margin:0px 0px 0px 72pt; text-align:start; -webkit-text-stroke-width:0px\"><span style=\"font-size:small\"><span style=\"color:#222222\"><span style=\"font-family:Arial, Helvetica, sans-serif\"><span style=\"font-style:normal\"><span style=\"font-variant-ligatures:normal\"><span style=\"font-variant-caps:normal\"><span style=\"font-weight:400\"><span style=\"letter-spacing:normal\"><span style=\"orphans:2\"><span style=\"text-transform:none\"><span style=\"white-space:normal\"><span style=\"widows:2\"><span style=\"word-spacing:0px\"><span style=\"background-color:#ffffff\"><span style=\"text-decoration-style:initial\"><span style=\"text-decoration-color:initial\">\u00a0<\/span><\/span><\/span><\/span><\/span><\/span><\/span><\/span><\/span><\/span><\/span><\/span><\/span><\/span><\/span><\/span><\/p>\n<p style=\"margin:0px 0px 0px 72pt; text-align:start; -webkit-text-stroke-width:0px\"><span style=\"font-size:small\"><span style=\"color:#222222\"><span style=\"font-family:Arial, Helvetica, sans-serif\"><span style=\"font-style:normal\"><span style=\"font-variant-ligatures:normal\"><span style=\"font-variant-caps:normal\"><span style=\"font-weight:400\"><span style=\"letter-spacing:normal\"><span style=\"orphans:2\"><span style=\"text-transform:none\"><span style=\"white-space:normal\"><span style=\"widows:2\"><span style=\"word-spacing:0px\"><span style=\"background-color:#ffffff\"><span style=\"text-decoration-style:initial\"><span style=\"text-decoration-color:initial\"><span lang=\"FR-BE\" style=\"font-size:11pt\" xml_lang=\"FR-BE\">Le nom du laur\u00e9at sera annonc\u00e9 lors de la c\u00e9r\u00e9monie de remise des prix \u00e0 l&rsquo;occasion de la 10e session pl\u00e9ni\u00e8re de l&rsquo;ARLEM \u00e0 S\u00e9ville les 26 et 27 f\u00e9vrier 2019.<\/span><\/span><\/span><\/span><\/span><\/span><\/span><\/span><\/span><\/span><\/span><\/span><\/span><\/span><\/span><\/span><\/span><\/p>\n<p style=\"margin:0px 0px 0px 72pt; text-align:start; -webkit-text-stroke-width:0px\"><span style=\"font-size:small\"><span style=\"color:#222222\"><span style=\"font-family:Arial, Helvetica, sans-serif\"><span style=\"font-style:normal\"><span style=\"font-variant-ligatures:normal\"><span style=\"font-variant-caps:normal\"><span style=\"font-weight:400\"><span style=\"letter-spacing:normal\"><span style=\"orphans:2\"><span style=\"text-transform:none\"><span style=\"white-space:normal\"><span style=\"widows:2\"><span style=\"word-spacing:0px\"><span style=\"background-color:#ffffff\"><span style=\"text-decoration-style:initial\"><span style=\"text-decoration-color:initial\">\u00a0<\/span><\/span><\/span><\/span><\/span><\/span><\/span><\/span><\/span><\/span><\/span><\/span><\/span><\/span><\/span><\/span><\/p>\n<p style=\"margin:0px 0px 0px 72pt; text-align:start; -webkit-text-stroke-width:0px\"><span style=\"font-size:small\"><span style=\"color:#222222\"><span style=\"font-family:Arial, Helvetica, sans-serif\"><span style=\"font-style:normal\"><span style=\"font-variant-ligatures:normal\"><span style=\"font-variant-caps:normal\"><span style=\"font-weight:400\"><span style=\"letter-spacing:normal\"><span style=\"orphans:2\"><span style=\"text-transform:none\"><span style=\"white-space:normal\"><span style=\"widows:2\"><span style=\"word-spacing:0px\"><span style=\"background-color:#ffffff\"><span style=\"text-decoration-style:initial\"><span style=\"text-decoration-color:initial\"><span lang=\"FR-BE\" style=\"font-size:11pt\" xml_lang=\"FR-BE\">Veuillez vous r\u00e9f\u00e9rer au flyer ci-joint pour de plus amples informations.<\/span><\/span><\/span><\/span><\/span><\/span><\/span><\/span><\/span><\/span><\/span><\/span><\/span><\/span><\/span><\/span><\/span><\/p>\n<p style=\"margin:0px 0px 0px 72pt; text-align:start; -webkit-text-stroke-width:0px\"><span style=\"font-size:small\"><span style=\"color:#222222\"><span style=\"font-family:Arial, Helvetica, sans-serif\"><span style=\"font-style:normal\"><span style=\"font-variant-ligatures:normal\"><span style=\"font-variant-caps:normal\"><span style=\"font-weight:400\"><span style=\"letter-spacing:normal\"><span style=\"orphans:2\"><span style=\"text-transform:none\"><span style=\"white-space:normal\"><span style=\"widows:2\"><span style=\"word-spacing:0px\"><span style=\"background-color:#ffffff\"><span style=\"text-decoration-style:initial\"><span style=\"text-decoration-color:initial\">\u00a0<\/span><\/span><\/span><\/span><\/span><\/span><\/span><\/span><\/span><\/span><\/span><\/span><\/span><\/span><\/span><\/span><\/p>\n<p style=\"margin:0px 0px 0px 72pt; text-align:start; -webkit-text-stroke-width:0px\"><span style=\"font-size:small\"><span style=\"color:#222222\"><span style=\"font-family:Arial, Helvetica, sans-serif\"><span style=\"font-style:normal\"><span style=\"font-variant-ligatures:normal\"><span style=\"font-variant-caps:normal\"><span style=\"font-weight:400\"><span style=\"letter-spacing:normal\"><span style=\"orphans:2\"><span style=\"text-transform:none\"><span style=\"white-space:normal\"><span style=\"widows:2\"><span style=\"word-spacing:0px\"><span style=\"background-color:#ffffff\"><span style=\"text-decoration-style:initial\"><span style=\"text-decoration-color:initial\"><span lang=\"FR-BE\" style=\"font-size:11pt\" xml_lang=\"FR-BE\">Nous vous prions de bien vouloir diss\u00e9miner le flyer ci-joint \u00e0 vos membres, aux candidat(e)s potentiel(le)s et \u00e0 toute partie int\u00e9ress\u00e9e.<\/span><\/span><\/span><\/span><\/span><\/span><\/span><\/span><\/span><\/span><\/span><\/span><\/span><\/span><\/span><\/span><\/span><\/p>\n<p style=\"margin:0px 0px 0px 72pt; text-align:start; -webkit-text-stroke-width:0px\"><span style=\"font-size:small\"><span style=\"color:#222222\"><span style=\"font-family:Arial, Helvetica, sans-serif\"><span style=\"font-style:normal\"><span style=\"font-variant-ligatures:normal\"><span style=\"font-variant-caps:normal\"><span style=\"font-weight:400\"><span style=\"letter-spacing:normal\"><span style=\"orphans:2\"><span style=\"text-transform:none\"><span style=\"white-space:normal\"><span style=\"widows:2\"><span style=\"word-spacing:0px\"><span style=\"background-color:#ffffff\"><span style=\"text-decoration-style:initial\"><span style=\"text-decoration-color:initial\">\u00a0<\/span><\/span><\/span><\/span><\/span><\/span><\/span><\/span><\/span><\/span><\/span><\/span><\/span><\/span><\/span><\/span><\/p>\n<p style=\"margin:0px 0px 0px 72pt; text-align:start; -webkit-text-stroke-width:0px\"><span style=\"font-size:small\"><span style=\"color:#222222\"><span style=\"font-family:Arial, Helvetica, sans-serif\"><span style=\"font-style:normal\"><span style=\"font-variant-ligatures:normal\"><span style=\"font-variant-caps:normal\"><span style=\"font-weight:400\"><span style=\"letter-spacing:normal\"><span style=\"orphans:2\"><span style=\"text-transform:none\"><span style=\"white-space:normal\"><span style=\"widows:2\"><span style=\"word-spacing:0px\"><span style=\"background-color:#ffffff\"><span style=\"text-decoration-style:initial\"><span style=\"text-decoration-color:initial\"><span lang=\"FR-BE\" style=\"font-size:11pt\" xml_lang=\"FR-BE\">Si vous avez des questions, n&rsquo;h\u00e9sitez pas \u00e0 contacter le secr\u00e9tariat de l&rsquo;ARLEM par courriel \u00e0\u00a0<\/span><span style=\"font-size:11pt\"><a href=\"mailto:arlem-secretariat@cor.europa.eu\" style=\"color:#1155cc\" target=\"_blank\" rel=\"noopener\">arlem-secretariat@cor.europa.<wbr><\/wbr>eu<\/a><\/span><span lang=\"FR\" style=\"font-size:11pt\" xml_lang=\"FR\">.<\/span><\/span><\/span><\/span><\/span><\/span><\/span><\/span><\/span><\/span><\/span><\/span><\/span><\/span><\/span><\/span><\/span><\/p>\n<p style=\"margin:0px 0px 0px 72pt; text-align:start; -webkit-text-stroke-width:0px\">\u00a0<\/p>\n<p style=\"margin:0px 0px 0px 72pt; text-align:start; -webkit-text-stroke-width:0px\"><meta charset=\"utf-8\" \/><b id=\"docs-internal-guid-cc1e43d2-7fff-281a-d599-9f8fec7b53e6\">Pour en savoir plus<\/b><\/p>\n<p style=\"margin:0px 0px 0px 72pt; text-align:start; -webkit-text-stroke-width:0px\"><meta charset=\"utf-8\" \/><b id=\"docs-internal-guid-e24d712a-7fff-d71c-741a-1b9bd5aa3636\"><a href=\"https:\/\/cor.europa.eu\/en\/our-work\/Documents\/ARLEM\/ARLEM-Action-Plan-2018-2019-EN.pdf\">Plan d\u2019action <\/a><\/b><\/p>\n<p style=\"margin:0px 0px 0px 72pt; text-align:start; -webkit-text-stroke-width:0px\"><meta charset=\"utf-8\" \/><b id=\"docs-internal-guid-8a1e9297-7fff-897d-fc35-086eaf934055\"><a href=\"https:\/\/cor.europa.eu\/en\/events\/Documents\/ARLEM\/4th%20ARLEM%20Commission\/draft-report-on-youth-and-entrepeneurship-en.pdf\">Rapport<\/a><\/b><\/p>\n","protected":false},"featured_media":0,"parent":0,"template":"","news_category":[],"country":[1946,1947,1950,2124,1949,1951,1953,1952,1955],"special_action":[],"custom_tag":[2312,2315,1970,1897,1870],"class_list":["post-161839","news","type-news","status-publish","hentry","country-algerie","country-egypte","country-israel-fr","country-jordanie","country-liban","country-libye","country-maroc","country-palestine-fr","country-tunisie","custom_tag-developpement-durable","custom_tag-emploi-et-entrpreuneuriat","custom_tag-jeunesse","custom_tag-medias","custom_tag-societe-civile"],"acf":[],"yoast_head":"<!-- This site is optimized with the Yoast SEO plugin v26.5 - https:\/\/yoast.com\/wordpress\/plugins\/seo\/ -->\n<title>Le prix de l&#039;Assembl\u00e9e r\u00e9gionale et locale Euro-M\u00e9diterran\u00e9enne (ARLEM) pour les jeunes entrepreneurs - Voisins de l&#039;UE<\/title>\n<meta name=\"robots\" content=\"index, follow, max-snippet:-1, max-image-preview:large, max-video-preview:-1\" \/>\n<link rel=\"canonical\" href=\"https:\/\/www.eumedbridge.eu\/fr\/news\/le-prix-de-lassemblee-regionale-et-locale-euro-mediterraneenne-arlem-pour\/\" \/>\n<meta property=\"og:locale\" content=\"fr_FR\" \/>\n<meta property=\"og:type\" content=\"article\" \/>\n<meta property=\"og:title\" content=\"Le prix de l&#039;Assembl\u00e9e r\u00e9gionale et locale Euro-M\u00e9diterran\u00e9enne (ARLEM) pour les jeunes entrepreneurs - Voisins de l&#039;UE\" \/>\n<meta property=\"og:description\" content=\"Le d\u00e9veloppement \u00e9conomique durable est l&rsquo;une des\u00a0trois priorit\u00e9s\u00a0de l&rsquo;Assembl\u00e9e r\u00e9gionale et locale euro-m\u00e9diterran\u00e9enne (ARLEM). Conform\u00e9ment \u00e0 cette priorit\u00e9, l&rsquo;Assembl\u00e9e a d\u00e9cid\u00e9 d&rsquo;attribuer un prix \u00e0 un(e) jeune entrepreneur(e) des pays partenaires m\u00e9diterran\u00e9ens qui a b\u00e9n\u00e9fici\u00e9 du soutien de sa collectivit\u00e9 locale ou r\u00e9gionale. Cette initiative est propos\u00e9e par le prochain projet de\u00a0rapport de l&rsquo;ARLEM sur [&hellip;]\" \/>\n<meta property=\"og:url\" content=\"https:\/\/www.eumedbridge.eu\/fr\/news\/le-prix-de-lassemblee-regionale-et-locale-euro-mediterraneenne-arlem-pour\/\" \/>\n<meta property=\"og:site_name\" content=\"Voisins de l&#039;UE\" \/>\n<meta property=\"article:publisher\" content=\"https:\/\/www.facebook.com\/eumedbridge\/\" \/>\n<meta property=\"article:modified_time\" content=\"2022-07-08T14:14:36+00:00\" \/>\n<meta property=\"og:image\" content=\"https:\/\/www.eumedbridge.eu\/wp-content\/uploads\/2022\/03\/Capture_1-3.jpg\" \/>\n\t<meta property=\"og:image:width\" content=\"683\" \/>\n\t<meta property=\"og:image:height\" content=\"344\" \/>\n\t<meta property=\"og:image:type\" content=\"image\/jpeg\" \/>\n<meta name=\"twitter:card\" content=\"summary_large_image\" \/>\n<meta name=\"twitter:site\" content=\"@eumedbridge\" \/>\n<meta name=\"twitter:label1\" content=\"Dur\u00e9e de lecture estim\u00e9e\" \/>\n\t<meta name=\"twitter:data1\" content=\"1 minute\" \/>\n<script type=\"application\/ld+json\" class=\"yoast-schema-graph\">{\"@context\":\"https:\/\/schema.org\",\"@graph\":[{\"@type\":\"WebPage\",\"@id\":\"https:\/\/www.eumedbridge.eu\/fr\/news\/le-prix-de-lassemblee-regionale-et-locale-euro-mediterraneenne-arlem-pour\/\",\"url\":\"https:\/\/www.eumedbridge.eu\/fr\/news\/le-prix-de-lassemblee-regionale-et-locale-euro-mediterraneenne-arlem-pour\/\",\"name\":\"Le prix de l'Assembl\u00e9e r\u00e9gionale et locale Euro-M\u00e9diterran\u00e9enne (ARLEM) pour les jeunes entrepreneurs - Voisins de l'UE\",\"isPartOf\":{\"@id\":\"https:\/\/www.eumedbridge.eu\/#website\"},\"datePublished\":\"2018-11-08T22:00:00+00:00\",\"dateModified\":\"2022-07-08T14:14:36+00:00\",\"breadcrumb\":{\"@id\":\"https:\/\/www.eumedbridge.eu\/fr\/news\/le-prix-de-lassemblee-regionale-et-locale-euro-mediterraneenne-arlem-pour\/#breadcrumb\"},\"inLanguage\":\"fr-FR\",\"potentialAction\":[{\"@type\":\"ReadAction\",\"target\":[\"https:\/\/www.eumedbridge.eu\/fr\/news\/le-prix-de-lassemblee-regionale-et-locale-euro-mediterraneenne-arlem-pour\/\"]}]},{\"@type\":\"BreadcrumbList\",\"@id\":\"https:\/\/www.eumedbridge.eu\/fr\/news\/le-prix-de-lassemblee-regionale-et-locale-euro-mediterraneenne-arlem-pour\/#breadcrumb\",\"itemListElement\":[{\"@type\":\"ListItem\",\"position\":1,\"name\":\"Home\",\"item\":\"https:\/\/www.eumedbridge.eu\/fr\/home-page\/\"},{\"@type\":\"ListItem\",\"position\":2,\"name\":\"Actualit\u00e9s\",\"item\":\"https:\/\/www.eumedbridge.eu\/fr\/news\/\"},{\"@type\":\"ListItem\",\"position\":3,\"name\":\"Le prix de l&rsquo;Assembl\u00e9e r\u00e9gionale et locale Euro-M\u00e9diterran\u00e9enne (ARLEM) pour les jeunes entrepreneurs\"}]},{\"@type\":\"WebSite\",\"@id\":\"https:\/\/www.eumedbridge.eu\/#website\",\"url\":\"https:\/\/www.eumedbridge.eu\/\",\"name\":\"EU Medbridge\",\"description\":\"\",\"publisher\":{\"@id\":\"https:\/\/www.eumedbridge.eu\/#organization\"},\"potentialAction\":[{\"@type\":\"SearchAction\",\"target\":{\"@type\":\"EntryPoint\",\"urlTemplate\":\"https:\/\/www.eumedbridge.eu\/?s={search_term_string}\"},\"query-input\":{\"@type\":\"PropertyValueSpecification\",\"valueRequired\":true,\"valueName\":\"search_term_string\"}}],\"inLanguage\":\"fr-FR\"},{\"@type\":\"Organization\",\"@id\":\"https:\/\/www.eumedbridge.eu\/#organization\",\"name\":\"EU Medbridge\",\"url\":\"https:\/\/www.eumedbridge.eu\/\",\"logo\":{\"@type\":\"ImageObject\",\"inLanguage\":\"fr-FR\",\"@id\":\"https:\/\/www.eumedbridge.eu\/#\/schema\/logo\/image\/\",\"url\":\"https:\/\/www.eumedbridge.eu\/wp-content\/uploads\/2021\/12\/Logo.png\",\"contentUrl\":\"https:\/\/www.eumedbridge.eu\/wp-content\/uploads\/2021\/12\/Logo.png\",\"width\":325,\"height\":114,\"caption\":\"EU Medbridge\"},\"image\":{\"@id\":\"https:\/\/www.eumedbridge.eu\/#\/schema\/logo\/image\/\"},\"sameAs\":[\"https:\/\/www.facebook.com\/eumedbridge\/\",\"https:\/\/x.com\/eumedbridge\",\"https:\/\/www.linkedin.com\/company\/eumedbridge\",\"https:\/\/www.youtube.com\/@eumedbridge\",\"https:\/\/www.instagram.com\/eumedbridge\",\"https:\/\/www.flickr.com\/photos\/euneighbours-south\/\"]}]}<\/script>\n<!-- \/ Yoast SEO plugin. -->","yoast_head_json":{"title":"Le prix de l'Assembl\u00e9e r\u00e9gionale et locale Euro-M\u00e9diterran\u00e9enne (ARLEM) pour les jeunes entrepreneurs - Voisins de l'UE","robots":{"index":"index","follow":"follow","max-snippet":"max-snippet:-1","max-image-preview":"max-image-preview:large","max-video-preview":"max-video-preview:-1"},"canonical":"https:\/\/www.eumedbridge.eu\/fr\/news\/le-prix-de-lassemblee-regionale-et-locale-euro-mediterraneenne-arlem-pour\/","og_locale":"fr_FR","og_type":"article","og_title":"Le prix de l'Assembl\u00e9e r\u00e9gionale et locale Euro-M\u00e9diterran\u00e9enne (ARLEM) pour les jeunes entrepreneurs - Voisins de l'UE","og_description":"Le d\u00e9veloppement \u00e9conomique durable est l&rsquo;une des\u00a0trois priorit\u00e9s\u00a0de l&rsquo;Assembl\u00e9e r\u00e9gionale et locale euro-m\u00e9diterran\u00e9enne (ARLEM). Conform\u00e9ment \u00e0 cette priorit\u00e9, l&rsquo;Assembl\u00e9e a d\u00e9cid\u00e9 d&rsquo;attribuer un prix \u00e0 un(e) jeune entrepreneur(e) des pays partenaires m\u00e9diterran\u00e9ens qui a b\u00e9n\u00e9fici\u00e9 du soutien de sa collectivit\u00e9 locale ou r\u00e9gionale. Cette initiative est propos\u00e9e par le prochain projet de\u00a0rapport de l&rsquo;ARLEM sur [&hellip;]","og_url":"https:\/\/www.eumedbridge.eu\/fr\/news\/le-prix-de-lassemblee-regionale-et-locale-euro-mediterraneenne-arlem-pour\/","og_site_name":"Voisins de l'UE","article_publisher":"https:\/\/www.facebook.com\/eumedbridge\/","article_modified_time":"2022-07-08T14:14:36+00:00","og_image":[{"width":683,"height":344,"url":"https:\/\/www.eumedbridge.eu\/wp-content\/uploads\/2022\/03\/Capture_1-3.jpg","type":"image\/jpeg"}],"twitter_card":"summary_large_image","twitter_site":"@eumedbridge","twitter_misc":{"Dur\u00e9e de lecture estim\u00e9e":"1 minute"},"schema":{"@context":"https:\/\/schema.org","@graph":[{"@type":"WebPage","@id":"https:\/\/www.eumedbridge.eu\/fr\/news\/le-prix-de-lassemblee-regionale-et-locale-euro-mediterraneenne-arlem-pour\/","url":"https:\/\/www.eumedbridge.eu\/fr\/news\/le-prix-de-lassemblee-regionale-et-locale-euro-mediterraneenne-arlem-pour\/","name":"Le prix de l'Assembl\u00e9e r\u00e9gionale et locale Euro-M\u00e9diterran\u00e9enne (ARLEM) pour les jeunes entrepreneurs - Voisins de l'UE","isPartOf":{"@id":"https:\/\/www.eumedbridge.eu\/#website"},"datePublished":"2018-11-08T22:00:00+00:00","dateModified":"2022-07-08T14:14:36+00:00","breadcrumb":{"@id":"https:\/\/www.eumedbridge.eu\/fr\/news\/le-prix-de-lassemblee-regionale-et-locale-euro-mediterraneenne-arlem-pour\/#breadcrumb"},"inLanguage":"fr-FR","potentialAction":[{"@type":"ReadAction","target":["https:\/\/www.eumedbridge.eu\/fr\/news\/le-prix-de-lassemblee-regionale-et-locale-euro-mediterraneenne-arlem-pour\/"]}]},{"@type":"BreadcrumbList","@id":"https:\/\/www.eumedbridge.eu\/fr\/news\/le-prix-de-lassemblee-regionale-et-locale-euro-mediterraneenne-arlem-pour\/#breadcrumb","itemListElement":[{"@type":"ListItem","position":1,"name":"Home","item":"https:\/\/www.eumedbridge.eu\/fr\/home-page\/"},{"@type":"ListItem","position":2,"name":"Actualit\u00e9s","item":"https:\/\/www.eumedbridge.eu\/fr\/news\/"},{"@type":"ListItem","position":3,"name":"Le prix de l&rsquo;Assembl\u00e9e r\u00e9gionale et locale Euro-M\u00e9diterran\u00e9enne (ARLEM) pour les jeunes entrepreneurs"}]},{"@type":"WebSite","@id":"https:\/\/www.eumedbridge.eu\/#website","url":"https:\/\/www.eumedbridge.eu\/","name":"EU Medbridge","description":"","publisher":{"@id":"https:\/\/www.eumedbridge.eu\/#organization"},"potentialAction":[{"@type":"SearchAction","target":{"@type":"EntryPoint","urlTemplate":"https:\/\/www.eumedbridge.eu\/?s={search_term_string}"},"query-input":{"@type":"PropertyValueSpecification","valueRequired":true,"valueName":"search_term_string"}}],"inLanguage":"fr-FR"},{"@type":"Organization","@id":"https:\/\/www.eumedbridge.eu\/#organization","name":"EU Medbridge","url":"https:\/\/www.eumedbridge.eu\/","logo":{"@type":"ImageObject","inLanguage":"fr-FR","@id":"https:\/\/www.eumedbridge.eu\/#\/schema\/logo\/image\/","url":"https:\/\/www.eumedbridge.eu\/wp-content\/uploads\/2021\/12\/Logo.png","contentUrl":"https:\/\/www.eumedbridge.eu\/wp-content\/uploads\/2021\/12\/Logo.png","width":325,"height":114,"caption":"EU Medbridge"},"image":{"@id":"https:\/\/www.eumedbridge.eu\/#\/schema\/logo\/image\/"},"sameAs":["https:\/\/www.facebook.com\/eumedbridge\/","https:\/\/x.com\/eumedbridge","https:\/\/www.linkedin.com\/company\/eumedbridge","https:\/\/www.youtube.com\/@eumedbridge","https:\/\/www.instagram.com\/eumedbridge","https:\/\/www.flickr.com\/photos\/euneighbours-south\/"]}]}},"_links":{"self":[{"href":"https:\/\/www.eumedbridge.eu\/fr\/wp-json\/wp\/v2\/news\/161839","targetHints":{"allow":["GET"]}}],"collection":[{"href":"https:\/\/www.eumedbridge.eu\/fr\/wp-json\/wp\/v2\/news"}],"about":[{"href":"https:\/\/www.eumedbridge.eu\/fr\/wp-json\/wp\/v2\/types\/news"}],"wp:attachment":[{"href":"https:\/\/www.eumedbridge.eu\/fr\/wp-json\/wp\/v2\/media?parent=161839"}],"wp:term":[{"taxonomy":"news_category","embeddable":true,"href":"https:\/\/www.eumedbridge.eu\/fr\/wp-json\/wp\/v2\/news_category?post=161839"},{"taxonomy":"country","embeddable":true,"href":"https:\/\/www.eumedbridge.eu\/fr\/wp-json\/wp\/v2\/country?post=161839"},{"taxonomy":"special_action","embeddable":true,"href":"https:\/\/www.eumedbridge.eu\/fr\/wp-json\/wp\/v2\/special_action?post=161839"},{"taxonomy":"custom_tag","embeddable":true,"href":"https:\/\/www.eumedbridge.eu\/fr\/wp-json\/wp\/v2\/custom_tag?post=161839"}],"curies":[{"name":"wp","href":"https:\/\/api.w.org\/{rel}","templated":true}]}}