{"id":161852,"date":"2018-11-05T00:00:00","date_gmt":"2018-11-04T22:00:00","guid":{"rendered":"http:\/\/south.euneighbours.eu\/news\/libye-lambassadeur-de-lunion-europeenne-m-bugeja-presente-ses-lettres-de-creance-au-president-du-conseil-presidentiel-m-serraj\/"},"modified":"2022-07-08T17:15:09","modified_gmt":"2022-07-08T14:15:09","slug":"libye-lambassadeur-de-lunion-europeenne-m-bugeja-presente-ses-lettres-de","status":"publish","type":"news","link":"https:\/\/www.eumedbridge.eu\/fr\/news\/libye-lambassadeur-de-lunion-europeenne-m-bugeja-presente-ses-lettres-de\/","title":{"rendered":"Libye : l\u2019ambassadeur de l\u2019Union europ\u00e9enne, M. Bugeja, pr\u00e9sente ses lettres de cr\u00e9ance au pr\u00e9sident du Conseil pr\u00e9sidentiel, M. Serraj"},"content":{"rendered":"<p>L\u2019ambassadeur Alan\u00a0Bugeja, chef de la d\u00e9l\u00e9gation de l\u2019Union europ\u00e9enne en Libye, a pr\u00e9sent\u00e9 \u00e0 Tripoli ses lettres de cr\u00e9ance \u00e0 S.E. Faiez\u00a0Mustafa\u00a0Serraj, pr\u00e9sident du Conseil pr\u00e9sidentiel du gouvernement d\u2019entente nationale de Libye.<\/p>\n<p>L\u2019ambassadeur Bugeja a \u00e9t\u00e9 chaleureusement accueilli par le pr\u00e9sident\u00a0Serraj, en pr\u00e9sence du ministre des Affaires \u00e9trang\u00e8res et de la coop\u00e9ration internationale, Mohammad\u00a0Sialla, ainsi que du directeur des affaires europ\u00e9ennes du minist\u00e8re, M. Hagi\u00a0Dhan, qui l\u2019ont inform\u00e9 des progr\u00e8s r\u00e9alis\u00e9s en vue du retour progressif de la d\u00e9l\u00e9gation de l\u2019UE \u00e0 Tripoli. Il a r\u00e9affirm\u00e9 l\u2019importance d\u2019\u00e9tablir un partenariat solide entre l\u2019Europe et la Libye, fond\u00e9 sur des liens politiques, culturels et \u00e9conomiques de longue date.<\/p>\n<p>Alan\u00a0Bugeja a pris ses nouvelles fonctions le 1er\u00a0septembre\u00a02018. De nationalit\u00e9 maltaise, il a travaill\u00e9 27\u00a0ans comme diplomate de carri\u00e8re pour son pays ainsi que pour la Commission europ\u00e9enne.<\/p>\n<p>\u00a0<\/p>\n<p><strong>Pour en savoir plus<\/strong><\/p>\n<p><a href=\"https:\/\/www.facebook.com\/EUinLibya\/posts\/1922320184517351?__xts__%5b0%5d=68.ARCM9u95rwxdrB1wNY1JFwtCnPisTpN8U1TmNIKY0QM4tAG60cRh0k9DLujXo-jk99Lo_G0Ej5ezYjUa9QDwLpRzIyf4GgVHUzb05hmO7dqMqSvuobLTwtB5-08VFgQgH2rE7UPsa153hj8hGbrt9971FgogS1SPpLo4STLiVhB90NJiaBarRbsaAxNQfQKIQkfTL_JjhOElxXnLcw3LiquWhPo&#038;__tn__=-R\">Communiqu\u00e9 de presse<\/a><\/p>\n","protected":false},"featured_media":0,"parent":0,"template":"","news_category":[],"country":[1951],"special_action":[],"custom_tag":[2313,2821],"class_list":["post-161852","news","type-news","status-publish","hentry","country-libye","custom_tag-droit-de-lhomme","custom_tag-migration-fr"],"acf":[],"yoast_head":"<!-- This site is optimized with the Yoast SEO plugin v26.5 - https:\/\/yoast.com\/wordpress\/plugins\/seo\/ -->\n<title>Libye : l\u2019ambassadeur de l\u2019Union europ\u00e9enne, M. Bugeja, pr\u00e9sente ses lettres de cr\u00e9ance au pr\u00e9sident du Conseil pr\u00e9sidentiel, M. Serraj - Voisins de l&#039;UE<\/title>\n<meta name=\"robots\" content=\"index, follow, max-snippet:-1, max-image-preview:large, max-video-preview:-1\" \/>\n<link rel=\"canonical\" href=\"https:\/\/www.eumedbridge.eu\/fr\/news\/libye-lambassadeur-de-lunion-europeenne-m-bugeja-presente-ses-lettres-de\/\" \/>\n<meta property=\"og:locale\" content=\"fr_FR\" \/>\n<meta property=\"og:type\" content=\"article\" \/>\n<meta property=\"og:title\" content=\"Libye : l\u2019ambassadeur de l\u2019Union europ\u00e9enne, M. Bugeja, pr\u00e9sente ses lettres de cr\u00e9ance au pr\u00e9sident du Conseil pr\u00e9sidentiel, M. Serraj - Voisins de l&#039;UE\" \/>\n<meta property=\"og:description\" content=\"L\u2019ambassadeur Alan\u00a0Bugeja, chef de la d\u00e9l\u00e9gation de l\u2019Union europ\u00e9enne en Libye, a pr\u00e9sent\u00e9 \u00e0 Tripoli ses lettres de cr\u00e9ance \u00e0 S.E. Faiez\u00a0Mustafa\u00a0Serraj, pr\u00e9sident du Conseil pr\u00e9sidentiel du gouvernement d\u2019entente nationale de Libye. L\u2019ambassadeur Bugeja a \u00e9t\u00e9 chaleureusement accueilli par le pr\u00e9sident\u00a0Serraj, en pr\u00e9sence du ministre des Affaires \u00e9trang\u00e8res et de la coop\u00e9ration internationale, Mohammad\u00a0Sialla, ainsi [&hellip;]\" \/>\n<meta property=\"og:url\" content=\"https:\/\/www.eumedbridge.eu\/fr\/news\/libye-lambassadeur-de-lunion-europeenne-m-bugeja-presente-ses-lettres-de\/\" \/>\n<meta property=\"og:site_name\" content=\"Voisins de l&#039;UE\" \/>\n<meta property=\"article:publisher\" content=\"https:\/\/www.facebook.com\/eumedbridge\/\" \/>\n<meta property=\"article:modified_time\" content=\"2022-07-08T14:15:09+00:00\" \/>\n<meta property=\"og:image\" content=\"https:\/\/www.eumedbridge.eu\/wp-content\/uploads\/2022\/03\/45282644_1922319457850757_3435873119816908800_n.jpg\" \/>\n\t<meta property=\"og:image:width\" content=\"960\" \/>\n\t<meta property=\"og:image:height\" content=\"680\" \/>\n\t<meta property=\"og:image:type\" content=\"image\/jpeg\" \/>\n<meta name=\"twitter:card\" content=\"summary_large_image\" \/>\n<meta name=\"twitter:site\" content=\"@eumedbridge\" \/>\n<meta name=\"twitter:label1\" content=\"Dur\u00e9e de lecture estim\u00e9e\" \/>\n\t<meta name=\"twitter:data1\" content=\"1 minute\" \/>\n<script type=\"application\/ld+json\" class=\"yoast-schema-graph\">{\"@context\":\"https:\/\/schema.org\",\"@graph\":[{\"@type\":\"WebPage\",\"@id\":\"https:\/\/www.eumedbridge.eu\/fr\/news\/libye-lambassadeur-de-lunion-europeenne-m-bugeja-presente-ses-lettres-de\/\",\"url\":\"https:\/\/www.eumedbridge.eu\/fr\/news\/libye-lambassadeur-de-lunion-europeenne-m-bugeja-presente-ses-lettres-de\/\",\"name\":\"Libye : l\u2019ambassadeur de l\u2019Union europ\u00e9enne, M. Bugeja, pr\u00e9sente ses lettres de cr\u00e9ance au pr\u00e9sident du Conseil pr\u00e9sidentiel, M. Serraj - Voisins de l'UE\",\"isPartOf\":{\"@id\":\"https:\/\/www.eumedbridge.eu\/#website\"},\"datePublished\":\"2018-11-04T22:00:00+00:00\",\"dateModified\":\"2022-07-08T14:15:09+00:00\",\"breadcrumb\":{\"@id\":\"https:\/\/www.eumedbridge.eu\/fr\/news\/libye-lambassadeur-de-lunion-europeenne-m-bugeja-presente-ses-lettres-de\/#breadcrumb\"},\"inLanguage\":\"fr-FR\",\"potentialAction\":[{\"@type\":\"ReadAction\",\"target\":[\"https:\/\/www.eumedbridge.eu\/fr\/news\/libye-lambassadeur-de-lunion-europeenne-m-bugeja-presente-ses-lettres-de\/\"]}]},{\"@type\":\"BreadcrumbList\",\"@id\":\"https:\/\/www.eumedbridge.eu\/fr\/news\/libye-lambassadeur-de-lunion-europeenne-m-bugeja-presente-ses-lettres-de\/#breadcrumb\",\"itemListElement\":[{\"@type\":\"ListItem\",\"position\":1,\"name\":\"Home\",\"item\":\"https:\/\/www.eumedbridge.eu\/fr\/home-page\/\"},{\"@type\":\"ListItem\",\"position\":2,\"name\":\"Actualit\u00e9s\",\"item\":\"https:\/\/www.eumedbridge.eu\/fr\/news\/\"},{\"@type\":\"ListItem\",\"position\":3,\"name\":\"Libye : l\u2019ambassadeur de l\u2019Union europ\u00e9enne, M. Bugeja, pr\u00e9sente ses lettres de cr\u00e9ance au pr\u00e9sident du Conseil pr\u00e9sidentiel, M. Serraj\"}]},{\"@type\":\"WebSite\",\"@id\":\"https:\/\/www.eumedbridge.eu\/#website\",\"url\":\"https:\/\/www.eumedbridge.eu\/\",\"name\":\"EU Medbridge\",\"description\":\"\",\"publisher\":{\"@id\":\"https:\/\/www.eumedbridge.eu\/#organization\"},\"potentialAction\":[{\"@type\":\"SearchAction\",\"target\":{\"@type\":\"EntryPoint\",\"urlTemplate\":\"https:\/\/www.eumedbridge.eu\/?s={search_term_string}\"},\"query-input\":{\"@type\":\"PropertyValueSpecification\",\"valueRequired\":true,\"valueName\":\"search_term_string\"}}],\"inLanguage\":\"fr-FR\"},{\"@type\":\"Organization\",\"@id\":\"https:\/\/www.eumedbridge.eu\/#organization\",\"name\":\"EU Medbridge\",\"url\":\"https:\/\/www.eumedbridge.eu\/\",\"logo\":{\"@type\":\"ImageObject\",\"inLanguage\":\"fr-FR\",\"@id\":\"https:\/\/www.eumedbridge.eu\/#\/schema\/logo\/image\/\",\"url\":\"https:\/\/www.eumedbridge.eu\/wp-content\/uploads\/2021\/12\/Logo.png\",\"contentUrl\":\"https:\/\/www.eumedbridge.eu\/wp-content\/uploads\/2021\/12\/Logo.png\",\"width\":325,\"height\":114,\"caption\":\"EU Medbridge\"},\"image\":{\"@id\":\"https:\/\/www.eumedbridge.eu\/#\/schema\/logo\/image\/\"},\"sameAs\":[\"https:\/\/www.facebook.com\/eumedbridge\/\",\"https:\/\/x.com\/eumedbridge\",\"https:\/\/www.linkedin.com\/company\/eumedbridge\",\"https:\/\/www.youtube.com\/@eumedbridge\",\"https:\/\/www.instagram.com\/eumedbridge\",\"https:\/\/www.flickr.com\/photos\/euneighbours-south\/\"]}]}<\/script>\n<!-- \/ Yoast SEO plugin. -->","yoast_head_json":{"title":"Libye : l\u2019ambassadeur de l\u2019Union europ\u00e9enne, M. Bugeja, pr\u00e9sente ses lettres de cr\u00e9ance au pr\u00e9sident du Conseil pr\u00e9sidentiel, M. Serraj - Voisins de l'UE","robots":{"index":"index","follow":"follow","max-snippet":"max-snippet:-1","max-image-preview":"max-image-preview:large","max-video-preview":"max-video-preview:-1"},"canonical":"https:\/\/www.eumedbridge.eu\/fr\/news\/libye-lambassadeur-de-lunion-europeenne-m-bugeja-presente-ses-lettres-de\/","og_locale":"fr_FR","og_type":"article","og_title":"Libye : l\u2019ambassadeur de l\u2019Union europ\u00e9enne, M. Bugeja, pr\u00e9sente ses lettres de cr\u00e9ance au pr\u00e9sident du Conseil pr\u00e9sidentiel, M. Serraj - Voisins de l'UE","og_description":"L\u2019ambassadeur Alan\u00a0Bugeja, chef de la d\u00e9l\u00e9gation de l\u2019Union europ\u00e9enne en Libye, a pr\u00e9sent\u00e9 \u00e0 Tripoli ses lettres de cr\u00e9ance \u00e0 S.E. Faiez\u00a0Mustafa\u00a0Serraj, pr\u00e9sident du Conseil pr\u00e9sidentiel du gouvernement d\u2019entente nationale de Libye. L\u2019ambassadeur Bugeja a \u00e9t\u00e9 chaleureusement accueilli par le pr\u00e9sident\u00a0Serraj, en pr\u00e9sence du ministre des Affaires \u00e9trang\u00e8res et de la coop\u00e9ration internationale, Mohammad\u00a0Sialla, ainsi [&hellip;]","og_url":"https:\/\/www.eumedbridge.eu\/fr\/news\/libye-lambassadeur-de-lunion-europeenne-m-bugeja-presente-ses-lettres-de\/","og_site_name":"Voisins de l'UE","article_publisher":"https:\/\/www.facebook.com\/eumedbridge\/","article_modified_time":"2022-07-08T14:15:09+00:00","og_image":[{"width":960,"height":680,"url":"https:\/\/www.eumedbridge.eu\/wp-content\/uploads\/2022\/03\/45282644_1922319457850757_3435873119816908800_n.jpg","type":"image\/jpeg"}],"twitter_card":"summary_large_image","twitter_site":"@eumedbridge","twitter_misc":{"Dur\u00e9e de lecture estim\u00e9e":"1 minute"},"schema":{"@context":"https:\/\/schema.org","@graph":[{"@type":"WebPage","@id":"https:\/\/www.eumedbridge.eu\/fr\/news\/libye-lambassadeur-de-lunion-europeenne-m-bugeja-presente-ses-lettres-de\/","url":"https:\/\/www.eumedbridge.eu\/fr\/news\/libye-lambassadeur-de-lunion-europeenne-m-bugeja-presente-ses-lettres-de\/","name":"Libye : l\u2019ambassadeur de l\u2019Union europ\u00e9enne, M. Bugeja, pr\u00e9sente ses lettres de cr\u00e9ance au pr\u00e9sident du Conseil pr\u00e9sidentiel, M. Serraj - Voisins de l'UE","isPartOf":{"@id":"https:\/\/www.eumedbridge.eu\/#website"},"datePublished":"2018-11-04T22:00:00+00:00","dateModified":"2022-07-08T14:15:09+00:00","breadcrumb":{"@id":"https:\/\/www.eumedbridge.eu\/fr\/news\/libye-lambassadeur-de-lunion-europeenne-m-bugeja-presente-ses-lettres-de\/#breadcrumb"},"inLanguage":"fr-FR","potentialAction":[{"@type":"ReadAction","target":["https:\/\/www.eumedbridge.eu\/fr\/news\/libye-lambassadeur-de-lunion-europeenne-m-bugeja-presente-ses-lettres-de\/"]}]},{"@type":"BreadcrumbList","@id":"https:\/\/www.eumedbridge.eu\/fr\/news\/libye-lambassadeur-de-lunion-europeenne-m-bugeja-presente-ses-lettres-de\/#breadcrumb","itemListElement":[{"@type":"ListItem","position":1,"name":"Home","item":"https:\/\/www.eumedbridge.eu\/fr\/home-page\/"},{"@type":"ListItem","position":2,"name":"Actualit\u00e9s","item":"https:\/\/www.eumedbridge.eu\/fr\/news\/"},{"@type":"ListItem","position":3,"name":"Libye : l\u2019ambassadeur de l\u2019Union europ\u00e9enne, M. Bugeja, pr\u00e9sente ses lettres de cr\u00e9ance au pr\u00e9sident du Conseil pr\u00e9sidentiel, M. Serraj"}]},{"@type":"WebSite","@id":"https:\/\/www.eumedbridge.eu\/#website","url":"https:\/\/www.eumedbridge.eu\/","name":"EU Medbridge","description":"","publisher":{"@id":"https:\/\/www.eumedbridge.eu\/#organization"},"potentialAction":[{"@type":"SearchAction","target":{"@type":"EntryPoint","urlTemplate":"https:\/\/www.eumedbridge.eu\/?s={search_term_string}"},"query-input":{"@type":"PropertyValueSpecification","valueRequired":true,"valueName":"search_term_string"}}],"inLanguage":"fr-FR"},{"@type":"Organization","@id":"https:\/\/www.eumedbridge.eu\/#organization","name":"EU Medbridge","url":"https:\/\/www.eumedbridge.eu\/","logo":{"@type":"ImageObject","inLanguage":"fr-FR","@id":"https:\/\/www.eumedbridge.eu\/#\/schema\/logo\/image\/","url":"https:\/\/www.eumedbridge.eu\/wp-content\/uploads\/2021\/12\/Logo.png","contentUrl":"https:\/\/www.eumedbridge.eu\/wp-content\/uploads\/2021\/12\/Logo.png","width":325,"height":114,"caption":"EU Medbridge"},"image":{"@id":"https:\/\/www.eumedbridge.eu\/#\/schema\/logo\/image\/"},"sameAs":["https:\/\/www.facebook.com\/eumedbridge\/","https:\/\/x.com\/eumedbridge","https:\/\/www.linkedin.com\/company\/eumedbridge","https:\/\/www.youtube.com\/@eumedbridge","https:\/\/www.instagram.com\/eumedbridge","https:\/\/www.flickr.com\/photos\/euneighbours-south\/"]}]}},"_links":{"self":[{"href":"https:\/\/www.eumedbridge.eu\/fr\/wp-json\/wp\/v2\/news\/161852","targetHints":{"allow":["GET"]}}],"collection":[{"href":"https:\/\/www.eumedbridge.eu\/fr\/wp-json\/wp\/v2\/news"}],"about":[{"href":"https:\/\/www.eumedbridge.eu\/fr\/wp-json\/wp\/v2\/types\/news"}],"wp:attachment":[{"href":"https:\/\/www.eumedbridge.eu\/fr\/wp-json\/wp\/v2\/media?parent=161852"}],"wp:term":[{"taxonomy":"news_category","embeddable":true,"href":"https:\/\/www.eumedbridge.eu\/fr\/wp-json\/wp\/v2\/news_category?post=161852"},{"taxonomy":"country","embeddable":true,"href":"https:\/\/www.eumedbridge.eu\/fr\/wp-json\/wp\/v2\/country?post=161852"},{"taxonomy":"special_action","embeddable":true,"href":"https:\/\/www.eumedbridge.eu\/fr\/wp-json\/wp\/v2\/special_action?post=161852"},{"taxonomy":"custom_tag","embeddable":true,"href":"https:\/\/www.eumedbridge.eu\/fr\/wp-json\/wp\/v2\/custom_tag?post=161852"}],"curies":[{"name":"wp","href":"https:\/\/api.w.org\/{rel}","templated":true}]}}