{"id":161964,"date":"2018-10-05T00:00:00","date_gmt":"2018-10-04T21:00:00","guid":{"rendered":"http:\/\/south.euneighbours.eu\/news\/le-conseil-de-leurope-organise-une-formation-en-matiere-de-cybercriminalite-et-de-preuve-electronique-a-rabat\/"},"modified":"2022-07-08T17:20:24","modified_gmt":"2022-07-08T14:20:24","slug":"le-conseil-de-leurope-organise-une-formation-en-matiere-de","status":"publish","type":"news","link":"https:\/\/www.eumedbridge.eu\/fr\/news\/le-conseil-de-leurope-organise-une-formation-en-matiere-de\/","title":{"rendered":"Le Conseil de l\u2019Europe organise une formation en mati\u00e8re de cybercriminalit\u00e9 et de preuve \u00e9lectronique \u00e0 Rabat"},"content":{"rendered":"<p style=\"margin: 0cm 0cm 8pt;\"><span style=\"font-size: 14pt;\"><span style=\"line-height: 107%;\"><font color=\"#000000\"><font face=\"Calibri\">L\u2019Institut Sup\u00e9rieur de la Magistrature de Rabat et le Conseil de l\u2019Europe, dans le cadre du projet CyberSud, organisent du 2 au 5 octobre 2018, une formation avanc\u00e9e en mati\u00e8re de cybercriminalit\u00e9 et de preuve \u00e9lectronique \u00e0 l\u2019Institut Sup\u00e9rieur de la magistrature \u00e0 Rabat.<\/font><\/font><\/span><\/span><\/p>\n<p style=\"margin: 0cm 0cm 8pt;\"><span style=\"font-size: 14pt;\"><span style=\"line-height: 107%;\"><font color=\"#000000\"><font face=\"Calibri\">Le projet joint de l&rsquo;Union europ\u00e9enne et du Conseil de l&rsquo;Europe, CyberSud, sur la coop\u00e9ration en mati\u00e8re de cybercriminalit\u00e9 dans les pays du voisinage sud, a parmi ses objectifs de renforcer les capacit\u00e9s des magistrats dans le traitement des affaires de cybercriminalit\u00e9 ou impliquant la preuve \u00e9lectronique.<\/font><\/font><\/span><\/span><\/p>\n<p style=\"margin: 0cm 0cm 8pt;\"><span style=\"font-size: 14pt;\"><span style=\"line-height: 107%;\"><font color=\"#000000\"><font face=\"Calibri\">Un autre objectif est de renforcer la l\u00e9gislation et les capacit\u00e9s institutionnelles des autorit\u00e9s comp\u00e9tentes, le Minist\u00e8re de la Justice, le Minist\u00e8re de l\u2019Int\u00e9rieure, le Minist\u00e8re des Affaires \u00c9trang\u00e8res et la police judiciaire, en mati\u00e8re de cybercriminalit\u00e9 et de preuve \u00e9lectronique dans la r\u00e9gion du Voisinage Sud.<\/font><\/font><\/span><\/span><\/p>\n<p style=\"margin: 0cm 0cm 8pt;\"><span style=\"font-size: 14pt;\"><span style=\"line-height: 107%;\"><font color=\"#000000\"><font face=\"Calibri\">Les premiers pays prioritaires sont l&rsquo;Alg\u00e9rie, la Jordanie, le Liban, le Maroc et la Tunisie. Le projet a une dur\u00e9e de trois ans, un budget approximatif de 36 millions de dirhams et est mis en \u0153uvre par le Conseil de l&rsquo;Europe.<\/font><\/font><\/span><\/span><\/p>\n<p style=\"margin: 0cm 0cm 8pt;\"><span style=\"font-size: 14pt;\"><span style=\"line-height: 107%;\"><font face=\"Calibri\"><font color=\"#000000\">\u00a0<b>Pour en savoir plus<\/b><\/font><\/font><\/span><\/span><\/p>\n<p style=\"margin: 0cm 0cm 8pt;\"><span style=\"font-size: 14pt;\"><span style=\"line-height: 107%;\"><a href=\"https:\/\/www.coe.int\/fr\/web\/cybercrime\/cybersouth\"><font color=\"#0563c1\"><font face=\"Calibri\">\u00a0CyberSud<\/font><\/font><\/a><\/span><\/span><\/p>\n","protected":false},"featured_media":0,"parent":0,"template":"","news_category":[],"country":[1953],"special_action":[],"custom_tag":[2313,1897,2821],"class_list":["post-161964","news","type-news","status-publish","hentry","country-maroc","custom_tag-droit-de-lhomme","custom_tag-medias","custom_tag-migration-fr"],"acf":[],"yoast_head":"<!-- This site is optimized with the Yoast SEO plugin v26.5 - https:\/\/yoast.com\/wordpress\/plugins\/seo\/ -->\n<title>Le Conseil de l\u2019Europe organise une formation en mati\u00e8re de cybercriminalit\u00e9 et de preuve \u00e9lectronique \u00e0 Rabat - Voisins de l&#039;UE<\/title>\n<meta name=\"robots\" content=\"index, follow, max-snippet:-1, max-image-preview:large, max-video-preview:-1\" \/>\n<link rel=\"canonical\" href=\"https:\/\/www.eumedbridge.eu\/fr\/news\/le-conseil-de-leurope-organise-une-formation-en-matiere-de\/\" \/>\n<meta property=\"og:locale\" content=\"fr_FR\" \/>\n<meta property=\"og:type\" content=\"article\" \/>\n<meta property=\"og:title\" content=\"Le Conseil de l\u2019Europe organise une formation en mati\u00e8re de cybercriminalit\u00e9 et de preuve \u00e9lectronique \u00e0 Rabat - Voisins de l&#039;UE\" \/>\n<meta property=\"og:description\" content=\"L\u2019Institut Sup\u00e9rieur de la Magistrature de Rabat et le Conseil de l\u2019Europe, dans le cadre du projet CyberSud, organisent du 2 au 5 octobre 2018, une formation avanc\u00e9e en mati\u00e8re de cybercriminalit\u00e9 et de preuve \u00e9lectronique \u00e0 l\u2019Institut Sup\u00e9rieur de la magistrature \u00e0 Rabat. Le projet joint de l&rsquo;Union europ\u00e9enne et du Conseil de l&rsquo;Europe, [&hellip;]\" \/>\n<meta property=\"og:url\" content=\"https:\/\/www.eumedbridge.eu\/fr\/news\/le-conseil-de-leurope-organise-une-formation-en-matiere-de\/\" \/>\n<meta property=\"og:site_name\" content=\"Voisins de l&#039;UE\" \/>\n<meta property=\"article:publisher\" content=\"https:\/\/www.facebook.com\/eumedbridge\/\" \/>\n<meta property=\"article:modified_time\" content=\"2022-07-08T14:20:24+00:00\" \/>\n<meta property=\"og:image\" content=\"https:\/\/www.eumedbridge.eu\/wp-content\/uploads\/2022\/03\/cybersudok.png\" \/>\n\t<meta property=\"og:image:width\" content=\"500\" \/>\n\t<meta property=\"og:image:height\" content=\"270\" \/>\n\t<meta property=\"og:image:type\" content=\"image\/png\" \/>\n<meta name=\"twitter:card\" content=\"summary_large_image\" \/>\n<meta name=\"twitter:site\" content=\"@eumedbridge\" \/>\n<meta name=\"twitter:label1\" content=\"Dur\u00e9e de lecture estim\u00e9e\" \/>\n\t<meta name=\"twitter:data1\" content=\"1 minute\" \/>\n<script type=\"application\/ld+json\" class=\"yoast-schema-graph\">{\"@context\":\"https:\/\/schema.org\",\"@graph\":[{\"@type\":\"WebPage\",\"@id\":\"https:\/\/www.eumedbridge.eu\/fr\/news\/le-conseil-de-leurope-organise-une-formation-en-matiere-de\/\",\"url\":\"https:\/\/www.eumedbridge.eu\/fr\/news\/le-conseil-de-leurope-organise-une-formation-en-matiere-de\/\",\"name\":\"Le Conseil de l\u2019Europe organise une formation en mati\u00e8re de cybercriminalit\u00e9 et de preuve \u00e9lectronique \u00e0 Rabat - Voisins de l'UE\",\"isPartOf\":{\"@id\":\"https:\/\/www.eumedbridge.eu\/#website\"},\"datePublished\":\"2018-10-04T21:00:00+00:00\",\"dateModified\":\"2022-07-08T14:20:24+00:00\",\"breadcrumb\":{\"@id\":\"https:\/\/www.eumedbridge.eu\/fr\/news\/le-conseil-de-leurope-organise-une-formation-en-matiere-de\/#breadcrumb\"},\"inLanguage\":\"fr-FR\",\"potentialAction\":[{\"@type\":\"ReadAction\",\"target\":[\"https:\/\/www.eumedbridge.eu\/fr\/news\/le-conseil-de-leurope-organise-une-formation-en-matiere-de\/\"]}]},{\"@type\":\"BreadcrumbList\",\"@id\":\"https:\/\/www.eumedbridge.eu\/fr\/news\/le-conseil-de-leurope-organise-une-formation-en-matiere-de\/#breadcrumb\",\"itemListElement\":[{\"@type\":\"ListItem\",\"position\":1,\"name\":\"Home\",\"item\":\"https:\/\/www.eumedbridge.eu\/fr\/home-page\/\"},{\"@type\":\"ListItem\",\"position\":2,\"name\":\"Actualit\u00e9s\",\"item\":\"https:\/\/www.eumedbridge.eu\/fr\/news\/\"},{\"@type\":\"ListItem\",\"position\":3,\"name\":\"Le Conseil de l\u2019Europe organise une formation en mati\u00e8re de cybercriminalit\u00e9 et de preuve \u00e9lectronique \u00e0 Rabat\"}]},{\"@type\":\"WebSite\",\"@id\":\"https:\/\/www.eumedbridge.eu\/#website\",\"url\":\"https:\/\/www.eumedbridge.eu\/\",\"name\":\"EU Medbridge\",\"description\":\"\",\"publisher\":{\"@id\":\"https:\/\/www.eumedbridge.eu\/#organization\"},\"potentialAction\":[{\"@type\":\"SearchAction\",\"target\":{\"@type\":\"EntryPoint\",\"urlTemplate\":\"https:\/\/www.eumedbridge.eu\/?s={search_term_string}\"},\"query-input\":{\"@type\":\"PropertyValueSpecification\",\"valueRequired\":true,\"valueName\":\"search_term_string\"}}],\"inLanguage\":\"fr-FR\"},{\"@type\":\"Organization\",\"@id\":\"https:\/\/www.eumedbridge.eu\/#organization\",\"name\":\"EU Medbridge\",\"url\":\"https:\/\/www.eumedbridge.eu\/\",\"logo\":{\"@type\":\"ImageObject\",\"inLanguage\":\"fr-FR\",\"@id\":\"https:\/\/www.eumedbridge.eu\/#\/schema\/logo\/image\/\",\"url\":\"https:\/\/www.eumedbridge.eu\/wp-content\/uploads\/2021\/12\/Logo.png\",\"contentUrl\":\"https:\/\/www.eumedbridge.eu\/wp-content\/uploads\/2021\/12\/Logo.png\",\"width\":325,\"height\":114,\"caption\":\"EU Medbridge\"},\"image\":{\"@id\":\"https:\/\/www.eumedbridge.eu\/#\/schema\/logo\/image\/\"},\"sameAs\":[\"https:\/\/www.facebook.com\/eumedbridge\/\",\"https:\/\/x.com\/eumedbridge\",\"https:\/\/www.linkedin.com\/company\/eumedbridge\",\"https:\/\/www.youtube.com\/@eumedbridge\",\"https:\/\/www.instagram.com\/eumedbridge\",\"https:\/\/www.flickr.com\/photos\/euneighbours-south\/\"]}]}<\/script>\n<!-- \/ Yoast SEO plugin. -->","yoast_head_json":{"title":"Le Conseil de l\u2019Europe organise une formation en mati\u00e8re de cybercriminalit\u00e9 et de preuve \u00e9lectronique \u00e0 Rabat - Voisins de l'UE","robots":{"index":"index","follow":"follow","max-snippet":"max-snippet:-1","max-image-preview":"max-image-preview:large","max-video-preview":"max-video-preview:-1"},"canonical":"https:\/\/www.eumedbridge.eu\/fr\/news\/le-conseil-de-leurope-organise-une-formation-en-matiere-de\/","og_locale":"fr_FR","og_type":"article","og_title":"Le Conseil de l\u2019Europe organise une formation en mati\u00e8re de cybercriminalit\u00e9 et de preuve \u00e9lectronique \u00e0 Rabat - Voisins de l'UE","og_description":"L\u2019Institut Sup\u00e9rieur de la Magistrature de Rabat et le Conseil de l\u2019Europe, dans le cadre du projet CyberSud, organisent du 2 au 5 octobre 2018, une formation avanc\u00e9e en mati\u00e8re de cybercriminalit\u00e9 et de preuve \u00e9lectronique \u00e0 l\u2019Institut Sup\u00e9rieur de la magistrature \u00e0 Rabat. Le projet joint de l&rsquo;Union europ\u00e9enne et du Conseil de l&rsquo;Europe, [&hellip;]","og_url":"https:\/\/www.eumedbridge.eu\/fr\/news\/le-conseil-de-leurope-organise-une-formation-en-matiere-de\/","og_site_name":"Voisins de l'UE","article_publisher":"https:\/\/www.facebook.com\/eumedbridge\/","article_modified_time":"2022-07-08T14:20:24+00:00","og_image":[{"width":500,"height":270,"url":"https:\/\/www.eumedbridge.eu\/wp-content\/uploads\/2022\/03\/cybersudok.png","type":"image\/png"}],"twitter_card":"summary_large_image","twitter_site":"@eumedbridge","twitter_misc":{"Dur\u00e9e de lecture estim\u00e9e":"1 minute"},"schema":{"@context":"https:\/\/schema.org","@graph":[{"@type":"WebPage","@id":"https:\/\/www.eumedbridge.eu\/fr\/news\/le-conseil-de-leurope-organise-une-formation-en-matiere-de\/","url":"https:\/\/www.eumedbridge.eu\/fr\/news\/le-conseil-de-leurope-organise-une-formation-en-matiere-de\/","name":"Le Conseil de l\u2019Europe organise une formation en mati\u00e8re de cybercriminalit\u00e9 et de preuve \u00e9lectronique \u00e0 Rabat - Voisins de l'UE","isPartOf":{"@id":"https:\/\/www.eumedbridge.eu\/#website"},"datePublished":"2018-10-04T21:00:00+00:00","dateModified":"2022-07-08T14:20:24+00:00","breadcrumb":{"@id":"https:\/\/www.eumedbridge.eu\/fr\/news\/le-conseil-de-leurope-organise-une-formation-en-matiere-de\/#breadcrumb"},"inLanguage":"fr-FR","potentialAction":[{"@type":"ReadAction","target":["https:\/\/www.eumedbridge.eu\/fr\/news\/le-conseil-de-leurope-organise-une-formation-en-matiere-de\/"]}]},{"@type":"BreadcrumbList","@id":"https:\/\/www.eumedbridge.eu\/fr\/news\/le-conseil-de-leurope-organise-une-formation-en-matiere-de\/#breadcrumb","itemListElement":[{"@type":"ListItem","position":1,"name":"Home","item":"https:\/\/www.eumedbridge.eu\/fr\/home-page\/"},{"@type":"ListItem","position":2,"name":"Actualit\u00e9s","item":"https:\/\/www.eumedbridge.eu\/fr\/news\/"},{"@type":"ListItem","position":3,"name":"Le Conseil de l\u2019Europe organise une formation en mati\u00e8re de cybercriminalit\u00e9 et de preuve \u00e9lectronique \u00e0 Rabat"}]},{"@type":"WebSite","@id":"https:\/\/www.eumedbridge.eu\/#website","url":"https:\/\/www.eumedbridge.eu\/","name":"EU Medbridge","description":"","publisher":{"@id":"https:\/\/www.eumedbridge.eu\/#organization"},"potentialAction":[{"@type":"SearchAction","target":{"@type":"EntryPoint","urlTemplate":"https:\/\/www.eumedbridge.eu\/?s={search_term_string}"},"query-input":{"@type":"PropertyValueSpecification","valueRequired":true,"valueName":"search_term_string"}}],"inLanguage":"fr-FR"},{"@type":"Organization","@id":"https:\/\/www.eumedbridge.eu\/#organization","name":"EU Medbridge","url":"https:\/\/www.eumedbridge.eu\/","logo":{"@type":"ImageObject","inLanguage":"fr-FR","@id":"https:\/\/www.eumedbridge.eu\/#\/schema\/logo\/image\/","url":"https:\/\/www.eumedbridge.eu\/wp-content\/uploads\/2021\/12\/Logo.png","contentUrl":"https:\/\/www.eumedbridge.eu\/wp-content\/uploads\/2021\/12\/Logo.png","width":325,"height":114,"caption":"EU Medbridge"},"image":{"@id":"https:\/\/www.eumedbridge.eu\/#\/schema\/logo\/image\/"},"sameAs":["https:\/\/www.facebook.com\/eumedbridge\/","https:\/\/x.com\/eumedbridge","https:\/\/www.linkedin.com\/company\/eumedbridge","https:\/\/www.youtube.com\/@eumedbridge","https:\/\/www.instagram.com\/eumedbridge","https:\/\/www.flickr.com\/photos\/euneighbours-south\/"]}]}},"_links":{"self":[{"href":"https:\/\/www.eumedbridge.eu\/fr\/wp-json\/wp\/v2\/news\/161964","targetHints":{"allow":["GET"]}}],"collection":[{"href":"https:\/\/www.eumedbridge.eu\/fr\/wp-json\/wp\/v2\/news"}],"about":[{"href":"https:\/\/www.eumedbridge.eu\/fr\/wp-json\/wp\/v2\/types\/news"}],"wp:attachment":[{"href":"https:\/\/www.eumedbridge.eu\/fr\/wp-json\/wp\/v2\/media?parent=161964"}],"wp:term":[{"taxonomy":"news_category","embeddable":true,"href":"https:\/\/www.eumedbridge.eu\/fr\/wp-json\/wp\/v2\/news_category?post=161964"},{"taxonomy":"country","embeddable":true,"href":"https:\/\/www.eumedbridge.eu\/fr\/wp-json\/wp\/v2\/country?post=161964"},{"taxonomy":"special_action","embeddable":true,"href":"https:\/\/www.eumedbridge.eu\/fr\/wp-json\/wp\/v2\/special_action?post=161964"},{"taxonomy":"custom_tag","embeddable":true,"href":"https:\/\/www.eumedbridge.eu\/fr\/wp-json\/wp\/v2\/custom_tag?post=161964"}],"curies":[{"name":"wp","href":"https:\/\/api.w.org\/{rel}","templated":true}]}}