{"id":161971,"date":"2018-10-03T00:00:00","date_gmt":"2018-10-02T21:00:00","guid":{"rendered":"http:\/\/south.euneighbours.eu\/news\/algerie-seminaire-de-lancement-dun-programme-finance-par-lue-pour-soutenir-linsertion-et-la-formation-des-jeunes\/"},"modified":"2022-07-08T17:20:43","modified_gmt":"2022-07-08T14:20:43","slug":"algerie-seminaire-de-lancement-dun-programme-finance-par-lue-pour-soutenir","status":"publish","type":"news","link":"https:\/\/www.eumedbridge.eu\/fr\/news\/algerie-seminaire-de-lancement-dun-programme-finance-par-lue-pour-soutenir\/","title":{"rendered":"Alg\u00e9rie : S\u00e9minaire de lancement d\u2019un programme financ\u00e9 par l\u2019UE pour soutenir l\u2019insertion et la formation des jeunes"},"content":{"rendered":"<p><span><span><span><span>Le Programme d\u2019Appui \u00e0 l\u2019Ad\u00e9quation Formation-Emploi et Qualification (AFEQ), co-financ\u00e9 par l\u2019Union europ\u00e9enne, organise le 04 octobre \u00e0 S\u00e9tif un s\u00e9minaire r\u00e9gional de restitution de l\u2019analyse du march\u00e9 du travail et d\u2019identification des secteurs \u00e9conomiques prioritaires de la Wilaya.<\/span><\/span><\/span><\/span><\/p>\n<p><span><span><span><span>Ce s\u00e9minaire, qui se veut un lieu d&rsquo;\u00e9change et de partage d&rsquo;exp\u00e9riences, permettra de pr\u00e9senter aux diff\u00e9rents acteurs et partenaires les principaux r\u00e9sultats issus de l\u2019analyse du march\u00e9 de l\u2019emploi et de l\u2019identification des secteurs \u00e9conomiques porteurs et prioritaires qui ont \u00e9t\u00e9 conduites depuis le mois de Mai 2018.<\/span><\/span><\/span><\/span><\/p>\n<p><span><span><span><span>Ce programme est co-financ\u00e9 par l\u2019Union europ\u00e9enne (10 millions d\u2019euros) et le gouvernement alg\u00e9rien (1 million d\u2019euros). Il a comme objectif d\u2019assurer une meilleure ad\u00e9quation entre la formation et l\u2019emploi par une plus grande implication des entreprises et des secteurs \u00e9conomiques dans la formation et l\u2019insertion des jeunes.<\/span> Sa dur\u00e9e op\u00e9rationnelle est de 36 mois.<\/span><\/span><\/span><\/p>\n<p>\u00a0<\/p>\n<p><span><span><span><strong><span>Pour en savoir plus<\/span><\/strong><\/span><\/span><\/span><\/p>\n<p><span><span><span><span><span><a href=\"https:\/\/eeas.europa.eu\/delegations\/algeria\/51579\/programme-afeq-s\u00e9minaire-r\u00e9gional-le-4-octobre-\u00e0-s\u00e9tif_fr\">Communiqu\u00e9 de presse<\/a><\/span><\/span><\/span><\/span><\/span><\/p>\n","protected":false},"featured_media":0,"parent":0,"template":"","news_category":[],"country":[1946],"special_action":[],"custom_tag":[2312,2817,2315,1970],"class_list":["post-161971","news","type-news","status-publish","hentry","country-algerie","custom_tag-developpement-durable","custom_tag-education-fr","custom_tag-emploi-et-entrpreuneuriat","custom_tag-jeunesse"],"acf":[],"yoast_head":"<!-- This site is optimized with the Yoast SEO plugin v26.5 - https:\/\/yoast.com\/wordpress\/plugins\/seo\/ -->\n<title>Alg\u00e9rie : S\u00e9minaire de lancement d\u2019un programme financ\u00e9 par l\u2019UE pour soutenir l\u2019insertion et la formation des jeunes - Voisins de l&#039;UE<\/title>\n<meta name=\"robots\" content=\"index, follow, max-snippet:-1, max-image-preview:large, max-video-preview:-1\" \/>\n<link rel=\"canonical\" href=\"https:\/\/www.eumedbridge.eu\/fr\/news\/algerie-seminaire-de-lancement-dun-programme-finance-par-lue-pour-soutenir\/\" \/>\n<meta property=\"og:locale\" content=\"fr_FR\" \/>\n<meta property=\"og:type\" content=\"article\" \/>\n<meta property=\"og:title\" content=\"Alg\u00e9rie : S\u00e9minaire de lancement d\u2019un programme financ\u00e9 par l\u2019UE pour soutenir l\u2019insertion et la formation des jeunes - Voisins de l&#039;UE\" \/>\n<meta property=\"og:description\" content=\"Le Programme d\u2019Appui \u00e0 l\u2019Ad\u00e9quation Formation-Emploi et Qualification (AFEQ), co-financ\u00e9 par l\u2019Union europ\u00e9enne, organise le 04 octobre \u00e0 S\u00e9tif un s\u00e9minaire r\u00e9gional de restitution de l\u2019analyse du march\u00e9 du travail et d\u2019identification des secteurs \u00e9conomiques prioritaires de la Wilaya. Ce s\u00e9minaire, qui se veut un lieu d&rsquo;\u00e9change et de partage d&rsquo;exp\u00e9riences, permettra de pr\u00e9senter aux [&hellip;]\" \/>\n<meta property=\"og:url\" content=\"https:\/\/www.eumedbridge.eu\/fr\/news\/algerie-seminaire-de-lancement-dun-programme-finance-par-lue-pour-soutenir\/\" \/>\n<meta property=\"og:site_name\" content=\"Voisins de l&#039;UE\" \/>\n<meta property=\"article:publisher\" content=\"https:\/\/www.facebook.com\/eumedbridge\/\" \/>\n<meta property=\"article:modified_time\" content=\"2022-07-08T14:20:43+00:00\" \/>\n<meta property=\"og:image\" content=\"https:\/\/www.eumedbridge.eu\/wp-content\/uploads\/2022\/03\/photo-AFEQ.jpg\" \/>\n\t<meta property=\"og:image:width\" content=\"585\" \/>\n\t<meta property=\"og:image:height\" content=\"589\" \/>\n\t<meta property=\"og:image:type\" content=\"image\/jpeg\" \/>\n<meta name=\"twitter:card\" content=\"summary_large_image\" \/>\n<meta name=\"twitter:site\" content=\"@eumedbridge\" \/>\n<meta name=\"twitter:label1\" content=\"Dur\u00e9e de lecture estim\u00e9e\" \/>\n\t<meta name=\"twitter:data1\" content=\"1 minute\" \/>\n<script type=\"application\/ld+json\" class=\"yoast-schema-graph\">{\"@context\":\"https:\/\/schema.org\",\"@graph\":[{\"@type\":\"WebPage\",\"@id\":\"https:\/\/www.eumedbridge.eu\/fr\/news\/algerie-seminaire-de-lancement-dun-programme-finance-par-lue-pour-soutenir\/\",\"url\":\"https:\/\/www.eumedbridge.eu\/fr\/news\/algerie-seminaire-de-lancement-dun-programme-finance-par-lue-pour-soutenir\/\",\"name\":\"Alg\u00e9rie : S\u00e9minaire de lancement d\u2019un programme financ\u00e9 par l\u2019UE pour soutenir l\u2019insertion et la formation des jeunes - Voisins de l'UE\",\"isPartOf\":{\"@id\":\"https:\/\/www.eumedbridge.eu\/#website\"},\"datePublished\":\"2018-10-02T21:00:00+00:00\",\"dateModified\":\"2022-07-08T14:20:43+00:00\",\"breadcrumb\":{\"@id\":\"https:\/\/www.eumedbridge.eu\/fr\/news\/algerie-seminaire-de-lancement-dun-programme-finance-par-lue-pour-soutenir\/#breadcrumb\"},\"inLanguage\":\"fr-FR\",\"potentialAction\":[{\"@type\":\"ReadAction\",\"target\":[\"https:\/\/www.eumedbridge.eu\/fr\/news\/algerie-seminaire-de-lancement-dun-programme-finance-par-lue-pour-soutenir\/\"]}]},{\"@type\":\"BreadcrumbList\",\"@id\":\"https:\/\/www.eumedbridge.eu\/fr\/news\/algerie-seminaire-de-lancement-dun-programme-finance-par-lue-pour-soutenir\/#breadcrumb\",\"itemListElement\":[{\"@type\":\"ListItem\",\"position\":1,\"name\":\"Home\",\"item\":\"https:\/\/www.eumedbridge.eu\/fr\/home-page\/\"},{\"@type\":\"ListItem\",\"position\":2,\"name\":\"Actualit\u00e9s\",\"item\":\"https:\/\/www.eumedbridge.eu\/fr\/news\/\"},{\"@type\":\"ListItem\",\"position\":3,\"name\":\"Alg\u00e9rie : S\u00e9minaire de lancement d\u2019un programme financ\u00e9 par l\u2019UE pour soutenir l\u2019insertion et la formation des jeunes\"}]},{\"@type\":\"WebSite\",\"@id\":\"https:\/\/www.eumedbridge.eu\/#website\",\"url\":\"https:\/\/www.eumedbridge.eu\/\",\"name\":\"EU Medbridge\",\"description\":\"\",\"publisher\":{\"@id\":\"https:\/\/www.eumedbridge.eu\/#organization\"},\"potentialAction\":[{\"@type\":\"SearchAction\",\"target\":{\"@type\":\"EntryPoint\",\"urlTemplate\":\"https:\/\/www.eumedbridge.eu\/?s={search_term_string}\"},\"query-input\":{\"@type\":\"PropertyValueSpecification\",\"valueRequired\":true,\"valueName\":\"search_term_string\"}}],\"inLanguage\":\"fr-FR\"},{\"@type\":\"Organization\",\"@id\":\"https:\/\/www.eumedbridge.eu\/#organization\",\"name\":\"EU Medbridge\",\"url\":\"https:\/\/www.eumedbridge.eu\/\",\"logo\":{\"@type\":\"ImageObject\",\"inLanguage\":\"fr-FR\",\"@id\":\"https:\/\/www.eumedbridge.eu\/#\/schema\/logo\/image\/\",\"url\":\"https:\/\/www.eumedbridge.eu\/wp-content\/uploads\/2021\/12\/Logo.png\",\"contentUrl\":\"https:\/\/www.eumedbridge.eu\/wp-content\/uploads\/2021\/12\/Logo.png\",\"width\":325,\"height\":114,\"caption\":\"EU Medbridge\"},\"image\":{\"@id\":\"https:\/\/www.eumedbridge.eu\/#\/schema\/logo\/image\/\"},\"sameAs\":[\"https:\/\/www.facebook.com\/eumedbridge\/\",\"https:\/\/x.com\/eumedbridge\",\"https:\/\/www.linkedin.com\/company\/eumedbridge\",\"https:\/\/www.youtube.com\/@eumedbridge\",\"https:\/\/www.instagram.com\/eumedbridge\",\"https:\/\/www.flickr.com\/photos\/euneighbours-south\/\"]}]}<\/script>\n<!-- \/ Yoast SEO plugin. -->","yoast_head_json":{"title":"Alg\u00e9rie : S\u00e9minaire de lancement d\u2019un programme financ\u00e9 par l\u2019UE pour soutenir l\u2019insertion et la formation des jeunes - Voisins de l'UE","robots":{"index":"index","follow":"follow","max-snippet":"max-snippet:-1","max-image-preview":"max-image-preview:large","max-video-preview":"max-video-preview:-1"},"canonical":"https:\/\/www.eumedbridge.eu\/fr\/news\/algerie-seminaire-de-lancement-dun-programme-finance-par-lue-pour-soutenir\/","og_locale":"fr_FR","og_type":"article","og_title":"Alg\u00e9rie : S\u00e9minaire de lancement d\u2019un programme financ\u00e9 par l\u2019UE pour soutenir l\u2019insertion et la formation des jeunes - Voisins de l'UE","og_description":"Le Programme d\u2019Appui \u00e0 l\u2019Ad\u00e9quation Formation-Emploi et Qualification (AFEQ), co-financ\u00e9 par l\u2019Union europ\u00e9enne, organise le 04 octobre \u00e0 S\u00e9tif un s\u00e9minaire r\u00e9gional de restitution de l\u2019analyse du march\u00e9 du travail et d\u2019identification des secteurs \u00e9conomiques prioritaires de la Wilaya. Ce s\u00e9minaire, qui se veut un lieu d&rsquo;\u00e9change et de partage d&rsquo;exp\u00e9riences, permettra de pr\u00e9senter aux [&hellip;]","og_url":"https:\/\/www.eumedbridge.eu\/fr\/news\/algerie-seminaire-de-lancement-dun-programme-finance-par-lue-pour-soutenir\/","og_site_name":"Voisins de l'UE","article_publisher":"https:\/\/www.facebook.com\/eumedbridge\/","article_modified_time":"2022-07-08T14:20:43+00:00","og_image":[{"width":585,"height":589,"url":"https:\/\/www.eumedbridge.eu\/wp-content\/uploads\/2022\/03\/photo-AFEQ.jpg","type":"image\/jpeg"}],"twitter_card":"summary_large_image","twitter_site":"@eumedbridge","twitter_misc":{"Dur\u00e9e de lecture estim\u00e9e":"1 minute"},"schema":{"@context":"https:\/\/schema.org","@graph":[{"@type":"WebPage","@id":"https:\/\/www.eumedbridge.eu\/fr\/news\/algerie-seminaire-de-lancement-dun-programme-finance-par-lue-pour-soutenir\/","url":"https:\/\/www.eumedbridge.eu\/fr\/news\/algerie-seminaire-de-lancement-dun-programme-finance-par-lue-pour-soutenir\/","name":"Alg\u00e9rie : S\u00e9minaire de lancement d\u2019un programme financ\u00e9 par l\u2019UE pour soutenir l\u2019insertion et la formation des jeunes - Voisins de l'UE","isPartOf":{"@id":"https:\/\/www.eumedbridge.eu\/#website"},"datePublished":"2018-10-02T21:00:00+00:00","dateModified":"2022-07-08T14:20:43+00:00","breadcrumb":{"@id":"https:\/\/www.eumedbridge.eu\/fr\/news\/algerie-seminaire-de-lancement-dun-programme-finance-par-lue-pour-soutenir\/#breadcrumb"},"inLanguage":"fr-FR","potentialAction":[{"@type":"ReadAction","target":["https:\/\/www.eumedbridge.eu\/fr\/news\/algerie-seminaire-de-lancement-dun-programme-finance-par-lue-pour-soutenir\/"]}]},{"@type":"BreadcrumbList","@id":"https:\/\/www.eumedbridge.eu\/fr\/news\/algerie-seminaire-de-lancement-dun-programme-finance-par-lue-pour-soutenir\/#breadcrumb","itemListElement":[{"@type":"ListItem","position":1,"name":"Home","item":"https:\/\/www.eumedbridge.eu\/fr\/home-page\/"},{"@type":"ListItem","position":2,"name":"Actualit\u00e9s","item":"https:\/\/www.eumedbridge.eu\/fr\/news\/"},{"@type":"ListItem","position":3,"name":"Alg\u00e9rie : S\u00e9minaire de lancement d\u2019un programme financ\u00e9 par l\u2019UE pour soutenir l\u2019insertion et la formation des jeunes"}]},{"@type":"WebSite","@id":"https:\/\/www.eumedbridge.eu\/#website","url":"https:\/\/www.eumedbridge.eu\/","name":"EU Medbridge","description":"","publisher":{"@id":"https:\/\/www.eumedbridge.eu\/#organization"},"potentialAction":[{"@type":"SearchAction","target":{"@type":"EntryPoint","urlTemplate":"https:\/\/www.eumedbridge.eu\/?s={search_term_string}"},"query-input":{"@type":"PropertyValueSpecification","valueRequired":true,"valueName":"search_term_string"}}],"inLanguage":"fr-FR"},{"@type":"Organization","@id":"https:\/\/www.eumedbridge.eu\/#organization","name":"EU Medbridge","url":"https:\/\/www.eumedbridge.eu\/","logo":{"@type":"ImageObject","inLanguage":"fr-FR","@id":"https:\/\/www.eumedbridge.eu\/#\/schema\/logo\/image\/","url":"https:\/\/www.eumedbridge.eu\/wp-content\/uploads\/2021\/12\/Logo.png","contentUrl":"https:\/\/www.eumedbridge.eu\/wp-content\/uploads\/2021\/12\/Logo.png","width":325,"height":114,"caption":"EU Medbridge"},"image":{"@id":"https:\/\/www.eumedbridge.eu\/#\/schema\/logo\/image\/"},"sameAs":["https:\/\/www.facebook.com\/eumedbridge\/","https:\/\/x.com\/eumedbridge","https:\/\/www.linkedin.com\/company\/eumedbridge","https:\/\/www.youtube.com\/@eumedbridge","https:\/\/www.instagram.com\/eumedbridge","https:\/\/www.flickr.com\/photos\/euneighbours-south\/"]}]}},"_links":{"self":[{"href":"https:\/\/www.eumedbridge.eu\/fr\/wp-json\/wp\/v2\/news\/161971","targetHints":{"allow":["GET"]}}],"collection":[{"href":"https:\/\/www.eumedbridge.eu\/fr\/wp-json\/wp\/v2\/news"}],"about":[{"href":"https:\/\/www.eumedbridge.eu\/fr\/wp-json\/wp\/v2\/types\/news"}],"wp:attachment":[{"href":"https:\/\/www.eumedbridge.eu\/fr\/wp-json\/wp\/v2\/media?parent=161971"}],"wp:term":[{"taxonomy":"news_category","embeddable":true,"href":"https:\/\/www.eumedbridge.eu\/fr\/wp-json\/wp\/v2\/news_category?post=161971"},{"taxonomy":"country","embeddable":true,"href":"https:\/\/www.eumedbridge.eu\/fr\/wp-json\/wp\/v2\/country?post=161971"},{"taxonomy":"special_action","embeddable":true,"href":"https:\/\/www.eumedbridge.eu\/fr\/wp-json\/wp\/v2\/special_action?post=161971"},{"taxonomy":"custom_tag","embeddable":true,"href":"https:\/\/www.eumedbridge.eu\/fr\/wp-json\/wp\/v2\/custom_tag?post=161971"}],"curies":[{"name":"wp","href":"https:\/\/api.w.org\/{rel}","templated":true}]}}