{"id":162084,"date":"2018-09-04T00:00:00","date_gmt":"2018-09-03T21:00:00","guid":{"rendered":"http:\/\/south.euneighbours.eu\/news\/declaration-de-federica-mogherini-a-propos-de-la-situation-en-libye\/"},"modified":"2022-07-08T17:25:38","modified_gmt":"2022-07-08T14:25:38","slug":"declaration-de-federica-mogherini-propos-de-la-situation-en-libye","status":"publish","type":"news","link":"https:\/\/www.eumedbridge.eu\/fr\/news\/declaration-de-federica-mogherini-propos-de-la-situation-en-libye\/","title":{"rendered":"D\u00e9claration de Federica Mogherini \u00e0 propos de la situation en Libye"},"content":{"rendered":"<p>Voici la d\u00e9claration de la Haute Repr\u00e9sentante\/Vice-Pr\u00e9sidente Federica Mogherini \u00e0 la suite de sa conversation t\u00e9l\u00e9phonique avec Ghassan Salam\u00e9, repr\u00e9sentant sp\u00e9cial du Secr\u00e9taire g\u00e9n\u00e9ral des Nations Unies, \u00e0 propos de la situation en Libye.<\/p>\n<p>L\u2019escalade de la violence \u00e0 Tripoli met encore \u00e0 mal la situation d\u00e9j\u00e0 fragile en Libye.<\/p>\n<p>Nous appelons toutes les parties en jeu \u00e0 r\u00e9pondre positivement \u00e0 l\u2019appel de l\u2019ONU pour une r\u00e9union de m\u00e9diation d\u2019urgence demain, ainsi qu\u2019\u00e0 cesser imm\u00e9diatement les hostilit\u00e9s. J\u2019ai \u00e9galement assur\u00e9 M. Salam\u00e9 du soutien plein et entier de l\u2019UE envers son travail dans la p\u00e9riode actuelle ainsi qu\u2019en vue d\u2019une solution durable \u00e0 la crise libyenne. Seul un processus politique permettra une solution compl\u00e8te, stable et p\u00e9renne.<\/p>\n<p>L\u2019Union europ\u00e9enne continuera de travailler avec les Nations Unies et d\u2019autres partenaires internationaux et r\u00e9gionaux afin de renforcer les institutions souveraines libyennes, d\u2019aider \u00e0 organiser des \u00e9lections bas\u00e9es sur un cadre constitutionnel ad\u00e9quat et solide et de cr\u00e9er des forces de s\u00e9curit\u00e9 professionnelles sous contr\u00f4le civil.<\/p>\n<p>\u00a0<\/p>\n<p><strong>Pour en savoir plus<\/strong><\/p>\n<p><a href=\"https:\/\/eeas.europa.eu\/headquarters\/headquarters-homepage\/50044\/statement-high-representativevice-president-federica-mogherini-following-her-phone-call-un_en\">Communiqu\u00e9 de presse<\/a><\/p>\n","protected":false},"featured_media":0,"parent":0,"template":"","news_category":[],"country":[1951],"special_action":[],"custom_tag":[2313,2821],"class_list":["post-162084","news","type-news","status-publish","hentry","country-libye","custom_tag-droit-de-lhomme","custom_tag-migration-fr"],"acf":[],"yoast_head":"<!-- This site is optimized with the Yoast SEO plugin v26.5 - https:\/\/yoast.com\/wordpress\/plugins\/seo\/ -->\n<title>D\u00e9claration de Federica Mogherini \u00e0 propos de la situation en Libye - Voisins de l&#039;UE<\/title>\n<meta name=\"robots\" content=\"index, follow, max-snippet:-1, max-image-preview:large, max-video-preview:-1\" \/>\n<link rel=\"canonical\" href=\"https:\/\/www.eumedbridge.eu\/fr\/news\/declaration-de-federica-mogherini-propos-de-la-situation-en-libye\/\" \/>\n<meta property=\"og:locale\" content=\"fr_FR\" \/>\n<meta property=\"og:type\" content=\"article\" \/>\n<meta property=\"og:title\" content=\"D\u00e9claration de Federica Mogherini \u00e0 propos de la situation en Libye - Voisins de l&#039;UE\" \/>\n<meta property=\"og:description\" content=\"Voici la d\u00e9claration de la Haute Repr\u00e9sentante\/Vice-Pr\u00e9sidente Federica Mogherini \u00e0 la suite de sa conversation t\u00e9l\u00e9phonique avec Ghassan Salam\u00e9, repr\u00e9sentant sp\u00e9cial du Secr\u00e9taire g\u00e9n\u00e9ral des Nations Unies, \u00e0 propos de la situation en Libye. L\u2019escalade de la violence \u00e0 Tripoli met encore \u00e0 mal la situation d\u00e9j\u00e0 fragile en Libye. Nous appelons toutes les parties [&hellip;]\" \/>\n<meta property=\"og:url\" content=\"https:\/\/www.eumedbridge.eu\/fr\/news\/declaration-de-federica-mogherini-propos-de-la-situation-en-libye\/\" \/>\n<meta property=\"og:site_name\" content=\"Voisins de l&#039;UE\" \/>\n<meta property=\"article:publisher\" content=\"https:\/\/www.facebook.com\/eumedbridge\/\" \/>\n<meta property=\"article:modified_time\" content=\"2022-07-08T14:25:38+00:00\" \/>\n<meta property=\"og:image\" content=\"https:\/\/www.eumedbridge.eu\/wp-content\/uploads\/2022\/03\/EU-Libya_0-1.jpg\" \/>\n\t<meta property=\"og:image:width\" content=\"1600\" \/>\n\t<meta property=\"og:image:height\" content=\"900\" \/>\n\t<meta property=\"og:image:type\" content=\"image\/jpeg\" \/>\n<meta name=\"twitter:card\" content=\"summary_large_image\" \/>\n<meta name=\"twitter:site\" content=\"@eumedbridge\" \/>\n<meta name=\"twitter:label1\" content=\"Dur\u00e9e de lecture estim\u00e9e\" \/>\n\t<meta name=\"twitter:data1\" content=\"1 minute\" \/>\n<script type=\"application\/ld+json\" class=\"yoast-schema-graph\">{\"@context\":\"https:\/\/schema.org\",\"@graph\":[{\"@type\":\"WebPage\",\"@id\":\"https:\/\/www.eumedbridge.eu\/fr\/news\/declaration-de-federica-mogherini-propos-de-la-situation-en-libye\/\",\"url\":\"https:\/\/www.eumedbridge.eu\/fr\/news\/declaration-de-federica-mogherini-propos-de-la-situation-en-libye\/\",\"name\":\"D\u00e9claration de Federica Mogherini \u00e0 propos de la situation en Libye - Voisins de l'UE\",\"isPartOf\":{\"@id\":\"https:\/\/www.eumedbridge.eu\/#website\"},\"datePublished\":\"2018-09-03T21:00:00+00:00\",\"dateModified\":\"2022-07-08T14:25:38+00:00\",\"breadcrumb\":{\"@id\":\"https:\/\/www.eumedbridge.eu\/fr\/news\/declaration-de-federica-mogherini-propos-de-la-situation-en-libye\/#breadcrumb\"},\"inLanguage\":\"fr-FR\",\"potentialAction\":[{\"@type\":\"ReadAction\",\"target\":[\"https:\/\/www.eumedbridge.eu\/fr\/news\/declaration-de-federica-mogherini-propos-de-la-situation-en-libye\/\"]}]},{\"@type\":\"BreadcrumbList\",\"@id\":\"https:\/\/www.eumedbridge.eu\/fr\/news\/declaration-de-federica-mogherini-propos-de-la-situation-en-libye\/#breadcrumb\",\"itemListElement\":[{\"@type\":\"ListItem\",\"position\":1,\"name\":\"Home\",\"item\":\"https:\/\/www.eumedbridge.eu\/fr\/home-page\/\"},{\"@type\":\"ListItem\",\"position\":2,\"name\":\"Actualit\u00e9s\",\"item\":\"https:\/\/www.eumedbridge.eu\/fr\/news\/\"},{\"@type\":\"ListItem\",\"position\":3,\"name\":\"D\u00e9claration de Federica Mogherini \u00e0 propos de la situation en Libye\"}]},{\"@type\":\"WebSite\",\"@id\":\"https:\/\/www.eumedbridge.eu\/#website\",\"url\":\"https:\/\/www.eumedbridge.eu\/\",\"name\":\"EU Medbridge\",\"description\":\"\",\"publisher\":{\"@id\":\"https:\/\/www.eumedbridge.eu\/#organization\"},\"potentialAction\":[{\"@type\":\"SearchAction\",\"target\":{\"@type\":\"EntryPoint\",\"urlTemplate\":\"https:\/\/www.eumedbridge.eu\/?s={search_term_string}\"},\"query-input\":{\"@type\":\"PropertyValueSpecification\",\"valueRequired\":true,\"valueName\":\"search_term_string\"}}],\"inLanguage\":\"fr-FR\"},{\"@type\":\"Organization\",\"@id\":\"https:\/\/www.eumedbridge.eu\/#organization\",\"name\":\"EU Medbridge\",\"url\":\"https:\/\/www.eumedbridge.eu\/\",\"logo\":{\"@type\":\"ImageObject\",\"inLanguage\":\"fr-FR\",\"@id\":\"https:\/\/www.eumedbridge.eu\/#\/schema\/logo\/image\/\",\"url\":\"https:\/\/www.eumedbridge.eu\/wp-content\/uploads\/2021\/12\/Logo.png\",\"contentUrl\":\"https:\/\/www.eumedbridge.eu\/wp-content\/uploads\/2021\/12\/Logo.png\",\"width\":325,\"height\":114,\"caption\":\"EU Medbridge\"},\"image\":{\"@id\":\"https:\/\/www.eumedbridge.eu\/#\/schema\/logo\/image\/\"},\"sameAs\":[\"https:\/\/www.facebook.com\/eumedbridge\/\",\"https:\/\/x.com\/eumedbridge\",\"https:\/\/www.linkedin.com\/company\/eumedbridge\",\"https:\/\/www.youtube.com\/@eumedbridge\",\"https:\/\/www.instagram.com\/eumedbridge\",\"https:\/\/www.flickr.com\/photos\/euneighbours-south\/\"]}]}<\/script>\n<!-- \/ Yoast SEO plugin. -->","yoast_head_json":{"title":"D\u00e9claration de Federica Mogherini \u00e0 propos de la situation en Libye - Voisins de l'UE","robots":{"index":"index","follow":"follow","max-snippet":"max-snippet:-1","max-image-preview":"max-image-preview:large","max-video-preview":"max-video-preview:-1"},"canonical":"https:\/\/www.eumedbridge.eu\/fr\/news\/declaration-de-federica-mogherini-propos-de-la-situation-en-libye\/","og_locale":"fr_FR","og_type":"article","og_title":"D\u00e9claration de Federica Mogherini \u00e0 propos de la situation en Libye - Voisins de l'UE","og_description":"Voici la d\u00e9claration de la Haute Repr\u00e9sentante\/Vice-Pr\u00e9sidente Federica Mogherini \u00e0 la suite de sa conversation t\u00e9l\u00e9phonique avec Ghassan Salam\u00e9, repr\u00e9sentant sp\u00e9cial du Secr\u00e9taire g\u00e9n\u00e9ral des Nations Unies, \u00e0 propos de la situation en Libye. L\u2019escalade de la violence \u00e0 Tripoli met encore \u00e0 mal la situation d\u00e9j\u00e0 fragile en Libye. Nous appelons toutes les parties [&hellip;]","og_url":"https:\/\/www.eumedbridge.eu\/fr\/news\/declaration-de-federica-mogherini-propos-de-la-situation-en-libye\/","og_site_name":"Voisins de l'UE","article_publisher":"https:\/\/www.facebook.com\/eumedbridge\/","article_modified_time":"2022-07-08T14:25:38+00:00","og_image":[{"width":1600,"height":900,"url":"https:\/\/www.eumedbridge.eu\/wp-content\/uploads\/2022\/03\/EU-Libya_0-1.jpg","type":"image\/jpeg"}],"twitter_card":"summary_large_image","twitter_site":"@eumedbridge","twitter_misc":{"Dur\u00e9e de lecture estim\u00e9e":"1 minute"},"schema":{"@context":"https:\/\/schema.org","@graph":[{"@type":"WebPage","@id":"https:\/\/www.eumedbridge.eu\/fr\/news\/declaration-de-federica-mogherini-propos-de-la-situation-en-libye\/","url":"https:\/\/www.eumedbridge.eu\/fr\/news\/declaration-de-federica-mogherini-propos-de-la-situation-en-libye\/","name":"D\u00e9claration de Federica Mogherini \u00e0 propos de la situation en Libye - Voisins de l'UE","isPartOf":{"@id":"https:\/\/www.eumedbridge.eu\/#website"},"datePublished":"2018-09-03T21:00:00+00:00","dateModified":"2022-07-08T14:25:38+00:00","breadcrumb":{"@id":"https:\/\/www.eumedbridge.eu\/fr\/news\/declaration-de-federica-mogherini-propos-de-la-situation-en-libye\/#breadcrumb"},"inLanguage":"fr-FR","potentialAction":[{"@type":"ReadAction","target":["https:\/\/www.eumedbridge.eu\/fr\/news\/declaration-de-federica-mogherini-propos-de-la-situation-en-libye\/"]}]},{"@type":"BreadcrumbList","@id":"https:\/\/www.eumedbridge.eu\/fr\/news\/declaration-de-federica-mogherini-propos-de-la-situation-en-libye\/#breadcrumb","itemListElement":[{"@type":"ListItem","position":1,"name":"Home","item":"https:\/\/www.eumedbridge.eu\/fr\/home-page\/"},{"@type":"ListItem","position":2,"name":"Actualit\u00e9s","item":"https:\/\/www.eumedbridge.eu\/fr\/news\/"},{"@type":"ListItem","position":3,"name":"D\u00e9claration de Federica Mogherini \u00e0 propos de la situation en Libye"}]},{"@type":"WebSite","@id":"https:\/\/www.eumedbridge.eu\/#website","url":"https:\/\/www.eumedbridge.eu\/","name":"EU Medbridge","description":"","publisher":{"@id":"https:\/\/www.eumedbridge.eu\/#organization"},"potentialAction":[{"@type":"SearchAction","target":{"@type":"EntryPoint","urlTemplate":"https:\/\/www.eumedbridge.eu\/?s={search_term_string}"},"query-input":{"@type":"PropertyValueSpecification","valueRequired":true,"valueName":"search_term_string"}}],"inLanguage":"fr-FR"},{"@type":"Organization","@id":"https:\/\/www.eumedbridge.eu\/#organization","name":"EU Medbridge","url":"https:\/\/www.eumedbridge.eu\/","logo":{"@type":"ImageObject","inLanguage":"fr-FR","@id":"https:\/\/www.eumedbridge.eu\/#\/schema\/logo\/image\/","url":"https:\/\/www.eumedbridge.eu\/wp-content\/uploads\/2021\/12\/Logo.png","contentUrl":"https:\/\/www.eumedbridge.eu\/wp-content\/uploads\/2021\/12\/Logo.png","width":325,"height":114,"caption":"EU Medbridge"},"image":{"@id":"https:\/\/www.eumedbridge.eu\/#\/schema\/logo\/image\/"},"sameAs":["https:\/\/www.facebook.com\/eumedbridge\/","https:\/\/x.com\/eumedbridge","https:\/\/www.linkedin.com\/company\/eumedbridge","https:\/\/www.youtube.com\/@eumedbridge","https:\/\/www.instagram.com\/eumedbridge","https:\/\/www.flickr.com\/photos\/euneighbours-south\/"]}]}},"_links":{"self":[{"href":"https:\/\/www.eumedbridge.eu\/fr\/wp-json\/wp\/v2\/news\/162084","targetHints":{"allow":["GET"]}}],"collection":[{"href":"https:\/\/www.eumedbridge.eu\/fr\/wp-json\/wp\/v2\/news"}],"about":[{"href":"https:\/\/www.eumedbridge.eu\/fr\/wp-json\/wp\/v2\/types\/news"}],"wp:attachment":[{"href":"https:\/\/www.eumedbridge.eu\/fr\/wp-json\/wp\/v2\/media?parent=162084"}],"wp:term":[{"taxonomy":"news_category","embeddable":true,"href":"https:\/\/www.eumedbridge.eu\/fr\/wp-json\/wp\/v2\/news_category?post=162084"},{"taxonomy":"country","embeddable":true,"href":"https:\/\/www.eumedbridge.eu\/fr\/wp-json\/wp\/v2\/country?post=162084"},{"taxonomy":"special_action","embeddable":true,"href":"https:\/\/www.eumedbridge.eu\/fr\/wp-json\/wp\/v2\/special_action?post=162084"},{"taxonomy":"custom_tag","embeddable":true,"href":"https:\/\/www.eumedbridge.eu\/fr\/wp-json\/wp\/v2\/custom_tag?post=162084"}],"curies":[{"name":"wp","href":"https:\/\/api.w.org\/{rel}","templated":true}]}}