{"id":162663,"date":"2018-01-25T00:00:00","date_gmt":"2018-01-24T22:00:00","guid":{"rendered":"http:\/\/south.euneighbours.eu\/news\/visite-du-vice-president-de-la-berd-au-maroc-pour-approfondir-la-cooperation\/"},"modified":"2022-07-12T10:49:47","modified_gmt":"2022-07-12T07:49:47","slug":"visite-du-vice-president-de-la-berd-au-maroc-pour-approfondir-la","status":"publish","type":"news","link":"https:\/\/www.eumedbridge.eu\/fr\/news\/visite-du-vice-president-de-la-berd-au-maroc-pour-approfondir-la\/","title":{"rendered":"Visite du vice-pr\u00e9sident de la BERD au Maroc pour approfondir la coop\u00e9ration"},"content":{"rendered":"<p><span><span><a href=\"http:\/\/www.ebrd.com\/executive-committee\/pierre-heilbronn.html\"><span><span>Pierre Heilbronn<\/span><\/span><\/a><span>, vice-pr\u00e9sident de la BERD charg\u00e9 des politiques et des partenariats, se rendra au <\/span><a href=\"http:\/\/www.ebrd.com\/morocco.html\"><span><span>Maroc<\/span><\/span><\/a><span> du 24 au 29 janvier pour rencontrer le gouvernement et prendre la parole lors de la conf\u00e9rence du FMI intitul\u00e9e \u00ab <em>Opportunity for All: Promoting Growth, Jobs and Inclusiveness in the Arab World<\/em> \u00bb (Opportunit\u00e9 pour tous : Promouvoir la croissance, l\u2019emploi et l\u2019inclusion dans le monde arabe) \u00e0 Marrakech.<\/span><\/span><\/span><\/p>\n<p><span><span><span>Cette visite marque \u00e9galement la signature d\u2019un protocole d\u2019accord avec le minist\u00e8re des Finances, repr\u00e9sent\u00e9 par le ministre Mohammed Boussaid, gouverneur de la BERD, pour stimuler le financement de l\u2019\u00e9conomie verte dans le pays.<\/span><\/span><\/span><\/p>\n<p><span><span><span>M. Heilbronn signera \u00e9galement un protocole d\u2019accord avec Mustapha Bakkoury, pr\u00e9sident de la r\u00e9gion Casablanca-Settat, afin de cr\u00e9er un cadre de collaboration pour le d\u00e9veloppement du secteur priv\u00e9 et l\u2019int\u00e9gration intrar\u00e9gionale.<\/span><\/span><\/span><\/p>\n<p><span><span><span>La d\u00e9l\u00e9gation de la BERD se compose notamment de Marie-Alexandra Veilleux-Laborie, directrice de la BERD pour le Maroc.<\/span><\/span><\/span><\/p>\n<p><span><span><span>Au cours de sa visite, M. Heilbronn rencontrera Abdelouafi Laftit, ministre de l\u2019Int\u00e9rieur ; Aziz Rebbah, ministre de l\u2019\u00c9nergie ; et Abdellatif Jouahri, gouverneur de la Banque centrale. <\/span><\/span><\/span><span><span><span>M. Heilbronn rencontrera \u00e9galement Miriem Bensalah Chaqroun, pr\u00e9sidente de la conf\u00e9d\u00e9ration g\u00e9n\u00e9rale des entreprises du Maroc (CGEM) ; Abderrahim El Hafidi, directeur g\u00e9n\u00e9ral par int\u00e9rim de l\u2019Office national de l\u2019\u00e9lectricit\u00e9 et de l\u2019eau potable (ONEE) et secr\u00e9taire d\u2019\u00c9tat \u00e0 l\u2019\u00e9nergie ; Amina Benkhadra, directrice g\u00e9n\u00e9rale de l\u2019Office national des hydrocarbures et des mines (ONHYM) ; ainsi qu\u2019Abdellah Mou, secr\u00e9taire g\u00e9n\u00e9ral de l\u2019ONHYM.<\/span><\/span><\/span><\/p>\n<p>\u00a0<\/p>\n<p><strong><span><span><span>Pour en savoir plus<\/span><\/span><\/span><\/strong><\/p>\n<p><span><span><a href=\"http:\/\/www.ebrd.com\/news\/2018\/ebrd-vice-president-heilbronn-visits-morocco-to-deepen-cooperation.html\">Communiqu\u00e9 de presse<\/a><\/span><\/span><\/p>\n<p><span><span><span>BERD &#8211; <\/span><\/span><\/span><span><span><a href=\"http:\/\/www.ebrd.com\/\"><span>Site internet<\/span><\/a><\/span><\/span><\/p>\n","protected":false},"featured_media":0,"parent":0,"template":"","news_category":[],"country":[1953],"special_action":[],"custom_tag":[2312,2315],"class_list":["post-162663","news","type-news","status-publish","hentry","country-maroc","custom_tag-developpement-durable","custom_tag-emploi-et-entrpreuneuriat"],"acf":[],"yoast_head":"<!-- This site is optimized with the Yoast SEO plugin v26.5 - https:\/\/yoast.com\/wordpress\/plugins\/seo\/ -->\n<title>Visite du vice-pr\u00e9sident de la BERD au Maroc pour approfondir la coop\u00e9ration - Voisins de l&#039;UE<\/title>\n<meta name=\"robots\" content=\"index, follow, max-snippet:-1, max-image-preview:large, max-video-preview:-1\" \/>\n<link rel=\"canonical\" href=\"https:\/\/www.eumedbridge.eu\/fr\/news\/visite-du-vice-president-de-la-berd-au-maroc-pour-approfondir-la\/\" \/>\n<meta property=\"og:locale\" content=\"fr_FR\" \/>\n<meta property=\"og:type\" content=\"article\" \/>\n<meta property=\"og:title\" content=\"Visite du vice-pr\u00e9sident de la BERD au Maroc pour approfondir la coop\u00e9ration - Voisins de l&#039;UE\" \/>\n<meta property=\"og:description\" content=\"Pierre Heilbronn, vice-pr\u00e9sident de la BERD charg\u00e9 des politiques et des partenariats, se rendra au Maroc du 24 au 29 janvier pour rencontrer le gouvernement et prendre la parole lors de la conf\u00e9rence du FMI intitul\u00e9e \u00ab Opportunity for All: Promoting Growth, Jobs and Inclusiveness in the Arab World \u00bb (Opportunit\u00e9 pour tous : Promouvoir [&hellip;]\" \/>\n<meta property=\"og:url\" content=\"https:\/\/www.eumedbridge.eu\/fr\/news\/visite-du-vice-president-de-la-berd-au-maroc-pour-approfondir-la\/\" \/>\n<meta property=\"og:site_name\" content=\"Voisins de l&#039;UE\" \/>\n<meta property=\"article:publisher\" content=\"https:\/\/www.facebook.com\/eumedbridge\/\" \/>\n<meta property=\"article:modified_time\" content=\"2022-07-12T07:49:47+00:00\" \/>\n<meta property=\"og:image\" content=\"https:\/\/www.eumedbridge.eu\/wp-content\/uploads\/2022\/03\/EBRD-2.jpg\" \/>\n\t<meta property=\"og:image:width\" content=\"750\" \/>\n\t<meta property=\"og:image:height\" content=\"354\" \/>\n\t<meta property=\"og:image:type\" content=\"image\/jpeg\" \/>\n<meta name=\"twitter:card\" content=\"summary_large_image\" \/>\n<meta name=\"twitter:site\" content=\"@eumedbridge\" \/>\n<meta name=\"twitter:label1\" content=\"Dur\u00e9e de lecture estim\u00e9e\" \/>\n\t<meta name=\"twitter:data1\" content=\"1 minute\" \/>\n<script type=\"application\/ld+json\" class=\"yoast-schema-graph\">{\"@context\":\"https:\/\/schema.org\",\"@graph\":[{\"@type\":\"WebPage\",\"@id\":\"https:\/\/www.eumedbridge.eu\/fr\/news\/visite-du-vice-president-de-la-berd-au-maroc-pour-approfondir-la\/\",\"url\":\"https:\/\/www.eumedbridge.eu\/fr\/news\/visite-du-vice-president-de-la-berd-au-maroc-pour-approfondir-la\/\",\"name\":\"Visite du vice-pr\u00e9sident de la BERD au Maroc pour approfondir la coop\u00e9ration - Voisins de l'UE\",\"isPartOf\":{\"@id\":\"https:\/\/www.eumedbridge.eu\/#website\"},\"datePublished\":\"2018-01-24T22:00:00+00:00\",\"dateModified\":\"2022-07-12T07:49:47+00:00\",\"breadcrumb\":{\"@id\":\"https:\/\/www.eumedbridge.eu\/fr\/news\/visite-du-vice-president-de-la-berd-au-maroc-pour-approfondir-la\/#breadcrumb\"},\"inLanguage\":\"fr-FR\",\"potentialAction\":[{\"@type\":\"ReadAction\",\"target\":[\"https:\/\/www.eumedbridge.eu\/fr\/news\/visite-du-vice-president-de-la-berd-au-maroc-pour-approfondir-la\/\"]}]},{\"@type\":\"BreadcrumbList\",\"@id\":\"https:\/\/www.eumedbridge.eu\/fr\/news\/visite-du-vice-president-de-la-berd-au-maroc-pour-approfondir-la\/#breadcrumb\",\"itemListElement\":[{\"@type\":\"ListItem\",\"position\":1,\"name\":\"Home\",\"item\":\"https:\/\/www.eumedbridge.eu\/fr\/home-page\/\"},{\"@type\":\"ListItem\",\"position\":2,\"name\":\"Actualit\u00e9s\",\"item\":\"https:\/\/www.eumedbridge.eu\/fr\/news\/\"},{\"@type\":\"ListItem\",\"position\":3,\"name\":\"Visite du vice-pr\u00e9sident de la BERD au Maroc pour approfondir la coop\u00e9ration\"}]},{\"@type\":\"WebSite\",\"@id\":\"https:\/\/www.eumedbridge.eu\/#website\",\"url\":\"https:\/\/www.eumedbridge.eu\/\",\"name\":\"EU Medbridge\",\"description\":\"\",\"publisher\":{\"@id\":\"https:\/\/www.eumedbridge.eu\/#organization\"},\"potentialAction\":[{\"@type\":\"SearchAction\",\"target\":{\"@type\":\"EntryPoint\",\"urlTemplate\":\"https:\/\/www.eumedbridge.eu\/?s={search_term_string}\"},\"query-input\":{\"@type\":\"PropertyValueSpecification\",\"valueRequired\":true,\"valueName\":\"search_term_string\"}}],\"inLanguage\":\"fr-FR\"},{\"@type\":\"Organization\",\"@id\":\"https:\/\/www.eumedbridge.eu\/#organization\",\"name\":\"EU Medbridge\",\"url\":\"https:\/\/www.eumedbridge.eu\/\",\"logo\":{\"@type\":\"ImageObject\",\"inLanguage\":\"fr-FR\",\"@id\":\"https:\/\/www.eumedbridge.eu\/#\/schema\/logo\/image\/\",\"url\":\"https:\/\/www.eumedbridge.eu\/wp-content\/uploads\/2021\/12\/Logo.png\",\"contentUrl\":\"https:\/\/www.eumedbridge.eu\/wp-content\/uploads\/2021\/12\/Logo.png\",\"width\":325,\"height\":114,\"caption\":\"EU Medbridge\"},\"image\":{\"@id\":\"https:\/\/www.eumedbridge.eu\/#\/schema\/logo\/image\/\"},\"sameAs\":[\"https:\/\/www.facebook.com\/eumedbridge\/\",\"https:\/\/x.com\/eumedbridge\",\"https:\/\/www.linkedin.com\/company\/eumedbridge\",\"https:\/\/www.youtube.com\/@eumedbridge\",\"https:\/\/www.instagram.com\/eumedbridge\",\"https:\/\/www.flickr.com\/photos\/euneighbours-south\/\"]}]}<\/script>\n<!-- \/ Yoast SEO plugin. -->","yoast_head_json":{"title":"Visite du vice-pr\u00e9sident de la BERD au Maroc pour approfondir la coop\u00e9ration - Voisins de l'UE","robots":{"index":"index","follow":"follow","max-snippet":"max-snippet:-1","max-image-preview":"max-image-preview:large","max-video-preview":"max-video-preview:-1"},"canonical":"https:\/\/www.eumedbridge.eu\/fr\/news\/visite-du-vice-president-de-la-berd-au-maroc-pour-approfondir-la\/","og_locale":"fr_FR","og_type":"article","og_title":"Visite du vice-pr\u00e9sident de la BERD au Maroc pour approfondir la coop\u00e9ration - Voisins de l'UE","og_description":"Pierre Heilbronn, vice-pr\u00e9sident de la BERD charg\u00e9 des politiques et des partenariats, se rendra au Maroc du 24 au 29 janvier pour rencontrer le gouvernement et prendre la parole lors de la conf\u00e9rence du FMI intitul\u00e9e \u00ab Opportunity for All: Promoting Growth, Jobs and Inclusiveness in the Arab World \u00bb (Opportunit\u00e9 pour tous : Promouvoir [&hellip;]","og_url":"https:\/\/www.eumedbridge.eu\/fr\/news\/visite-du-vice-president-de-la-berd-au-maroc-pour-approfondir-la\/","og_site_name":"Voisins de l'UE","article_publisher":"https:\/\/www.facebook.com\/eumedbridge\/","article_modified_time":"2022-07-12T07:49:47+00:00","og_image":[{"width":750,"height":354,"url":"https:\/\/www.eumedbridge.eu\/wp-content\/uploads\/2022\/03\/EBRD-2.jpg","type":"image\/jpeg"}],"twitter_card":"summary_large_image","twitter_site":"@eumedbridge","twitter_misc":{"Dur\u00e9e de lecture estim\u00e9e":"1 minute"},"schema":{"@context":"https:\/\/schema.org","@graph":[{"@type":"WebPage","@id":"https:\/\/www.eumedbridge.eu\/fr\/news\/visite-du-vice-president-de-la-berd-au-maroc-pour-approfondir-la\/","url":"https:\/\/www.eumedbridge.eu\/fr\/news\/visite-du-vice-president-de-la-berd-au-maroc-pour-approfondir-la\/","name":"Visite du vice-pr\u00e9sident de la BERD au Maroc pour approfondir la coop\u00e9ration - Voisins de l'UE","isPartOf":{"@id":"https:\/\/www.eumedbridge.eu\/#website"},"datePublished":"2018-01-24T22:00:00+00:00","dateModified":"2022-07-12T07:49:47+00:00","breadcrumb":{"@id":"https:\/\/www.eumedbridge.eu\/fr\/news\/visite-du-vice-president-de-la-berd-au-maroc-pour-approfondir-la\/#breadcrumb"},"inLanguage":"fr-FR","potentialAction":[{"@type":"ReadAction","target":["https:\/\/www.eumedbridge.eu\/fr\/news\/visite-du-vice-president-de-la-berd-au-maroc-pour-approfondir-la\/"]}]},{"@type":"BreadcrumbList","@id":"https:\/\/www.eumedbridge.eu\/fr\/news\/visite-du-vice-president-de-la-berd-au-maroc-pour-approfondir-la\/#breadcrumb","itemListElement":[{"@type":"ListItem","position":1,"name":"Home","item":"https:\/\/www.eumedbridge.eu\/fr\/home-page\/"},{"@type":"ListItem","position":2,"name":"Actualit\u00e9s","item":"https:\/\/www.eumedbridge.eu\/fr\/news\/"},{"@type":"ListItem","position":3,"name":"Visite du vice-pr\u00e9sident de la BERD au Maroc pour approfondir la coop\u00e9ration"}]},{"@type":"WebSite","@id":"https:\/\/www.eumedbridge.eu\/#website","url":"https:\/\/www.eumedbridge.eu\/","name":"EU Medbridge","description":"","publisher":{"@id":"https:\/\/www.eumedbridge.eu\/#organization"},"potentialAction":[{"@type":"SearchAction","target":{"@type":"EntryPoint","urlTemplate":"https:\/\/www.eumedbridge.eu\/?s={search_term_string}"},"query-input":{"@type":"PropertyValueSpecification","valueRequired":true,"valueName":"search_term_string"}}],"inLanguage":"fr-FR"},{"@type":"Organization","@id":"https:\/\/www.eumedbridge.eu\/#organization","name":"EU Medbridge","url":"https:\/\/www.eumedbridge.eu\/","logo":{"@type":"ImageObject","inLanguage":"fr-FR","@id":"https:\/\/www.eumedbridge.eu\/#\/schema\/logo\/image\/","url":"https:\/\/www.eumedbridge.eu\/wp-content\/uploads\/2021\/12\/Logo.png","contentUrl":"https:\/\/www.eumedbridge.eu\/wp-content\/uploads\/2021\/12\/Logo.png","width":325,"height":114,"caption":"EU Medbridge"},"image":{"@id":"https:\/\/www.eumedbridge.eu\/#\/schema\/logo\/image\/"},"sameAs":["https:\/\/www.facebook.com\/eumedbridge\/","https:\/\/x.com\/eumedbridge","https:\/\/www.linkedin.com\/company\/eumedbridge","https:\/\/www.youtube.com\/@eumedbridge","https:\/\/www.instagram.com\/eumedbridge","https:\/\/www.flickr.com\/photos\/euneighbours-south\/"]}]}},"_links":{"self":[{"href":"https:\/\/www.eumedbridge.eu\/fr\/wp-json\/wp\/v2\/news\/162663","targetHints":{"allow":["GET"]}}],"collection":[{"href":"https:\/\/www.eumedbridge.eu\/fr\/wp-json\/wp\/v2\/news"}],"about":[{"href":"https:\/\/www.eumedbridge.eu\/fr\/wp-json\/wp\/v2\/types\/news"}],"wp:attachment":[{"href":"https:\/\/www.eumedbridge.eu\/fr\/wp-json\/wp\/v2\/media?parent=162663"}],"wp:term":[{"taxonomy":"news_category","embeddable":true,"href":"https:\/\/www.eumedbridge.eu\/fr\/wp-json\/wp\/v2\/news_category?post=162663"},{"taxonomy":"country","embeddable":true,"href":"https:\/\/www.eumedbridge.eu\/fr\/wp-json\/wp\/v2\/country?post=162663"},{"taxonomy":"special_action","embeddable":true,"href":"https:\/\/www.eumedbridge.eu\/fr\/wp-json\/wp\/v2\/special_action?post=162663"},{"taxonomy":"custom_tag","embeddable":true,"href":"https:\/\/www.eumedbridge.eu\/fr\/wp-json\/wp\/v2\/custom_tag?post=162663"}],"curies":[{"name":"wp","href":"https:\/\/api.w.org\/{rel}","templated":true}]}}