{"id":162784,"date":"2017-11-27T00:00:00","date_gmt":"2017-11-26T22:00:00","guid":{"rendered":"http:\/\/south.euneighbours.eu\/news\/declaration-de-federica-mogherini-sur-la-conference-de-lopposition-syrienne-a-riyad\/"},"modified":"2022-07-12T10:55:01","modified_gmt":"2022-07-12T07:55:01","slug":"declaration-de-federica-mogherini-sur-la-conference-de-lopposition","status":"publish","type":"news","link":"https:\/\/www.eumedbridge.eu\/fr\/news\/declaration-de-federica-mogherini-sur-la-conference-de-lopposition\/","title":{"rendered":"D\u00e9claration de Federica Mogherini sur la Conf\u00e9rence de l\u2019opposition syrienne \u00e0 Riyad"},"content":{"rendered":"<p>La r\u00e9union de l\u2019opposition syrienne qui s\u2019est tenue \u00e0 Riyad du 22 au 24 novembre a donn\u00e9 lieu \u00e0 l\u2019adoption d\u2019une d\u00e9claration commune instituant une d\u00e9l\u00e9gation d\u2019opposition unie et inclusive pour les pourparlers intrasyriens dirig\u00e9s par l\u2019ONU. Il s\u2019agit l\u00e0 d\u2019un jalon important dans le processus de n\u00e9gociations r\u00e9elles entre les deux parties. Nous adressons nos f\u00e9licitations \u00e0 Nasr Hariri, le nouveau coordinateur g\u00e9n\u00e9ral et chef de l\u2019\u00e9quipe de n\u00e9gociation. Les efforts fructueux de l\u2019Arabie saoudite pour accueillir la conf\u00e9rence ont \u00e9t\u00e9 d\u00e9terminants.<\/p>\n<p>L\u2019opposition dispose d\u00e9sormais d\u2019une d\u00e9l\u00e9gation unie d\u00e9sireuse de n\u00e9gocier sans condition pr\u00e9alable sur l\u2019ordre du jour fix\u00e9 par les Nations Unies. Le renforcement de la participation des femmes \u00e0 la d\u00e9l\u00e9gation de l\u2019opposition constitue une \u00e9tape essentielle qui, avec la d\u00e9claration des trois garants d\u2019Astana \u00e0 Sotchi, nous permet d\u2019attendre avec optimisme le prochain cycle de n\u00e9gociations \u00e0 Gen\u00e8ve. Nous avons ainsi de grands espoirs que des d\u00e9cisions concr\u00e8tes seront d\u00e9sormais prises entre les parties syriennes, notamment sur la gouvernance de transition, le processus constitutionnel et des \u00e9lections libres et \u00e9quitables supervis\u00e9es par l\u2019ONU. Dans ce contexte, l\u2019UE r\u00e9affirme la primaut\u00e9 du processus de Gen\u00e8ve sous l\u2019\u00e9gide des Nations Unies et sa volont\u00e9 de le soutenir non seulement d\u2019un point de vue politique et diplomatique, mais aussi avec tout le travail \u00e9conomique et humanitaire r\u00e9alis\u00e9 dans le cadre du processus de Bruxelles.<\/p>\n<p>En Syrie, les combats ne sont pas termin\u00e9s. La situation humanitaire se d\u00e9t\u00e9riore. Les attaques contre les civils, comme nous l\u2019avons vu r\u00e9cemment \u00e0 Atareb et dans l\u2019est de Ghouta, doivent cesser. Les obstacles \u00e0 l\u2019acc\u00e8s humanitaire en Syrie doivent \u00eatre lev\u00e9s. Nous comptons sur le soutien actif des garants du cessez-le-feu que sont la Russie, l\u2019Iran et la Turquie pour faciliter l\u2019acc\u00e8s aux zones de d\u00e9sescalade.<\/p>\n<p>\u00a0<\/p>\n<p><strong>Pour en savoir plus<\/strong><\/p>\n<p><a href=\"https:\/\/eeas.europa.eu\/delegations\/syria\/36219\/statement-hrvp-federica-mogherini-conference-syrian-opposition-riyadh_en\">Communiqu\u00e9 de presse<\/a><\/p>\n<p>D\u00e9l\u00e9gation de l\u2019UE en Syrie &#8211; <a href=\"https:\/\/eeas.europa.eu\/delegations\/syria_en\">Site internet<\/a><\/p>\n","protected":false},"featured_media":0,"parent":0,"template":"","news_category":[],"country":[2029],"special_action":[],"custom_tag":[2313,2821],"class_list":["post-162784","news","type-news","status-publish","hentry","country-syrie","custom_tag-droit-de-lhomme","custom_tag-migration-fr"],"acf":[],"yoast_head":"<!-- This site is optimized with the Yoast SEO plugin v26.5 - https:\/\/yoast.com\/wordpress\/plugins\/seo\/ -->\n<title>D\u00e9claration de Federica Mogherini sur la Conf\u00e9rence de l\u2019opposition syrienne \u00e0 Riyad - Voisins de l&#039;UE<\/title>\n<meta name=\"robots\" content=\"index, follow, max-snippet:-1, max-image-preview:large, max-video-preview:-1\" \/>\n<link rel=\"canonical\" href=\"https:\/\/www.eumedbridge.eu\/fr\/news\/declaration-de-federica-mogherini-sur-la-conference-de-lopposition\/\" \/>\n<meta property=\"og:locale\" content=\"fr_FR\" \/>\n<meta property=\"og:type\" content=\"article\" \/>\n<meta property=\"og:title\" content=\"D\u00e9claration de Federica Mogherini sur la Conf\u00e9rence de l\u2019opposition syrienne \u00e0 Riyad - Voisins de l&#039;UE\" \/>\n<meta property=\"og:description\" content=\"La r\u00e9union de l\u2019opposition syrienne qui s\u2019est tenue \u00e0 Riyad du 22 au 24 novembre a donn\u00e9 lieu \u00e0 l\u2019adoption d\u2019une d\u00e9claration commune instituant une d\u00e9l\u00e9gation d\u2019opposition unie et inclusive pour les pourparlers intrasyriens dirig\u00e9s par l\u2019ONU. Il s\u2019agit l\u00e0 d\u2019un jalon important dans le processus de n\u00e9gociations r\u00e9elles entre les deux parties. Nous adressons [&hellip;]\" \/>\n<meta property=\"og:url\" content=\"https:\/\/www.eumedbridge.eu\/fr\/news\/declaration-de-federica-mogherini-sur-la-conference-de-lopposition\/\" \/>\n<meta property=\"og:site_name\" content=\"Voisins de l&#039;UE\" \/>\n<meta property=\"article:publisher\" content=\"https:\/\/www.facebook.com\/eumedbridge\/\" \/>\n<meta property=\"article:modified_time\" content=\"2022-07-12T07:55:01+00:00\" \/>\n<meta property=\"og:image\" content=\"https:\/\/www.eumedbridge.eu\/wp-content\/uploads\/2022\/03\/9a41b87cae6e3aff22a4477495aa83ea6a537045_preview.jpeg.jpg\" \/>\n\t<meta property=\"og:image:width\" content=\"500\" \/>\n\t<meta property=\"og:image:height\" content=\"295\" \/>\n\t<meta property=\"og:image:type\" content=\"image\/jpeg\" \/>\n<meta name=\"twitter:card\" content=\"summary_large_image\" \/>\n<meta name=\"twitter:site\" content=\"@eumedbridge\" \/>\n<meta name=\"twitter:label1\" content=\"Dur\u00e9e de lecture estim\u00e9e\" \/>\n\t<meta name=\"twitter:data1\" content=\"2 minutes\" \/>\n<script type=\"application\/ld+json\" class=\"yoast-schema-graph\">{\"@context\":\"https:\/\/schema.org\",\"@graph\":[{\"@type\":\"WebPage\",\"@id\":\"https:\/\/www.eumedbridge.eu\/fr\/news\/declaration-de-federica-mogherini-sur-la-conference-de-lopposition\/\",\"url\":\"https:\/\/www.eumedbridge.eu\/fr\/news\/declaration-de-federica-mogherini-sur-la-conference-de-lopposition\/\",\"name\":\"D\u00e9claration de Federica Mogherini sur la Conf\u00e9rence de l\u2019opposition syrienne \u00e0 Riyad - Voisins de l'UE\",\"isPartOf\":{\"@id\":\"https:\/\/www.eumedbridge.eu\/#website\"},\"datePublished\":\"2017-11-26T22:00:00+00:00\",\"dateModified\":\"2022-07-12T07:55:01+00:00\",\"breadcrumb\":{\"@id\":\"https:\/\/www.eumedbridge.eu\/fr\/news\/declaration-de-federica-mogherini-sur-la-conference-de-lopposition\/#breadcrumb\"},\"inLanguage\":\"fr-FR\",\"potentialAction\":[{\"@type\":\"ReadAction\",\"target\":[\"https:\/\/www.eumedbridge.eu\/fr\/news\/declaration-de-federica-mogherini-sur-la-conference-de-lopposition\/\"]}]},{\"@type\":\"BreadcrumbList\",\"@id\":\"https:\/\/www.eumedbridge.eu\/fr\/news\/declaration-de-federica-mogherini-sur-la-conference-de-lopposition\/#breadcrumb\",\"itemListElement\":[{\"@type\":\"ListItem\",\"position\":1,\"name\":\"Home\",\"item\":\"https:\/\/www.eumedbridge.eu\/fr\/home-page\/\"},{\"@type\":\"ListItem\",\"position\":2,\"name\":\"Actualit\u00e9s\",\"item\":\"https:\/\/www.eumedbridge.eu\/fr\/news\/\"},{\"@type\":\"ListItem\",\"position\":3,\"name\":\"D\u00e9claration de Federica Mogherini sur la Conf\u00e9rence de l\u2019opposition syrienne \u00e0 Riyad\"}]},{\"@type\":\"WebSite\",\"@id\":\"https:\/\/www.eumedbridge.eu\/#website\",\"url\":\"https:\/\/www.eumedbridge.eu\/\",\"name\":\"EU Medbridge\",\"description\":\"\",\"publisher\":{\"@id\":\"https:\/\/www.eumedbridge.eu\/#organization\"},\"potentialAction\":[{\"@type\":\"SearchAction\",\"target\":{\"@type\":\"EntryPoint\",\"urlTemplate\":\"https:\/\/www.eumedbridge.eu\/?s={search_term_string}\"},\"query-input\":{\"@type\":\"PropertyValueSpecification\",\"valueRequired\":true,\"valueName\":\"search_term_string\"}}],\"inLanguage\":\"fr-FR\"},{\"@type\":\"Organization\",\"@id\":\"https:\/\/www.eumedbridge.eu\/#organization\",\"name\":\"EU Medbridge\",\"url\":\"https:\/\/www.eumedbridge.eu\/\",\"logo\":{\"@type\":\"ImageObject\",\"inLanguage\":\"fr-FR\",\"@id\":\"https:\/\/www.eumedbridge.eu\/#\/schema\/logo\/image\/\",\"url\":\"https:\/\/www.eumedbridge.eu\/wp-content\/uploads\/2021\/12\/Logo.png\",\"contentUrl\":\"https:\/\/www.eumedbridge.eu\/wp-content\/uploads\/2021\/12\/Logo.png\",\"width\":325,\"height\":114,\"caption\":\"EU Medbridge\"},\"image\":{\"@id\":\"https:\/\/www.eumedbridge.eu\/#\/schema\/logo\/image\/\"},\"sameAs\":[\"https:\/\/www.facebook.com\/eumedbridge\/\",\"https:\/\/x.com\/eumedbridge\",\"https:\/\/www.linkedin.com\/company\/eumedbridge\",\"https:\/\/www.youtube.com\/@eumedbridge\",\"https:\/\/www.instagram.com\/eumedbridge\",\"https:\/\/www.flickr.com\/photos\/euneighbours-south\/\"]}]}<\/script>\n<!-- \/ Yoast SEO plugin. -->","yoast_head_json":{"title":"D\u00e9claration de Federica Mogherini sur la Conf\u00e9rence de l\u2019opposition syrienne \u00e0 Riyad - Voisins de l'UE","robots":{"index":"index","follow":"follow","max-snippet":"max-snippet:-1","max-image-preview":"max-image-preview:large","max-video-preview":"max-video-preview:-1"},"canonical":"https:\/\/www.eumedbridge.eu\/fr\/news\/declaration-de-federica-mogherini-sur-la-conference-de-lopposition\/","og_locale":"fr_FR","og_type":"article","og_title":"D\u00e9claration de Federica Mogherini sur la Conf\u00e9rence de l\u2019opposition syrienne \u00e0 Riyad - Voisins de l'UE","og_description":"La r\u00e9union de l\u2019opposition syrienne qui s\u2019est tenue \u00e0 Riyad du 22 au 24 novembre a donn\u00e9 lieu \u00e0 l\u2019adoption d\u2019une d\u00e9claration commune instituant une d\u00e9l\u00e9gation d\u2019opposition unie et inclusive pour les pourparlers intrasyriens dirig\u00e9s par l\u2019ONU. Il s\u2019agit l\u00e0 d\u2019un jalon important dans le processus de n\u00e9gociations r\u00e9elles entre les deux parties. Nous adressons [&hellip;]","og_url":"https:\/\/www.eumedbridge.eu\/fr\/news\/declaration-de-federica-mogherini-sur-la-conference-de-lopposition\/","og_site_name":"Voisins de l'UE","article_publisher":"https:\/\/www.facebook.com\/eumedbridge\/","article_modified_time":"2022-07-12T07:55:01+00:00","og_image":[{"width":500,"height":295,"url":"https:\/\/www.eumedbridge.eu\/wp-content\/uploads\/2022\/03\/9a41b87cae6e3aff22a4477495aa83ea6a537045_preview.jpeg.jpg","type":"image\/jpeg"}],"twitter_card":"summary_large_image","twitter_site":"@eumedbridge","twitter_misc":{"Dur\u00e9e de lecture estim\u00e9e":"2 minutes"},"schema":{"@context":"https:\/\/schema.org","@graph":[{"@type":"WebPage","@id":"https:\/\/www.eumedbridge.eu\/fr\/news\/declaration-de-federica-mogherini-sur-la-conference-de-lopposition\/","url":"https:\/\/www.eumedbridge.eu\/fr\/news\/declaration-de-federica-mogherini-sur-la-conference-de-lopposition\/","name":"D\u00e9claration de Federica Mogherini sur la Conf\u00e9rence de l\u2019opposition syrienne \u00e0 Riyad - Voisins de l'UE","isPartOf":{"@id":"https:\/\/www.eumedbridge.eu\/#website"},"datePublished":"2017-11-26T22:00:00+00:00","dateModified":"2022-07-12T07:55:01+00:00","breadcrumb":{"@id":"https:\/\/www.eumedbridge.eu\/fr\/news\/declaration-de-federica-mogherini-sur-la-conference-de-lopposition\/#breadcrumb"},"inLanguage":"fr-FR","potentialAction":[{"@type":"ReadAction","target":["https:\/\/www.eumedbridge.eu\/fr\/news\/declaration-de-federica-mogherini-sur-la-conference-de-lopposition\/"]}]},{"@type":"BreadcrumbList","@id":"https:\/\/www.eumedbridge.eu\/fr\/news\/declaration-de-federica-mogherini-sur-la-conference-de-lopposition\/#breadcrumb","itemListElement":[{"@type":"ListItem","position":1,"name":"Home","item":"https:\/\/www.eumedbridge.eu\/fr\/home-page\/"},{"@type":"ListItem","position":2,"name":"Actualit\u00e9s","item":"https:\/\/www.eumedbridge.eu\/fr\/news\/"},{"@type":"ListItem","position":3,"name":"D\u00e9claration de Federica Mogherini sur la Conf\u00e9rence de l\u2019opposition syrienne \u00e0 Riyad"}]},{"@type":"WebSite","@id":"https:\/\/www.eumedbridge.eu\/#website","url":"https:\/\/www.eumedbridge.eu\/","name":"EU Medbridge","description":"","publisher":{"@id":"https:\/\/www.eumedbridge.eu\/#organization"},"potentialAction":[{"@type":"SearchAction","target":{"@type":"EntryPoint","urlTemplate":"https:\/\/www.eumedbridge.eu\/?s={search_term_string}"},"query-input":{"@type":"PropertyValueSpecification","valueRequired":true,"valueName":"search_term_string"}}],"inLanguage":"fr-FR"},{"@type":"Organization","@id":"https:\/\/www.eumedbridge.eu\/#organization","name":"EU Medbridge","url":"https:\/\/www.eumedbridge.eu\/","logo":{"@type":"ImageObject","inLanguage":"fr-FR","@id":"https:\/\/www.eumedbridge.eu\/#\/schema\/logo\/image\/","url":"https:\/\/www.eumedbridge.eu\/wp-content\/uploads\/2021\/12\/Logo.png","contentUrl":"https:\/\/www.eumedbridge.eu\/wp-content\/uploads\/2021\/12\/Logo.png","width":325,"height":114,"caption":"EU Medbridge"},"image":{"@id":"https:\/\/www.eumedbridge.eu\/#\/schema\/logo\/image\/"},"sameAs":["https:\/\/www.facebook.com\/eumedbridge\/","https:\/\/x.com\/eumedbridge","https:\/\/www.linkedin.com\/company\/eumedbridge","https:\/\/www.youtube.com\/@eumedbridge","https:\/\/www.instagram.com\/eumedbridge","https:\/\/www.flickr.com\/photos\/euneighbours-south\/"]}]}},"_links":{"self":[{"href":"https:\/\/www.eumedbridge.eu\/fr\/wp-json\/wp\/v2\/news\/162784","targetHints":{"allow":["GET"]}}],"collection":[{"href":"https:\/\/www.eumedbridge.eu\/fr\/wp-json\/wp\/v2\/news"}],"about":[{"href":"https:\/\/www.eumedbridge.eu\/fr\/wp-json\/wp\/v2\/types\/news"}],"wp:attachment":[{"href":"https:\/\/www.eumedbridge.eu\/fr\/wp-json\/wp\/v2\/media?parent=162784"}],"wp:term":[{"taxonomy":"news_category","embeddable":true,"href":"https:\/\/www.eumedbridge.eu\/fr\/wp-json\/wp\/v2\/news_category?post=162784"},{"taxonomy":"country","embeddable":true,"href":"https:\/\/www.eumedbridge.eu\/fr\/wp-json\/wp\/v2\/country?post=162784"},{"taxonomy":"special_action","embeddable":true,"href":"https:\/\/www.eumedbridge.eu\/fr\/wp-json\/wp\/v2\/special_action?post=162784"},{"taxonomy":"custom_tag","embeddable":true,"href":"https:\/\/www.eumedbridge.eu\/fr\/wp-json\/wp\/v2\/custom_tag?post=162784"}],"curies":[{"name":"wp","href":"https:\/\/api.w.org\/{rel}","templated":true}]}}