{"id":162802,"date":"2017-11-15T00:00:00","date_gmt":"2017-11-14T22:00:00","guid":{"rendered":"http:\/\/south.euneighbours.eu\/news\/federica-mogherini-a-rencontre-le-ministre-libanais-des-affaires-etrangeres-a-bruxelles\/"},"modified":"2022-07-12T10:55:48","modified_gmt":"2022-07-12T07:55:48","slug":"federica-mogherini-rencontre-le-ministre-libanais-des-affaires-etrangeres","status":"publish","type":"news","link":"https:\/\/www.eumedbridge.eu\/fr\/news\/federica-mogherini-rencontre-le-ministre-libanais-des-affaires-etrangeres\/","title":{"rendered":"Federica Mogherini a rencontr\u00e9 le ministre libanais des affaires \u00e9trang\u00e8res \u00e0 Bruxelles"},"content":{"rendered":"<p>La Haute repr\u00e9sentante\/vice-pr\u00e9sidente, Federica Mogherini, a rencontr\u00e9 le ministre libanais des affaires \u00e9trang\u00e8res, Gebran Bassil, pour discuter de la situation que conna\u00eet actuellement le pays, apr\u00e8s leur conversation t\u00e9l\u00e9phonique de la semaine derni\u00e8re. La Haute repr\u00e9sentante\/vice-pr\u00e9sidente, Federica Mogherini, a soulign\u00e9 que l\u2019Union europ\u00e9enne entretenait des liens \u00e9troits et de longue date avec le Liban, fond\u00e9s sur l\u2019amiti\u00e9, le travail conjoint et une coop\u00e9ration \u00e9troite, et a r\u00e9affirm\u00e9 le soutien de l\u2019UE au Liban et aux institutions libanaises. Au cours des derniers mois, l\u2019Union europ\u00e9enne a suivi de pr\u00e8s et soutenu les grandes r\u00e9alisations accomplies sous le gouvernement d\u2019unit\u00e9 du Premier ministre Saad Hariri, notamment l\u2019annonce de la tenue d\u2019\u00e9lections l\u00e9gislatives l\u2019ann\u00e9e prochaine.<\/p>\n<p>La Haute repr\u00e9sentante\/vice-pr\u00e9sidente Mogherini a r\u00e9affirm\u00e9 qu\u2019il importait de veiller \u00e0 ce que tous les partis politiques libanais maintiennent le m\u00eame niveau d\u2019unit\u00e9 dans leur collaboration, en tirant parti de ces r\u00e9alisations nationales et en emp\u00eachant toute escalade dans le pays. La stabilit\u00e9, l\u2019unit\u00e9, l\u2019int\u00e9grit\u00e9 et la souverainet\u00e9 du pays doivent \u00eatre pr\u00e9serv\u00e9es. La Haute repr\u00e9sentante\/vice-pr\u00e9sidente, Federica Mogherini, a soulign\u00e9 que l\u2019Union europ\u00e9enne continuera de soutenir le Liban \u00e0 cet \u00e9gard.<\/p>\n<p>\u00a0<\/p>\n<p><strong>Pour en savoir plus<\/strong><\/p>\n<p><a href=\"https:\/\/eeas.europa.eu\/delegations\/lebanon\/35598\/high-representativevice-president-federica-mogherini-met-lebanese-foreign-minister-gebran_en\">Communiqu\u00e9 de presse<\/a><\/p>\n<p>D\u00e9l\u00e9gation de l\u2019UE au Liban &#8211; <a href=\"https:\/\/eeas.europa.eu\/delegations\/lebanon_en\">Site internet<\/a><\/p>\n","protected":false},"featured_media":0,"parent":0,"template":"","news_category":[],"country":[1949],"special_action":[],"custom_tag":[2313,2821],"class_list":["post-162802","news","type-news","status-publish","hentry","country-liban","custom_tag-droit-de-lhomme","custom_tag-migration-fr"],"acf":[],"yoast_head":"<!-- This site is optimized with the Yoast SEO plugin v26.5 - https:\/\/yoast.com\/wordpress\/plugins\/seo\/ -->\n<title>Federica Mogherini a rencontr\u00e9 le ministre libanais des affaires \u00e9trang\u00e8res \u00e0 Bruxelles - Voisins de l&#039;UE<\/title>\n<meta name=\"robots\" content=\"index, follow, max-snippet:-1, max-image-preview:large, max-video-preview:-1\" \/>\n<link rel=\"canonical\" href=\"https:\/\/www.eumedbridge.eu\/fr\/news\/federica-mogherini-rencontre-le-ministre-libanais-des-affaires-etrangeres\/\" \/>\n<meta property=\"og:locale\" content=\"fr_FR\" \/>\n<meta property=\"og:type\" content=\"article\" \/>\n<meta property=\"og:title\" content=\"Federica Mogherini a rencontr\u00e9 le ministre libanais des affaires \u00e9trang\u00e8res \u00e0 Bruxelles - Voisins de l&#039;UE\" \/>\n<meta property=\"og:description\" content=\"La Haute repr\u00e9sentante\/vice-pr\u00e9sidente, Federica Mogherini, a rencontr\u00e9 le ministre libanais des affaires \u00e9trang\u00e8res, Gebran Bassil, pour discuter de la situation que conna\u00eet actuellement le pays, apr\u00e8s leur conversation t\u00e9l\u00e9phonique de la semaine derni\u00e8re. La Haute repr\u00e9sentante\/vice-pr\u00e9sidente, Federica Mogherini, a soulign\u00e9 que l\u2019Union europ\u00e9enne entretenait des liens \u00e9troits et de longue date avec le Liban, fond\u00e9s [&hellip;]\" \/>\n<meta property=\"og:url\" content=\"https:\/\/www.eumedbridge.eu\/fr\/news\/federica-mogherini-rencontre-le-ministre-libanais-des-affaires-etrangeres\/\" \/>\n<meta property=\"og:site_name\" content=\"Voisins de l&#039;UE\" \/>\n<meta property=\"article:publisher\" content=\"https:\/\/www.facebook.com\/eumedbridge\/\" \/>\n<meta property=\"article:modified_time\" content=\"2022-07-12T07:55:48+00:00\" \/>\n<meta property=\"og:image\" content=\"https:\/\/www.eumedbridge.eu\/wp-content\/uploads\/2022\/03\/Mogherini-Bassil.jpg\" \/>\n\t<meta property=\"og:image:width\" content=\"640\" \/>\n\t<meta property=\"og:image:height\" content=\"426\" \/>\n\t<meta property=\"og:image:type\" content=\"image\/jpeg\" \/>\n<meta name=\"twitter:card\" content=\"summary_large_image\" \/>\n<meta name=\"twitter:site\" content=\"@eumedbridge\" \/>\n<meta name=\"twitter:label1\" content=\"Dur\u00e9e de lecture estim\u00e9e\" \/>\n\t<meta name=\"twitter:data1\" content=\"1 minute\" \/>\n<script type=\"application\/ld+json\" class=\"yoast-schema-graph\">{\"@context\":\"https:\/\/schema.org\",\"@graph\":[{\"@type\":\"WebPage\",\"@id\":\"https:\/\/www.eumedbridge.eu\/fr\/news\/federica-mogherini-rencontre-le-ministre-libanais-des-affaires-etrangeres\/\",\"url\":\"https:\/\/www.eumedbridge.eu\/fr\/news\/federica-mogherini-rencontre-le-ministre-libanais-des-affaires-etrangeres\/\",\"name\":\"Federica Mogherini a rencontr\u00e9 le ministre libanais des affaires \u00e9trang\u00e8res \u00e0 Bruxelles - Voisins de l'UE\",\"isPartOf\":{\"@id\":\"https:\/\/www.eumedbridge.eu\/#website\"},\"datePublished\":\"2017-11-14T22:00:00+00:00\",\"dateModified\":\"2022-07-12T07:55:48+00:00\",\"breadcrumb\":{\"@id\":\"https:\/\/www.eumedbridge.eu\/fr\/news\/federica-mogherini-rencontre-le-ministre-libanais-des-affaires-etrangeres\/#breadcrumb\"},\"inLanguage\":\"fr-FR\",\"potentialAction\":[{\"@type\":\"ReadAction\",\"target\":[\"https:\/\/www.eumedbridge.eu\/fr\/news\/federica-mogherini-rencontre-le-ministre-libanais-des-affaires-etrangeres\/\"]}]},{\"@type\":\"BreadcrumbList\",\"@id\":\"https:\/\/www.eumedbridge.eu\/fr\/news\/federica-mogherini-rencontre-le-ministre-libanais-des-affaires-etrangeres\/#breadcrumb\",\"itemListElement\":[{\"@type\":\"ListItem\",\"position\":1,\"name\":\"Home\",\"item\":\"https:\/\/www.eumedbridge.eu\/fr\/home-page\/\"},{\"@type\":\"ListItem\",\"position\":2,\"name\":\"Actualit\u00e9s\",\"item\":\"https:\/\/www.eumedbridge.eu\/fr\/news\/\"},{\"@type\":\"ListItem\",\"position\":3,\"name\":\"Federica Mogherini a rencontr\u00e9 le ministre libanais des affaires \u00e9trang\u00e8res \u00e0 Bruxelles\"}]},{\"@type\":\"WebSite\",\"@id\":\"https:\/\/www.eumedbridge.eu\/#website\",\"url\":\"https:\/\/www.eumedbridge.eu\/\",\"name\":\"EU Medbridge\",\"description\":\"\",\"publisher\":{\"@id\":\"https:\/\/www.eumedbridge.eu\/#organization\"},\"potentialAction\":[{\"@type\":\"SearchAction\",\"target\":{\"@type\":\"EntryPoint\",\"urlTemplate\":\"https:\/\/www.eumedbridge.eu\/?s={search_term_string}\"},\"query-input\":{\"@type\":\"PropertyValueSpecification\",\"valueRequired\":true,\"valueName\":\"search_term_string\"}}],\"inLanguage\":\"fr-FR\"},{\"@type\":\"Organization\",\"@id\":\"https:\/\/www.eumedbridge.eu\/#organization\",\"name\":\"EU Medbridge\",\"url\":\"https:\/\/www.eumedbridge.eu\/\",\"logo\":{\"@type\":\"ImageObject\",\"inLanguage\":\"fr-FR\",\"@id\":\"https:\/\/www.eumedbridge.eu\/#\/schema\/logo\/image\/\",\"url\":\"https:\/\/www.eumedbridge.eu\/wp-content\/uploads\/2021\/12\/Logo.png\",\"contentUrl\":\"https:\/\/www.eumedbridge.eu\/wp-content\/uploads\/2021\/12\/Logo.png\",\"width\":325,\"height\":114,\"caption\":\"EU Medbridge\"},\"image\":{\"@id\":\"https:\/\/www.eumedbridge.eu\/#\/schema\/logo\/image\/\"},\"sameAs\":[\"https:\/\/www.facebook.com\/eumedbridge\/\",\"https:\/\/x.com\/eumedbridge\",\"https:\/\/www.linkedin.com\/company\/eumedbridge\",\"https:\/\/www.youtube.com\/@eumedbridge\",\"https:\/\/www.instagram.com\/eumedbridge\",\"https:\/\/www.flickr.com\/photos\/euneighbours-south\/\"]}]}<\/script>\n<!-- \/ Yoast SEO plugin. -->","yoast_head_json":{"title":"Federica Mogherini a rencontr\u00e9 le ministre libanais des affaires \u00e9trang\u00e8res \u00e0 Bruxelles - Voisins de l'UE","robots":{"index":"index","follow":"follow","max-snippet":"max-snippet:-1","max-image-preview":"max-image-preview:large","max-video-preview":"max-video-preview:-1"},"canonical":"https:\/\/www.eumedbridge.eu\/fr\/news\/federica-mogherini-rencontre-le-ministre-libanais-des-affaires-etrangeres\/","og_locale":"fr_FR","og_type":"article","og_title":"Federica Mogherini a rencontr\u00e9 le ministre libanais des affaires \u00e9trang\u00e8res \u00e0 Bruxelles - Voisins de l'UE","og_description":"La Haute repr\u00e9sentante\/vice-pr\u00e9sidente, Federica Mogherini, a rencontr\u00e9 le ministre libanais des affaires \u00e9trang\u00e8res, Gebran Bassil, pour discuter de la situation que conna\u00eet actuellement le pays, apr\u00e8s leur conversation t\u00e9l\u00e9phonique de la semaine derni\u00e8re. La Haute repr\u00e9sentante\/vice-pr\u00e9sidente, Federica Mogherini, a soulign\u00e9 que l\u2019Union europ\u00e9enne entretenait des liens \u00e9troits et de longue date avec le Liban, fond\u00e9s [&hellip;]","og_url":"https:\/\/www.eumedbridge.eu\/fr\/news\/federica-mogherini-rencontre-le-ministre-libanais-des-affaires-etrangeres\/","og_site_name":"Voisins de l'UE","article_publisher":"https:\/\/www.facebook.com\/eumedbridge\/","article_modified_time":"2022-07-12T07:55:48+00:00","og_image":[{"width":640,"height":426,"url":"https:\/\/www.eumedbridge.eu\/wp-content\/uploads\/2022\/03\/Mogherini-Bassil.jpg","type":"image\/jpeg"}],"twitter_card":"summary_large_image","twitter_site":"@eumedbridge","twitter_misc":{"Dur\u00e9e de lecture estim\u00e9e":"1 minute"},"schema":{"@context":"https:\/\/schema.org","@graph":[{"@type":"WebPage","@id":"https:\/\/www.eumedbridge.eu\/fr\/news\/federica-mogherini-rencontre-le-ministre-libanais-des-affaires-etrangeres\/","url":"https:\/\/www.eumedbridge.eu\/fr\/news\/federica-mogherini-rencontre-le-ministre-libanais-des-affaires-etrangeres\/","name":"Federica Mogherini a rencontr\u00e9 le ministre libanais des affaires \u00e9trang\u00e8res \u00e0 Bruxelles - Voisins de l'UE","isPartOf":{"@id":"https:\/\/www.eumedbridge.eu\/#website"},"datePublished":"2017-11-14T22:00:00+00:00","dateModified":"2022-07-12T07:55:48+00:00","breadcrumb":{"@id":"https:\/\/www.eumedbridge.eu\/fr\/news\/federica-mogherini-rencontre-le-ministre-libanais-des-affaires-etrangeres\/#breadcrumb"},"inLanguage":"fr-FR","potentialAction":[{"@type":"ReadAction","target":["https:\/\/www.eumedbridge.eu\/fr\/news\/federica-mogherini-rencontre-le-ministre-libanais-des-affaires-etrangeres\/"]}]},{"@type":"BreadcrumbList","@id":"https:\/\/www.eumedbridge.eu\/fr\/news\/federica-mogherini-rencontre-le-ministre-libanais-des-affaires-etrangeres\/#breadcrumb","itemListElement":[{"@type":"ListItem","position":1,"name":"Home","item":"https:\/\/www.eumedbridge.eu\/fr\/home-page\/"},{"@type":"ListItem","position":2,"name":"Actualit\u00e9s","item":"https:\/\/www.eumedbridge.eu\/fr\/news\/"},{"@type":"ListItem","position":3,"name":"Federica Mogherini a rencontr\u00e9 le ministre libanais des affaires \u00e9trang\u00e8res \u00e0 Bruxelles"}]},{"@type":"WebSite","@id":"https:\/\/www.eumedbridge.eu\/#website","url":"https:\/\/www.eumedbridge.eu\/","name":"EU Medbridge","description":"","publisher":{"@id":"https:\/\/www.eumedbridge.eu\/#organization"},"potentialAction":[{"@type":"SearchAction","target":{"@type":"EntryPoint","urlTemplate":"https:\/\/www.eumedbridge.eu\/?s={search_term_string}"},"query-input":{"@type":"PropertyValueSpecification","valueRequired":true,"valueName":"search_term_string"}}],"inLanguage":"fr-FR"},{"@type":"Organization","@id":"https:\/\/www.eumedbridge.eu\/#organization","name":"EU Medbridge","url":"https:\/\/www.eumedbridge.eu\/","logo":{"@type":"ImageObject","inLanguage":"fr-FR","@id":"https:\/\/www.eumedbridge.eu\/#\/schema\/logo\/image\/","url":"https:\/\/www.eumedbridge.eu\/wp-content\/uploads\/2021\/12\/Logo.png","contentUrl":"https:\/\/www.eumedbridge.eu\/wp-content\/uploads\/2021\/12\/Logo.png","width":325,"height":114,"caption":"EU Medbridge"},"image":{"@id":"https:\/\/www.eumedbridge.eu\/#\/schema\/logo\/image\/"},"sameAs":["https:\/\/www.facebook.com\/eumedbridge\/","https:\/\/x.com\/eumedbridge","https:\/\/www.linkedin.com\/company\/eumedbridge","https:\/\/www.youtube.com\/@eumedbridge","https:\/\/www.instagram.com\/eumedbridge","https:\/\/www.flickr.com\/photos\/euneighbours-south\/"]}]}},"_links":{"self":[{"href":"https:\/\/www.eumedbridge.eu\/fr\/wp-json\/wp\/v2\/news\/162802","targetHints":{"allow":["GET"]}}],"collection":[{"href":"https:\/\/www.eumedbridge.eu\/fr\/wp-json\/wp\/v2\/news"}],"about":[{"href":"https:\/\/www.eumedbridge.eu\/fr\/wp-json\/wp\/v2\/types\/news"}],"wp:attachment":[{"href":"https:\/\/www.eumedbridge.eu\/fr\/wp-json\/wp\/v2\/media?parent=162802"}],"wp:term":[{"taxonomy":"news_category","embeddable":true,"href":"https:\/\/www.eumedbridge.eu\/fr\/wp-json\/wp\/v2\/news_category?post=162802"},{"taxonomy":"country","embeddable":true,"href":"https:\/\/www.eumedbridge.eu\/fr\/wp-json\/wp\/v2\/country?post=162802"},{"taxonomy":"special_action","embeddable":true,"href":"https:\/\/www.eumedbridge.eu\/fr\/wp-json\/wp\/v2\/special_action?post=162802"},{"taxonomy":"custom_tag","embeddable":true,"href":"https:\/\/www.eumedbridge.eu\/fr\/wp-json\/wp\/v2\/custom_tag?post=162802"}],"curies":[{"name":"wp","href":"https:\/\/api.w.org\/{rel}","templated":true}]}}