{"id":162860,"date":"2017-10-24T00:00:00","date_gmt":"2017-10-23T21:00:00","guid":{"rendered":"http:\/\/south.euneighbours.eu\/news\/lue-et-le-pnud-cooperent-pour-le-deminage-et-le-developpement\/"},"modified":"2022-07-12T10:58:36","modified_gmt":"2022-07-12T07:58:36","slug":"lue-et-le-pnud-cooperent-pour-le-deminage-et-le-developpement","status":"publish","type":"news","link":"https:\/\/www.eumedbridge.eu\/fr\/news\/lue-et-le-pnud-cooperent-pour-le-deminage-et-le-developpement\/","title":{"rendered":"L\u2019UE et le PNUD coop\u00e8rent pour le d\u00e9minage et le d\u00e9veloppement"},"content":{"rendered":"<p><span><span><span>\u00c0 l\u2019occasion du 75e anniversaire des batailles d\u2019El Alamein, l\u2019ambassadeur Ivan Surko\u0161, chef de la d\u00e9l\u00e9gation de l\u2019Union europ\u00e9enne (UE) en \u00c9gypte, et M. Richard Dictus, repr\u00e9sentant r\u00e9sident du Programme des Nations Unies pour le d\u00e9veloppement (PNUD) en \u00c9gypte, accompagn\u00e9s de repr\u00e9sentants de l\u2019UE et du PNUD, se sont rendus sur les lieux d\u2019activit\u00e9s men\u00e9es actuellement dans le cadre du projet financ\u00e9 par l\u2019UE \u00ab <em>Support to the North West Coast Development Plan and Relevant Mine Action: Phase II<\/em> \u00bb (Appui au plan de d\u00e9veloppement de la c\u00f4te nord-ouest et action antimines pertinente : phase II), mis en \u0153uvre dans les villes d\u2019El Alamein et Matrouh.<\/span><\/span><\/span><\/p>\n<p><span><span><span>La d\u00e9l\u00e9gation a rendu visite \u00e0 l\u2019\u00e9cole pr\u00e9paratoire et secondaire d\u2019El Alamein pour une session sur l\u2019\u00e9ducation aux dangers des mines, au bataillon de campagne militaire d\u2019El Alamein pour des explications et des d\u00e9monstrations en direct sur les activit\u00e9s de d\u00e9minage, et au centre pour la pose de membres artificiels dans le village d\u2019Al Qasr afin de rencontrer les b\u00e9n\u00e9ficiaires.<\/span><\/span><\/span><\/p>\n<p><span><span><span>\u00ab <em>Les batailles d\u2019El Alamein, qui ont eu lieu il y a 75 ans sur le sol \u00e9gyptien, ont eu une importance consid\u00e9rable au cours de la Seconde Guerre mondiale. Pourtant, elles ont \u00e9galement laiss\u00e9 derri\u00e8re elle un grand nombre de munitions non explos\u00e9es qui posent toujours un risque majeur pour la population et, plus g\u00e9n\u00e9ralement, pour le d\u00e9veloppement de la c\u00f4te nord-ouest<\/em> \u00bb, a d\u00e9clar\u00e9 l\u2019ambassadeur Ivan Surko\u0161.<em> <\/em>\u00ab <em>L\u2019UE travaille avec l\u2019\u00c9gypte pour s\u2019attaquer \u00e0 ce probl\u00e8me<\/em> \u00bb, a-t-il ajout\u00e9.<\/span><\/span><\/span><\/p>\n<p><span><span><span>En 2014, l\u2019UE a financ\u00e9 la seconde phase du projet d\u2019action anti-mines avec une subvention de 4,7 millions d\u2019euros. Pour sa mise en \u0153uvre, l\u2019UE travaille en partenariat avec le PNUD et le minist\u00e8re de l\u2019investissement et de la coop\u00e9ration internationale.<\/span><\/span><\/span><\/p>\n<p>\u00a0<\/p>\n<p><span><strong><span>Pour en savoir plus<\/span><\/strong><\/span><\/p>\n<p><span><span><a href=\"https:\/\/eeas.europa.eu\/delegations\/egypt\/34458\/node\/34458_en\">Communiqu\u00e9 de presse<\/a><\/span><\/span><\/p>\n<p><span><span>D\u00e9l\u00e9gation de l\u2019UE en Egypte <span>&#8211; <\/span><\/span><a href=\"https:\/\/eeas.europa.eu\/delegations\/egypt_en\"><span><span>Site internet<\/span><\/span><\/a><\/span><\/p>\n","protected":false},"featured_media":0,"parent":0,"template":"","news_category":[],"country":[1947],"special_action":[],"custom_tag":[1874,2312,2313,1897,2821,1870],"class_list":["post-162860","news","type-news","status-publish","hentry","country-egypte","custom_tag-culture-fr","custom_tag-developpement-durable","custom_tag-droit-de-lhomme","custom_tag-medias","custom_tag-migration-fr","custom_tag-societe-civile"],"acf":[],"yoast_head":"<!-- This site is optimized with the Yoast SEO plugin v26.5 - https:\/\/yoast.com\/wordpress\/plugins\/seo\/ -->\n<title>L\u2019UE et le PNUD coop\u00e8rent pour le d\u00e9minage et le d\u00e9veloppement - Voisins de l&#039;UE<\/title>\n<meta name=\"robots\" content=\"index, follow, max-snippet:-1, max-image-preview:large, max-video-preview:-1\" \/>\n<link rel=\"canonical\" href=\"https:\/\/www.eumedbridge.eu\/fr\/news\/lue-et-le-pnud-cooperent-pour-le-deminage-et-le-developpement\/\" \/>\n<meta property=\"og:locale\" content=\"fr_FR\" \/>\n<meta property=\"og:type\" content=\"article\" \/>\n<meta property=\"og:title\" content=\"L\u2019UE et le PNUD coop\u00e8rent pour le d\u00e9minage et le d\u00e9veloppement - Voisins de l&#039;UE\" \/>\n<meta property=\"og:description\" content=\"\u00c0 l\u2019occasion du 75e anniversaire des batailles d\u2019El Alamein, l\u2019ambassadeur Ivan Surko\u0161, chef de la d\u00e9l\u00e9gation de l\u2019Union europ\u00e9enne (UE) en \u00c9gypte, et M. Richard Dictus, repr\u00e9sentant r\u00e9sident du Programme des Nations Unies pour le d\u00e9veloppement (PNUD) en \u00c9gypte, accompagn\u00e9s de repr\u00e9sentants de l\u2019UE et du PNUD, se sont rendus sur les lieux d\u2019activit\u00e9s men\u00e9es [&hellip;]\" \/>\n<meta property=\"og:url\" content=\"https:\/\/www.eumedbridge.eu\/fr\/news\/lue-et-le-pnud-cooperent-pour-le-deminage-et-le-developpement\/\" \/>\n<meta property=\"og:site_name\" content=\"Voisins de l&#039;UE\" \/>\n<meta property=\"article:publisher\" content=\"https:\/\/www.facebook.com\/eumedbridge\/\" \/>\n<meta property=\"article:modified_time\" content=\"2022-07-12T07:58:36+00:00\" \/>\n<meta property=\"og:image\" content=\"https:\/\/www.eumedbridge.eu\/wp-content\/uploads\/2022\/03\/picture-undp.jpg\" \/>\n\t<meta property=\"og:image:width\" content=\"750\" \/>\n\t<meta property=\"og:image:height\" content=\"500\" \/>\n\t<meta property=\"og:image:type\" content=\"image\/jpeg\" \/>\n<meta name=\"twitter:card\" content=\"summary_large_image\" \/>\n<meta name=\"twitter:site\" content=\"@eumedbridge\" \/>\n<meta name=\"twitter:label1\" content=\"Dur\u00e9e de lecture estim\u00e9e\" \/>\n\t<meta name=\"twitter:data1\" content=\"2 minutes\" \/>\n<script type=\"application\/ld+json\" class=\"yoast-schema-graph\">{\"@context\":\"https:\/\/schema.org\",\"@graph\":[{\"@type\":\"WebPage\",\"@id\":\"https:\/\/www.eumedbridge.eu\/fr\/news\/lue-et-le-pnud-cooperent-pour-le-deminage-et-le-developpement\/\",\"url\":\"https:\/\/www.eumedbridge.eu\/fr\/news\/lue-et-le-pnud-cooperent-pour-le-deminage-et-le-developpement\/\",\"name\":\"L\u2019UE et le PNUD coop\u00e8rent pour le d\u00e9minage et le d\u00e9veloppement - Voisins de l'UE\",\"isPartOf\":{\"@id\":\"https:\/\/www.eumedbridge.eu\/#website\"},\"datePublished\":\"2017-10-23T21:00:00+00:00\",\"dateModified\":\"2022-07-12T07:58:36+00:00\",\"breadcrumb\":{\"@id\":\"https:\/\/www.eumedbridge.eu\/fr\/news\/lue-et-le-pnud-cooperent-pour-le-deminage-et-le-developpement\/#breadcrumb\"},\"inLanguage\":\"fr-FR\",\"potentialAction\":[{\"@type\":\"ReadAction\",\"target\":[\"https:\/\/www.eumedbridge.eu\/fr\/news\/lue-et-le-pnud-cooperent-pour-le-deminage-et-le-developpement\/\"]}]},{\"@type\":\"BreadcrumbList\",\"@id\":\"https:\/\/www.eumedbridge.eu\/fr\/news\/lue-et-le-pnud-cooperent-pour-le-deminage-et-le-developpement\/#breadcrumb\",\"itemListElement\":[{\"@type\":\"ListItem\",\"position\":1,\"name\":\"Home\",\"item\":\"https:\/\/www.eumedbridge.eu\/fr\/home-page\/\"},{\"@type\":\"ListItem\",\"position\":2,\"name\":\"Actualit\u00e9s\",\"item\":\"https:\/\/www.eumedbridge.eu\/fr\/news\/\"},{\"@type\":\"ListItem\",\"position\":3,\"name\":\"L\u2019UE et le PNUD coop\u00e8rent pour le d\u00e9minage et le d\u00e9veloppement\"}]},{\"@type\":\"WebSite\",\"@id\":\"https:\/\/www.eumedbridge.eu\/#website\",\"url\":\"https:\/\/www.eumedbridge.eu\/\",\"name\":\"EU Medbridge\",\"description\":\"\",\"publisher\":{\"@id\":\"https:\/\/www.eumedbridge.eu\/#organization\"},\"potentialAction\":[{\"@type\":\"SearchAction\",\"target\":{\"@type\":\"EntryPoint\",\"urlTemplate\":\"https:\/\/www.eumedbridge.eu\/?s={search_term_string}\"},\"query-input\":{\"@type\":\"PropertyValueSpecification\",\"valueRequired\":true,\"valueName\":\"search_term_string\"}}],\"inLanguage\":\"fr-FR\"},{\"@type\":\"Organization\",\"@id\":\"https:\/\/www.eumedbridge.eu\/#organization\",\"name\":\"EU Medbridge\",\"url\":\"https:\/\/www.eumedbridge.eu\/\",\"logo\":{\"@type\":\"ImageObject\",\"inLanguage\":\"fr-FR\",\"@id\":\"https:\/\/www.eumedbridge.eu\/#\/schema\/logo\/image\/\",\"url\":\"https:\/\/www.eumedbridge.eu\/wp-content\/uploads\/2021\/12\/Logo.png\",\"contentUrl\":\"https:\/\/www.eumedbridge.eu\/wp-content\/uploads\/2021\/12\/Logo.png\",\"width\":325,\"height\":114,\"caption\":\"EU Medbridge\"},\"image\":{\"@id\":\"https:\/\/www.eumedbridge.eu\/#\/schema\/logo\/image\/\"},\"sameAs\":[\"https:\/\/www.facebook.com\/eumedbridge\/\",\"https:\/\/x.com\/eumedbridge\",\"https:\/\/www.linkedin.com\/company\/eumedbridge\",\"https:\/\/www.youtube.com\/@eumedbridge\",\"https:\/\/www.instagram.com\/eumedbridge\",\"https:\/\/www.flickr.com\/photos\/euneighbours-south\/\"]}]}<\/script>\n<!-- \/ Yoast SEO plugin. -->","yoast_head_json":{"title":"L\u2019UE et le PNUD coop\u00e8rent pour le d\u00e9minage et le d\u00e9veloppement - Voisins de l'UE","robots":{"index":"index","follow":"follow","max-snippet":"max-snippet:-1","max-image-preview":"max-image-preview:large","max-video-preview":"max-video-preview:-1"},"canonical":"https:\/\/www.eumedbridge.eu\/fr\/news\/lue-et-le-pnud-cooperent-pour-le-deminage-et-le-developpement\/","og_locale":"fr_FR","og_type":"article","og_title":"L\u2019UE et le PNUD coop\u00e8rent pour le d\u00e9minage et le d\u00e9veloppement - Voisins de l'UE","og_description":"\u00c0 l\u2019occasion du 75e anniversaire des batailles d\u2019El Alamein, l\u2019ambassadeur Ivan Surko\u0161, chef de la d\u00e9l\u00e9gation de l\u2019Union europ\u00e9enne (UE) en \u00c9gypte, et M. Richard Dictus, repr\u00e9sentant r\u00e9sident du Programme des Nations Unies pour le d\u00e9veloppement (PNUD) en \u00c9gypte, accompagn\u00e9s de repr\u00e9sentants de l\u2019UE et du PNUD, se sont rendus sur les lieux d\u2019activit\u00e9s men\u00e9es [&hellip;]","og_url":"https:\/\/www.eumedbridge.eu\/fr\/news\/lue-et-le-pnud-cooperent-pour-le-deminage-et-le-developpement\/","og_site_name":"Voisins de l'UE","article_publisher":"https:\/\/www.facebook.com\/eumedbridge\/","article_modified_time":"2022-07-12T07:58:36+00:00","og_image":[{"width":750,"height":500,"url":"https:\/\/www.eumedbridge.eu\/wp-content\/uploads\/2022\/03\/picture-undp.jpg","type":"image\/jpeg"}],"twitter_card":"summary_large_image","twitter_site":"@eumedbridge","twitter_misc":{"Dur\u00e9e de lecture estim\u00e9e":"2 minutes"},"schema":{"@context":"https:\/\/schema.org","@graph":[{"@type":"WebPage","@id":"https:\/\/www.eumedbridge.eu\/fr\/news\/lue-et-le-pnud-cooperent-pour-le-deminage-et-le-developpement\/","url":"https:\/\/www.eumedbridge.eu\/fr\/news\/lue-et-le-pnud-cooperent-pour-le-deminage-et-le-developpement\/","name":"L\u2019UE et le PNUD coop\u00e8rent pour le d\u00e9minage et le d\u00e9veloppement - Voisins de l'UE","isPartOf":{"@id":"https:\/\/www.eumedbridge.eu\/#website"},"datePublished":"2017-10-23T21:00:00+00:00","dateModified":"2022-07-12T07:58:36+00:00","breadcrumb":{"@id":"https:\/\/www.eumedbridge.eu\/fr\/news\/lue-et-le-pnud-cooperent-pour-le-deminage-et-le-developpement\/#breadcrumb"},"inLanguage":"fr-FR","potentialAction":[{"@type":"ReadAction","target":["https:\/\/www.eumedbridge.eu\/fr\/news\/lue-et-le-pnud-cooperent-pour-le-deminage-et-le-developpement\/"]}]},{"@type":"BreadcrumbList","@id":"https:\/\/www.eumedbridge.eu\/fr\/news\/lue-et-le-pnud-cooperent-pour-le-deminage-et-le-developpement\/#breadcrumb","itemListElement":[{"@type":"ListItem","position":1,"name":"Home","item":"https:\/\/www.eumedbridge.eu\/fr\/home-page\/"},{"@type":"ListItem","position":2,"name":"Actualit\u00e9s","item":"https:\/\/www.eumedbridge.eu\/fr\/news\/"},{"@type":"ListItem","position":3,"name":"L\u2019UE et le PNUD coop\u00e8rent pour le d\u00e9minage et le d\u00e9veloppement"}]},{"@type":"WebSite","@id":"https:\/\/www.eumedbridge.eu\/#website","url":"https:\/\/www.eumedbridge.eu\/","name":"EU Medbridge","description":"","publisher":{"@id":"https:\/\/www.eumedbridge.eu\/#organization"},"potentialAction":[{"@type":"SearchAction","target":{"@type":"EntryPoint","urlTemplate":"https:\/\/www.eumedbridge.eu\/?s={search_term_string}"},"query-input":{"@type":"PropertyValueSpecification","valueRequired":true,"valueName":"search_term_string"}}],"inLanguage":"fr-FR"},{"@type":"Organization","@id":"https:\/\/www.eumedbridge.eu\/#organization","name":"EU Medbridge","url":"https:\/\/www.eumedbridge.eu\/","logo":{"@type":"ImageObject","inLanguage":"fr-FR","@id":"https:\/\/www.eumedbridge.eu\/#\/schema\/logo\/image\/","url":"https:\/\/www.eumedbridge.eu\/wp-content\/uploads\/2021\/12\/Logo.png","contentUrl":"https:\/\/www.eumedbridge.eu\/wp-content\/uploads\/2021\/12\/Logo.png","width":325,"height":114,"caption":"EU Medbridge"},"image":{"@id":"https:\/\/www.eumedbridge.eu\/#\/schema\/logo\/image\/"},"sameAs":["https:\/\/www.facebook.com\/eumedbridge\/","https:\/\/x.com\/eumedbridge","https:\/\/www.linkedin.com\/company\/eumedbridge","https:\/\/www.youtube.com\/@eumedbridge","https:\/\/www.instagram.com\/eumedbridge","https:\/\/www.flickr.com\/photos\/euneighbours-south\/"]}]}},"_links":{"self":[{"href":"https:\/\/www.eumedbridge.eu\/fr\/wp-json\/wp\/v2\/news\/162860","targetHints":{"allow":["GET"]}}],"collection":[{"href":"https:\/\/www.eumedbridge.eu\/fr\/wp-json\/wp\/v2\/news"}],"about":[{"href":"https:\/\/www.eumedbridge.eu\/fr\/wp-json\/wp\/v2\/types\/news"}],"wp:attachment":[{"href":"https:\/\/www.eumedbridge.eu\/fr\/wp-json\/wp\/v2\/media?parent=162860"}],"wp:term":[{"taxonomy":"news_category","embeddable":true,"href":"https:\/\/www.eumedbridge.eu\/fr\/wp-json\/wp\/v2\/news_category?post=162860"},{"taxonomy":"country","embeddable":true,"href":"https:\/\/www.eumedbridge.eu\/fr\/wp-json\/wp\/v2\/country?post=162860"},{"taxonomy":"special_action","embeddable":true,"href":"https:\/\/www.eumedbridge.eu\/fr\/wp-json\/wp\/v2\/special_action?post=162860"},{"taxonomy":"custom_tag","embeddable":true,"href":"https:\/\/www.eumedbridge.eu\/fr\/wp-json\/wp\/v2\/custom_tag?post=162860"}],"curies":[{"name":"wp","href":"https:\/\/api.w.org\/{rel}","templated":true}]}}