{"id":162908,"date":"2017-10-06T00:00:00","date_gmt":"2017-10-05T21:00:00","guid":{"rendered":"http:\/\/south.euneighbours.eu\/news\/appels-a-propositions-pour-des-fonds-culturels-lances-en-tunisie\/"},"modified":"2022-07-12T11:00:41","modified_gmt":"2022-07-12T08:00:41","slug":"appels-propositions-pour-des-fonds-culturels-lances-en-tunisie","status":"publish","type":"news","link":"https:\/\/www.eumedbridge.eu\/fr\/news\/appels-propositions-pour-des-fonds-culturels-lances-en-tunisie\/","title":{"rendered":"Appels \u00e0 propositions pour des fonds culturels lanc\u00e9s en Tunisie"},"content":{"rendered":"<p><span><span>Le projet financ\u00e9 par l\u2019UE \u00ab Tfanen \u2013 Tunisie cr\u00e9ative \u00bb lance la 2e phase des appels \u00e0 propositions pour 3 fonds culturels pour une enveloppe globale de 1 750 000 euros (environ 5 millions TND). Les dates limites de soumission varient selon les fonds et s\u2019\u00e9tendent sur la p\u00e9riode allant du 3 novembre au 2 d\u00e9cembre.<\/span><\/span><\/p>\n<p><span><span>Les trois fonds sont le \u00ab\u00a0<a href=\"http:\/\/www.tfanen.org\/fonds-engagement-culturel-local\">Fonds d&rsquo;Engagement Culturel Local en Tunisie<\/a>\u00ab\u00a0, le \u00ab\u00a0<a href=\"http:\/\/www.tfanen.org\/fonds-appui-ala-creation\">Fonds d\u2019Appui \u00e0 la Cr\u00e9ation<\/a>\u00ab\u00a0, et le \u00ab\u00a0<a href=\"http:\/\/www.tfanen.org\/fonds-festival-et-patrimone\">Fonds de P\u00e9rennisation des Festivals et de Valorisation du Patrimoine<\/a>\u00ab\u00a0. Les trois appels \u00e0 projets sont ouverts aux diff\u00e9rents op\u00e9rateurs culturels, tels que les acteurs de la soci\u00e9t\u00e9 civile, les entrepreneurs culturels, les \u00e9tablissements du secteur public et les artistes. Les financements accord\u00e9s iront de 10 000 \u00e0 100 000 euros par projet (en fonction des fonds et des lots) pour une dur\u00e9e des projets allant de 3 \u00e0 12 mois.<\/span><\/span><\/p>\n<p><span><span>Les projets promouvant l\u2019acc\u00e8s \u00e0 la culture au niveau local, notamment dans les zones d\u00e9favoris\u00e9es, et qui seront d\u00e9velopp\u00e9s et g\u00e9r\u00e9s en r\u00e9seau par des partenaires de natures diverses (organisation de la soci\u00e9t\u00e9 civile, organismes \u00e9tatiques, acteurs culturels ind\u00e9pendants, etc.) seront valoris\u00e9s. Une attention particuli\u00e8re sera port\u00e9e aux projets b\u00e9n\u00e9ficiant aux jeunes et aux femmes.<\/span><\/span><\/p>\n<p><span><span>\u00ab\u00a0<em>La culture est l&rsquo;un des moteurs de la transition d\u00e9mocratique, \u00bb <\/em>a d\u00e9clar\u00e9 l\u2019Ambassadeur de l\u2019Union europ\u00e9enne en Tunisie, M. Patrice Bergamini. <em>\u00ab Elle unit et stimule; elle offre un unique espace de partage, de rencontre et de r\u00e9flexion. Elle constitue en Tunisie l&rsquo;une des priorit\u00e9s de l&rsquo;action de l&rsquo;Union europ\u00e9enne qui met \u00e0 la disposition de tous les acteurs culturels tunisiens de nouvelles opportunit\u00e9s de financement et des activit\u00e9s de renforcement des capacit\u00e9s afin de d\u00e9velopper l\u2019offre culturelle de qualit\u00e9 sur l&rsquo;ensemble du pays\u00a0\u00bb. <\/em><\/span><\/span><\/p>\n<p>\u00a0<\/p>\n<p><span><strong><span><span>Pour en savoir plus<\/span><\/span><\/strong><\/span><\/p>\n<p><span><span><a href=\"https:\/\/eeas.europa.eu\/delegations\/tunisia\/33203\/tfanen-%E2%80%93-tunisie-cr%C3%A9ative-lance-la-2e-phase-des-appels-%C3%A0-propositions-pour-3-fonds-culturels_en\"><span><span>Communiqu\u00e9 de presse<\/span><\/span><\/a><\/span><\/span><\/p>\n<p><span><span>Tfanen &#8211; Tunisie Cr\u00e9ative &#8211; <a href=\"http:\/\/www.tfanen.org\/\"><span><span>Site internet<\/span><\/span><\/a><\/span><\/span><\/p>\n","protected":false},"featured_media":0,"parent":0,"template":"","news_category":[],"country":[1955],"special_action":[],"custom_tag":[1874,2312,2817,1970,1897,1870],"class_list":["post-162908","news","type-news","status-publish","hentry","country-tunisie","custom_tag-culture-fr","custom_tag-developpement-durable","custom_tag-education-fr","custom_tag-jeunesse","custom_tag-medias","custom_tag-societe-civile"],"acf":[],"yoast_head":"<!-- This site is optimized with the Yoast SEO plugin v26.5 - https:\/\/yoast.com\/wordpress\/plugins\/seo\/ -->\n<title>Appels \u00e0 propositions pour des fonds culturels lanc\u00e9s en Tunisie - Voisins de l&#039;UE<\/title>\n<meta name=\"robots\" content=\"index, follow, max-snippet:-1, max-image-preview:large, max-video-preview:-1\" \/>\n<link rel=\"canonical\" href=\"https:\/\/www.eumedbridge.eu\/fr\/news\/appels-propositions-pour-des-fonds-culturels-lances-en-tunisie\/\" \/>\n<meta property=\"og:locale\" content=\"fr_FR\" \/>\n<meta property=\"og:type\" content=\"article\" \/>\n<meta property=\"og:title\" content=\"Appels \u00e0 propositions pour des fonds culturels lanc\u00e9s en Tunisie - Voisins de l&#039;UE\" \/>\n<meta property=\"og:description\" content=\"Le projet financ\u00e9 par l\u2019UE \u00ab Tfanen \u2013 Tunisie cr\u00e9ative \u00bb lance la 2e phase des appels \u00e0 propositions pour 3 fonds culturels pour une enveloppe globale de 1 750 000 euros (environ 5 millions TND). Les dates limites de soumission varient selon les fonds et s\u2019\u00e9tendent sur la p\u00e9riode allant du 3 novembre au [&hellip;]\" \/>\n<meta property=\"og:url\" content=\"https:\/\/www.eumedbridge.eu\/fr\/news\/appels-propositions-pour-des-fonds-culturels-lances-en-tunisie\/\" \/>\n<meta property=\"og:site_name\" content=\"Voisins de l&#039;UE\" \/>\n<meta property=\"article:publisher\" content=\"https:\/\/www.facebook.com\/eumedbridge\/\" \/>\n<meta property=\"article:modified_time\" content=\"2022-07-12T08:00:41+00:00\" \/>\n<meta property=\"og:image\" content=\"https:\/\/www.eumedbridge.eu\/wp-content\/uploads\/2022\/03\/tfanen_-_2e_aap.jpg\" \/>\n\t<meta property=\"og:image:width\" content=\"750\" \/>\n\t<meta property=\"og:image:height\" content=\"500\" \/>\n\t<meta property=\"og:image:type\" content=\"image\/jpeg\" \/>\n<meta name=\"twitter:card\" content=\"summary_large_image\" \/>\n<meta name=\"twitter:site\" content=\"@eumedbridge\" \/>\n<meta name=\"twitter:label1\" content=\"Dur\u00e9e de lecture estim\u00e9e\" \/>\n\t<meta name=\"twitter:data1\" content=\"2 minutes\" \/>\n<script type=\"application\/ld+json\" class=\"yoast-schema-graph\">{\"@context\":\"https:\/\/schema.org\",\"@graph\":[{\"@type\":\"WebPage\",\"@id\":\"https:\/\/www.eumedbridge.eu\/fr\/news\/appels-propositions-pour-des-fonds-culturels-lances-en-tunisie\/\",\"url\":\"https:\/\/www.eumedbridge.eu\/fr\/news\/appels-propositions-pour-des-fonds-culturels-lances-en-tunisie\/\",\"name\":\"Appels \u00e0 propositions pour des fonds culturels lanc\u00e9s en Tunisie - Voisins de l'UE\",\"isPartOf\":{\"@id\":\"https:\/\/www.eumedbridge.eu\/#website\"},\"datePublished\":\"2017-10-05T21:00:00+00:00\",\"dateModified\":\"2022-07-12T08:00:41+00:00\",\"breadcrumb\":{\"@id\":\"https:\/\/www.eumedbridge.eu\/fr\/news\/appels-propositions-pour-des-fonds-culturels-lances-en-tunisie\/#breadcrumb\"},\"inLanguage\":\"fr-FR\",\"potentialAction\":[{\"@type\":\"ReadAction\",\"target\":[\"https:\/\/www.eumedbridge.eu\/fr\/news\/appels-propositions-pour-des-fonds-culturels-lances-en-tunisie\/\"]}]},{\"@type\":\"BreadcrumbList\",\"@id\":\"https:\/\/www.eumedbridge.eu\/fr\/news\/appels-propositions-pour-des-fonds-culturels-lances-en-tunisie\/#breadcrumb\",\"itemListElement\":[{\"@type\":\"ListItem\",\"position\":1,\"name\":\"Home\",\"item\":\"https:\/\/www.eumedbridge.eu\/fr\/home-page\/\"},{\"@type\":\"ListItem\",\"position\":2,\"name\":\"Actualit\u00e9s\",\"item\":\"https:\/\/www.eumedbridge.eu\/fr\/news\/\"},{\"@type\":\"ListItem\",\"position\":3,\"name\":\"Appels \u00e0 propositions pour des fonds culturels lanc\u00e9s en Tunisie\"}]},{\"@type\":\"WebSite\",\"@id\":\"https:\/\/www.eumedbridge.eu\/#website\",\"url\":\"https:\/\/www.eumedbridge.eu\/\",\"name\":\"EU Medbridge\",\"description\":\"\",\"publisher\":{\"@id\":\"https:\/\/www.eumedbridge.eu\/#organization\"},\"potentialAction\":[{\"@type\":\"SearchAction\",\"target\":{\"@type\":\"EntryPoint\",\"urlTemplate\":\"https:\/\/www.eumedbridge.eu\/?s={search_term_string}\"},\"query-input\":{\"@type\":\"PropertyValueSpecification\",\"valueRequired\":true,\"valueName\":\"search_term_string\"}}],\"inLanguage\":\"fr-FR\"},{\"@type\":\"Organization\",\"@id\":\"https:\/\/www.eumedbridge.eu\/#organization\",\"name\":\"EU Medbridge\",\"url\":\"https:\/\/www.eumedbridge.eu\/\",\"logo\":{\"@type\":\"ImageObject\",\"inLanguage\":\"fr-FR\",\"@id\":\"https:\/\/www.eumedbridge.eu\/#\/schema\/logo\/image\/\",\"url\":\"https:\/\/www.eumedbridge.eu\/wp-content\/uploads\/2021\/12\/Logo.png\",\"contentUrl\":\"https:\/\/www.eumedbridge.eu\/wp-content\/uploads\/2021\/12\/Logo.png\",\"width\":325,\"height\":114,\"caption\":\"EU Medbridge\"},\"image\":{\"@id\":\"https:\/\/www.eumedbridge.eu\/#\/schema\/logo\/image\/\"},\"sameAs\":[\"https:\/\/www.facebook.com\/eumedbridge\/\",\"https:\/\/x.com\/eumedbridge\",\"https:\/\/www.linkedin.com\/company\/eumedbridge\",\"https:\/\/www.youtube.com\/@eumedbridge\",\"https:\/\/www.instagram.com\/eumedbridge\",\"https:\/\/www.flickr.com\/photos\/euneighbours-south\/\"]}]}<\/script>\n<!-- \/ Yoast SEO plugin. -->","yoast_head_json":{"title":"Appels \u00e0 propositions pour des fonds culturels lanc\u00e9s en Tunisie - Voisins de l'UE","robots":{"index":"index","follow":"follow","max-snippet":"max-snippet:-1","max-image-preview":"max-image-preview:large","max-video-preview":"max-video-preview:-1"},"canonical":"https:\/\/www.eumedbridge.eu\/fr\/news\/appels-propositions-pour-des-fonds-culturels-lances-en-tunisie\/","og_locale":"fr_FR","og_type":"article","og_title":"Appels \u00e0 propositions pour des fonds culturels lanc\u00e9s en Tunisie - Voisins de l'UE","og_description":"Le projet financ\u00e9 par l\u2019UE \u00ab Tfanen \u2013 Tunisie cr\u00e9ative \u00bb lance la 2e phase des appels \u00e0 propositions pour 3 fonds culturels pour une enveloppe globale de 1 750 000 euros (environ 5 millions TND). Les dates limites de soumission varient selon les fonds et s\u2019\u00e9tendent sur la p\u00e9riode allant du 3 novembre au [&hellip;]","og_url":"https:\/\/www.eumedbridge.eu\/fr\/news\/appels-propositions-pour-des-fonds-culturels-lances-en-tunisie\/","og_site_name":"Voisins de l'UE","article_publisher":"https:\/\/www.facebook.com\/eumedbridge\/","article_modified_time":"2022-07-12T08:00:41+00:00","og_image":[{"width":750,"height":500,"url":"https:\/\/www.eumedbridge.eu\/wp-content\/uploads\/2022\/03\/tfanen_-_2e_aap.jpg","type":"image\/jpeg"}],"twitter_card":"summary_large_image","twitter_site":"@eumedbridge","twitter_misc":{"Dur\u00e9e de lecture estim\u00e9e":"2 minutes"},"schema":{"@context":"https:\/\/schema.org","@graph":[{"@type":"WebPage","@id":"https:\/\/www.eumedbridge.eu\/fr\/news\/appels-propositions-pour-des-fonds-culturels-lances-en-tunisie\/","url":"https:\/\/www.eumedbridge.eu\/fr\/news\/appels-propositions-pour-des-fonds-culturels-lances-en-tunisie\/","name":"Appels \u00e0 propositions pour des fonds culturels lanc\u00e9s en Tunisie - Voisins de l'UE","isPartOf":{"@id":"https:\/\/www.eumedbridge.eu\/#website"},"datePublished":"2017-10-05T21:00:00+00:00","dateModified":"2022-07-12T08:00:41+00:00","breadcrumb":{"@id":"https:\/\/www.eumedbridge.eu\/fr\/news\/appels-propositions-pour-des-fonds-culturels-lances-en-tunisie\/#breadcrumb"},"inLanguage":"fr-FR","potentialAction":[{"@type":"ReadAction","target":["https:\/\/www.eumedbridge.eu\/fr\/news\/appels-propositions-pour-des-fonds-culturels-lances-en-tunisie\/"]}]},{"@type":"BreadcrumbList","@id":"https:\/\/www.eumedbridge.eu\/fr\/news\/appels-propositions-pour-des-fonds-culturels-lances-en-tunisie\/#breadcrumb","itemListElement":[{"@type":"ListItem","position":1,"name":"Home","item":"https:\/\/www.eumedbridge.eu\/fr\/home-page\/"},{"@type":"ListItem","position":2,"name":"Actualit\u00e9s","item":"https:\/\/www.eumedbridge.eu\/fr\/news\/"},{"@type":"ListItem","position":3,"name":"Appels \u00e0 propositions pour des fonds culturels lanc\u00e9s en Tunisie"}]},{"@type":"WebSite","@id":"https:\/\/www.eumedbridge.eu\/#website","url":"https:\/\/www.eumedbridge.eu\/","name":"EU Medbridge","description":"","publisher":{"@id":"https:\/\/www.eumedbridge.eu\/#organization"},"potentialAction":[{"@type":"SearchAction","target":{"@type":"EntryPoint","urlTemplate":"https:\/\/www.eumedbridge.eu\/?s={search_term_string}"},"query-input":{"@type":"PropertyValueSpecification","valueRequired":true,"valueName":"search_term_string"}}],"inLanguage":"fr-FR"},{"@type":"Organization","@id":"https:\/\/www.eumedbridge.eu\/#organization","name":"EU Medbridge","url":"https:\/\/www.eumedbridge.eu\/","logo":{"@type":"ImageObject","inLanguage":"fr-FR","@id":"https:\/\/www.eumedbridge.eu\/#\/schema\/logo\/image\/","url":"https:\/\/www.eumedbridge.eu\/wp-content\/uploads\/2021\/12\/Logo.png","contentUrl":"https:\/\/www.eumedbridge.eu\/wp-content\/uploads\/2021\/12\/Logo.png","width":325,"height":114,"caption":"EU Medbridge"},"image":{"@id":"https:\/\/www.eumedbridge.eu\/#\/schema\/logo\/image\/"},"sameAs":["https:\/\/www.facebook.com\/eumedbridge\/","https:\/\/x.com\/eumedbridge","https:\/\/www.linkedin.com\/company\/eumedbridge","https:\/\/www.youtube.com\/@eumedbridge","https:\/\/www.instagram.com\/eumedbridge","https:\/\/www.flickr.com\/photos\/euneighbours-south\/"]}]}},"_links":{"self":[{"href":"https:\/\/www.eumedbridge.eu\/fr\/wp-json\/wp\/v2\/news\/162908","targetHints":{"allow":["GET"]}}],"collection":[{"href":"https:\/\/www.eumedbridge.eu\/fr\/wp-json\/wp\/v2\/news"}],"about":[{"href":"https:\/\/www.eumedbridge.eu\/fr\/wp-json\/wp\/v2\/types\/news"}],"wp:attachment":[{"href":"https:\/\/www.eumedbridge.eu\/fr\/wp-json\/wp\/v2\/media?parent=162908"}],"wp:term":[{"taxonomy":"news_category","embeddable":true,"href":"https:\/\/www.eumedbridge.eu\/fr\/wp-json\/wp\/v2\/news_category?post=162908"},{"taxonomy":"country","embeddable":true,"href":"https:\/\/www.eumedbridge.eu\/fr\/wp-json\/wp\/v2\/country?post=162908"},{"taxonomy":"special_action","embeddable":true,"href":"https:\/\/www.eumedbridge.eu\/fr\/wp-json\/wp\/v2\/special_action?post=162908"},{"taxonomy":"custom_tag","embeddable":true,"href":"https:\/\/www.eumedbridge.eu\/fr\/wp-json\/wp\/v2\/custom_tag?post=162908"}],"curies":[{"name":"wp","href":"https:\/\/api.w.org\/{rel}","templated":true}]}}