{"id":163017,"date":"2017-08-11T00:00:00","date_gmt":"2017-08-10T21:00:00","guid":{"rendered":"http:\/\/south.euneighbours.eu\/news\/un-appel-aux-chercheurs-pour-participer-a-un-atelier-de-dialogue-sur-les-minorites\/"},"modified":"2022-07-12T11:06:02","modified_gmt":"2022-07-12T08:06:02","slug":"un-appel-aux-chercheurs-pour-participer-un-atelier-de-dialogue-sur-les","status":"publish","type":"news","link":"https:\/\/www.eumedbridge.eu\/fr\/news\/un-appel-aux-chercheurs-pour-participer-un-atelier-de-dialogue-sur-les\/","title":{"rendered":"Un appel aux chercheurs pour participer \u00e0 un atelier de dialogue sur les minorit\u00e9s"},"content":{"rendered":"<p><span><span>L\u2019Institut europ\u00e9en de la M\u00e9diterran\u00e9e (IEMed) et l\u2019Initiative de r\u00e9forme arabe (ARI) lancent un appel aux chercheurs du r\u00e9seau des groupes de r\u00e9flexion EuroMeSCo pour participer \u00e0 un atelier de dialogue sur les \u00ab Minorit\u00e9s au Proche-Orient et en Afrique du Nord \u00bb. <\/span><\/span><\/p>\n<p><span><span>L\u2019atelier fait partie du projet \u00ab Recherche et dialogue politiques euro-m\u00e9diterran\u00e9ens pour des processus d\u2019\u00e9laboration de politiques et une diffusion inclusifs par l\u2019interm\u00e9diaire de la participation en r\u00e9seaux \u00bb (<em>Euro-Mediterranean Political Research and Dialogue for Inclusive Policymaking Processes and Dissemination through Network Participation<\/em>), cofinanc\u00e9 par l\u2019Union europ\u00e9enne.<\/span><\/span><\/p>\n<p><span><span>Il aura lieu le 1er novembre \u00e0 l\u2019Institut Issam Fares \u00e0 Beyrouth.<\/span><\/span><\/p>\n<p><span><span>L\u2019objectif de cet atelier de dialogue est de pr\u00e9senter et de discuter des r\u00e9sultats de recherche initiaux de l\u2019\u00e9tude politique sur les \u00ab Minorit\u00e9s au Proche-Orient et en Afrique du Nord \u00bb, men\u00e9e par l\u2019ARI, et d\u2019assurer l\u2019interaction entre la recherche politique et l\u2019\u00e9laboration de politiques afin de contribuer \u00e0 des processus d\u2019\u00e9laboration de politiques plus inclusifs. <\/span><\/span><\/p>\n<p><span><span>La date limite de d\u00e9p\u00f4t des candidatures est fix\u00e9e au 4 septembre. <\/span><\/span><\/p>\n<p>\u00a0<\/p>\n<p><strong><span><span>Pour en savoir plus<\/span><\/span><\/strong><\/p>\n<p><span lang=\"EN-GB\" xml_lang=\"EN-GB\" xml_lang=\"EN-GB\"><span><a href=\"http:\/\/www.euromesco.net\/images\/Call\/call%20for%20participants_minorities%20in%20the%20mena%20region.pdf\"><span lang=\"FR\" xml_lang=\"FR\" xml_lang=\"FR\">Communiqu\u00e9 de presse et d\u00e9tails concernant la candidature<\/span><\/a><\/span><\/span><\/p>\n<p><span><span>EuroMeSCo &#8211; <\/span><\/span><span lang=\"EN-GB\" xml_lang=\"EN-GB\" xml_lang=\"EN-GB\"><span><a href=\"http:\/\/www.euromesco.net\/\"><span lang=\"FR\" xml_lang=\"FR\" xml_lang=\"FR\">Site internet<\/span><\/a><\/span><\/span><\/p>\n<p><span lang=\"EN-GB\" xml_lang=\"EN-GB\" xml_lang=\"EN-GB\"><span>IEMed &#8211; <a href=\"http:\/\/www.iemed.org\/\"><span lang=\"FR\" xml_lang=\"FR\" xml_lang=\"FR\">Site internet<\/span><\/a><\/span><\/span><\/p>\n","protected":false},"featured_media":0,"parent":0,"template":"","news_category":[],"country":[1946,1947,1950,2124,1949,1953,1952,1955],"special_action":[],"custom_tag":[2821],"class_list":["post-163017","news","type-news","status-publish","hentry","country-algerie","country-egypte","country-israel-fr","country-jordanie","country-liban","country-maroc","country-palestine-fr","country-tunisie","custom_tag-migration-fr"],"acf":[],"yoast_head":"<!-- This site is optimized with the Yoast SEO plugin v26.5 - https:\/\/yoast.com\/wordpress\/plugins\/seo\/ -->\n<title>Un appel aux chercheurs pour participer \u00e0 un atelier de dialogue sur les minorit\u00e9s - Voisins de l&#039;UE<\/title>\n<meta name=\"robots\" content=\"index, follow, max-snippet:-1, max-image-preview:large, max-video-preview:-1\" \/>\n<link rel=\"canonical\" href=\"https:\/\/www.eumedbridge.eu\/fr\/news\/un-appel-aux-chercheurs-pour-participer-un-atelier-de-dialogue-sur-les\/\" \/>\n<meta property=\"og:locale\" content=\"fr_FR\" \/>\n<meta property=\"og:type\" content=\"article\" \/>\n<meta property=\"og:title\" content=\"Un appel aux chercheurs pour participer \u00e0 un atelier de dialogue sur les minorit\u00e9s - Voisins de l&#039;UE\" \/>\n<meta property=\"og:description\" content=\"L\u2019Institut europ\u00e9en de la M\u00e9diterran\u00e9e (IEMed) et l\u2019Initiative de r\u00e9forme arabe (ARI) lancent un appel aux chercheurs du r\u00e9seau des groupes de r\u00e9flexion EuroMeSCo pour participer \u00e0 un atelier de dialogue sur les \u00ab Minorit\u00e9s au Proche-Orient et en Afrique du Nord \u00bb. L\u2019atelier fait partie du projet \u00ab Recherche et dialogue politiques euro-m\u00e9diterran\u00e9ens pour [&hellip;]\" \/>\n<meta property=\"og:url\" content=\"https:\/\/www.eumedbridge.eu\/fr\/news\/un-appel-aux-chercheurs-pour-participer-un-atelier-de-dialogue-sur-les\/\" \/>\n<meta property=\"og:site_name\" content=\"Voisins de l&#039;UE\" \/>\n<meta property=\"article:publisher\" content=\"https:\/\/www.facebook.com\/eumedbridge\/\" \/>\n<meta property=\"article:modified_time\" content=\"2022-07-12T08:06:02+00:00\" \/>\n<meta property=\"og:image\" content=\"https:\/\/www.eumedbridge.eu\/wp-content\/uploads\/2022\/03\/EuroMeSCo-2.jpg\" \/>\n\t<meta property=\"og:image:width\" content=\"945\" \/>\n\t<meta property=\"og:image:height\" content=\"295\" \/>\n\t<meta property=\"og:image:type\" content=\"image\/jpeg\" \/>\n<meta name=\"twitter:card\" content=\"summary_large_image\" \/>\n<meta name=\"twitter:site\" content=\"@eumedbridge\" \/>\n<meta name=\"twitter:label1\" content=\"Dur\u00e9e de lecture estim\u00e9e\" \/>\n\t<meta name=\"twitter:data1\" content=\"1 minute\" \/>\n<script type=\"application\/ld+json\" class=\"yoast-schema-graph\">{\"@context\":\"https:\/\/schema.org\",\"@graph\":[{\"@type\":\"WebPage\",\"@id\":\"https:\/\/www.eumedbridge.eu\/fr\/news\/un-appel-aux-chercheurs-pour-participer-un-atelier-de-dialogue-sur-les\/\",\"url\":\"https:\/\/www.eumedbridge.eu\/fr\/news\/un-appel-aux-chercheurs-pour-participer-un-atelier-de-dialogue-sur-les\/\",\"name\":\"Un appel aux chercheurs pour participer \u00e0 un atelier de dialogue sur les minorit\u00e9s - Voisins de l'UE\",\"isPartOf\":{\"@id\":\"https:\/\/www.eumedbridge.eu\/#website\"},\"datePublished\":\"2017-08-10T21:00:00+00:00\",\"dateModified\":\"2022-07-12T08:06:02+00:00\",\"breadcrumb\":{\"@id\":\"https:\/\/www.eumedbridge.eu\/fr\/news\/un-appel-aux-chercheurs-pour-participer-un-atelier-de-dialogue-sur-les\/#breadcrumb\"},\"inLanguage\":\"fr-FR\",\"potentialAction\":[{\"@type\":\"ReadAction\",\"target\":[\"https:\/\/www.eumedbridge.eu\/fr\/news\/un-appel-aux-chercheurs-pour-participer-un-atelier-de-dialogue-sur-les\/\"]}]},{\"@type\":\"BreadcrumbList\",\"@id\":\"https:\/\/www.eumedbridge.eu\/fr\/news\/un-appel-aux-chercheurs-pour-participer-un-atelier-de-dialogue-sur-les\/#breadcrumb\",\"itemListElement\":[{\"@type\":\"ListItem\",\"position\":1,\"name\":\"Home\",\"item\":\"https:\/\/www.eumedbridge.eu\/fr\/home-page\/\"},{\"@type\":\"ListItem\",\"position\":2,\"name\":\"Actualit\u00e9s\",\"item\":\"https:\/\/www.eumedbridge.eu\/fr\/news\/\"},{\"@type\":\"ListItem\",\"position\":3,\"name\":\"Un appel aux chercheurs pour participer \u00e0 un atelier de dialogue sur les minorit\u00e9s\"}]},{\"@type\":\"WebSite\",\"@id\":\"https:\/\/www.eumedbridge.eu\/#website\",\"url\":\"https:\/\/www.eumedbridge.eu\/\",\"name\":\"EU Medbridge\",\"description\":\"\",\"publisher\":{\"@id\":\"https:\/\/www.eumedbridge.eu\/#organization\"},\"potentialAction\":[{\"@type\":\"SearchAction\",\"target\":{\"@type\":\"EntryPoint\",\"urlTemplate\":\"https:\/\/www.eumedbridge.eu\/?s={search_term_string}\"},\"query-input\":{\"@type\":\"PropertyValueSpecification\",\"valueRequired\":true,\"valueName\":\"search_term_string\"}}],\"inLanguage\":\"fr-FR\"},{\"@type\":\"Organization\",\"@id\":\"https:\/\/www.eumedbridge.eu\/#organization\",\"name\":\"EU Medbridge\",\"url\":\"https:\/\/www.eumedbridge.eu\/\",\"logo\":{\"@type\":\"ImageObject\",\"inLanguage\":\"fr-FR\",\"@id\":\"https:\/\/www.eumedbridge.eu\/#\/schema\/logo\/image\/\",\"url\":\"https:\/\/www.eumedbridge.eu\/wp-content\/uploads\/2021\/12\/Logo.png\",\"contentUrl\":\"https:\/\/www.eumedbridge.eu\/wp-content\/uploads\/2021\/12\/Logo.png\",\"width\":325,\"height\":114,\"caption\":\"EU Medbridge\"},\"image\":{\"@id\":\"https:\/\/www.eumedbridge.eu\/#\/schema\/logo\/image\/\"},\"sameAs\":[\"https:\/\/www.facebook.com\/eumedbridge\/\",\"https:\/\/x.com\/eumedbridge\",\"https:\/\/www.linkedin.com\/company\/eumedbridge\",\"https:\/\/www.youtube.com\/@eumedbridge\",\"https:\/\/www.instagram.com\/eumedbridge\",\"https:\/\/www.flickr.com\/photos\/euneighbours-south\/\"]}]}<\/script>\n<!-- \/ Yoast SEO plugin. -->","yoast_head_json":{"title":"Un appel aux chercheurs pour participer \u00e0 un atelier de dialogue sur les minorit\u00e9s - Voisins de l'UE","robots":{"index":"index","follow":"follow","max-snippet":"max-snippet:-1","max-image-preview":"max-image-preview:large","max-video-preview":"max-video-preview:-1"},"canonical":"https:\/\/www.eumedbridge.eu\/fr\/news\/un-appel-aux-chercheurs-pour-participer-un-atelier-de-dialogue-sur-les\/","og_locale":"fr_FR","og_type":"article","og_title":"Un appel aux chercheurs pour participer \u00e0 un atelier de dialogue sur les minorit\u00e9s - Voisins de l'UE","og_description":"L\u2019Institut europ\u00e9en de la M\u00e9diterran\u00e9e (IEMed) et l\u2019Initiative de r\u00e9forme arabe (ARI) lancent un appel aux chercheurs du r\u00e9seau des groupes de r\u00e9flexion EuroMeSCo pour participer \u00e0 un atelier de dialogue sur les \u00ab Minorit\u00e9s au Proche-Orient et en Afrique du Nord \u00bb. L\u2019atelier fait partie du projet \u00ab Recherche et dialogue politiques euro-m\u00e9diterran\u00e9ens pour [&hellip;]","og_url":"https:\/\/www.eumedbridge.eu\/fr\/news\/un-appel-aux-chercheurs-pour-participer-un-atelier-de-dialogue-sur-les\/","og_site_name":"Voisins de l'UE","article_publisher":"https:\/\/www.facebook.com\/eumedbridge\/","article_modified_time":"2022-07-12T08:06:02+00:00","og_image":[{"width":945,"height":295,"url":"https:\/\/www.eumedbridge.eu\/wp-content\/uploads\/2022\/03\/EuroMeSCo-2.jpg","type":"image\/jpeg"}],"twitter_card":"summary_large_image","twitter_site":"@eumedbridge","twitter_misc":{"Dur\u00e9e de lecture estim\u00e9e":"1 minute"},"schema":{"@context":"https:\/\/schema.org","@graph":[{"@type":"WebPage","@id":"https:\/\/www.eumedbridge.eu\/fr\/news\/un-appel-aux-chercheurs-pour-participer-un-atelier-de-dialogue-sur-les\/","url":"https:\/\/www.eumedbridge.eu\/fr\/news\/un-appel-aux-chercheurs-pour-participer-un-atelier-de-dialogue-sur-les\/","name":"Un appel aux chercheurs pour participer \u00e0 un atelier de dialogue sur les minorit\u00e9s - Voisins de l'UE","isPartOf":{"@id":"https:\/\/www.eumedbridge.eu\/#website"},"datePublished":"2017-08-10T21:00:00+00:00","dateModified":"2022-07-12T08:06:02+00:00","breadcrumb":{"@id":"https:\/\/www.eumedbridge.eu\/fr\/news\/un-appel-aux-chercheurs-pour-participer-un-atelier-de-dialogue-sur-les\/#breadcrumb"},"inLanguage":"fr-FR","potentialAction":[{"@type":"ReadAction","target":["https:\/\/www.eumedbridge.eu\/fr\/news\/un-appel-aux-chercheurs-pour-participer-un-atelier-de-dialogue-sur-les\/"]}]},{"@type":"BreadcrumbList","@id":"https:\/\/www.eumedbridge.eu\/fr\/news\/un-appel-aux-chercheurs-pour-participer-un-atelier-de-dialogue-sur-les\/#breadcrumb","itemListElement":[{"@type":"ListItem","position":1,"name":"Home","item":"https:\/\/www.eumedbridge.eu\/fr\/home-page\/"},{"@type":"ListItem","position":2,"name":"Actualit\u00e9s","item":"https:\/\/www.eumedbridge.eu\/fr\/news\/"},{"@type":"ListItem","position":3,"name":"Un appel aux chercheurs pour participer \u00e0 un atelier de dialogue sur les minorit\u00e9s"}]},{"@type":"WebSite","@id":"https:\/\/www.eumedbridge.eu\/#website","url":"https:\/\/www.eumedbridge.eu\/","name":"EU Medbridge","description":"","publisher":{"@id":"https:\/\/www.eumedbridge.eu\/#organization"},"potentialAction":[{"@type":"SearchAction","target":{"@type":"EntryPoint","urlTemplate":"https:\/\/www.eumedbridge.eu\/?s={search_term_string}"},"query-input":{"@type":"PropertyValueSpecification","valueRequired":true,"valueName":"search_term_string"}}],"inLanguage":"fr-FR"},{"@type":"Organization","@id":"https:\/\/www.eumedbridge.eu\/#organization","name":"EU Medbridge","url":"https:\/\/www.eumedbridge.eu\/","logo":{"@type":"ImageObject","inLanguage":"fr-FR","@id":"https:\/\/www.eumedbridge.eu\/#\/schema\/logo\/image\/","url":"https:\/\/www.eumedbridge.eu\/wp-content\/uploads\/2021\/12\/Logo.png","contentUrl":"https:\/\/www.eumedbridge.eu\/wp-content\/uploads\/2021\/12\/Logo.png","width":325,"height":114,"caption":"EU Medbridge"},"image":{"@id":"https:\/\/www.eumedbridge.eu\/#\/schema\/logo\/image\/"},"sameAs":["https:\/\/www.facebook.com\/eumedbridge\/","https:\/\/x.com\/eumedbridge","https:\/\/www.linkedin.com\/company\/eumedbridge","https:\/\/www.youtube.com\/@eumedbridge","https:\/\/www.instagram.com\/eumedbridge","https:\/\/www.flickr.com\/photos\/euneighbours-south\/"]}]}},"_links":{"self":[{"href":"https:\/\/www.eumedbridge.eu\/fr\/wp-json\/wp\/v2\/news\/163017","targetHints":{"allow":["GET"]}}],"collection":[{"href":"https:\/\/www.eumedbridge.eu\/fr\/wp-json\/wp\/v2\/news"}],"about":[{"href":"https:\/\/www.eumedbridge.eu\/fr\/wp-json\/wp\/v2\/types\/news"}],"wp:attachment":[{"href":"https:\/\/www.eumedbridge.eu\/fr\/wp-json\/wp\/v2\/media?parent=163017"}],"wp:term":[{"taxonomy":"news_category","embeddable":true,"href":"https:\/\/www.eumedbridge.eu\/fr\/wp-json\/wp\/v2\/news_category?post=163017"},{"taxonomy":"country","embeddable":true,"href":"https:\/\/www.eumedbridge.eu\/fr\/wp-json\/wp\/v2\/country?post=163017"},{"taxonomy":"special_action","embeddable":true,"href":"https:\/\/www.eumedbridge.eu\/fr\/wp-json\/wp\/v2\/special_action?post=163017"},{"taxonomy":"custom_tag","embeddable":true,"href":"https:\/\/www.eumedbridge.eu\/fr\/wp-json\/wp\/v2\/custom_tag?post=163017"}],"curies":[{"name":"wp","href":"https:\/\/api.w.org\/{rel}","templated":true}]}}