{"id":163135,"date":"2017-06-20T00:00:00","date_gmt":"2017-06-19T21:00:00","guid":{"rendered":"http:\/\/south.euneighbours.eu\/news\/les-ministres-de-lue-privilegient-la-cooperation-pour-intensifier-les-actions-antiterroristes\/"},"modified":"2022-07-12T11:11:47","modified_gmt":"2022-07-12T08:11:47","slug":"les-ministres-de-lue-privilegient-la-cooperation-pour-intensifier-les","status":"publish","type":"news","link":"https:\/\/www.eumedbridge.eu\/fr\/news\/les-ministres-de-lue-privilegient-la-cooperation-pour-intensifier-les\/","title":{"rendered":"Les ministres de l\u2019UE privil\u00e9gient la coop\u00e9ration pour intensifier les actions antiterroristes"},"content":{"rendered":"<p><span><span>Les ministres des Affaires Etrang\u00e8res r\u00e9unis au Luxembourg ont adopt\u00e9 les<\/span><\/span><strong> <\/strong><span><span>conclusions sur l&rsquo;action ext\u00e9rieure de l&rsquo;UE en mati\u00e8re de lutte contre le terrorisme. Selon un communiqu\u00e9, le Conseil condamne <strong>avec force et sans \u00e9quivoque le terrorisme<\/strong> sous toutes ses formes et manifestations, quels qu&rsquo;en soient les auteurs et le but.<\/span><\/span><\/p>\n<p><span><span>Faisant observer que le terrorisme constitue <strong>l&rsquo;une des plus graves menaces pesant sur la paix et la s\u00e9curit\u00e9<\/strong> au niveau international et qu&rsquo;il est de l&rsquo;int\u00e9r\u00eat vital de l&rsquo;UE qu&rsquo;elle continue de travailler avec les partenaires aux niveaux bilat\u00e9ral, r\u00e9gional et multilat\u00e9ral pour lutter contre cette menace, le Conseil aborde les th\u00e8mes ci-apr\u00e8s dans ses conclusions:<\/span><\/span><\/p>\n<ul>\n<li><strong><span><span>les structures en mati\u00e8re de lutte contre le terrorisme<\/span><\/span><\/strong><span><span>, l&rsquo;objectif \u00e9tant de renforcer les capacit\u00e9s de l&rsquo;UE pour approfondir la coop\u00e9ration dans le cadre de la lutte contre le terrorisme, y compris dans les d\u00e9l\u00e9gations de l&rsquo;UE par l&rsquo;interm\u00e9diaire d&rsquo;experts de la s\u00e9curit\u00e9 et de la lutte contre le terrorisme;<\/span><\/span><\/li>\n<li><strong><span><span>le lien entre les aspects int\u00e9rieurs et les aspects ext\u00e9rieurs<\/span><\/span><\/strong><span><span>, l&rsquo;objectif \u00e9tant de garantir une plus grande coh\u00e9rence entre l&rsquo;action int\u00e9rieure et l&rsquo;action ext\u00e9rieure dans le domaine de la s\u00e9curit\u00e9,<\/span><\/span><\/li>\n<li><strong><span><span>le renforcement de la coop\u00e9ration<\/span><\/span><\/strong><span><span> avec le Moyen-Orient et l&rsquo;Afrique du Nord, les Balkans occidentaux, la Turquie, le Sahel et la Corne de l&rsquo;Afrique, gr\u00e2ce \u00e0 un dialogue politique renforc\u00e9, \u00e0 un plus grand nombre de projets pour lutter contre le terrorisme et \u00e0 un soutien financier accru aux mesures prises pour lutter contre le terrorisme et combattre et pr\u00e9venir l&rsquo;extr\u00e9misme violent, et \u00e0 un renforcement des communications strat\u00e9giques,<\/span><\/span><\/li>\n<li><strong><span><span>le renforcement de la coop\u00e9ration internationale<\/span><\/span><\/strong><span><span>, en particulier avec les principaux partenaires strat\u00e9giques, par exemple les \u00c9tats-Unis, l&rsquo;Australie, le Canada et les partenaires Schengen, ainsi que les organes r\u00e9gionaux et multilat\u00e9raux, notamment les Nations unies et l&rsquo;OTAN, le Forum mondial de lutte contre le terrorisme, Interpol et la coalition internationale de lutte contre Daech;<\/span><\/span><\/li>\n<li><strong><span><span>le renforcement de la capacit\u00e9 de r\u00e9action de l&rsquo;UE dans des domaines th\u00e9matiques essentiels<\/span><\/span><\/strong><span><span>, tels que la pr\u00e9vention de l&rsquo;extr\u00e9misme violent et la lutte contre ce ph\u00e9nom\u00e8ne, la n\u00e9cessit\u00e9 de s&rsquo;attaquer efficacement au recrutement et \u00e0 la radicalisation en ligne, le probl\u00e8me majeur que repr\u00e9sentent les combattants terroristes \u00e9trangers, en particulier la question des combattants \u00e9trangers de retour dans leur pays d&rsquo;origine, la s\u00fbret\u00e9 a\u00e9rienne, le trafic des armes \u00e0 feu ainsi que la question du financement du terrorisme et du blanchiment d&rsquo;argent et les liens entre la grande criminalit\u00e9 organis\u00e9e et le terrorisme.<\/span><\/span><\/li>\n<\/ul>\n<p>\u00a0<\/p>\n<p><strong><span lang=\"EN-GB\" xml_lang=\"EN-GB\" xml_lang=\"EN-GB\"><span>Pour en savoir plus<\/span><\/span><\/strong><\/p>\n<p><span><span><a href=\"http:\/\/www.consilium.europa.eu\/fr\/press\/press-releases\/2017\/06\/19-conclusions-counterterrorism\/\">Communiqu\u00e9 de presse<\/a><\/span><\/span><\/p>\n<p><span lang=\"EN-GB\" xml_lang=\"EN-GB\" xml_lang=\"EN-GB\"><span><a href=\"http:\/\/www.consilium.europa.eu\/en\/press\/press-releases\/2017\/06\/pdf\/Read-the-full-text-of-the-Council-conclusions_pdf(4)\/\"><span lang=\"FR\" xml_lang=\"FR\" xml_lang=\"FR\">Conclusions du conseil<\/span><\/a><\/span><\/span><\/p>\n<p><span><span><a href=\"http:\/\/www.consilium.europa.eu\/fr\/policies\/fight-against-terrorism\/\">Lutte de l&rsquo;UE contre le terrorisme (informations g\u00e9n\u00e9rales)<\/a><\/span><\/span><\/p>\n","protected":false},"featured_media":0,"parent":0,"template":"","news_category":[],"country":[1946,1947,1950,2124,1949,1951,1953,1952,2029,1955],"special_action":[],"custom_tag":[2313,2821],"class_list":["post-163135","news","type-news","status-publish","hentry","country-algerie","country-egypte","country-israel-fr","country-jordanie","country-liban","country-libye","country-maroc","country-palestine-fr","country-syrie","country-tunisie","custom_tag-droit-de-lhomme","custom_tag-migration-fr"],"acf":[],"yoast_head":"<!-- This site is optimized with the Yoast SEO plugin v26.5 - https:\/\/yoast.com\/wordpress\/plugins\/seo\/ -->\n<title>Les ministres de l\u2019UE privil\u00e9gient la coop\u00e9ration pour intensifier les actions antiterroristes - Voisins de l&#039;UE<\/title>\n<meta name=\"robots\" content=\"index, follow, max-snippet:-1, max-image-preview:large, max-video-preview:-1\" \/>\n<link rel=\"canonical\" href=\"https:\/\/www.eumedbridge.eu\/fr\/news\/les-ministres-de-lue-privilegient-la-cooperation-pour-intensifier-les\/\" \/>\n<meta property=\"og:locale\" content=\"fr_FR\" \/>\n<meta property=\"og:type\" content=\"article\" \/>\n<meta property=\"og:title\" content=\"Les ministres de l\u2019UE privil\u00e9gient la coop\u00e9ration pour intensifier les actions antiterroristes - Voisins de l&#039;UE\" \/>\n<meta property=\"og:description\" content=\"Les ministres des Affaires Etrang\u00e8res r\u00e9unis au Luxembourg ont adopt\u00e9 les conclusions sur l&rsquo;action ext\u00e9rieure de l&rsquo;UE en mati\u00e8re de lutte contre le terrorisme. Selon un communiqu\u00e9, le Conseil condamne avec force et sans \u00e9quivoque le terrorisme sous toutes ses formes et manifestations, quels qu&rsquo;en soient les auteurs et le but. Faisant observer que le [&hellip;]\" \/>\n<meta property=\"og:url\" content=\"https:\/\/www.eumedbridge.eu\/fr\/news\/les-ministres-de-lue-privilegient-la-cooperation-pour-intensifier-les\/\" \/>\n<meta property=\"og:site_name\" content=\"Voisins de l&#039;UE\" \/>\n<meta property=\"article:publisher\" content=\"https:\/\/www.facebook.com\/eumedbridge\/\" \/>\n<meta property=\"article:modified_time\" content=\"2022-07-12T08:11:47+00:00\" \/>\n<meta property=\"og:image\" content=\"https:\/\/www.eumedbridge.eu\/wp-content\/uploads\/2022\/03\/EU-flags.jpg\" \/>\n\t<meta property=\"og:image:width\" content=\"1600\" \/>\n\t<meta property=\"og:image:height\" content=\"900\" \/>\n\t<meta property=\"og:image:type\" content=\"image\/jpeg\" \/>\n<meta name=\"twitter:card\" content=\"summary_large_image\" \/>\n<meta name=\"twitter:site\" content=\"@eumedbridge\" \/>\n<meta name=\"twitter:label1\" content=\"Dur\u00e9e de lecture estim\u00e9e\" \/>\n\t<meta name=\"twitter:data1\" content=\"2 minutes\" \/>\n<script type=\"application\/ld+json\" class=\"yoast-schema-graph\">{\"@context\":\"https:\/\/schema.org\",\"@graph\":[{\"@type\":\"WebPage\",\"@id\":\"https:\/\/www.eumedbridge.eu\/fr\/news\/les-ministres-de-lue-privilegient-la-cooperation-pour-intensifier-les\/\",\"url\":\"https:\/\/www.eumedbridge.eu\/fr\/news\/les-ministres-de-lue-privilegient-la-cooperation-pour-intensifier-les\/\",\"name\":\"Les ministres de l\u2019UE privil\u00e9gient la coop\u00e9ration pour intensifier les actions antiterroristes - Voisins de l'UE\",\"isPartOf\":{\"@id\":\"https:\/\/www.eumedbridge.eu\/#website\"},\"datePublished\":\"2017-06-19T21:00:00+00:00\",\"dateModified\":\"2022-07-12T08:11:47+00:00\",\"breadcrumb\":{\"@id\":\"https:\/\/www.eumedbridge.eu\/fr\/news\/les-ministres-de-lue-privilegient-la-cooperation-pour-intensifier-les\/#breadcrumb\"},\"inLanguage\":\"fr-FR\",\"potentialAction\":[{\"@type\":\"ReadAction\",\"target\":[\"https:\/\/www.eumedbridge.eu\/fr\/news\/les-ministres-de-lue-privilegient-la-cooperation-pour-intensifier-les\/\"]}]},{\"@type\":\"BreadcrumbList\",\"@id\":\"https:\/\/www.eumedbridge.eu\/fr\/news\/les-ministres-de-lue-privilegient-la-cooperation-pour-intensifier-les\/#breadcrumb\",\"itemListElement\":[{\"@type\":\"ListItem\",\"position\":1,\"name\":\"Home\",\"item\":\"https:\/\/www.eumedbridge.eu\/fr\/home-page\/\"},{\"@type\":\"ListItem\",\"position\":2,\"name\":\"Actualit\u00e9s\",\"item\":\"https:\/\/www.eumedbridge.eu\/fr\/news\/\"},{\"@type\":\"ListItem\",\"position\":3,\"name\":\"Les ministres de l\u2019UE privil\u00e9gient la coop\u00e9ration pour intensifier les actions antiterroristes\"}]},{\"@type\":\"WebSite\",\"@id\":\"https:\/\/www.eumedbridge.eu\/#website\",\"url\":\"https:\/\/www.eumedbridge.eu\/\",\"name\":\"EU Medbridge\",\"description\":\"\",\"publisher\":{\"@id\":\"https:\/\/www.eumedbridge.eu\/#organization\"},\"potentialAction\":[{\"@type\":\"SearchAction\",\"target\":{\"@type\":\"EntryPoint\",\"urlTemplate\":\"https:\/\/www.eumedbridge.eu\/?s={search_term_string}\"},\"query-input\":{\"@type\":\"PropertyValueSpecification\",\"valueRequired\":true,\"valueName\":\"search_term_string\"}}],\"inLanguage\":\"fr-FR\"},{\"@type\":\"Organization\",\"@id\":\"https:\/\/www.eumedbridge.eu\/#organization\",\"name\":\"EU Medbridge\",\"url\":\"https:\/\/www.eumedbridge.eu\/\",\"logo\":{\"@type\":\"ImageObject\",\"inLanguage\":\"fr-FR\",\"@id\":\"https:\/\/www.eumedbridge.eu\/#\/schema\/logo\/image\/\",\"url\":\"https:\/\/www.eumedbridge.eu\/wp-content\/uploads\/2021\/12\/Logo.png\",\"contentUrl\":\"https:\/\/www.eumedbridge.eu\/wp-content\/uploads\/2021\/12\/Logo.png\",\"width\":325,\"height\":114,\"caption\":\"EU Medbridge\"},\"image\":{\"@id\":\"https:\/\/www.eumedbridge.eu\/#\/schema\/logo\/image\/\"},\"sameAs\":[\"https:\/\/www.facebook.com\/eumedbridge\/\",\"https:\/\/x.com\/eumedbridge\",\"https:\/\/www.linkedin.com\/company\/eumedbridge\",\"https:\/\/www.youtube.com\/@eumedbridge\",\"https:\/\/www.instagram.com\/eumedbridge\",\"https:\/\/www.flickr.com\/photos\/euneighbours-south\/\"]}]}<\/script>\n<!-- \/ Yoast SEO plugin. -->","yoast_head_json":{"title":"Les ministres de l\u2019UE privil\u00e9gient la coop\u00e9ration pour intensifier les actions antiterroristes - Voisins de l'UE","robots":{"index":"index","follow":"follow","max-snippet":"max-snippet:-1","max-image-preview":"max-image-preview:large","max-video-preview":"max-video-preview:-1"},"canonical":"https:\/\/www.eumedbridge.eu\/fr\/news\/les-ministres-de-lue-privilegient-la-cooperation-pour-intensifier-les\/","og_locale":"fr_FR","og_type":"article","og_title":"Les ministres de l\u2019UE privil\u00e9gient la coop\u00e9ration pour intensifier les actions antiterroristes - Voisins de l'UE","og_description":"Les ministres des Affaires Etrang\u00e8res r\u00e9unis au Luxembourg ont adopt\u00e9 les conclusions sur l&rsquo;action ext\u00e9rieure de l&rsquo;UE en mati\u00e8re de lutte contre le terrorisme. Selon un communiqu\u00e9, le Conseil condamne avec force et sans \u00e9quivoque le terrorisme sous toutes ses formes et manifestations, quels qu&rsquo;en soient les auteurs et le but. Faisant observer que le [&hellip;]","og_url":"https:\/\/www.eumedbridge.eu\/fr\/news\/les-ministres-de-lue-privilegient-la-cooperation-pour-intensifier-les\/","og_site_name":"Voisins de l'UE","article_publisher":"https:\/\/www.facebook.com\/eumedbridge\/","article_modified_time":"2022-07-12T08:11:47+00:00","og_image":[{"width":1600,"height":900,"url":"https:\/\/www.eumedbridge.eu\/wp-content\/uploads\/2022\/03\/EU-flags.jpg","type":"image\/jpeg"}],"twitter_card":"summary_large_image","twitter_site":"@eumedbridge","twitter_misc":{"Dur\u00e9e de lecture estim\u00e9e":"2 minutes"},"schema":{"@context":"https:\/\/schema.org","@graph":[{"@type":"WebPage","@id":"https:\/\/www.eumedbridge.eu\/fr\/news\/les-ministres-de-lue-privilegient-la-cooperation-pour-intensifier-les\/","url":"https:\/\/www.eumedbridge.eu\/fr\/news\/les-ministres-de-lue-privilegient-la-cooperation-pour-intensifier-les\/","name":"Les ministres de l\u2019UE privil\u00e9gient la coop\u00e9ration pour intensifier les actions antiterroristes - Voisins de l'UE","isPartOf":{"@id":"https:\/\/www.eumedbridge.eu\/#website"},"datePublished":"2017-06-19T21:00:00+00:00","dateModified":"2022-07-12T08:11:47+00:00","breadcrumb":{"@id":"https:\/\/www.eumedbridge.eu\/fr\/news\/les-ministres-de-lue-privilegient-la-cooperation-pour-intensifier-les\/#breadcrumb"},"inLanguage":"fr-FR","potentialAction":[{"@type":"ReadAction","target":["https:\/\/www.eumedbridge.eu\/fr\/news\/les-ministres-de-lue-privilegient-la-cooperation-pour-intensifier-les\/"]}]},{"@type":"BreadcrumbList","@id":"https:\/\/www.eumedbridge.eu\/fr\/news\/les-ministres-de-lue-privilegient-la-cooperation-pour-intensifier-les\/#breadcrumb","itemListElement":[{"@type":"ListItem","position":1,"name":"Home","item":"https:\/\/www.eumedbridge.eu\/fr\/home-page\/"},{"@type":"ListItem","position":2,"name":"Actualit\u00e9s","item":"https:\/\/www.eumedbridge.eu\/fr\/news\/"},{"@type":"ListItem","position":3,"name":"Les ministres de l\u2019UE privil\u00e9gient la coop\u00e9ration pour intensifier les actions antiterroristes"}]},{"@type":"WebSite","@id":"https:\/\/www.eumedbridge.eu\/#website","url":"https:\/\/www.eumedbridge.eu\/","name":"EU Medbridge","description":"","publisher":{"@id":"https:\/\/www.eumedbridge.eu\/#organization"},"potentialAction":[{"@type":"SearchAction","target":{"@type":"EntryPoint","urlTemplate":"https:\/\/www.eumedbridge.eu\/?s={search_term_string}"},"query-input":{"@type":"PropertyValueSpecification","valueRequired":true,"valueName":"search_term_string"}}],"inLanguage":"fr-FR"},{"@type":"Organization","@id":"https:\/\/www.eumedbridge.eu\/#organization","name":"EU Medbridge","url":"https:\/\/www.eumedbridge.eu\/","logo":{"@type":"ImageObject","inLanguage":"fr-FR","@id":"https:\/\/www.eumedbridge.eu\/#\/schema\/logo\/image\/","url":"https:\/\/www.eumedbridge.eu\/wp-content\/uploads\/2021\/12\/Logo.png","contentUrl":"https:\/\/www.eumedbridge.eu\/wp-content\/uploads\/2021\/12\/Logo.png","width":325,"height":114,"caption":"EU Medbridge"},"image":{"@id":"https:\/\/www.eumedbridge.eu\/#\/schema\/logo\/image\/"},"sameAs":["https:\/\/www.facebook.com\/eumedbridge\/","https:\/\/x.com\/eumedbridge","https:\/\/www.linkedin.com\/company\/eumedbridge","https:\/\/www.youtube.com\/@eumedbridge","https:\/\/www.instagram.com\/eumedbridge","https:\/\/www.flickr.com\/photos\/euneighbours-south\/"]}]}},"_links":{"self":[{"href":"https:\/\/www.eumedbridge.eu\/fr\/wp-json\/wp\/v2\/news\/163135","targetHints":{"allow":["GET"]}}],"collection":[{"href":"https:\/\/www.eumedbridge.eu\/fr\/wp-json\/wp\/v2\/news"}],"about":[{"href":"https:\/\/www.eumedbridge.eu\/fr\/wp-json\/wp\/v2\/types\/news"}],"wp:attachment":[{"href":"https:\/\/www.eumedbridge.eu\/fr\/wp-json\/wp\/v2\/media?parent=163135"}],"wp:term":[{"taxonomy":"news_category","embeddable":true,"href":"https:\/\/www.eumedbridge.eu\/fr\/wp-json\/wp\/v2\/news_category?post=163135"},{"taxonomy":"country","embeddable":true,"href":"https:\/\/www.eumedbridge.eu\/fr\/wp-json\/wp\/v2\/country?post=163135"},{"taxonomy":"special_action","embeddable":true,"href":"https:\/\/www.eumedbridge.eu\/fr\/wp-json\/wp\/v2\/special_action?post=163135"},{"taxonomy":"custom_tag","embeddable":true,"href":"https:\/\/www.eumedbridge.eu\/fr\/wp-json\/wp\/v2\/custom_tag?post=163135"}],"curies":[{"name":"wp","href":"https:\/\/api.w.org\/{rel}","templated":true}]}}