{"id":163138,"date":"2017-06-20T00:00:00","date_gmt":"2017-06-19T21:00:00","guid":{"rendered":"http:\/\/south.euneighbours.eu\/news\/le-fonds-fiduciaire-de-lue-pour-la-syrie-le-nouveau-programme-daide-en-faveur-des-refugies-syriens-et-des-communautes-daccueil-franchit-la-barre-du-milliard-deuro\/"},"modified":"2022-07-12T11:11:59","modified_gmt":"2022-07-12T08:11:59","slug":"le-fonds-fiduciaire-de-lue-pour-la-syrie-le-nouveau-programme-daide-en","status":"publish","type":"news","link":"https:\/\/www.eumedbridge.eu\/fr\/news\/le-fonds-fiduciaire-de-lue-pour-la-syrie-le-nouveau-programme-daide-en\/","title":{"rendered":"Le Fonds fiduciaire de l\u2019UE pour la Syrie : le nouveau programme d\u2019aide en faveur des r\u00e9fugi\u00e9s syriens et des communaut\u00e9s d\u2019accueil franchit la barre du milliard d\u2019euros"},"content":{"rendered":"<p><span><span>Le fonds fiduciaire r\u00e9gional de l\u2019UE en r\u00e9ponse \u00e0 la crise syrienne a adopt\u00e9 une s\u00e9rie de nouveaux projets pour un montant total de 275 millions d\u2019euros. Ces projets viendront en aide aux r\u00e9fugi\u00e9s et \u00e0 leurs communaut\u00e9s d\u2019accueil mises \u00e0 rude \u00e9preuve en Turquie, au Liban, en Jordanie, en Irak, dans les Balkans et en Arm\u00e9nie.<\/span><\/span><\/p>\n<p><span><span>Les projets seront centr\u00e9s sur l\u2019\u00e9ducation, les soins de sant\u00e9, le soutien des communaut\u00e9s locales, l\u2019inclusion sociale, l\u2019\u00e9galit\u00e9 hommes-femmes. Le programme d\u2019aide r\u00e9cemment adopt\u00e9 porte \u00e0 plus d\u2019un milliard d\u2019euros le volume total actuel du fonds fiduciaire de l\u2019UE.<\/span><\/span><\/p>\n<p><span><span>Annon\u00e7ant la nouvelle, Federica Mogherini, haute Repr\u00e9sentante de l\u2019Union pour les affaires \u00e9trang\u00e8res s\u2019est exprim\u00e9e en ces termes : \u00ab <em>Nous apportons une aide vitale \u00e0 des millions de Syriens dans le pays et l\u2019ensemble de la r\u00e9gion, contribuant ainsi \u00e0 offrir un futur aux r\u00e9fugi\u00e9s syriens et aux communaut\u00e9s d\u2019accueil. En permettant aux filles et aux gar\u00e7ons d\u2019acc\u00e9der \u00e0 un enseignement de qualit\u00e9, nous aidons \u00e0 emp\u00eacher une g\u00e9n\u00e9ration perdue d\u2019enfants dont la vie a \u00e9t\u00e9 d\u00e9truite par le conflit syrien.<\/em> \u00bb<\/span><\/span><\/p>\n<p><span><span>Le nouveau programme d\u2019aide de 275 millions d\u2019euros met l\u2019accent sur l\u2019am\u00e9lioration de l\u2019acc\u00e8s aux moyens de subsistance, aux soins de sant\u00e9, \u00e0 l\u2019enseignement et aux services de protection. <\/span><\/span><span lang=\"EN-GB\" xml_lang=\"EN-GB\" xml_lang=\"EN-GB\"><span>Il comporte les actions suivantes :<\/span><\/span><\/p>\n<ul type=\"disc\">\n<li><strong><span><span>Un programme d\u2019aide de 126,5 millions d\u2019euros pour la Turquie<\/span><\/span><\/strong><span><span>, comprenant :<\/span><\/span><\/li>\n<\/ul>\n<p><span><span><span>o <\/span><\/span><\/span><span><span>un montant de 105 millions d\u2019euros pour renforcer la r\u00e9silience des Syriens sous protection temporaire et des communaut\u00e9s d\u2019accueil ; <\/span><\/span><\/p>\n<p><span><span><span>o <\/span><\/span><\/span><span><span>un montant de 11,5 millions d\u2019euros pour am\u00e9liorer l\u2019acc\u00e8s aux soins de sant\u00e9 des r\u00e9fugi\u00e9s et des communaut\u00e9s d\u2019accueil ;<\/span><\/span><\/p>\n<p><span><span><span>o <\/span><\/span><\/span><span><span>un montant de 10 millions d\u2019euros pour am\u00e9liorer les comp\u00e9tences des r\u00e9fugi\u00e9s et renforcer les capacit\u00e9s des autorit\u00e9s locales turques.<\/span><\/span><\/p>\n<ul type=\"disc\">\n<li><strong><span><span>Un programme de 90 millions d\u2019euros pour l\u2019enseignement au Liban, en Turquie et en Jordanie<\/span><\/span><\/strong><span><span> a \u00e9t\u00e9 investi dans l\u2019avenir des enfants et des jeunes touch\u00e9s par la crise syrienne. <\/span><\/span><\/li>\n<li><strong><span><span>Un programme de 25 millions d\u2019euros pour aider les femmes et les jeunes filles vuln\u00e9rables en Irak, en Jordanie, au Liban et en Turquie<\/span><\/span><\/strong><span><span>. Il reconna\u00eet le r\u00f4le important des femmes dans la promotion de la paix et de la s\u00e9curit\u00e9 ainsi que la n\u00e9cessit\u00e9 de pr\u00e9server les droits, la protection et les besoins sp\u00e9cifiques des femmes et des jeunes filles. <\/span><\/span><\/li>\n<li><strong><span><span>Un programme de 21 millions d\u2019euros pour aider la Serbie \u00e0 g\u00e9rer la crise migratoire\/des r\u00e9fugi\u00e9s <\/span><\/span><\/strong><span><span>sur la route des Balkans.<\/span><\/span><\/li>\n<li><strong><span><span>Un programme de 10 millions d\u2019euros en faveur du syst\u00e8me de sant\u00e9 publique en Jordanie <\/span><\/span><\/strong><span><span>pour garantir un meilleur acc\u00e8s \u00e0 des soins de sant\u00e9 secondaires et tertiaires de qualit\u00e9 aux Jordaniens et aux r\u00e9fugi\u00e9s syriens.<\/span><\/span><\/li>\n<li><strong><span><span>Un programme de 3 millions d\u2019euros pour aider les r\u00e9fugi\u00e9s syriens en Arm\u00e9nie <\/span><\/span><\/strong><span><span>en renfor\u00e7ant l\u2019acc\u00e8s aux services de sant\u00e9 et psychosociaux, en am\u00e9liorant les conditions de logement, en offrant davantage de possibilit\u00e9s \u00e9conomiques et en facilitant l\u2019int\u00e9gration des \u00e9l\u00e8ves et des \u00e9tudiants.<\/span><\/span><\/li>\n<\/ul>\n<p>\u00a0<\/p>\n<p><strong><span><span>Pour en savoir plus<\/span><\/span><\/strong><\/p>\n<p><span lang=\"EN-GB\" xml_lang=\"EN-GB\" xml_lang=\"EN-GB\"><span><a href=\"http:\/\/europa.eu\/rapid\/press-release_IP-17-1593_en.htm\"><span lang=\"FR\" xml_lang=\"FR\" xml_lang=\"FR\">Communiqu\u00e9 de presse<\/span><\/a><\/span><\/span><\/p>\n<p><span lang=\"EN-GB\" xml_lang=\"EN-GB\" xml_lang=\"EN-GB\"><span><a href=\"http:\/\/ec.europa.eu\/enlargement\/neighbourhood\/countries\/syria\/madad\/index_en.htm\"><span lang=\"FR\" xml_lang=\"FR\" xml_lang=\"FR\">Le fonds fiduciaire r\u00e9gional de l\u2019UE en r\u00e9ponse \u00e0 la crise syrienne <\/span><\/a><\/span><\/span><\/p>\n<p><span lang=\"EN-GB\" xml_lang=\"EN-GB\" xml_lang=\"EN-GB\"><span><a href=\"https:\/\/ec.europa.eu\/neighbourhood-enlargement\/sites\/near\/files\/eutf_syria_factsheet-english.pdf\"><span lang=\"FR\" xml_lang=\"FR\" xml_lang=\"FR\">Fiche d&rsquo;information: Le fonds fiduciaire r\u00e9gional de l\u2019UE en r\u00e9ponse \u00e0 la crise syrienne <\/span><\/a><\/span><\/span><\/p>\n","protected":false},"featured_media":0,"parent":0,"template":"","news_category":[],"country":[2124,1949,2029],"special_action":[],"custom_tag":[2821],"class_list":["post-163138","news","type-news","status-publish","hentry","country-jordanie","country-liban","country-syrie","custom_tag-migration-fr"],"acf":[],"yoast_head":"<!-- This site is optimized with the Yoast SEO plugin v26.5 - https:\/\/yoast.com\/wordpress\/plugins\/seo\/ -->\n<title>Le Fonds fiduciaire de l\u2019UE pour la Syrie : le nouveau programme d\u2019aide en faveur des r\u00e9fugi\u00e9s syriens et des communaut\u00e9s d\u2019accueil franchit la barre du milliard d\u2019euros - Voisins de l&#039;UE<\/title>\n<meta name=\"robots\" content=\"index, follow, max-snippet:-1, max-image-preview:large, max-video-preview:-1\" \/>\n<link rel=\"canonical\" href=\"https:\/\/www.eumedbridge.eu\/fr\/news\/le-fonds-fiduciaire-de-lue-pour-la-syrie-le-nouveau-programme-daide-en\/\" \/>\n<meta property=\"og:locale\" content=\"fr_FR\" \/>\n<meta property=\"og:type\" content=\"article\" \/>\n<meta property=\"og:title\" content=\"Le Fonds fiduciaire de l\u2019UE pour la Syrie : le nouveau programme d\u2019aide en faveur des r\u00e9fugi\u00e9s syriens et des communaut\u00e9s d\u2019accueil franchit la barre du milliard d\u2019euros - Voisins de l&#039;UE\" \/>\n<meta property=\"og:description\" content=\"Le fonds fiduciaire r\u00e9gional de l\u2019UE en r\u00e9ponse \u00e0 la crise syrienne a adopt\u00e9 une s\u00e9rie de nouveaux projets pour un montant total de 275 millions d\u2019euros. Ces projets viendront en aide aux r\u00e9fugi\u00e9s et \u00e0 leurs communaut\u00e9s d\u2019accueil mises \u00e0 rude \u00e9preuve en Turquie, au Liban, en Jordanie, en Irak, dans les Balkans et [&hellip;]\" \/>\n<meta property=\"og:url\" content=\"https:\/\/www.eumedbridge.eu\/fr\/news\/le-fonds-fiduciaire-de-lue-pour-la-syrie-le-nouveau-programme-daide-en\/\" \/>\n<meta property=\"og:site_name\" content=\"Voisins de l&#039;UE\" \/>\n<meta property=\"article:publisher\" content=\"https:\/\/www.facebook.com\/eumedbridge\/\" \/>\n<meta property=\"article:modified_time\" content=\"2022-07-12T08:11:59+00:00\" \/>\n<meta property=\"og:image\" content=\"https:\/\/www.eumedbridge.eu\/wp-content\/uploads\/2022\/03\/Syria-picture.jpg\" \/>\n\t<meta property=\"og:image:width\" content=\"960\" \/>\n\t<meta property=\"og:image:height\" content=\"960\" \/>\n\t<meta property=\"og:image:type\" content=\"image\/jpeg\" \/>\n<meta name=\"twitter:card\" content=\"summary_large_image\" \/>\n<meta name=\"twitter:site\" content=\"@eumedbridge\" \/>\n<meta name=\"twitter:label1\" content=\"Dur\u00e9e de lecture estim\u00e9e\" \/>\n\t<meta name=\"twitter:data1\" content=\"3 minutes\" \/>\n<script type=\"application\/ld+json\" class=\"yoast-schema-graph\">{\"@context\":\"https:\/\/schema.org\",\"@graph\":[{\"@type\":\"WebPage\",\"@id\":\"https:\/\/www.eumedbridge.eu\/fr\/news\/le-fonds-fiduciaire-de-lue-pour-la-syrie-le-nouveau-programme-daide-en\/\",\"url\":\"https:\/\/www.eumedbridge.eu\/fr\/news\/le-fonds-fiduciaire-de-lue-pour-la-syrie-le-nouveau-programme-daide-en\/\",\"name\":\"Le Fonds fiduciaire de l\u2019UE pour la Syrie : le nouveau programme d\u2019aide en faveur des r\u00e9fugi\u00e9s syriens et des communaut\u00e9s d\u2019accueil franchit la barre du milliard d\u2019euros - Voisins de l'UE\",\"isPartOf\":{\"@id\":\"https:\/\/www.eumedbridge.eu\/#website\"},\"datePublished\":\"2017-06-19T21:00:00+00:00\",\"dateModified\":\"2022-07-12T08:11:59+00:00\",\"breadcrumb\":{\"@id\":\"https:\/\/www.eumedbridge.eu\/fr\/news\/le-fonds-fiduciaire-de-lue-pour-la-syrie-le-nouveau-programme-daide-en\/#breadcrumb\"},\"inLanguage\":\"fr-FR\",\"potentialAction\":[{\"@type\":\"ReadAction\",\"target\":[\"https:\/\/www.eumedbridge.eu\/fr\/news\/le-fonds-fiduciaire-de-lue-pour-la-syrie-le-nouveau-programme-daide-en\/\"]}]},{\"@type\":\"BreadcrumbList\",\"@id\":\"https:\/\/www.eumedbridge.eu\/fr\/news\/le-fonds-fiduciaire-de-lue-pour-la-syrie-le-nouveau-programme-daide-en\/#breadcrumb\",\"itemListElement\":[{\"@type\":\"ListItem\",\"position\":1,\"name\":\"Home\",\"item\":\"https:\/\/www.eumedbridge.eu\/fr\/home-page\/\"},{\"@type\":\"ListItem\",\"position\":2,\"name\":\"Actualit\u00e9s\",\"item\":\"https:\/\/www.eumedbridge.eu\/fr\/news\/\"},{\"@type\":\"ListItem\",\"position\":3,\"name\":\"Le Fonds fiduciaire de l\u2019UE pour la Syrie : le nouveau programme d\u2019aide en faveur des r\u00e9fugi\u00e9s syriens et des communaut\u00e9s d\u2019accueil franchit la barre du milliard d\u2019euros\"}]},{\"@type\":\"WebSite\",\"@id\":\"https:\/\/www.eumedbridge.eu\/#website\",\"url\":\"https:\/\/www.eumedbridge.eu\/\",\"name\":\"EU Medbridge\",\"description\":\"\",\"publisher\":{\"@id\":\"https:\/\/www.eumedbridge.eu\/#organization\"},\"potentialAction\":[{\"@type\":\"SearchAction\",\"target\":{\"@type\":\"EntryPoint\",\"urlTemplate\":\"https:\/\/www.eumedbridge.eu\/?s={search_term_string}\"},\"query-input\":{\"@type\":\"PropertyValueSpecification\",\"valueRequired\":true,\"valueName\":\"search_term_string\"}}],\"inLanguage\":\"fr-FR\"},{\"@type\":\"Organization\",\"@id\":\"https:\/\/www.eumedbridge.eu\/#organization\",\"name\":\"EU Medbridge\",\"url\":\"https:\/\/www.eumedbridge.eu\/\",\"logo\":{\"@type\":\"ImageObject\",\"inLanguage\":\"fr-FR\",\"@id\":\"https:\/\/www.eumedbridge.eu\/#\/schema\/logo\/image\/\",\"url\":\"https:\/\/www.eumedbridge.eu\/wp-content\/uploads\/2021\/12\/Logo.png\",\"contentUrl\":\"https:\/\/www.eumedbridge.eu\/wp-content\/uploads\/2021\/12\/Logo.png\",\"width\":325,\"height\":114,\"caption\":\"EU Medbridge\"},\"image\":{\"@id\":\"https:\/\/www.eumedbridge.eu\/#\/schema\/logo\/image\/\"},\"sameAs\":[\"https:\/\/www.facebook.com\/eumedbridge\/\",\"https:\/\/x.com\/eumedbridge\",\"https:\/\/www.linkedin.com\/company\/eumedbridge\",\"https:\/\/www.youtube.com\/@eumedbridge\",\"https:\/\/www.instagram.com\/eumedbridge\",\"https:\/\/www.flickr.com\/photos\/euneighbours-south\/\"]}]}<\/script>\n<!-- \/ Yoast SEO plugin. -->","yoast_head_json":{"title":"Le Fonds fiduciaire de l\u2019UE pour la Syrie : le nouveau programme d\u2019aide en faveur des r\u00e9fugi\u00e9s syriens et des communaut\u00e9s d\u2019accueil franchit la barre du milliard d\u2019euros - Voisins de l'UE","robots":{"index":"index","follow":"follow","max-snippet":"max-snippet:-1","max-image-preview":"max-image-preview:large","max-video-preview":"max-video-preview:-1"},"canonical":"https:\/\/www.eumedbridge.eu\/fr\/news\/le-fonds-fiduciaire-de-lue-pour-la-syrie-le-nouveau-programme-daide-en\/","og_locale":"fr_FR","og_type":"article","og_title":"Le Fonds fiduciaire de l\u2019UE pour la Syrie : le nouveau programme d\u2019aide en faveur des r\u00e9fugi\u00e9s syriens et des communaut\u00e9s d\u2019accueil franchit la barre du milliard d\u2019euros - Voisins de l'UE","og_description":"Le fonds fiduciaire r\u00e9gional de l\u2019UE en r\u00e9ponse \u00e0 la crise syrienne a adopt\u00e9 une s\u00e9rie de nouveaux projets pour un montant total de 275 millions d\u2019euros. Ces projets viendront en aide aux r\u00e9fugi\u00e9s et \u00e0 leurs communaut\u00e9s d\u2019accueil mises \u00e0 rude \u00e9preuve en Turquie, au Liban, en Jordanie, en Irak, dans les Balkans et [&hellip;]","og_url":"https:\/\/www.eumedbridge.eu\/fr\/news\/le-fonds-fiduciaire-de-lue-pour-la-syrie-le-nouveau-programme-daide-en\/","og_site_name":"Voisins de l'UE","article_publisher":"https:\/\/www.facebook.com\/eumedbridge\/","article_modified_time":"2022-07-12T08:11:59+00:00","og_image":[{"width":960,"height":960,"url":"https:\/\/www.eumedbridge.eu\/wp-content\/uploads\/2022\/03\/Syria-picture.jpg","type":"image\/jpeg"}],"twitter_card":"summary_large_image","twitter_site":"@eumedbridge","twitter_misc":{"Dur\u00e9e de lecture estim\u00e9e":"3 minutes"},"schema":{"@context":"https:\/\/schema.org","@graph":[{"@type":"WebPage","@id":"https:\/\/www.eumedbridge.eu\/fr\/news\/le-fonds-fiduciaire-de-lue-pour-la-syrie-le-nouveau-programme-daide-en\/","url":"https:\/\/www.eumedbridge.eu\/fr\/news\/le-fonds-fiduciaire-de-lue-pour-la-syrie-le-nouveau-programme-daide-en\/","name":"Le Fonds fiduciaire de l\u2019UE pour la Syrie : le nouveau programme d\u2019aide en faveur des r\u00e9fugi\u00e9s syriens et des communaut\u00e9s d\u2019accueil franchit la barre du milliard d\u2019euros - Voisins de l'UE","isPartOf":{"@id":"https:\/\/www.eumedbridge.eu\/#website"},"datePublished":"2017-06-19T21:00:00+00:00","dateModified":"2022-07-12T08:11:59+00:00","breadcrumb":{"@id":"https:\/\/www.eumedbridge.eu\/fr\/news\/le-fonds-fiduciaire-de-lue-pour-la-syrie-le-nouveau-programme-daide-en\/#breadcrumb"},"inLanguage":"fr-FR","potentialAction":[{"@type":"ReadAction","target":["https:\/\/www.eumedbridge.eu\/fr\/news\/le-fonds-fiduciaire-de-lue-pour-la-syrie-le-nouveau-programme-daide-en\/"]}]},{"@type":"BreadcrumbList","@id":"https:\/\/www.eumedbridge.eu\/fr\/news\/le-fonds-fiduciaire-de-lue-pour-la-syrie-le-nouveau-programme-daide-en\/#breadcrumb","itemListElement":[{"@type":"ListItem","position":1,"name":"Home","item":"https:\/\/www.eumedbridge.eu\/fr\/home-page\/"},{"@type":"ListItem","position":2,"name":"Actualit\u00e9s","item":"https:\/\/www.eumedbridge.eu\/fr\/news\/"},{"@type":"ListItem","position":3,"name":"Le Fonds fiduciaire de l\u2019UE pour la Syrie : le nouveau programme d\u2019aide en faveur des r\u00e9fugi\u00e9s syriens et des communaut\u00e9s d\u2019accueil franchit la barre du milliard d\u2019euros"}]},{"@type":"WebSite","@id":"https:\/\/www.eumedbridge.eu\/#website","url":"https:\/\/www.eumedbridge.eu\/","name":"EU Medbridge","description":"","publisher":{"@id":"https:\/\/www.eumedbridge.eu\/#organization"},"potentialAction":[{"@type":"SearchAction","target":{"@type":"EntryPoint","urlTemplate":"https:\/\/www.eumedbridge.eu\/?s={search_term_string}"},"query-input":{"@type":"PropertyValueSpecification","valueRequired":true,"valueName":"search_term_string"}}],"inLanguage":"fr-FR"},{"@type":"Organization","@id":"https:\/\/www.eumedbridge.eu\/#organization","name":"EU Medbridge","url":"https:\/\/www.eumedbridge.eu\/","logo":{"@type":"ImageObject","inLanguage":"fr-FR","@id":"https:\/\/www.eumedbridge.eu\/#\/schema\/logo\/image\/","url":"https:\/\/www.eumedbridge.eu\/wp-content\/uploads\/2021\/12\/Logo.png","contentUrl":"https:\/\/www.eumedbridge.eu\/wp-content\/uploads\/2021\/12\/Logo.png","width":325,"height":114,"caption":"EU Medbridge"},"image":{"@id":"https:\/\/www.eumedbridge.eu\/#\/schema\/logo\/image\/"},"sameAs":["https:\/\/www.facebook.com\/eumedbridge\/","https:\/\/x.com\/eumedbridge","https:\/\/www.linkedin.com\/company\/eumedbridge","https:\/\/www.youtube.com\/@eumedbridge","https:\/\/www.instagram.com\/eumedbridge","https:\/\/www.flickr.com\/photos\/euneighbours-south\/"]}]}},"_links":{"self":[{"href":"https:\/\/www.eumedbridge.eu\/fr\/wp-json\/wp\/v2\/news\/163138","targetHints":{"allow":["GET"]}}],"collection":[{"href":"https:\/\/www.eumedbridge.eu\/fr\/wp-json\/wp\/v2\/news"}],"about":[{"href":"https:\/\/www.eumedbridge.eu\/fr\/wp-json\/wp\/v2\/types\/news"}],"wp:attachment":[{"href":"https:\/\/www.eumedbridge.eu\/fr\/wp-json\/wp\/v2\/media?parent=163138"}],"wp:term":[{"taxonomy":"news_category","embeddable":true,"href":"https:\/\/www.eumedbridge.eu\/fr\/wp-json\/wp\/v2\/news_category?post=163138"},{"taxonomy":"country","embeddable":true,"href":"https:\/\/www.eumedbridge.eu\/fr\/wp-json\/wp\/v2\/country?post=163138"},{"taxonomy":"special_action","embeddable":true,"href":"https:\/\/www.eumedbridge.eu\/fr\/wp-json\/wp\/v2\/special_action?post=163138"},{"taxonomy":"custom_tag","embeddable":true,"href":"https:\/\/www.eumedbridge.eu\/fr\/wp-json\/wp\/v2\/custom_tag?post=163138"}],"curies":[{"name":"wp","href":"https:\/\/api.w.org\/{rel}","templated":true}]}}