{"id":163239,"date":"2017-04-28T00:00:00","date_gmt":"2017-04-27T21:00:00","guid":{"rendered":"http:\/\/south.euneighbours.eu\/news\/israel-la-delegation-de-lue-soutient-un-evenement-public-a-lattention-des-femmes-et-des-adolescentes-consacre-a-lautodefense-et-a-lautonomisation\/"},"modified":"2022-07-12T11:17:10","modified_gmt":"2022-07-12T08:17:10","slug":"israel-la-delegation-de-lue-soutient-un-evenement-public-lattention-des","status":"publish","type":"news","link":"https:\/\/www.eumedbridge.eu\/fr\/news\/israel-la-delegation-de-lue-soutient-un-evenement-public-lattention-des\/","title":{"rendered":"Isra\u00ebl : la d\u00e9l\u00e9gation de l&rsquo;UE soutient un \u00e9v\u00e9nement public \u00e0 l&rsquo;attention des femmes et des adolescentes consacr\u00e9 \u00e0 l&rsquo;autod\u00e9fense et \u00e0 l&rsquo;autonomisation"},"content":{"rendered":"<p><span><span>La d\u00e9l\u00e9gation de l&rsquo;Union europ\u00e9enne en Isra\u00ebl et l&rsquo;ONG El Halev ont organis\u00e9, mercredi 26 avril 2017, un<\/span> <span>\u00e9v\u00e9nement en plein air consacr\u00e9 \u00e0 l&rsquo;autod\u00e9fense et \u00e0 l&rsquo;autonomisation pour les femmes et les adolescentes, sur la place Kikar Habima de Tel Aviv. Cet \u00e9v\u00e9nement gratuit comprenait un atelier pour acqu\u00e9rir des comp\u00e9tences pratiques<\/span> <span>d&rsquo;autod\u00e9fense, ainsi que la mise \u00e0 disposition d&rsquo;informations sur l&rsquo;autonomisation et des d\u00e9monstrations d&rsquo;experts. \u00c0 l&rsquo;issue de l&rsquo;\u00e9v\u00e9nement, les participantes ont pu briser des blocs de b\u00e9ton \u00e0 main nue. <\/span><\/span><\/p>\n<p><span><span>Pour cet \u00e9v\u00e9nement, l&rsquo;UE s&rsquo;est associ\u00e9e \u00e0 l&rsquo;ONG El Halev afin de souligner que la violence \u00e0 l&rsquo;\u00e9gard des femmes est un ph\u00e9nom\u00e8ne qui doit \u00eatre combattu sur tous les fronts. L&rsquo;objectif de l&rsquo;ONG est de renforcer l&rsquo;autonomie des femmes et des adolescentes gr\u00e2ce \u00e0 des techniques d&rsquo;arts martiaux et autres tactiques <\/span><span><span>d&rsquo;autod\u00e9fense pour renverser les barri\u00e8res qui les emp\u00eachent de r\u00e9aliser leur plein potentiel. L&rsquo;association m\u00e8ne des actions de pr\u00e9vention de la violence physique, sexuelle, \u00e9motionnelle et \u00e9conomique \u00e0 l&rsquo;\u00e9gard des femmes, des jeunes, des personnes handicap\u00e9es et des personnes \u00e2g\u00e9es de toutes les couches de la soci\u00e9t\u00e9 isra\u00e9lienne.<\/span><\/span><\/span><\/p>\n<p><span><span><span>L&rsquo;ambassadeur de l&rsquo;UE, Lars Faaborg-Andersen, a d\u00e9clar\u00e9 \u00e0 cette occasion : \u00ab <em>L&rsquo;autod\u00e9fense peut permettre aux femmes de se sentir plus en s\u00e9curit\u00e9 dans les rues et aux jeunes filles d&rsquo;\u00eatre plus rassur\u00e9es dans leur \u00e9cole. L&rsquo;autoprotection n&rsquo;est pas la solution pour mettre fin \u00e0 la violence \u00e0 caract\u00e8re sexiste, mais elle peut contribuer \u00e0 lutter contre l&rsquo;apathie dont font preuve de nombreuses personnes \u00e0 l&rsquo;\u00e9gard de cette forme de discrimination. Nous pouvons et devons redoubler d&rsquo;efforts<\/em> \u00bb. <\/span><\/span><\/span><\/p>\n<p>\u00a0<\/p>\n<p><span><strong><span lang=\"FR-BE\" xml_lang=\"FR-BE\" xml_lang=\"FR-BE\">Pour en savoir plus<\/span><\/strong><\/span><\/p>\n<p><span><span lang=\"EN-US\" xml_lang=\"EN-US\" xml_lang=\"EN-US\"><a href=\"https:\/\/eeas.europa.eu\/delegations\/israel\/25196\/eu-delegation-and-el-halev-public-self-defence-and-empowerment-event-women-and-teenage-girls_en\"><span lang=\"FR-BE\" xml_lang=\"FR-BE\" xml_lang=\"FR-BE\">Communiqu\u00e9 de presse<\/span><\/a><\/span><\/span><\/p>\n<p><span><span lang=\"FR-BE\" xml_lang=\"FR-BE\" xml_lang=\"FR-BE\">D\u00e9l\u00e9gation de l\u2019UE en Isra\u00ebl \u2013 <\/span><span lang=\"EN-US\" xml_lang=\"EN-US\" xml_lang=\"EN-US\"><a href=\"http:\/\/eeas.europa.eu\/delegations\/israel\/index_en.htm\"><span lang=\"FR-BE\" xml_lang=\"FR-BE\" xml_lang=\"FR-BE\">Site internet<\/span><\/a><\/span><\/span><\/p>\n","protected":false},"featured_media":0,"parent":0,"template":"","news_category":[],"country":[1950],"special_action":[],"custom_tag":[2312,2314],"class_list":["post-163239","news","type-news","status-publish","hentry","country-israel-fr","custom_tag-developpement-durable","custom_tag-genre"],"acf":[],"yoast_head":"<!-- This site is optimized with the Yoast SEO plugin v26.5 - https:\/\/yoast.com\/wordpress\/plugins\/seo\/ -->\n<title>Isra\u00ebl : la d\u00e9l\u00e9gation de l&#039;UE soutient un \u00e9v\u00e9nement public \u00e0 l&#039;attention des femmes et des adolescentes consacr\u00e9 \u00e0 l&#039;autod\u00e9fense et \u00e0 l&#039;autonomisation - Voisins de l&#039;UE<\/title>\n<meta name=\"robots\" content=\"index, follow, max-snippet:-1, max-image-preview:large, max-video-preview:-1\" \/>\n<link rel=\"canonical\" href=\"https:\/\/www.eumedbridge.eu\/fr\/news\/israel-la-delegation-de-lue-soutient-un-evenement-public-lattention-des\/\" \/>\n<meta property=\"og:locale\" content=\"fr_FR\" \/>\n<meta property=\"og:type\" content=\"article\" \/>\n<meta property=\"og:title\" content=\"Isra\u00ebl : la d\u00e9l\u00e9gation de l&#039;UE soutient un \u00e9v\u00e9nement public \u00e0 l&#039;attention des femmes et des adolescentes consacr\u00e9 \u00e0 l&#039;autod\u00e9fense et \u00e0 l&#039;autonomisation - Voisins de l&#039;UE\" \/>\n<meta property=\"og:description\" content=\"La d\u00e9l\u00e9gation de l&rsquo;Union europ\u00e9enne en Isra\u00ebl et l&rsquo;ONG El Halev ont organis\u00e9, mercredi 26 avril 2017, un \u00e9v\u00e9nement en plein air consacr\u00e9 \u00e0 l&rsquo;autod\u00e9fense et \u00e0 l&rsquo;autonomisation pour les femmes et les adolescentes, sur la place Kikar Habima de Tel Aviv. Cet \u00e9v\u00e9nement gratuit comprenait un atelier pour acqu\u00e9rir des comp\u00e9tences pratiques d&rsquo;autod\u00e9fense, ainsi [&hellip;]\" \/>\n<meta property=\"og:url\" content=\"https:\/\/www.eumedbridge.eu\/fr\/news\/israel-la-delegation-de-lue-soutient-un-evenement-public-lattention-des\/\" \/>\n<meta property=\"og:site_name\" content=\"Voisins de l&#039;UE\" \/>\n<meta property=\"article:publisher\" content=\"https:\/\/www.facebook.com\/eumedbridge\/\" \/>\n<meta property=\"article:modified_time\" content=\"2022-07-12T08:17:10+00:00\" \/>\n<meta property=\"og:image\" content=\"https:\/\/www.eumedbridge.eu\/wp-content\/uploads\/2022\/03\/20170426_1_eu-elhalev_self-defence_event.jpg\" \/>\n\t<meta property=\"og:image:width\" content=\"750\" \/>\n\t<meta property=\"og:image:height\" content=\"500\" \/>\n\t<meta property=\"og:image:type\" content=\"image\/jpeg\" \/>\n<meta name=\"twitter:card\" content=\"summary_large_image\" \/>\n<meta name=\"twitter:site\" content=\"@eumedbridge\" \/>\n<meta name=\"twitter:label1\" content=\"Dur\u00e9e de lecture estim\u00e9e\" \/>\n\t<meta name=\"twitter:data1\" content=\"1 minute\" \/>\n<script type=\"application\/ld+json\" class=\"yoast-schema-graph\">{\"@context\":\"https:\/\/schema.org\",\"@graph\":[{\"@type\":\"WebPage\",\"@id\":\"https:\/\/www.eumedbridge.eu\/fr\/news\/israel-la-delegation-de-lue-soutient-un-evenement-public-lattention-des\/\",\"url\":\"https:\/\/www.eumedbridge.eu\/fr\/news\/israel-la-delegation-de-lue-soutient-un-evenement-public-lattention-des\/\",\"name\":\"Isra\u00ebl : la d\u00e9l\u00e9gation de l'UE soutient un \u00e9v\u00e9nement public \u00e0 l'attention des femmes et des adolescentes consacr\u00e9 \u00e0 l'autod\u00e9fense et \u00e0 l'autonomisation - Voisins de l'UE\",\"isPartOf\":{\"@id\":\"https:\/\/www.eumedbridge.eu\/#website\"},\"datePublished\":\"2017-04-27T21:00:00+00:00\",\"dateModified\":\"2022-07-12T08:17:10+00:00\",\"breadcrumb\":{\"@id\":\"https:\/\/www.eumedbridge.eu\/fr\/news\/israel-la-delegation-de-lue-soutient-un-evenement-public-lattention-des\/#breadcrumb\"},\"inLanguage\":\"fr-FR\",\"potentialAction\":[{\"@type\":\"ReadAction\",\"target\":[\"https:\/\/www.eumedbridge.eu\/fr\/news\/israel-la-delegation-de-lue-soutient-un-evenement-public-lattention-des\/\"]}]},{\"@type\":\"BreadcrumbList\",\"@id\":\"https:\/\/www.eumedbridge.eu\/fr\/news\/israel-la-delegation-de-lue-soutient-un-evenement-public-lattention-des\/#breadcrumb\",\"itemListElement\":[{\"@type\":\"ListItem\",\"position\":1,\"name\":\"Home\",\"item\":\"https:\/\/www.eumedbridge.eu\/fr\/home-page\/\"},{\"@type\":\"ListItem\",\"position\":2,\"name\":\"Actualit\u00e9s\",\"item\":\"https:\/\/www.eumedbridge.eu\/fr\/news\/\"},{\"@type\":\"ListItem\",\"position\":3,\"name\":\"Isra\u00ebl : la d\u00e9l\u00e9gation de l&rsquo;UE soutient un \u00e9v\u00e9nement public \u00e0 l&rsquo;attention des femmes et des adolescentes consacr\u00e9 \u00e0 l&rsquo;autod\u00e9fense et \u00e0 l&rsquo;autonomisation\"}]},{\"@type\":\"WebSite\",\"@id\":\"https:\/\/www.eumedbridge.eu\/#website\",\"url\":\"https:\/\/www.eumedbridge.eu\/\",\"name\":\"EU Medbridge\",\"description\":\"\",\"publisher\":{\"@id\":\"https:\/\/www.eumedbridge.eu\/#organization\"},\"potentialAction\":[{\"@type\":\"SearchAction\",\"target\":{\"@type\":\"EntryPoint\",\"urlTemplate\":\"https:\/\/www.eumedbridge.eu\/?s={search_term_string}\"},\"query-input\":{\"@type\":\"PropertyValueSpecification\",\"valueRequired\":true,\"valueName\":\"search_term_string\"}}],\"inLanguage\":\"fr-FR\"},{\"@type\":\"Organization\",\"@id\":\"https:\/\/www.eumedbridge.eu\/#organization\",\"name\":\"EU Medbridge\",\"url\":\"https:\/\/www.eumedbridge.eu\/\",\"logo\":{\"@type\":\"ImageObject\",\"inLanguage\":\"fr-FR\",\"@id\":\"https:\/\/www.eumedbridge.eu\/#\/schema\/logo\/image\/\",\"url\":\"https:\/\/www.eumedbridge.eu\/wp-content\/uploads\/2021\/12\/Logo.png\",\"contentUrl\":\"https:\/\/www.eumedbridge.eu\/wp-content\/uploads\/2021\/12\/Logo.png\",\"width\":325,\"height\":114,\"caption\":\"EU Medbridge\"},\"image\":{\"@id\":\"https:\/\/www.eumedbridge.eu\/#\/schema\/logo\/image\/\"},\"sameAs\":[\"https:\/\/www.facebook.com\/eumedbridge\/\",\"https:\/\/x.com\/eumedbridge\",\"https:\/\/www.linkedin.com\/company\/eumedbridge\",\"https:\/\/www.youtube.com\/@eumedbridge\",\"https:\/\/www.instagram.com\/eumedbridge\",\"https:\/\/www.flickr.com\/photos\/euneighbours-south\/\"]}]}<\/script>\n<!-- \/ Yoast SEO plugin. -->","yoast_head_json":{"title":"Isra\u00ebl : la d\u00e9l\u00e9gation de l'UE soutient un \u00e9v\u00e9nement public \u00e0 l'attention des femmes et des adolescentes consacr\u00e9 \u00e0 l'autod\u00e9fense et \u00e0 l'autonomisation - Voisins de l'UE","robots":{"index":"index","follow":"follow","max-snippet":"max-snippet:-1","max-image-preview":"max-image-preview:large","max-video-preview":"max-video-preview:-1"},"canonical":"https:\/\/www.eumedbridge.eu\/fr\/news\/israel-la-delegation-de-lue-soutient-un-evenement-public-lattention-des\/","og_locale":"fr_FR","og_type":"article","og_title":"Isra\u00ebl : la d\u00e9l\u00e9gation de l'UE soutient un \u00e9v\u00e9nement public \u00e0 l'attention des femmes et des adolescentes consacr\u00e9 \u00e0 l'autod\u00e9fense et \u00e0 l'autonomisation - Voisins de l'UE","og_description":"La d\u00e9l\u00e9gation de l&rsquo;Union europ\u00e9enne en Isra\u00ebl et l&rsquo;ONG El Halev ont organis\u00e9, mercredi 26 avril 2017, un \u00e9v\u00e9nement en plein air consacr\u00e9 \u00e0 l&rsquo;autod\u00e9fense et \u00e0 l&rsquo;autonomisation pour les femmes et les adolescentes, sur la place Kikar Habima de Tel Aviv. Cet \u00e9v\u00e9nement gratuit comprenait un atelier pour acqu\u00e9rir des comp\u00e9tences pratiques d&rsquo;autod\u00e9fense, ainsi [&hellip;]","og_url":"https:\/\/www.eumedbridge.eu\/fr\/news\/israel-la-delegation-de-lue-soutient-un-evenement-public-lattention-des\/","og_site_name":"Voisins de l'UE","article_publisher":"https:\/\/www.facebook.com\/eumedbridge\/","article_modified_time":"2022-07-12T08:17:10+00:00","og_image":[{"width":750,"height":500,"url":"https:\/\/www.eumedbridge.eu\/wp-content\/uploads\/2022\/03\/20170426_1_eu-elhalev_self-defence_event.jpg","type":"image\/jpeg"}],"twitter_card":"summary_large_image","twitter_site":"@eumedbridge","twitter_misc":{"Dur\u00e9e de lecture estim\u00e9e":"1 minute"},"schema":{"@context":"https:\/\/schema.org","@graph":[{"@type":"WebPage","@id":"https:\/\/www.eumedbridge.eu\/fr\/news\/israel-la-delegation-de-lue-soutient-un-evenement-public-lattention-des\/","url":"https:\/\/www.eumedbridge.eu\/fr\/news\/israel-la-delegation-de-lue-soutient-un-evenement-public-lattention-des\/","name":"Isra\u00ebl : la d\u00e9l\u00e9gation de l'UE soutient un \u00e9v\u00e9nement public \u00e0 l'attention des femmes et des adolescentes consacr\u00e9 \u00e0 l'autod\u00e9fense et \u00e0 l'autonomisation - Voisins de l'UE","isPartOf":{"@id":"https:\/\/www.eumedbridge.eu\/#website"},"datePublished":"2017-04-27T21:00:00+00:00","dateModified":"2022-07-12T08:17:10+00:00","breadcrumb":{"@id":"https:\/\/www.eumedbridge.eu\/fr\/news\/israel-la-delegation-de-lue-soutient-un-evenement-public-lattention-des\/#breadcrumb"},"inLanguage":"fr-FR","potentialAction":[{"@type":"ReadAction","target":["https:\/\/www.eumedbridge.eu\/fr\/news\/israel-la-delegation-de-lue-soutient-un-evenement-public-lattention-des\/"]}]},{"@type":"BreadcrumbList","@id":"https:\/\/www.eumedbridge.eu\/fr\/news\/israel-la-delegation-de-lue-soutient-un-evenement-public-lattention-des\/#breadcrumb","itemListElement":[{"@type":"ListItem","position":1,"name":"Home","item":"https:\/\/www.eumedbridge.eu\/fr\/home-page\/"},{"@type":"ListItem","position":2,"name":"Actualit\u00e9s","item":"https:\/\/www.eumedbridge.eu\/fr\/news\/"},{"@type":"ListItem","position":3,"name":"Isra\u00ebl : la d\u00e9l\u00e9gation de l&rsquo;UE soutient un \u00e9v\u00e9nement public \u00e0 l&rsquo;attention des femmes et des adolescentes consacr\u00e9 \u00e0 l&rsquo;autod\u00e9fense et \u00e0 l&rsquo;autonomisation"}]},{"@type":"WebSite","@id":"https:\/\/www.eumedbridge.eu\/#website","url":"https:\/\/www.eumedbridge.eu\/","name":"EU Medbridge","description":"","publisher":{"@id":"https:\/\/www.eumedbridge.eu\/#organization"},"potentialAction":[{"@type":"SearchAction","target":{"@type":"EntryPoint","urlTemplate":"https:\/\/www.eumedbridge.eu\/?s={search_term_string}"},"query-input":{"@type":"PropertyValueSpecification","valueRequired":true,"valueName":"search_term_string"}}],"inLanguage":"fr-FR"},{"@type":"Organization","@id":"https:\/\/www.eumedbridge.eu\/#organization","name":"EU Medbridge","url":"https:\/\/www.eumedbridge.eu\/","logo":{"@type":"ImageObject","inLanguage":"fr-FR","@id":"https:\/\/www.eumedbridge.eu\/#\/schema\/logo\/image\/","url":"https:\/\/www.eumedbridge.eu\/wp-content\/uploads\/2021\/12\/Logo.png","contentUrl":"https:\/\/www.eumedbridge.eu\/wp-content\/uploads\/2021\/12\/Logo.png","width":325,"height":114,"caption":"EU Medbridge"},"image":{"@id":"https:\/\/www.eumedbridge.eu\/#\/schema\/logo\/image\/"},"sameAs":["https:\/\/www.facebook.com\/eumedbridge\/","https:\/\/x.com\/eumedbridge","https:\/\/www.linkedin.com\/company\/eumedbridge","https:\/\/www.youtube.com\/@eumedbridge","https:\/\/www.instagram.com\/eumedbridge","https:\/\/www.flickr.com\/photos\/euneighbours-south\/"]}]}},"_links":{"self":[{"href":"https:\/\/www.eumedbridge.eu\/fr\/wp-json\/wp\/v2\/news\/163239","targetHints":{"allow":["GET"]}}],"collection":[{"href":"https:\/\/www.eumedbridge.eu\/fr\/wp-json\/wp\/v2\/news"}],"about":[{"href":"https:\/\/www.eumedbridge.eu\/fr\/wp-json\/wp\/v2\/types\/news"}],"wp:attachment":[{"href":"https:\/\/www.eumedbridge.eu\/fr\/wp-json\/wp\/v2\/media?parent=163239"}],"wp:term":[{"taxonomy":"news_category","embeddable":true,"href":"https:\/\/www.eumedbridge.eu\/fr\/wp-json\/wp\/v2\/news_category?post=163239"},{"taxonomy":"country","embeddable":true,"href":"https:\/\/www.eumedbridge.eu\/fr\/wp-json\/wp\/v2\/country?post=163239"},{"taxonomy":"special_action","embeddable":true,"href":"https:\/\/www.eumedbridge.eu\/fr\/wp-json\/wp\/v2\/special_action?post=163239"},{"taxonomy":"custom_tag","embeddable":true,"href":"https:\/\/www.eumedbridge.eu\/fr\/wp-json\/wp\/v2\/custom_tag?post=163239"}],"curies":[{"name":"wp","href":"https:\/\/api.w.org\/{rel}","templated":true}]}}