{"id":163269,"date":"2017-04-12T00:00:00","date_gmt":"2017-04-11T21:00:00","guid":{"rendered":"http:\/\/south.euneighbours.eu\/news\/le-commissaire-europeen-a-lenergie-et-le-ministre-algerien-de-lenergie-font-le-point-sur-les-progres-accomplis-dans-le-cadre-du-partenariat-strategique\/"},"modified":"2022-07-12T11:18:59","modified_gmt":"2022-07-12T08:18:59","slug":"le-commissaire-europeen-lenergie-et-le-ministre-algerien-de-lenergie-font","status":"publish","type":"news","link":"https:\/\/www.eumedbridge.eu\/fr\/news\/le-commissaire-europeen-lenergie-et-le-ministre-algerien-de-lenergie-font\/","title":{"rendered":"Le commissaire europ\u00e9en \u00e0 l&rsquo;\u00c9nergie et le ministre alg\u00e9rien de l&rsquo;\u00c9nergie font le point sur les progr\u00e8s accomplis dans le cadre du partenariat strat\u00e9gique"},"content":{"rendered":"<p>Le commissaire europ\u00e9en en charge de l&rsquo;Action pour le climat et l&rsquo;\u00c9nergie, Miguel Arias Ca\u00f1ete, et le ministre alg\u00e9rien de l&rsquo;\u00c9nergie, Noureddine Boutarfa, se sont rencontr\u00e9s hier \u00e0 Bruxelles. Ils ont discut\u00e9 du <a href=\"http:\/\/ec.europa.eu\/energy\/sites\/ener\/files\/documents\/20130707_signed_mou_fr.pdf\">Partenariat strat\u00e9gique sur l&rsquo;\u00e9nergie<\/a>\u00a0entre l&rsquo;UE et l&rsquo;Alg\u00e9rie.<\/p>\n<p><em>\u00ab\u00a0Le partenariat strat\u00e9gique \u00e9tabli entre l&rsquo;Union europ\u00e9enne et l&rsquo;Alg\u00e9rie dans le domaine de l&rsquo;\u00e9nergie a \u00e9t\u00e9 lanc\u00e9 il y a deux ans lors de ma premi\u00e8re visite \u00e0 Alger\u00a0; aujourd&rsquo;hui, il est une composante permanente et structurelle des relations euro-alg\u00e9riennes. L&rsquo;UE et l&rsquo;Alg\u00e9rie sont dans une relation d&rsquo;interd\u00e9pendance\u00a0: l&rsquo;Europe s&rsquo;appuie sur le gaz alg\u00e9rien pour sa s\u00e9curit\u00e9 d&rsquo;approvisionnement et l&rsquo;Alg\u00e9rie compte sur le march\u00e9 europ\u00e9en pour la s\u00e9curit\u00e9 de la demande. Mais l&rsquo;Alg\u00e9rie a \u00e9galement un grand potentiel dans les domaines des \u00e9nergies renouvelables et de l&rsquo;efficacit\u00e9 \u00e9nerg\u00e9tique. L&rsquo;UE est r\u00e9solument engag\u00e9e \u00e0 soutenir l&rsquo;Alg\u00e9rie dans ces domaines politiques\u00a0\u00bb,<\/em> a d\u00e9clar\u00e9 le commissaire Ca\u00f1ete.<\/p>\n<p>Le commissaire europ\u00e9en et le ministre alg\u00e9rien ont fait le point sur les progr\u00e8s accomplis dans le domaine de la coop\u00e9ration \u00e9nerg\u00e9tique depuis le lancement du partenariat strat\u00e9gique, notamment en ce qui concerne les investissements europ\u00e9ens dans la production et la distribution de gaz, ainsi que dans le secteur des \u00e9nergies renouvelables en Alg\u00e9rie. Le commissaire Ca\u00f1ete a \u00e9galement pr\u00e9sent\u00e9 l&rsquo;ensemble de propositions <a href=\"https:\/\/ec.europa.eu\/energy\/en\/news\/commission-proposes-new-rules-consumer-centred-clean-energy-transition\">\u00ab\u00a0Une \u00e9nergie propre pour tous les Europ\u00e9ens\u00a0\u00bb<\/a> de la Commission europ\u00e9enne, publi\u00e9 le 30 novembre 2016.<\/p>\n<p>Le Partenariat strat\u00e9gique sur l&rsquo;\u00e9nergie pr\u00e9voit une coop\u00e9ration dans les domaines du gaz naturel, du p\u00e9trole brut, de l&rsquo;\u00e9lectricit\u00e9, des \u00e9nergies nouvelles et des <a href=\"https:\/\/ec.europa.eu\/energy\/en\/topics\/renewable-energy\">\u00e9nergies renouvelables<\/a>,\u00a0<a href=\"https:\/\/ec.europa.eu\/energy\/en\/topics\/energy-efficiency\">de l&rsquo;efficacit\u00e9 \u00e9nerg\u00e9tique <\/a>et du d\u00e9veloppement des infrastructures. Dans le cadre de ce partenariat, le premier <a href=\"https:\/\/ec.europa.eu\/energy\/en\/events\/eu-algeria-business-forum\">Forum d&rsquo;affaires UE-Alg\u00e9rie<\/a> a eu lieu en mai 2016.<\/p>\n<p>\u00a0<\/p>\n<p><strong>Pour en savoir plus<\/strong><\/p>\n<p><a href=\"https:\/\/ec.europa.eu\/energy\/en\/news\/commissioner-arias-ca%C3%B1ete-meets-algerias-energy-minister\">Communiqu\u00e9 de presse<\/a><\/p>\n<p><a href=\"http:\/\/ec.europa.eu\/avservices\/video\/player.cfm?ref=I136903\">Conf\u00e9rence de presse<\/a><\/p>\n<p><a href=\"https:\/\/eeas.europa.eu\/delegations\/algeria\/9481\/algeria-and-eu_en\">Relations de l&rsquo;UE avec l&rsquo;Alg\u00e9rie<\/a><\/p>\n<p><a href=\"https:\/\/ec.europa.eu\/energy\/en\/news\/eu-and-algeria-cooperate-energy\">Coop\u00e9ration \u00e9nerg\u00e9tique entre l&rsquo;UE et l&rsquo;Alg\u00e9rie<\/a><\/p>\n<p><a href=\"http:\/\/ec.europa.eu\/energy\/sites\/ener\/files\/documents\/20130707_signed_mou_fr.pdf\">Partenariat strat\u00e9gique entre l\u2019UE et l\u2019Alg\u00e9rie dans le domaine de l\u2019\u00e9nergie<\/a><\/p>\n","protected":false},"featured_media":0,"parent":0,"template":"","news_category":[],"country":[1946],"special_action":[],"custom_tag":[1884],"class_list":["post-163269","news","type-news","status-publish","hentry","country-algerie","custom_tag-environnement-et-changement-climatique"],"acf":[],"yoast_head":"<!-- This site is optimized with the Yoast SEO plugin v26.5 - https:\/\/yoast.com\/wordpress\/plugins\/seo\/ -->\n<title>Le commissaire europ\u00e9en \u00e0 l&#039;\u00c9nergie et le ministre alg\u00e9rien de l&#039;\u00c9nergie font le point sur les progr\u00e8s accomplis dans le cadre du partenariat strat\u00e9gique - Voisins de l&#039;UE<\/title>\n<meta name=\"robots\" content=\"index, follow, max-snippet:-1, max-image-preview:large, max-video-preview:-1\" \/>\n<link rel=\"canonical\" href=\"https:\/\/www.eumedbridge.eu\/fr\/news\/le-commissaire-europeen-lenergie-et-le-ministre-algerien-de-lenergie-font\/\" \/>\n<meta property=\"og:locale\" content=\"fr_FR\" \/>\n<meta property=\"og:type\" content=\"article\" \/>\n<meta property=\"og:title\" content=\"Le commissaire europ\u00e9en \u00e0 l&#039;\u00c9nergie et le ministre alg\u00e9rien de l&#039;\u00c9nergie font le point sur les progr\u00e8s accomplis dans le cadre du partenariat strat\u00e9gique - Voisins de l&#039;UE\" \/>\n<meta property=\"og:description\" content=\"Le commissaire europ\u00e9en en charge de l&rsquo;Action pour le climat et l&rsquo;\u00c9nergie, Miguel Arias Ca\u00f1ete, et le ministre alg\u00e9rien de l&rsquo;\u00c9nergie, Noureddine Boutarfa, se sont rencontr\u00e9s hier \u00e0 Bruxelles. Ils ont discut\u00e9 du Partenariat strat\u00e9gique sur l&rsquo;\u00e9nergie\u00a0entre l&rsquo;UE et l&rsquo;Alg\u00e9rie. \u00ab\u00a0Le partenariat strat\u00e9gique \u00e9tabli entre l&rsquo;Union europ\u00e9enne et l&rsquo;Alg\u00e9rie dans le domaine de l&rsquo;\u00e9nergie a [&hellip;]\" \/>\n<meta property=\"og:url\" content=\"https:\/\/www.eumedbridge.eu\/fr\/news\/le-commissaire-europeen-lenergie-et-le-ministre-algerien-de-lenergie-font\/\" \/>\n<meta property=\"og:site_name\" content=\"Voisins de l&#039;UE\" \/>\n<meta property=\"article:publisher\" content=\"https:\/\/www.facebook.com\/eumedbridge\/\" \/>\n<meta property=\"article:modified_time\" content=\"2022-07-12T08:18:59+00:00\" \/>\n<meta property=\"og:image\" content=\"https:\/\/www.eumedbridge.eu\/wp-content\/uploads\/2022\/03\/P034219001001-795132.jpg\" \/>\n\t<meta property=\"og:image:width\" content=\"400\" \/>\n\t<meta property=\"og:image:height\" content=\"266\" \/>\n\t<meta property=\"og:image:type\" content=\"image\/jpeg\" \/>\n<meta name=\"twitter:card\" content=\"summary_large_image\" \/>\n<meta name=\"twitter:site\" content=\"@eumedbridge\" \/>\n<meta name=\"twitter:label1\" content=\"Dur\u00e9e de lecture estim\u00e9e\" \/>\n\t<meta name=\"twitter:data1\" content=\"2 minutes\" \/>\n<script type=\"application\/ld+json\" class=\"yoast-schema-graph\">{\"@context\":\"https:\/\/schema.org\",\"@graph\":[{\"@type\":\"WebPage\",\"@id\":\"https:\/\/www.eumedbridge.eu\/fr\/news\/le-commissaire-europeen-lenergie-et-le-ministre-algerien-de-lenergie-font\/\",\"url\":\"https:\/\/www.eumedbridge.eu\/fr\/news\/le-commissaire-europeen-lenergie-et-le-ministre-algerien-de-lenergie-font\/\",\"name\":\"Le commissaire europ\u00e9en \u00e0 l'\u00c9nergie et le ministre alg\u00e9rien de l'\u00c9nergie font le point sur les progr\u00e8s accomplis dans le cadre du partenariat strat\u00e9gique - Voisins de l'UE\",\"isPartOf\":{\"@id\":\"https:\/\/www.eumedbridge.eu\/#website\"},\"datePublished\":\"2017-04-11T21:00:00+00:00\",\"dateModified\":\"2022-07-12T08:18:59+00:00\",\"breadcrumb\":{\"@id\":\"https:\/\/www.eumedbridge.eu\/fr\/news\/le-commissaire-europeen-lenergie-et-le-ministre-algerien-de-lenergie-font\/#breadcrumb\"},\"inLanguage\":\"fr-FR\",\"potentialAction\":[{\"@type\":\"ReadAction\",\"target\":[\"https:\/\/www.eumedbridge.eu\/fr\/news\/le-commissaire-europeen-lenergie-et-le-ministre-algerien-de-lenergie-font\/\"]}]},{\"@type\":\"BreadcrumbList\",\"@id\":\"https:\/\/www.eumedbridge.eu\/fr\/news\/le-commissaire-europeen-lenergie-et-le-ministre-algerien-de-lenergie-font\/#breadcrumb\",\"itemListElement\":[{\"@type\":\"ListItem\",\"position\":1,\"name\":\"Home\",\"item\":\"https:\/\/www.eumedbridge.eu\/fr\/home-page\/\"},{\"@type\":\"ListItem\",\"position\":2,\"name\":\"Actualit\u00e9s\",\"item\":\"https:\/\/www.eumedbridge.eu\/fr\/news\/\"},{\"@type\":\"ListItem\",\"position\":3,\"name\":\"Le commissaire europ\u00e9en \u00e0 l&rsquo;\u00c9nergie et le ministre alg\u00e9rien de l&rsquo;\u00c9nergie font le point sur les progr\u00e8s accomplis dans le cadre du partenariat strat\u00e9gique\"}]},{\"@type\":\"WebSite\",\"@id\":\"https:\/\/www.eumedbridge.eu\/#website\",\"url\":\"https:\/\/www.eumedbridge.eu\/\",\"name\":\"EU Medbridge\",\"description\":\"\",\"publisher\":{\"@id\":\"https:\/\/www.eumedbridge.eu\/#organization\"},\"potentialAction\":[{\"@type\":\"SearchAction\",\"target\":{\"@type\":\"EntryPoint\",\"urlTemplate\":\"https:\/\/www.eumedbridge.eu\/?s={search_term_string}\"},\"query-input\":{\"@type\":\"PropertyValueSpecification\",\"valueRequired\":true,\"valueName\":\"search_term_string\"}}],\"inLanguage\":\"fr-FR\"},{\"@type\":\"Organization\",\"@id\":\"https:\/\/www.eumedbridge.eu\/#organization\",\"name\":\"EU Medbridge\",\"url\":\"https:\/\/www.eumedbridge.eu\/\",\"logo\":{\"@type\":\"ImageObject\",\"inLanguage\":\"fr-FR\",\"@id\":\"https:\/\/www.eumedbridge.eu\/#\/schema\/logo\/image\/\",\"url\":\"https:\/\/www.eumedbridge.eu\/wp-content\/uploads\/2021\/12\/Logo.png\",\"contentUrl\":\"https:\/\/www.eumedbridge.eu\/wp-content\/uploads\/2021\/12\/Logo.png\",\"width\":325,\"height\":114,\"caption\":\"EU Medbridge\"},\"image\":{\"@id\":\"https:\/\/www.eumedbridge.eu\/#\/schema\/logo\/image\/\"},\"sameAs\":[\"https:\/\/www.facebook.com\/eumedbridge\/\",\"https:\/\/x.com\/eumedbridge\",\"https:\/\/www.linkedin.com\/company\/eumedbridge\",\"https:\/\/www.youtube.com\/@eumedbridge\",\"https:\/\/www.instagram.com\/eumedbridge\",\"https:\/\/www.flickr.com\/photos\/euneighbours-south\/\"]}]}<\/script>\n<!-- \/ Yoast SEO plugin. -->","yoast_head_json":{"title":"Le commissaire europ\u00e9en \u00e0 l'\u00c9nergie et le ministre alg\u00e9rien de l'\u00c9nergie font le point sur les progr\u00e8s accomplis dans le cadre du partenariat strat\u00e9gique - Voisins de l'UE","robots":{"index":"index","follow":"follow","max-snippet":"max-snippet:-1","max-image-preview":"max-image-preview:large","max-video-preview":"max-video-preview:-1"},"canonical":"https:\/\/www.eumedbridge.eu\/fr\/news\/le-commissaire-europeen-lenergie-et-le-ministre-algerien-de-lenergie-font\/","og_locale":"fr_FR","og_type":"article","og_title":"Le commissaire europ\u00e9en \u00e0 l'\u00c9nergie et le ministre alg\u00e9rien de l'\u00c9nergie font le point sur les progr\u00e8s accomplis dans le cadre du partenariat strat\u00e9gique - Voisins de l'UE","og_description":"Le commissaire europ\u00e9en en charge de l&rsquo;Action pour le climat et l&rsquo;\u00c9nergie, Miguel Arias Ca\u00f1ete, et le ministre alg\u00e9rien de l&rsquo;\u00c9nergie, Noureddine Boutarfa, se sont rencontr\u00e9s hier \u00e0 Bruxelles. Ils ont discut\u00e9 du Partenariat strat\u00e9gique sur l&rsquo;\u00e9nergie\u00a0entre l&rsquo;UE et l&rsquo;Alg\u00e9rie. \u00ab\u00a0Le partenariat strat\u00e9gique \u00e9tabli entre l&rsquo;Union europ\u00e9enne et l&rsquo;Alg\u00e9rie dans le domaine de l&rsquo;\u00e9nergie a [&hellip;]","og_url":"https:\/\/www.eumedbridge.eu\/fr\/news\/le-commissaire-europeen-lenergie-et-le-ministre-algerien-de-lenergie-font\/","og_site_name":"Voisins de l'UE","article_publisher":"https:\/\/www.facebook.com\/eumedbridge\/","article_modified_time":"2022-07-12T08:18:59+00:00","og_image":[{"width":400,"height":266,"url":"https:\/\/www.eumedbridge.eu\/wp-content\/uploads\/2022\/03\/P034219001001-795132.jpg","type":"image\/jpeg"}],"twitter_card":"summary_large_image","twitter_site":"@eumedbridge","twitter_misc":{"Dur\u00e9e de lecture estim\u00e9e":"2 minutes"},"schema":{"@context":"https:\/\/schema.org","@graph":[{"@type":"WebPage","@id":"https:\/\/www.eumedbridge.eu\/fr\/news\/le-commissaire-europeen-lenergie-et-le-ministre-algerien-de-lenergie-font\/","url":"https:\/\/www.eumedbridge.eu\/fr\/news\/le-commissaire-europeen-lenergie-et-le-ministre-algerien-de-lenergie-font\/","name":"Le commissaire europ\u00e9en \u00e0 l'\u00c9nergie et le ministre alg\u00e9rien de l'\u00c9nergie font le point sur les progr\u00e8s accomplis dans le cadre du partenariat strat\u00e9gique - Voisins de l'UE","isPartOf":{"@id":"https:\/\/www.eumedbridge.eu\/#website"},"datePublished":"2017-04-11T21:00:00+00:00","dateModified":"2022-07-12T08:18:59+00:00","breadcrumb":{"@id":"https:\/\/www.eumedbridge.eu\/fr\/news\/le-commissaire-europeen-lenergie-et-le-ministre-algerien-de-lenergie-font\/#breadcrumb"},"inLanguage":"fr-FR","potentialAction":[{"@type":"ReadAction","target":["https:\/\/www.eumedbridge.eu\/fr\/news\/le-commissaire-europeen-lenergie-et-le-ministre-algerien-de-lenergie-font\/"]}]},{"@type":"BreadcrumbList","@id":"https:\/\/www.eumedbridge.eu\/fr\/news\/le-commissaire-europeen-lenergie-et-le-ministre-algerien-de-lenergie-font\/#breadcrumb","itemListElement":[{"@type":"ListItem","position":1,"name":"Home","item":"https:\/\/www.eumedbridge.eu\/fr\/home-page\/"},{"@type":"ListItem","position":2,"name":"Actualit\u00e9s","item":"https:\/\/www.eumedbridge.eu\/fr\/news\/"},{"@type":"ListItem","position":3,"name":"Le commissaire europ\u00e9en \u00e0 l&rsquo;\u00c9nergie et le ministre alg\u00e9rien de l&rsquo;\u00c9nergie font le point sur les progr\u00e8s accomplis dans le cadre du partenariat strat\u00e9gique"}]},{"@type":"WebSite","@id":"https:\/\/www.eumedbridge.eu\/#website","url":"https:\/\/www.eumedbridge.eu\/","name":"EU Medbridge","description":"","publisher":{"@id":"https:\/\/www.eumedbridge.eu\/#organization"},"potentialAction":[{"@type":"SearchAction","target":{"@type":"EntryPoint","urlTemplate":"https:\/\/www.eumedbridge.eu\/?s={search_term_string}"},"query-input":{"@type":"PropertyValueSpecification","valueRequired":true,"valueName":"search_term_string"}}],"inLanguage":"fr-FR"},{"@type":"Organization","@id":"https:\/\/www.eumedbridge.eu\/#organization","name":"EU Medbridge","url":"https:\/\/www.eumedbridge.eu\/","logo":{"@type":"ImageObject","inLanguage":"fr-FR","@id":"https:\/\/www.eumedbridge.eu\/#\/schema\/logo\/image\/","url":"https:\/\/www.eumedbridge.eu\/wp-content\/uploads\/2021\/12\/Logo.png","contentUrl":"https:\/\/www.eumedbridge.eu\/wp-content\/uploads\/2021\/12\/Logo.png","width":325,"height":114,"caption":"EU Medbridge"},"image":{"@id":"https:\/\/www.eumedbridge.eu\/#\/schema\/logo\/image\/"},"sameAs":["https:\/\/www.facebook.com\/eumedbridge\/","https:\/\/x.com\/eumedbridge","https:\/\/www.linkedin.com\/company\/eumedbridge","https:\/\/www.youtube.com\/@eumedbridge","https:\/\/www.instagram.com\/eumedbridge","https:\/\/www.flickr.com\/photos\/euneighbours-south\/"]}]}},"_links":{"self":[{"href":"https:\/\/www.eumedbridge.eu\/fr\/wp-json\/wp\/v2\/news\/163269","targetHints":{"allow":["GET"]}}],"collection":[{"href":"https:\/\/www.eumedbridge.eu\/fr\/wp-json\/wp\/v2\/news"}],"about":[{"href":"https:\/\/www.eumedbridge.eu\/fr\/wp-json\/wp\/v2\/types\/news"}],"wp:attachment":[{"href":"https:\/\/www.eumedbridge.eu\/fr\/wp-json\/wp\/v2\/media?parent=163269"}],"wp:term":[{"taxonomy":"news_category","embeddable":true,"href":"https:\/\/www.eumedbridge.eu\/fr\/wp-json\/wp\/v2\/news_category?post=163269"},{"taxonomy":"country","embeddable":true,"href":"https:\/\/www.eumedbridge.eu\/fr\/wp-json\/wp\/v2\/country?post=163269"},{"taxonomy":"special_action","embeddable":true,"href":"https:\/\/www.eumedbridge.eu\/fr\/wp-json\/wp\/v2\/special_action?post=163269"},{"taxonomy":"custom_tag","embeddable":true,"href":"https:\/\/www.eumedbridge.eu\/fr\/wp-json\/wp\/v2\/custom_tag?post=163269"}],"curies":[{"name":"wp","href":"https:\/\/api.w.org\/{rel}","templated":true}]}}