{"id":163452,"date":"2017-01-18T00:00:00","date_gmt":"2017-01-17T22:00:00","guid":{"rendered":"http:\/\/south.euneighbours.eu\/news\/deuxieme-forum-regional-de-lupm-les-jeunes-au-service-de-la-stabilite-et-du-developpement\/"},"modified":"2022-07-12T11:31:36","modified_gmt":"2022-07-12T08:31:36","slug":"deuxieme-forum-regional-de-lupm-les-jeunes-au-service-de-la-stabilite-et","status":"publish","type":"news","link":"https:\/\/www.eumedbridge.eu\/fr\/news\/deuxieme-forum-regional-de-lupm-les-jeunes-au-service-de-la-stabilite-et\/","title":{"rendered":"Deuxi\u00e8me Forum r\u00e9gional de l\u2019UpM : les jeunes au service de la stabilit\u00e9 et du d\u00e9veloppement"},"content":{"rendered":"<\/p>\n<div style=\"margin-bottom:0cm;margin-bottom:.0001pt;line-height:\nnormal\"><span style=\"Tahoma\",sans-serif;\">Suite \u00e0 la r\u00e9ussite de la premi\u00e8re \u00e9dition, tenue \u00e0 Barcelone le 26\u00a0novembre de l\u2019ann\u00e9e derni\u00e8re, l\u2019Union pour la M\u00e9diterran\u00e9e organise la deuxi\u00e8me \u00e9dition de son\u00a0forum r\u00e9gional sur le th\u00e8me \u00ab\u00a0La M\u00e9diterran\u00e9e en action\u00a0: les jeunes au service de la stabilit\u00e9 et du d\u00e9veloppement\u00a0\u00bb, \u00e0 Barcelone, les 23\u00a0et\u00a024\u00a0janvier\u00a02017.<\/span><\/div>\n<div style=\"margin-bottom:0cm;margin-bottom:.0001pt;line-height:\nnormal\">\u00a0<\/div>\n<div style=\"margin-bottom:0cm;margin-bottom:.0001pt;line-height:\nnormal\"><span style=\"Tahoma\",sans-serif;\">Le deuxi\u00e8me Forum r\u00e9gional de l\u2019UpM, centr\u00e9 sur le potentiel des jeunes en tant que moteur de la stabilit\u00e9 et du d\u00e9veloppement, rassemblera les acteurs cl\u00e9s de la r\u00e9gion pour examiner les activit\u00e9s collectives orient\u00e9es vers l\u2019action et les r\u00e9alisations de l\u2019UpM et discuter des perspectives de renforcement de la coop\u00e9ration, des synergies et des compl\u00e9mentarit\u00e9s entre les principaux acteurs concern\u00e9s, y compris les promoteurs et b\u00e9n\u00e9ficiaires des projets de l\u2019UpM, vers un meilleur avenir pour la r\u00e9gion euro-m\u00e9diterran\u00e9enne.<\/span><\/div>\n<div style=\"margin-bottom:0cm;margin-bottom:.0001pt;line-height:\nnormal\">\u00a0<\/div>\n<div style=\"margin-bottom:0cm;margin-bottom:.0001pt;line-height:\nnormal\"><span style=\"Tahoma\",sans-serif;\">Le Forum sera pr\u00e9sid\u00e9 par la co-pr\u00e9sidence de l\u2019Union pour la M\u00e9diterran\u00e9e, assur\u00e9e par la haute repr\u00e9sentante de l\u2019UE pour les Affaires \u00e9trang\u00e8res Mme\u00a0Federica Mogherini, et le ministre des Affaires \u00e9trang\u00e8res et des Expatri\u00e9s du Royaume hach\u00e9mite de Jordanie, M. Ayman Al Safadi.<\/span><\/div>\n<div style=\"margin-bottom:0cm;margin-bottom:.0001pt;line-height:\nnormal\"><b>\u00a0<\/b><\/div>\n<div style=\"margin-bottom:0cm;margin-bottom:.0001pt;line-height:\nnormal\"><b><span style=\"Tahoma\",sans-serif;\">Pour en savoir plus<\/span><\/b><\/div>\n<div style=\"margin-bottom:0cm;margin-bottom:.0001pt;line-height:\nnormal\">\u00a0<\/div>\n<div style=\"margin-bottom:0cm;margin-bottom:.0001pt;line-height:\nnormal\"><span style=\"Tahoma\",sans-serif;\"><a href=\"http:\/\/ufmsecretariat.org\/fr\/ufmregforum\/\">Communiqu\u00e9 de presse<\/a><\/span><\/div>\n<div style=\"margin-bottom:0cm;margin-bottom:.0001pt;line-height:\nnormal\">\u00a0<\/div>\n<div style=\"margin-bottom:0cm;margin-bottom:.0001pt;line-height:\nnormal\"><span style=\"Tahoma\",sans-serif;\"><a href=\"http:\/\/ufmsecretariat.org\/fr\/domaines-prioritaires\/\">Domaines prioritaires<\/a> de l\u2019UpM<\/span><\/div>\n<div dir=\"RTL\" style=\"margin-bottom:0cm;margin-bottom:.0001pt;\ntext-align:right;line-height:normal;direction:rtl;unicode-bidi:embed\"><b>\u00a0<\/b><\/div>\n","protected":false},"featured_media":0,"parent":0,"template":"","news_category":[],"country":[1946,1947,1950,2124,1949,1951,1953,1952,2029,1955],"special_action":[],"custom_tag":[2312,1970],"class_list":["post-163452","news","type-news","status-publish","hentry","country-algerie","country-egypte","country-israel-fr","country-jordanie","country-liban","country-libye","country-maroc","country-palestine-fr","country-syrie","country-tunisie","custom_tag-developpement-durable","custom_tag-jeunesse"],"acf":[],"yoast_head":"<!-- This site is optimized with the Yoast SEO plugin v26.5 - https:\/\/yoast.com\/wordpress\/plugins\/seo\/ -->\n<title>Deuxi\u00e8me Forum r\u00e9gional de l\u2019UpM : les jeunes au service de la stabilit\u00e9 et du d\u00e9veloppement - Voisins de l&#039;UE<\/title>\n<meta name=\"robots\" content=\"index, follow, max-snippet:-1, max-image-preview:large, max-video-preview:-1\" \/>\n<link rel=\"canonical\" href=\"https:\/\/www.eumedbridge.eu\/fr\/news\/deuxieme-forum-regional-de-lupm-les-jeunes-au-service-de-la-stabilite-et\/\" \/>\n<meta property=\"og:locale\" content=\"fr_FR\" \/>\n<meta property=\"og:type\" content=\"article\" \/>\n<meta property=\"og:title\" content=\"Deuxi\u00e8me Forum r\u00e9gional de l\u2019UpM : les jeunes au service de la stabilit\u00e9 et du d\u00e9veloppement - Voisins de l&#039;UE\" \/>\n<meta property=\"og:description\" content=\"Le deuxi\u00e8me Forum r\u00e9gional de l\u2019UpM, centr\u00e9 sur le potentiel des jeunes en tant que moteur de la stabilit\u00e9 et du d\u00e9veloppement, rassemblera les acteurs cl\u00e9s de la r\u00e9gion pour examiner les activit\u00e9s collectives orient\u00e9es vers l\u2019action et les r\u00e9alisations de l\u2019UpM et discuter des perspectives de renforcement de la coop\u00e9ration, des synergies et des [&hellip;]\" \/>\n<meta property=\"og:url\" content=\"https:\/\/www.eumedbridge.eu\/fr\/news\/deuxieme-forum-regional-de-lupm-les-jeunes-au-service-de-la-stabilite-et\/\" \/>\n<meta property=\"og:site_name\" content=\"Voisins de l&#039;UE\" \/>\n<meta property=\"article:publisher\" content=\"https:\/\/www.facebook.com\/eumedbridge\/\" \/>\n<meta property=\"article:modified_time\" content=\"2022-07-12T08:31:36+00:00\" \/>\n<meta property=\"og:image\" content=\"https:\/\/www.eumedbridge.eu\/wp-content\/uploads\/2022\/03\/UfM.jpg\" \/>\n\t<meta property=\"og:image:width\" content=\"500\" \/>\n\t<meta property=\"og:image:height\" content=\"252\" \/>\n\t<meta property=\"og:image:type\" content=\"image\/jpeg\" \/>\n<meta name=\"twitter:card\" content=\"summary_large_image\" \/>\n<meta name=\"twitter:site\" content=\"@eumedbridge\" \/>\n<meta name=\"twitter:label1\" content=\"Dur\u00e9e de lecture estim\u00e9e\" \/>\n\t<meta name=\"twitter:data1\" content=\"1 minute\" \/>\n<script type=\"application\/ld+json\" class=\"yoast-schema-graph\">{\"@context\":\"https:\/\/schema.org\",\"@graph\":[{\"@type\":\"WebPage\",\"@id\":\"https:\/\/www.eumedbridge.eu\/fr\/news\/deuxieme-forum-regional-de-lupm-les-jeunes-au-service-de-la-stabilite-et\/\",\"url\":\"https:\/\/www.eumedbridge.eu\/fr\/news\/deuxieme-forum-regional-de-lupm-les-jeunes-au-service-de-la-stabilite-et\/\",\"name\":\"Deuxi\u00e8me Forum r\u00e9gional de l\u2019UpM : les jeunes au service de la stabilit\u00e9 et du d\u00e9veloppement - Voisins de l'UE\",\"isPartOf\":{\"@id\":\"https:\/\/www.eumedbridge.eu\/#website\"},\"datePublished\":\"2017-01-17T22:00:00+00:00\",\"dateModified\":\"2022-07-12T08:31:36+00:00\",\"breadcrumb\":{\"@id\":\"https:\/\/www.eumedbridge.eu\/fr\/news\/deuxieme-forum-regional-de-lupm-les-jeunes-au-service-de-la-stabilite-et\/#breadcrumb\"},\"inLanguage\":\"fr-FR\",\"potentialAction\":[{\"@type\":\"ReadAction\",\"target\":[\"https:\/\/www.eumedbridge.eu\/fr\/news\/deuxieme-forum-regional-de-lupm-les-jeunes-au-service-de-la-stabilite-et\/\"]}]},{\"@type\":\"BreadcrumbList\",\"@id\":\"https:\/\/www.eumedbridge.eu\/fr\/news\/deuxieme-forum-regional-de-lupm-les-jeunes-au-service-de-la-stabilite-et\/#breadcrumb\",\"itemListElement\":[{\"@type\":\"ListItem\",\"position\":1,\"name\":\"Home\",\"item\":\"https:\/\/www.eumedbridge.eu\/fr\/home-page\/\"},{\"@type\":\"ListItem\",\"position\":2,\"name\":\"Actualit\u00e9s\",\"item\":\"https:\/\/www.eumedbridge.eu\/fr\/news\/\"},{\"@type\":\"ListItem\",\"position\":3,\"name\":\"Deuxi\u00e8me Forum r\u00e9gional de l\u2019UpM : les jeunes au service de la stabilit\u00e9 et du d\u00e9veloppement\"}]},{\"@type\":\"WebSite\",\"@id\":\"https:\/\/www.eumedbridge.eu\/#website\",\"url\":\"https:\/\/www.eumedbridge.eu\/\",\"name\":\"EU Medbridge\",\"description\":\"\",\"publisher\":{\"@id\":\"https:\/\/www.eumedbridge.eu\/#organization\"},\"potentialAction\":[{\"@type\":\"SearchAction\",\"target\":{\"@type\":\"EntryPoint\",\"urlTemplate\":\"https:\/\/www.eumedbridge.eu\/?s={search_term_string}\"},\"query-input\":{\"@type\":\"PropertyValueSpecification\",\"valueRequired\":true,\"valueName\":\"search_term_string\"}}],\"inLanguage\":\"fr-FR\"},{\"@type\":\"Organization\",\"@id\":\"https:\/\/www.eumedbridge.eu\/#organization\",\"name\":\"EU Medbridge\",\"url\":\"https:\/\/www.eumedbridge.eu\/\",\"logo\":{\"@type\":\"ImageObject\",\"inLanguage\":\"fr-FR\",\"@id\":\"https:\/\/www.eumedbridge.eu\/#\/schema\/logo\/image\/\",\"url\":\"https:\/\/www.eumedbridge.eu\/wp-content\/uploads\/2021\/12\/Logo.png\",\"contentUrl\":\"https:\/\/www.eumedbridge.eu\/wp-content\/uploads\/2021\/12\/Logo.png\",\"width\":325,\"height\":114,\"caption\":\"EU Medbridge\"},\"image\":{\"@id\":\"https:\/\/www.eumedbridge.eu\/#\/schema\/logo\/image\/\"},\"sameAs\":[\"https:\/\/www.facebook.com\/eumedbridge\/\",\"https:\/\/x.com\/eumedbridge\",\"https:\/\/www.linkedin.com\/company\/eumedbridge\",\"https:\/\/www.youtube.com\/@eumedbridge\",\"https:\/\/www.instagram.com\/eumedbridge\",\"https:\/\/www.flickr.com\/photos\/euneighbours-south\/\"]}]}<\/script>\n<!-- \/ Yoast SEO plugin. -->","yoast_head_json":{"title":"Deuxi\u00e8me Forum r\u00e9gional de l\u2019UpM : les jeunes au service de la stabilit\u00e9 et du d\u00e9veloppement - Voisins de l'UE","robots":{"index":"index","follow":"follow","max-snippet":"max-snippet:-1","max-image-preview":"max-image-preview:large","max-video-preview":"max-video-preview:-1"},"canonical":"https:\/\/www.eumedbridge.eu\/fr\/news\/deuxieme-forum-regional-de-lupm-les-jeunes-au-service-de-la-stabilite-et\/","og_locale":"fr_FR","og_type":"article","og_title":"Deuxi\u00e8me Forum r\u00e9gional de l\u2019UpM : les jeunes au service de la stabilit\u00e9 et du d\u00e9veloppement - Voisins de l'UE","og_description":"Le deuxi\u00e8me Forum r\u00e9gional de l\u2019UpM, centr\u00e9 sur le potentiel des jeunes en tant que moteur de la stabilit\u00e9 et du d\u00e9veloppement, rassemblera les acteurs cl\u00e9s de la r\u00e9gion pour examiner les activit\u00e9s collectives orient\u00e9es vers l\u2019action et les r\u00e9alisations de l\u2019UpM et discuter des perspectives de renforcement de la coop\u00e9ration, des synergies et des [&hellip;]","og_url":"https:\/\/www.eumedbridge.eu\/fr\/news\/deuxieme-forum-regional-de-lupm-les-jeunes-au-service-de-la-stabilite-et\/","og_site_name":"Voisins de l'UE","article_publisher":"https:\/\/www.facebook.com\/eumedbridge\/","article_modified_time":"2022-07-12T08:31:36+00:00","og_image":[{"width":500,"height":252,"url":"https:\/\/www.eumedbridge.eu\/wp-content\/uploads\/2022\/03\/UfM.jpg","type":"image\/jpeg"}],"twitter_card":"summary_large_image","twitter_site":"@eumedbridge","twitter_misc":{"Dur\u00e9e de lecture estim\u00e9e":"1 minute"},"schema":{"@context":"https:\/\/schema.org","@graph":[{"@type":"WebPage","@id":"https:\/\/www.eumedbridge.eu\/fr\/news\/deuxieme-forum-regional-de-lupm-les-jeunes-au-service-de-la-stabilite-et\/","url":"https:\/\/www.eumedbridge.eu\/fr\/news\/deuxieme-forum-regional-de-lupm-les-jeunes-au-service-de-la-stabilite-et\/","name":"Deuxi\u00e8me Forum r\u00e9gional de l\u2019UpM : les jeunes au service de la stabilit\u00e9 et du d\u00e9veloppement - Voisins de l'UE","isPartOf":{"@id":"https:\/\/www.eumedbridge.eu\/#website"},"datePublished":"2017-01-17T22:00:00+00:00","dateModified":"2022-07-12T08:31:36+00:00","breadcrumb":{"@id":"https:\/\/www.eumedbridge.eu\/fr\/news\/deuxieme-forum-regional-de-lupm-les-jeunes-au-service-de-la-stabilite-et\/#breadcrumb"},"inLanguage":"fr-FR","potentialAction":[{"@type":"ReadAction","target":["https:\/\/www.eumedbridge.eu\/fr\/news\/deuxieme-forum-regional-de-lupm-les-jeunes-au-service-de-la-stabilite-et\/"]}]},{"@type":"BreadcrumbList","@id":"https:\/\/www.eumedbridge.eu\/fr\/news\/deuxieme-forum-regional-de-lupm-les-jeunes-au-service-de-la-stabilite-et\/#breadcrumb","itemListElement":[{"@type":"ListItem","position":1,"name":"Home","item":"https:\/\/www.eumedbridge.eu\/fr\/home-page\/"},{"@type":"ListItem","position":2,"name":"Actualit\u00e9s","item":"https:\/\/www.eumedbridge.eu\/fr\/news\/"},{"@type":"ListItem","position":3,"name":"Deuxi\u00e8me Forum r\u00e9gional de l\u2019UpM : les jeunes au service de la stabilit\u00e9 et du d\u00e9veloppement"}]},{"@type":"WebSite","@id":"https:\/\/www.eumedbridge.eu\/#website","url":"https:\/\/www.eumedbridge.eu\/","name":"EU Medbridge","description":"","publisher":{"@id":"https:\/\/www.eumedbridge.eu\/#organization"},"potentialAction":[{"@type":"SearchAction","target":{"@type":"EntryPoint","urlTemplate":"https:\/\/www.eumedbridge.eu\/?s={search_term_string}"},"query-input":{"@type":"PropertyValueSpecification","valueRequired":true,"valueName":"search_term_string"}}],"inLanguage":"fr-FR"},{"@type":"Organization","@id":"https:\/\/www.eumedbridge.eu\/#organization","name":"EU Medbridge","url":"https:\/\/www.eumedbridge.eu\/","logo":{"@type":"ImageObject","inLanguage":"fr-FR","@id":"https:\/\/www.eumedbridge.eu\/#\/schema\/logo\/image\/","url":"https:\/\/www.eumedbridge.eu\/wp-content\/uploads\/2021\/12\/Logo.png","contentUrl":"https:\/\/www.eumedbridge.eu\/wp-content\/uploads\/2021\/12\/Logo.png","width":325,"height":114,"caption":"EU Medbridge"},"image":{"@id":"https:\/\/www.eumedbridge.eu\/#\/schema\/logo\/image\/"},"sameAs":["https:\/\/www.facebook.com\/eumedbridge\/","https:\/\/x.com\/eumedbridge","https:\/\/www.linkedin.com\/company\/eumedbridge","https:\/\/www.youtube.com\/@eumedbridge","https:\/\/www.instagram.com\/eumedbridge","https:\/\/www.flickr.com\/photos\/euneighbours-south\/"]}]}},"_links":{"self":[{"href":"https:\/\/www.eumedbridge.eu\/fr\/wp-json\/wp\/v2\/news\/163452","targetHints":{"allow":["GET"]}}],"collection":[{"href":"https:\/\/www.eumedbridge.eu\/fr\/wp-json\/wp\/v2\/news"}],"about":[{"href":"https:\/\/www.eumedbridge.eu\/fr\/wp-json\/wp\/v2\/types\/news"}],"wp:attachment":[{"href":"https:\/\/www.eumedbridge.eu\/fr\/wp-json\/wp\/v2\/media?parent=163452"}],"wp:term":[{"taxonomy":"news_category","embeddable":true,"href":"https:\/\/www.eumedbridge.eu\/fr\/wp-json\/wp\/v2\/news_category?post=163452"},{"taxonomy":"country","embeddable":true,"href":"https:\/\/www.eumedbridge.eu\/fr\/wp-json\/wp\/v2\/country?post=163452"},{"taxonomy":"special_action","embeddable":true,"href":"https:\/\/www.eumedbridge.eu\/fr\/wp-json\/wp\/v2\/special_action?post=163452"},{"taxonomy":"custom_tag","embeddable":true,"href":"https:\/\/www.eumedbridge.eu\/fr\/wp-json\/wp\/v2\/custom_tag?post=163452"}],"curies":[{"name":"wp","href":"https:\/\/api.w.org\/{rel}","templated":true}]}}