{"id":163457,"date":"2017-01-12T00:00:00","date_gmt":"2017-01-11T22:00:00","guid":{"rendered":"http:\/\/south.euneighbours.eu\/news\/egypte-lue-est-preoccupee-par-une-decision-de-justice-contre-des-organisations-de-defense-des-droits-de-lhomme\/"},"modified":"2022-07-12T11:31:47","modified_gmt":"2022-07-12T08:31:47","slug":"egypte-lue-est-preoccupee-par-une-decision-de-justice-contre-des","status":"publish","type":"news","link":"https:\/\/www.eumedbridge.eu\/fr\/news\/egypte-lue-est-preoccupee-par-une-decision-de-justice-contre-des\/","title":{"rendered":"\u00c9gypte : l\u2019UE est pr\u00e9occup\u00e9e par une d\u00e9cision de justice contre des organisations de d\u00e9fense des droits de l\u2019homme"},"content":{"rendered":"<p>\u00a0<span style=\"font-size: 11pt;\">L\u2019UE a fait part de ses pr\u00e9occupations \u00e0 l\u2019\u00e9gard de la d\u00e9cision prise par un tribunal \u00e9gyptien de geler les avoirs de deux organisations \u00e9minentes de d\u00e9fense des droits de l\u2019homme et de leurs directeurs. Cette d\u00e9cision \u00ab\u00a0<\/span><i style=\"font-size: 11pt;\">poursuit une tendance inqui\u00e9tante visant \u00e0 restreindre l\u2019espace dans lequel la soci\u00e9t\u00e9 civile op\u00e8re en \u00c9gypte, comme en t\u00e9moigne la r\u00e9cente multiplication des interdictions de voyager et du gel des avoirs impos\u00e9s \u00e0 d\u2019importants d\u00e9fenseurs des droits de l\u2019homme et organisations<\/i><span style=\"font-size: 11pt;\">\u00a0\u00bb,\u00a0a d\u00e9clar\u00e9 un porte-parole du Service europ\u00e9en pour l\u2019action ext\u00e9rieure dans un communiqu\u00e9 publi\u00e9 aujourd\u2019hui.<\/span><\/p>\n<div style=\"margin:0cm;margin-bottom:.0001pt\">\u00a0<\/div>\n<div style=\"margin: 0cm 0cm 0.0001pt; background-image: initial; background-attachment: initial; background-size: initial; background-origin: initial; background-clip: initial; background-position: initial; background-repeat: initial;\"><span style=\"font-size:11.0pt;Tahoma\",sans-serif\">L\u2019UE r\u00e9affirme l\u2019importance du r\u00f4le des d\u00e9fenseurs des droits de l\u2019homme et de la soci\u00e9t\u00e9 civile dans le d\u00e9veloppement d\u00e9mocratique et \u00e9conomique ainsi que dans la consolidation de la stabilit\u00e9 politique.<\/span><\/div>\n<div style=\"margin: 0cm 0cm 0.0001pt; background-image: initial; background-attachment: initial; background-size: initial; background-origin: initial; background-clip: initial; background-position: initial; background-repeat: initial;\">\u00a0<\/div>\n<div style=\"margin: 0cm 0cm 0.0001pt; background-image: initial; background-attachment: initial; background-size: initial; background-origin: initial; background-clip: initial; background-position: initial; background-repeat: initial;\"><span style=\"font-size:11.0pt;Tahoma\",sans-serif\">\u00ab\u00a0<i>\u00c0 cet \u00e9gard, il est essentiel que les d\u00e9fenseurs des droits de l\u2019homme et la soci\u00e9t\u00e9 civile soient libres d\u2019op\u00e9rer dans un environnement favorable et que toutes les garanties \u00e9nonc\u00e9es dans la Constitution \u00e9gyptienne concernant la libert\u00e9 d\u2019expression et d\u2019association soient pleinement appliqu\u00e9es et respect\u00e9es<\/i>\u00a0\u00bb, a conclu le communiqu\u00e9.<\/span><\/div>\n<div style=\"margin: 0cm 0cm 0.0001pt; background-image: initial; background-attachment: initial; background-size: initial; background-origin: initial; background-clip: initial; background-position: initial; background-repeat: initial;\">\u00a0<\/div>\n<div style=\"margin-bottom: 0.0001pt;\"><b>Pour en savoir plus<\/b><\/div>\n<div style=\"margin-bottom: 0.0001pt;\"><b>\u00a0<\/b><\/div>\n<div style=\"margin-bottom: 0.0001pt;\"><a href=\"https:\/\/eeas.europa.eu\/headquarters\/headquarters-homepage\/18495\/decision-egyptian-court-freeze-assets-two-prominent-human-rights-organizations-and-their_en\">Communiqu\u00e9 de presse<\/a><\/div>\n<div style=\"margin-bottom: 0.0001pt;\">\u00a0<\/div>\n<div style=\"margin-bottom: 0.0001pt;\">EU Neighbourhood Info Centre \u2013\u00a0<a href=\"http:\/\/www.enpi-info.eu\/countrymed.php?country=2&#038;lang_id=469\"><span style=\"color:#AD966A\">Egypte<\/span><\/a><\/div>\n<div style=\"margin-bottom: 0.0001pt;\">\u00a0<\/div>\n<div style=\"margin-bottom: 0.0001pt;\">D\u00e9l\u00e9gation de l\u2019UE en Egypte &#8211;\u00a0<a href=\"http:\/\/eeas.europa.eu\/delegations\/egypt\/index_en.htm\">site internet<\/a>\u00a0et\u00a0<u><span style=\"Tahoma\",sans-serif;Times New Roman\";color:#AD966A;\"><a href=\"https:\/\/www.facebook.com\/EuDelegationEgypt?fref=ts\">page Facebook<\/a><\/span><\/u><\/div>\n","protected":false},"featured_media":0,"parent":0,"template":"","news_category":[],"country":[1947],"special_action":[],"custom_tag":[2313,2821],"class_list":["post-163457","news","type-news","status-publish","hentry","country-egypte","custom_tag-droit-de-lhomme","custom_tag-migration-fr"],"acf":[],"yoast_head":"<!-- This site is optimized with the Yoast SEO plugin v26.5 - https:\/\/yoast.com\/wordpress\/plugins\/seo\/ -->\n<title>\u00c9gypte : l\u2019UE est pr\u00e9occup\u00e9e par une d\u00e9cision de justice contre des organisations de d\u00e9fense des droits de l\u2019homme - Voisins de l&#039;UE<\/title>\n<meta name=\"robots\" content=\"index, follow, max-snippet:-1, max-image-preview:large, max-video-preview:-1\" \/>\n<link rel=\"canonical\" href=\"https:\/\/www.eumedbridge.eu\/fr\/news\/egypte-lue-est-preoccupee-par-une-decision-de-justice-contre-des\/\" \/>\n<meta property=\"og:locale\" content=\"fr_FR\" \/>\n<meta property=\"og:type\" content=\"article\" \/>\n<meta property=\"og:title\" content=\"\u00c9gypte : l\u2019UE est pr\u00e9occup\u00e9e par une d\u00e9cision de justice contre des organisations de d\u00e9fense des droits de l\u2019homme - Voisins de l&#039;UE\" \/>\n<meta property=\"og:description\" content=\"\u00a0L\u2019UE a fait part de ses pr\u00e9occupations \u00e0 l\u2019\u00e9gard de la d\u00e9cision prise par un tribunal \u00e9gyptien de geler les avoirs de deux organisations \u00e9minentes de d\u00e9fense des droits de l\u2019homme et de leurs directeurs. Cette d\u00e9cision \u00ab\u00a0poursuit une tendance inqui\u00e9tante visant \u00e0 restreindre l\u2019espace dans lequel la soci\u00e9t\u00e9 civile op\u00e8re en \u00c9gypte, comme en [&hellip;]\" \/>\n<meta property=\"og:url\" content=\"https:\/\/www.eumedbridge.eu\/fr\/news\/egypte-lue-est-preoccupee-par-une-decision-de-justice-contre-des\/\" \/>\n<meta property=\"og:site_name\" content=\"Voisins de l&#039;UE\" \/>\n<meta property=\"article:publisher\" content=\"https:\/\/www.facebook.com\/eumedbridge\/\" \/>\n<meta property=\"article:modified_time\" content=\"2022-07-12T08:31:47+00:00\" \/>\n<meta property=\"og:image\" content=\"https:\/\/www.eumedbridge.eu\/wp-content\/uploads\/2022\/03\/eu-egypte.jpg\" \/>\n\t<meta property=\"og:image:width\" content=\"500\" \/>\n\t<meta property=\"og:image:height\" content=\"375\" \/>\n\t<meta property=\"og:image:type\" content=\"image\/jpeg\" \/>\n<meta name=\"twitter:card\" content=\"summary_large_image\" \/>\n<meta name=\"twitter:site\" content=\"@eumedbridge\" \/>\n<meta name=\"twitter:label1\" content=\"Dur\u00e9e de lecture estim\u00e9e\" \/>\n\t<meta name=\"twitter:data1\" content=\"1 minute\" \/>\n<script type=\"application\/ld+json\" class=\"yoast-schema-graph\">{\"@context\":\"https:\/\/schema.org\",\"@graph\":[{\"@type\":\"WebPage\",\"@id\":\"https:\/\/www.eumedbridge.eu\/fr\/news\/egypte-lue-est-preoccupee-par-une-decision-de-justice-contre-des\/\",\"url\":\"https:\/\/www.eumedbridge.eu\/fr\/news\/egypte-lue-est-preoccupee-par-une-decision-de-justice-contre-des\/\",\"name\":\"\u00c9gypte : l\u2019UE est pr\u00e9occup\u00e9e par une d\u00e9cision de justice contre des organisations de d\u00e9fense des droits de l\u2019homme - Voisins de l'UE\",\"isPartOf\":{\"@id\":\"https:\/\/www.eumedbridge.eu\/#website\"},\"datePublished\":\"2017-01-11T22:00:00+00:00\",\"dateModified\":\"2022-07-12T08:31:47+00:00\",\"breadcrumb\":{\"@id\":\"https:\/\/www.eumedbridge.eu\/fr\/news\/egypte-lue-est-preoccupee-par-une-decision-de-justice-contre-des\/#breadcrumb\"},\"inLanguage\":\"fr-FR\",\"potentialAction\":[{\"@type\":\"ReadAction\",\"target\":[\"https:\/\/www.eumedbridge.eu\/fr\/news\/egypte-lue-est-preoccupee-par-une-decision-de-justice-contre-des\/\"]}]},{\"@type\":\"BreadcrumbList\",\"@id\":\"https:\/\/www.eumedbridge.eu\/fr\/news\/egypte-lue-est-preoccupee-par-une-decision-de-justice-contre-des\/#breadcrumb\",\"itemListElement\":[{\"@type\":\"ListItem\",\"position\":1,\"name\":\"Home\",\"item\":\"https:\/\/www.eumedbridge.eu\/fr\/home-page\/\"},{\"@type\":\"ListItem\",\"position\":2,\"name\":\"Actualit\u00e9s\",\"item\":\"https:\/\/www.eumedbridge.eu\/fr\/news\/\"},{\"@type\":\"ListItem\",\"position\":3,\"name\":\"\u00c9gypte : l\u2019UE est pr\u00e9occup\u00e9e par une d\u00e9cision de justice contre des organisations de d\u00e9fense des droits de l\u2019homme\"}]},{\"@type\":\"WebSite\",\"@id\":\"https:\/\/www.eumedbridge.eu\/#website\",\"url\":\"https:\/\/www.eumedbridge.eu\/\",\"name\":\"EU Medbridge\",\"description\":\"\",\"publisher\":{\"@id\":\"https:\/\/www.eumedbridge.eu\/#organization\"},\"potentialAction\":[{\"@type\":\"SearchAction\",\"target\":{\"@type\":\"EntryPoint\",\"urlTemplate\":\"https:\/\/www.eumedbridge.eu\/?s={search_term_string}\"},\"query-input\":{\"@type\":\"PropertyValueSpecification\",\"valueRequired\":true,\"valueName\":\"search_term_string\"}}],\"inLanguage\":\"fr-FR\"},{\"@type\":\"Organization\",\"@id\":\"https:\/\/www.eumedbridge.eu\/#organization\",\"name\":\"EU Medbridge\",\"url\":\"https:\/\/www.eumedbridge.eu\/\",\"logo\":{\"@type\":\"ImageObject\",\"inLanguage\":\"fr-FR\",\"@id\":\"https:\/\/www.eumedbridge.eu\/#\/schema\/logo\/image\/\",\"url\":\"https:\/\/www.eumedbridge.eu\/wp-content\/uploads\/2021\/12\/Logo.png\",\"contentUrl\":\"https:\/\/www.eumedbridge.eu\/wp-content\/uploads\/2021\/12\/Logo.png\",\"width\":325,\"height\":114,\"caption\":\"EU Medbridge\"},\"image\":{\"@id\":\"https:\/\/www.eumedbridge.eu\/#\/schema\/logo\/image\/\"},\"sameAs\":[\"https:\/\/www.facebook.com\/eumedbridge\/\",\"https:\/\/x.com\/eumedbridge\",\"https:\/\/www.linkedin.com\/company\/eumedbridge\",\"https:\/\/www.youtube.com\/@eumedbridge\",\"https:\/\/www.instagram.com\/eumedbridge\",\"https:\/\/www.flickr.com\/photos\/euneighbours-south\/\"]}]}<\/script>\n<!-- \/ Yoast SEO plugin. -->","yoast_head_json":{"title":"\u00c9gypte : l\u2019UE est pr\u00e9occup\u00e9e par une d\u00e9cision de justice contre des organisations de d\u00e9fense des droits de l\u2019homme - Voisins de l'UE","robots":{"index":"index","follow":"follow","max-snippet":"max-snippet:-1","max-image-preview":"max-image-preview:large","max-video-preview":"max-video-preview:-1"},"canonical":"https:\/\/www.eumedbridge.eu\/fr\/news\/egypte-lue-est-preoccupee-par-une-decision-de-justice-contre-des\/","og_locale":"fr_FR","og_type":"article","og_title":"\u00c9gypte : l\u2019UE est pr\u00e9occup\u00e9e par une d\u00e9cision de justice contre des organisations de d\u00e9fense des droits de l\u2019homme - Voisins de l'UE","og_description":"\u00a0L\u2019UE a fait part de ses pr\u00e9occupations \u00e0 l\u2019\u00e9gard de la d\u00e9cision prise par un tribunal \u00e9gyptien de geler les avoirs de deux organisations \u00e9minentes de d\u00e9fense des droits de l\u2019homme et de leurs directeurs. Cette d\u00e9cision \u00ab\u00a0poursuit une tendance inqui\u00e9tante visant \u00e0 restreindre l\u2019espace dans lequel la soci\u00e9t\u00e9 civile op\u00e8re en \u00c9gypte, comme en [&hellip;]","og_url":"https:\/\/www.eumedbridge.eu\/fr\/news\/egypte-lue-est-preoccupee-par-une-decision-de-justice-contre-des\/","og_site_name":"Voisins de l'UE","article_publisher":"https:\/\/www.facebook.com\/eumedbridge\/","article_modified_time":"2022-07-12T08:31:47+00:00","og_image":[{"width":500,"height":375,"url":"https:\/\/www.eumedbridge.eu\/wp-content\/uploads\/2022\/03\/eu-egypte.jpg","type":"image\/jpeg"}],"twitter_card":"summary_large_image","twitter_site":"@eumedbridge","twitter_misc":{"Dur\u00e9e de lecture estim\u00e9e":"1 minute"},"schema":{"@context":"https:\/\/schema.org","@graph":[{"@type":"WebPage","@id":"https:\/\/www.eumedbridge.eu\/fr\/news\/egypte-lue-est-preoccupee-par-une-decision-de-justice-contre-des\/","url":"https:\/\/www.eumedbridge.eu\/fr\/news\/egypte-lue-est-preoccupee-par-une-decision-de-justice-contre-des\/","name":"\u00c9gypte : l\u2019UE est pr\u00e9occup\u00e9e par une d\u00e9cision de justice contre des organisations de d\u00e9fense des droits de l\u2019homme - Voisins de l'UE","isPartOf":{"@id":"https:\/\/www.eumedbridge.eu\/#website"},"datePublished":"2017-01-11T22:00:00+00:00","dateModified":"2022-07-12T08:31:47+00:00","breadcrumb":{"@id":"https:\/\/www.eumedbridge.eu\/fr\/news\/egypte-lue-est-preoccupee-par-une-decision-de-justice-contre-des\/#breadcrumb"},"inLanguage":"fr-FR","potentialAction":[{"@type":"ReadAction","target":["https:\/\/www.eumedbridge.eu\/fr\/news\/egypte-lue-est-preoccupee-par-une-decision-de-justice-contre-des\/"]}]},{"@type":"BreadcrumbList","@id":"https:\/\/www.eumedbridge.eu\/fr\/news\/egypte-lue-est-preoccupee-par-une-decision-de-justice-contre-des\/#breadcrumb","itemListElement":[{"@type":"ListItem","position":1,"name":"Home","item":"https:\/\/www.eumedbridge.eu\/fr\/home-page\/"},{"@type":"ListItem","position":2,"name":"Actualit\u00e9s","item":"https:\/\/www.eumedbridge.eu\/fr\/news\/"},{"@type":"ListItem","position":3,"name":"\u00c9gypte : l\u2019UE est pr\u00e9occup\u00e9e par une d\u00e9cision de justice contre des organisations de d\u00e9fense des droits de l\u2019homme"}]},{"@type":"WebSite","@id":"https:\/\/www.eumedbridge.eu\/#website","url":"https:\/\/www.eumedbridge.eu\/","name":"EU Medbridge","description":"","publisher":{"@id":"https:\/\/www.eumedbridge.eu\/#organization"},"potentialAction":[{"@type":"SearchAction","target":{"@type":"EntryPoint","urlTemplate":"https:\/\/www.eumedbridge.eu\/?s={search_term_string}"},"query-input":{"@type":"PropertyValueSpecification","valueRequired":true,"valueName":"search_term_string"}}],"inLanguage":"fr-FR"},{"@type":"Organization","@id":"https:\/\/www.eumedbridge.eu\/#organization","name":"EU Medbridge","url":"https:\/\/www.eumedbridge.eu\/","logo":{"@type":"ImageObject","inLanguage":"fr-FR","@id":"https:\/\/www.eumedbridge.eu\/#\/schema\/logo\/image\/","url":"https:\/\/www.eumedbridge.eu\/wp-content\/uploads\/2021\/12\/Logo.png","contentUrl":"https:\/\/www.eumedbridge.eu\/wp-content\/uploads\/2021\/12\/Logo.png","width":325,"height":114,"caption":"EU Medbridge"},"image":{"@id":"https:\/\/www.eumedbridge.eu\/#\/schema\/logo\/image\/"},"sameAs":["https:\/\/www.facebook.com\/eumedbridge\/","https:\/\/x.com\/eumedbridge","https:\/\/www.linkedin.com\/company\/eumedbridge","https:\/\/www.youtube.com\/@eumedbridge","https:\/\/www.instagram.com\/eumedbridge","https:\/\/www.flickr.com\/photos\/euneighbours-south\/"]}]}},"_links":{"self":[{"href":"https:\/\/www.eumedbridge.eu\/fr\/wp-json\/wp\/v2\/news\/163457","targetHints":{"allow":["GET"]}}],"collection":[{"href":"https:\/\/www.eumedbridge.eu\/fr\/wp-json\/wp\/v2\/news"}],"about":[{"href":"https:\/\/www.eumedbridge.eu\/fr\/wp-json\/wp\/v2\/types\/news"}],"wp:attachment":[{"href":"https:\/\/www.eumedbridge.eu\/fr\/wp-json\/wp\/v2\/media?parent=163457"}],"wp:term":[{"taxonomy":"news_category","embeddable":true,"href":"https:\/\/www.eumedbridge.eu\/fr\/wp-json\/wp\/v2\/news_category?post=163457"},{"taxonomy":"country","embeddable":true,"href":"https:\/\/www.eumedbridge.eu\/fr\/wp-json\/wp\/v2\/country?post=163457"},{"taxonomy":"special_action","embeddable":true,"href":"https:\/\/www.eumedbridge.eu\/fr\/wp-json\/wp\/v2\/special_action?post=163457"},{"taxonomy":"custom_tag","embeddable":true,"href":"https:\/\/www.eumedbridge.eu\/fr\/wp-json\/wp\/v2\/custom_tag?post=163457"}],"curies":[{"name":"wp","href":"https:\/\/api.w.org\/{rel}","templated":true}]}}