{"id":163605,"date":"2016-10-26T00:00:00","date_gmt":"2016-10-25T21:00:00","guid":{"rendered":"http:\/\/south.euneighbours.eu\/news\/coup-denvoi-du-business-forum-pour-la-region-euro-mediterraneenne-la-semaine-prochaine-a-marseille\/"},"modified":"2022-07-08T16:28:37","modified_gmt":"2022-07-08T13:28:37","slug":"coup-denvoi-du-business-forum-pour-la-region-euro-mediterraneenne-la","status":"publish","type":"news","link":"https:\/\/www.eumedbridge.eu\/fr\/news\/coup-denvoi-du-business-forum-pour-la-region-euro-mediterraneenne-la\/","title":{"rendered":"Coup d\u2019envoi du Business Forum pour la r\u00e9gion euro-m\u00e9diterran\u00e9enne la semaine prochaine \u00e0 Marseille"},"content":{"rendered":"<\/p>\n<div style=\"margin-bottom:0cm;margin-bottom:.0001pt;line-height:\nnormal\"><span style=\"Tahoma\",sans-serif;\">Des chefs d&rsquo;entreprises, multinationales, investisseurs, repr\u00e9sentants des \u00e9cosyst\u00e8mes innovants de la r\u00e9gion euro-m\u00e9diterran\u00e9enne se r\u00e9uniront \u00e0 l&rsquo;occasion de l&rsquo;EMEA Business Forum organis\u00e9 les 2 et 3 Novembre \u00e0 Marseille par ANIMA Investment Network \u00e0 l&rsquo;occasion de son 10\u00e8me anniversaire, avec le soutien du projet europ\u00e9en EUROMED Invest. <\/span><\/div>\n<div style=\"margin-bottom:0cm;margin-bottom:.0001pt;line-height:\nnormal\">\u00a0<\/div>\n<div style=\"margin-bottom:0cm;margin-bottom:.0001pt;line-height:\nnormal\"><span style=\"Tahoma\",sans-serif;\">L&rsquo;ANIMA EMEA Business Forum\u00a0propose deux journ\u00e9es d\u00e9di\u00e9es \u00e0 la r\u00e9flexion strat\u00e9gique, au business et \u00e0 la construction d&rsquo;une coop\u00e9ration durable :\u00a05 conf\u00e9rences pl\u00e9ni\u00e8res,\u00a03 focus \u00ab\u00a0exp\u00e9riences inspirantes\u00a0\u00bb, un atelier \u00ab Analyses et exp\u00e9riences : employabilit\u00e9 et perspectives pour les jeunes \u00bb en partenariat avec le projet Sahwa, des\u00a0visites des technoparcs\u00a0de la m\u00e9tropole d&rsquo;Aix-Marseille-Provence pour les entreprises, un\u00a0EUROMED Invest\u00a0Business Village\u00a0avec des Help desk pays (C\u00f4te d&rsquo;Ivoire, Egypte, France, Liban, Maroc, Tunisie), des\u00a0ateliers \u00ab\u00a0opportunit\u00e9s business et partenariats pour les entreprises du num\u00e9rique\u00a0\u00bb, ainsi qu&rsquo;un espace d\u00e9di\u00e9 auxrencontres d&rsquo;affaires.\u00a0<\/span><\/div>\n<div style=\"margin-bottom:0cm;margin-bottom:.0001pt;line-height:\nnormal\">\u00a0<\/div>\n<div style=\"margin-bottom:0cm;margin-bottom:.0001pt;line-height:\nnormal\"><span style=\"Tahoma\",sans-serif;\">De plus, \u00e0 l&rsquo;occasion de cet anniversaire,\u00a0ANIMA d\u00e9voilera son bilan des dix ans d&rsquo;investissements \u00e9trangers en M\u00e9diterran\u00e9e bas\u00e9 sur les donn\u00e9es de\u00a0l&rsquo;<\/span><span style=\"Tahoma\",sans-serif\"><a href=\"http:\/\/r20.rs6.net\/tn.jsp?f=0019dfWV5qXulRimin2c1Y13DCYSd9onA_R1VWjm5QKX0bft-PoDfnxUkebHrrVzFK43io4mgf93cF2z17j5ux_FksV8ohf07oboJKLmctO6i9qwhVS2hyWEAUYMBLsiVMEnJaHiok3ATnmR5TYczB1oKeWcxT49A0uXxyVUGmf__QTQJazEHyzlaG-EFlw5vC4fkTlSlUZEtkLbyRgLoLQg1Q37R3e9BjB0T6S-mrMn5M=&#038;c=&#038;ch=\" target=\"_blank\" rel=\"noopener\">Observatoire ANIMA-MIPO des Investissements et de Partenariats en M\u00e9diterran\u00e9e<\/a><\/span><span style=\"Tahoma\",sans-serif;\">.\u00a0<\/span><\/div>\n<div style=\"margin-bottom:0cm;margin-bottom:.0001pt;line-height:\nnormal\">\u00a0<\/div>\n<div style=\"margin-bottom:0cm;margin-bottom:.0001pt;line-height:\nnormal\"><span style=\"Tahoma\",sans-serif;\">En plus d&rsquo;une s\u00e9rie de conf\u00e9rences, le forum proposera un riche programme de r\u00e9seautage et d&rsquo;information \u00e0 destination des entreprises qui souhaitent \u00e9voluer dans cette r\u00e9gion.<\/span><\/div>\n<div style=\"margin-bottom:0cm;margin-bottom:.0001pt;line-height:\nnormal\">\u00a0<\/div>\n<div style=\"margin-bottom:0cm;margin-bottom:.0001pt;line-height:\nnormal\"><span style=\"Tahoma\",sans-serif;\">L\u2019objectif du projet\u00a0<b>EUROMED Invest\u00a0<\/b>est de stimuler les affaires et l&rsquo;investissement priv\u00e9 dans la r\u00e9gion euro-m\u00e9diterran\u00e9enne et de contribuer \u00e0 un d\u00e9veloppement \u00e9conomique inclusif. Les activit\u00e9s du projet visent \u00e0 habiliter les r\u00e9seaux d&rsquo;affaires et d&rsquo;investissement euro-m\u00e9diterran\u00e9ens \u00e0 mettre en \u0153uvre des strat\u00e9gies cibl\u00e9es en faveur du d\u00e9veloppement des PME dans des secteurs sp\u00e9cifiques\u00a0: l&rsquo;agro-alimentaire, l&rsquo;eau et les \u00e9nergies alternatives, le tourisme, les transports et la logistique, les industries culturelles et cr\u00e9atives.\u00a0(<\/span><span style=\"Tahoma\",sans-serif\"><a href=\"http:\/\/www.enpi-info.eu\/\">EU Neighbourhood Info<\/a><\/span><span style=\"Tahoma\",sans-serif;\">)<\/span><\/div>\n<div style=\"margin-bottom:0cm;margin-bottom:.0001pt;line-height:\nnormal\">\u00a0<\/div>\n<div style=\"margin-bottom:0cm;margin-bottom:.0001pt;line-height:\nnormal\"><b><span style=\"Tahoma\",sans-serif;\">Pour en savoir plus<\/span><\/b><\/div>\n<div style=\"margin-bottom:0cm;margin-bottom:.0001pt;line-height:\nnormal\">\u00a0<\/div>\n<div style=\"margin-bottom:0cm;margin-bottom:.0001pt;line-height:\nnormal\"><span style=\"Tahoma\",sans-serif;\"><a href=\"http:\/\/campaign.r20.constantcontact.com\/render?m=1102441261779&#038;ca=7c0dbf14-be36-4d49-a1ea-6fc000ba39eb\">Communiqu\u00e9 de presse<\/a><\/span><\/div>\n<div style=\"margin-bottom:0cm;margin-bottom:.0001pt;line-height:\nnormal\">\u00a0<\/div>\n<div style=\"margin-bottom:0cm;margin-bottom:.0001pt;line-height:\nnormal\"><span style=\"Tahoma\",sans-serif\"><a href=\"http:\/\/www.animaweb.org\/fr\/ANIMA-10-ans\">Site web<\/a><\/span><span style=\"Tahoma\",sans-serif;\"> du Forum<\/span><\/div>\n<div style=\"margin-bottom:0cm;margin-bottom:.0001pt;line-height:\nnormal\">\u00a0<\/div>\n<div style=\"margin-bottom:0cm;margin-bottom:.0001pt;line-height:\nnormal\"><span style=\"Tahoma\",sans-serif;\"><a href=\"http:\/\/www.animaweb.org\/fr\/programme-anima-10-ans\">Programme<\/a> du Forum<\/span><\/div>\n<div style=\"margin-bottom:0cm;margin-bottom:.0001pt;line-height:\nnormal\">\u00a0<\/div>\n<div style=\"margin-bottom:0cm;margin-bottom:.0001pt;line-height:\nnormal\"><span style=\"Tahoma\",sans-serif\">EUROMED Invest\u00a0:\u00a0<a href=\"http:\/\/www.euromedinvest.eu\/fr\">site internet<\/a>,\u00a0<a href=\"https:\/\/www.facebook.com\/pages\/EUROMED-Invest\/587169868059330?fref=ts\">facebook<\/a>\u00a0et\u00a0<a href=\"https:\/\/twitter.com\/search?q=Euromed%20Invest&#038;src=typd\">twitter<\/a><\/span><\/div>\n<div style=\"margin-bottom:0cm;margin-bottom:.0001pt;line-height:\nnormal\">\u00a0<\/div>\n<div style=\"margin-bottom:0cm;margin-bottom:.0001pt;line-height:\nnormal\"><span style=\"Tahoma\",sans-serif\">EUROMED Invest\u00a0:\u00a0<a href=\"http:\/\/www.enpi-info.eu\/mainmed.php?id=613&#038;id_type=10&#038;lang_id=469\">fiche et actualit\u00e9s<\/a><\/span><\/div>\n<div dir=\"RTL\" style=\"margin-bottom:0cm;margin-bottom:.0001pt;\ntext-align:right;line-height:normal;direction:rtl;unicode-bidi:embed\">\u00a0<\/div>\n","protected":false},"featured_media":0,"parent":0,"template":"","news_category":[],"country":[],"special_action":[],"custom_tag":[2312],"class_list":["post-163605","news","type-news","status-publish","hentry","custom_tag-developpement-durable"],"acf":[],"yoast_head":"<!-- This site is optimized with the Yoast SEO plugin v26.5 - https:\/\/yoast.com\/wordpress\/plugins\/seo\/ -->\n<title>Coup d\u2019envoi du Business Forum pour la r\u00e9gion euro-m\u00e9diterran\u00e9enne la semaine prochaine \u00e0 Marseille - Voisins de l&#039;UE<\/title>\n<meta name=\"robots\" content=\"index, follow, max-snippet:-1, max-image-preview:large, max-video-preview:-1\" \/>\n<link rel=\"canonical\" href=\"https:\/\/www.eumedbridge.eu\/fr\/news\/coup-denvoi-du-business-forum-pour-la-region-euro-mediterraneenne-la\/\" \/>\n<meta property=\"og:locale\" content=\"fr_FR\" \/>\n<meta property=\"og:type\" content=\"article\" \/>\n<meta property=\"og:title\" content=\"Coup d\u2019envoi du Business Forum pour la r\u00e9gion euro-m\u00e9diterran\u00e9enne la semaine prochaine \u00e0 Marseille - Voisins de l&#039;UE\" \/>\n<meta property=\"og:description\" content=\"L&rsquo;ANIMA EMEA Business Forum\u00a0propose deux journ\u00e9es d\u00e9di\u00e9es \u00e0 la r\u00e9flexion strat\u00e9gique, au business et \u00e0 la construction d&rsquo;une coop\u00e9ration durable :\u00a05 conf\u00e9rences pl\u00e9ni\u00e8res,\u00a03 focus \u00ab\u00a0exp\u00e9riences inspirantes\u00a0\u00bb, un atelier \u00ab Analyses et exp\u00e9riences : employabilit\u00e9 et perspectives pour les jeunes \u00bb en partenariat avec le projet Sahwa, des\u00a0visites des technoparcs\u00a0de la m\u00e9tropole d&rsquo;Aix-Marseille-Provence pour les entreprises, [&hellip;]\" \/>\n<meta property=\"og:url\" content=\"https:\/\/www.eumedbridge.eu\/fr\/news\/coup-denvoi-du-business-forum-pour-la-region-euro-mediterraneenne-la\/\" \/>\n<meta property=\"og:site_name\" content=\"Voisins de l&#039;UE\" \/>\n<meta property=\"article:publisher\" content=\"https:\/\/www.facebook.com\/eumedbridge\/\" \/>\n<meta property=\"article:modified_time\" content=\"2022-07-08T13:28:37+00:00\" \/>\n<meta property=\"og:image\" content=\"https:\/\/www.eumedbridge.eu\/wp-content\/uploads\/2022\/03\/Logo_EMEA_Forum.jpg\" \/>\n\t<meta property=\"og:image:width\" content=\"500\" \/>\n\t<meta property=\"og:image:height\" content=\"321\" \/>\n\t<meta property=\"og:image:type\" content=\"image\/jpeg\" \/>\n<meta name=\"twitter:card\" content=\"summary_large_image\" \/>\n<meta name=\"twitter:site\" content=\"@eumedbridge\" \/>\n<meta name=\"twitter:label1\" content=\"Dur\u00e9e de lecture estim\u00e9e\" \/>\n\t<meta name=\"twitter:data1\" content=\"1 minute\" \/>\n<script type=\"application\/ld+json\" class=\"yoast-schema-graph\">{\"@context\":\"https:\/\/schema.org\",\"@graph\":[{\"@type\":\"WebPage\",\"@id\":\"https:\/\/www.eumedbridge.eu\/fr\/news\/coup-denvoi-du-business-forum-pour-la-region-euro-mediterraneenne-la\/\",\"url\":\"https:\/\/www.eumedbridge.eu\/fr\/news\/coup-denvoi-du-business-forum-pour-la-region-euro-mediterraneenne-la\/\",\"name\":\"Coup d\u2019envoi du Business Forum pour la r\u00e9gion euro-m\u00e9diterran\u00e9enne la semaine prochaine \u00e0 Marseille - Voisins de l'UE\",\"isPartOf\":{\"@id\":\"https:\/\/www.eumedbridge.eu\/#website\"},\"datePublished\":\"2016-10-25T21:00:00+00:00\",\"dateModified\":\"2022-07-08T13:28:37+00:00\",\"breadcrumb\":{\"@id\":\"https:\/\/www.eumedbridge.eu\/fr\/news\/coup-denvoi-du-business-forum-pour-la-region-euro-mediterraneenne-la\/#breadcrumb\"},\"inLanguage\":\"fr-FR\",\"potentialAction\":[{\"@type\":\"ReadAction\",\"target\":[\"https:\/\/www.eumedbridge.eu\/fr\/news\/coup-denvoi-du-business-forum-pour-la-region-euro-mediterraneenne-la\/\"]}]},{\"@type\":\"BreadcrumbList\",\"@id\":\"https:\/\/www.eumedbridge.eu\/fr\/news\/coup-denvoi-du-business-forum-pour-la-region-euro-mediterraneenne-la\/#breadcrumb\",\"itemListElement\":[{\"@type\":\"ListItem\",\"position\":1,\"name\":\"Home\",\"item\":\"https:\/\/www.eumedbridge.eu\/fr\/home-page\/\"},{\"@type\":\"ListItem\",\"position\":2,\"name\":\"Actualit\u00e9s\",\"item\":\"https:\/\/www.eumedbridge.eu\/fr\/news\/\"},{\"@type\":\"ListItem\",\"position\":3,\"name\":\"Coup d\u2019envoi du Business Forum pour la r\u00e9gion euro-m\u00e9diterran\u00e9enne la semaine prochaine \u00e0 Marseille\"}]},{\"@type\":\"WebSite\",\"@id\":\"https:\/\/www.eumedbridge.eu\/#website\",\"url\":\"https:\/\/www.eumedbridge.eu\/\",\"name\":\"EU Medbridge\",\"description\":\"\",\"publisher\":{\"@id\":\"https:\/\/www.eumedbridge.eu\/#organization\"},\"potentialAction\":[{\"@type\":\"SearchAction\",\"target\":{\"@type\":\"EntryPoint\",\"urlTemplate\":\"https:\/\/www.eumedbridge.eu\/?s={search_term_string}\"},\"query-input\":{\"@type\":\"PropertyValueSpecification\",\"valueRequired\":true,\"valueName\":\"search_term_string\"}}],\"inLanguage\":\"fr-FR\"},{\"@type\":\"Organization\",\"@id\":\"https:\/\/www.eumedbridge.eu\/#organization\",\"name\":\"EU Medbridge\",\"url\":\"https:\/\/www.eumedbridge.eu\/\",\"logo\":{\"@type\":\"ImageObject\",\"inLanguage\":\"fr-FR\",\"@id\":\"https:\/\/www.eumedbridge.eu\/#\/schema\/logo\/image\/\",\"url\":\"https:\/\/www.eumedbridge.eu\/wp-content\/uploads\/2021\/12\/Logo.png\",\"contentUrl\":\"https:\/\/www.eumedbridge.eu\/wp-content\/uploads\/2021\/12\/Logo.png\",\"width\":325,\"height\":114,\"caption\":\"EU Medbridge\"},\"image\":{\"@id\":\"https:\/\/www.eumedbridge.eu\/#\/schema\/logo\/image\/\"},\"sameAs\":[\"https:\/\/www.facebook.com\/eumedbridge\/\",\"https:\/\/x.com\/eumedbridge\",\"https:\/\/www.linkedin.com\/company\/eumedbridge\",\"https:\/\/www.youtube.com\/@eumedbridge\",\"https:\/\/www.instagram.com\/eumedbridge\",\"https:\/\/www.flickr.com\/photos\/euneighbours-south\/\"]}]}<\/script>\n<!-- \/ Yoast SEO plugin. -->","yoast_head_json":{"title":"Coup d\u2019envoi du Business Forum pour la r\u00e9gion euro-m\u00e9diterran\u00e9enne la semaine prochaine \u00e0 Marseille - Voisins de l'UE","robots":{"index":"index","follow":"follow","max-snippet":"max-snippet:-1","max-image-preview":"max-image-preview:large","max-video-preview":"max-video-preview:-1"},"canonical":"https:\/\/www.eumedbridge.eu\/fr\/news\/coup-denvoi-du-business-forum-pour-la-region-euro-mediterraneenne-la\/","og_locale":"fr_FR","og_type":"article","og_title":"Coup d\u2019envoi du Business Forum pour la r\u00e9gion euro-m\u00e9diterran\u00e9enne la semaine prochaine \u00e0 Marseille - Voisins de l'UE","og_description":"L&rsquo;ANIMA EMEA Business Forum\u00a0propose deux journ\u00e9es d\u00e9di\u00e9es \u00e0 la r\u00e9flexion strat\u00e9gique, au business et \u00e0 la construction d&rsquo;une coop\u00e9ration durable :\u00a05 conf\u00e9rences pl\u00e9ni\u00e8res,\u00a03 focus \u00ab\u00a0exp\u00e9riences inspirantes\u00a0\u00bb, un atelier \u00ab Analyses et exp\u00e9riences : employabilit\u00e9 et perspectives pour les jeunes \u00bb en partenariat avec le projet Sahwa, des\u00a0visites des technoparcs\u00a0de la m\u00e9tropole d&rsquo;Aix-Marseille-Provence pour les entreprises, [&hellip;]","og_url":"https:\/\/www.eumedbridge.eu\/fr\/news\/coup-denvoi-du-business-forum-pour-la-region-euro-mediterraneenne-la\/","og_site_name":"Voisins de l'UE","article_publisher":"https:\/\/www.facebook.com\/eumedbridge\/","article_modified_time":"2022-07-08T13:28:37+00:00","og_image":[{"width":500,"height":321,"url":"https:\/\/www.eumedbridge.eu\/wp-content\/uploads\/2022\/03\/Logo_EMEA_Forum.jpg","type":"image\/jpeg"}],"twitter_card":"summary_large_image","twitter_site":"@eumedbridge","twitter_misc":{"Dur\u00e9e de lecture estim\u00e9e":"1 minute"},"schema":{"@context":"https:\/\/schema.org","@graph":[{"@type":"WebPage","@id":"https:\/\/www.eumedbridge.eu\/fr\/news\/coup-denvoi-du-business-forum-pour-la-region-euro-mediterraneenne-la\/","url":"https:\/\/www.eumedbridge.eu\/fr\/news\/coup-denvoi-du-business-forum-pour-la-region-euro-mediterraneenne-la\/","name":"Coup d\u2019envoi du Business Forum pour la r\u00e9gion euro-m\u00e9diterran\u00e9enne la semaine prochaine \u00e0 Marseille - Voisins de l'UE","isPartOf":{"@id":"https:\/\/www.eumedbridge.eu\/#website"},"datePublished":"2016-10-25T21:00:00+00:00","dateModified":"2022-07-08T13:28:37+00:00","breadcrumb":{"@id":"https:\/\/www.eumedbridge.eu\/fr\/news\/coup-denvoi-du-business-forum-pour-la-region-euro-mediterraneenne-la\/#breadcrumb"},"inLanguage":"fr-FR","potentialAction":[{"@type":"ReadAction","target":["https:\/\/www.eumedbridge.eu\/fr\/news\/coup-denvoi-du-business-forum-pour-la-region-euro-mediterraneenne-la\/"]}]},{"@type":"BreadcrumbList","@id":"https:\/\/www.eumedbridge.eu\/fr\/news\/coup-denvoi-du-business-forum-pour-la-region-euro-mediterraneenne-la\/#breadcrumb","itemListElement":[{"@type":"ListItem","position":1,"name":"Home","item":"https:\/\/www.eumedbridge.eu\/fr\/home-page\/"},{"@type":"ListItem","position":2,"name":"Actualit\u00e9s","item":"https:\/\/www.eumedbridge.eu\/fr\/news\/"},{"@type":"ListItem","position":3,"name":"Coup d\u2019envoi du Business Forum pour la r\u00e9gion euro-m\u00e9diterran\u00e9enne la semaine prochaine \u00e0 Marseille"}]},{"@type":"WebSite","@id":"https:\/\/www.eumedbridge.eu\/#website","url":"https:\/\/www.eumedbridge.eu\/","name":"EU Medbridge","description":"","publisher":{"@id":"https:\/\/www.eumedbridge.eu\/#organization"},"potentialAction":[{"@type":"SearchAction","target":{"@type":"EntryPoint","urlTemplate":"https:\/\/www.eumedbridge.eu\/?s={search_term_string}"},"query-input":{"@type":"PropertyValueSpecification","valueRequired":true,"valueName":"search_term_string"}}],"inLanguage":"fr-FR"},{"@type":"Organization","@id":"https:\/\/www.eumedbridge.eu\/#organization","name":"EU Medbridge","url":"https:\/\/www.eumedbridge.eu\/","logo":{"@type":"ImageObject","inLanguage":"fr-FR","@id":"https:\/\/www.eumedbridge.eu\/#\/schema\/logo\/image\/","url":"https:\/\/www.eumedbridge.eu\/wp-content\/uploads\/2021\/12\/Logo.png","contentUrl":"https:\/\/www.eumedbridge.eu\/wp-content\/uploads\/2021\/12\/Logo.png","width":325,"height":114,"caption":"EU Medbridge"},"image":{"@id":"https:\/\/www.eumedbridge.eu\/#\/schema\/logo\/image\/"},"sameAs":["https:\/\/www.facebook.com\/eumedbridge\/","https:\/\/x.com\/eumedbridge","https:\/\/www.linkedin.com\/company\/eumedbridge","https:\/\/www.youtube.com\/@eumedbridge","https:\/\/www.instagram.com\/eumedbridge","https:\/\/www.flickr.com\/photos\/euneighbours-south\/"]}]}},"_links":{"self":[{"href":"https:\/\/www.eumedbridge.eu\/fr\/wp-json\/wp\/v2\/news\/163605","targetHints":{"allow":["GET"]}}],"collection":[{"href":"https:\/\/www.eumedbridge.eu\/fr\/wp-json\/wp\/v2\/news"}],"about":[{"href":"https:\/\/www.eumedbridge.eu\/fr\/wp-json\/wp\/v2\/types\/news"}],"wp:attachment":[{"href":"https:\/\/www.eumedbridge.eu\/fr\/wp-json\/wp\/v2\/media?parent=163605"}],"wp:term":[{"taxonomy":"news_category","embeddable":true,"href":"https:\/\/www.eumedbridge.eu\/fr\/wp-json\/wp\/v2\/news_category?post=163605"},{"taxonomy":"country","embeddable":true,"href":"https:\/\/www.eumedbridge.eu\/fr\/wp-json\/wp\/v2\/country?post=163605"},{"taxonomy":"special_action","embeddable":true,"href":"https:\/\/www.eumedbridge.eu\/fr\/wp-json\/wp\/v2\/special_action?post=163605"},{"taxonomy":"custom_tag","embeddable":true,"href":"https:\/\/www.eumedbridge.eu\/fr\/wp-json\/wp\/v2\/custom_tag?post=163605"}],"curies":[{"name":"wp","href":"https:\/\/api.w.org\/{rel}","templated":true}]}}