{"id":163606,"date":"2016-10-24T00:00:00","date_gmt":"2016-10-23T21:00:00","guid":{"rendered":"http:\/\/south.euneighbours.eu\/news\/le-3e-forum-euro-mediterraneen-sur-le-dialogue-interculturel-aidera-les-jeunes-a-devenir-les-moteurs-du-changement\/"},"modified":"2022-07-08T16:28:39","modified_gmt":"2022-07-08T13:28:39","slug":"le-3e-forum-euro-mediterraneen-sur-le-dialogue-interculturel-aidera-les","status":"publish","type":"news","link":"https:\/\/www.eumedbridge.eu\/fr\/news\/le-3e-forum-euro-mediterraneen-sur-le-dialogue-interculturel-aidera-les\/","title":{"rendered":"Le 3e Forum euro-m\u00e9diterran\u00e9en sur le dialogue interculturel aidera les jeunes \u00e0 devenir les moteurs du changement"},"content":{"rendered":"<\/p>\n<div style=\"margin-bottom:0cm;margin-bottom:.0001pt;line-height:\nnormal\"><span style=\"Tahoma\",sans-serif;\">La 3<sup>e<\/sup>\u00a0\u00e9dition du Forum euro-m\u00e9diterran\u00e9en sur le dialogue interculturel organis\u00e9 par la Fondation Anna Lindh se d\u00e9roule \u00e0 La Valette, \u00e0 Malte, du 23 au 25\u00a0octobre.\u00a0Avec les organisations de la soci\u00e9t\u00e9 civile de pr\u00e8s de 50\u00a0pays aux c\u00f4t\u00e9s de grandes organisations internationales, le Forum repr\u00e9sente \u2013 avec ses 800 participants \u2013 le plus grand rassemblement d\u2019acteurs travaillant sur le dialogue interculturel. L\u2019UE, l\u2019un des principaux donateurs de la Fondation, a pour but de relever les d\u00e9fis sans pr\u00e9c\u00e9dent dans la r\u00e9gion m\u00e9diterran\u00e9enne, en particulier ceux qui touchent la jeunesse \u2013 le ch\u00f4mage, la radicalisation, la migration \u2013 en favorisant le dialogue entre les jeunes g\u00e9n\u00e9rations et en am\u00e9liorant les relations interculturelles.<\/span><\/div>\n<div style=\"margin-bottom:0cm;margin-bottom:.0001pt;line-height:\nnormal\">\u00a0<\/div>\n<div style=\"margin-bottom:0cm;margin-bottom:.0001pt;line-height:\nnormal\"><span style=\"Tahoma\",sans-serif;\">Cet objectif est conforme \u00e0 l\u2019engagement de l\u2019UE en faveur de la promotion de relations culturelles internationales et de la diplomatie culturelle, tel que confirm\u00e9 par la strat\u00e9gie europ\u00e9enne en mati\u00e8re de relations culturelles internationales lanc\u00e9e en juin. Soutenir la Fondation Anna Lindh et son r\u00e9seau est l\u2019une des actions pr\u00e9vues par la strat\u00e9gie afin de promouvoir la culture et le dialogue interculturel en faveur de relations pacifiques entre les communaut\u00e9s.<\/span><\/div>\n<div style=\"margin-bottom:0cm;margin-bottom:.0001pt;line-height:\nnormal\">\u00a0<\/div>\n<div style=\"margin-bottom:0cm;margin-bottom:.0001pt;line-height:\nnormal\"><span style=\"Tahoma\",sans-serif;\">Le Forum de Malte discutera du th\u00e8me \u00ab\u00a0Au-del\u00e0 du discours extr\u00e9miste\u00a0: les jeunes en premi\u00e8re ligne\u00a0\u00bb (<i>Moving beyond the Extremist Narrative: Youth on the Frontline<\/i>) et accueillera \u00e9galement le lancement de l\u2019initiative \u00ab\u00a0Young Mediterranean Voices\u00a0\u00bb (Les jeunes voix de la M\u00e9diterran\u00e9e) financ\u00e9e par l\u2019UE, apr\u00e8s le succ\u00e8s de son pr\u00e9d\u00e9cesseur \u00ab\u00a0Young Arab Voices\u00a0\u00bb (Les jeunes voix arabes).<\/span><\/div>\n<div style=\"margin-bottom:0cm;margin-bottom:.0001pt;line-height:\nnormal\">\u00a0<\/div>\n<div style=\"margin-bottom:0cm;margin-bottom:.0001pt;line-height:\nnormal\"><span style=\"Tahoma\",sans-serif;\">Dans la perspective de l\u2019\u00e9v\u00e9nement, la Haute repr\u00e9sentante\/Vice-pr\u00e9sidente Federica\u00a0Mogherini a d\u00e9clar\u00e9\u00a0: <i>\u00ab\u00a0Nous avons la responsabilit\u00e9 de cr\u00e9er de nouvelles voies pour permettre aux jeunes de notre r\u00e9gion d\u2019\u00eatre les moteurs du changement. Et nous devons commencer aujourd\u2019hui, pas demain. Telle \u00e9tait l\u2019id\u00e9e originale derri\u00e8re le programme Young Arab Voices, lanc\u00e9 par la Fondation Anna Lindh il y a cinq ans. Aujourd\u2019hui, nous savons que nos jeunes en Europe partagent un grand nombre des m\u00eames passions, peurs et aspirations que leurs pairs arabes. Nous faisons les m\u00eames r\u00eaves.\u00a0Pour moi, la transition de \u00a0\u00bb\u00a0Young Arab Voices\u00a0\u201c \u00e0 \u00a0\u00bb\u00a0Young Mediterranean Voices\u00a0\u201c est donc naturelle.\u00a0\u00bb<\/i><\/span><\/div>\n<div style=\"margin-bottom:0cm;margin-bottom:.0001pt;line-height:\nnormal\">\u00a0<\/div>\n<div style=\"margin-bottom:0cm;margin-bottom:.0001pt;line-height:\nnormal\"><span style=\"Tahoma\",sans-serif;\">La culture, ajoute-t-elle <i>\u00ab\u00a0est un outil puissant pour jeter des ponts entre les personnes, notamment les jeunes, et renforcer la compr\u00e9hension mutuelle\u00a0\u00bb<\/i>.<\/span><\/div>\n<div style=\"margin-bottom:0cm;margin-bottom:.0001pt;line-height:\nnormal\">\u00a0<\/div>\n<div style=\"margin-bottom:0cm;margin-bottom:.0001pt;line-height:\nnormal\"><span style=\"Tahoma\",sans-serif;\">Le Forum tombe \u00e0 la veille de la pr\u00e9sidence maltaise du Conseil europ\u00e9en qui d\u00e9butera en janvier\u00a02017. L\u2019un des principaux objectifs de la r\u00e9union est d\u2019\u00e9laborer des recommandations politiques pour la coop\u00e9ration r\u00e9gionale et d\u2019apporter des contributions pour la pr\u00e9sidence maltaise. La r\u00e9gion du voisinage m\u00e9ridional et les jeunes constituent les priorit\u00e9s de l\u2019agenda politique de l\u2019UE, comme confirm\u00e9 dans la strat\u00e9gie globale de l\u2019UE pour la politique \u00e9trang\u00e8re et de s\u00e9curit\u00e9 r\u00e9cemment lanc\u00e9e.<\/span><\/div>\n<div style=\"margin-bottom:0cm;margin-bottom:.0001pt;line-height:\nnormal\">\u00a0<\/div>\n<div style=\"margin-bottom:0cm;margin-bottom:.0001pt;line-height:\nnormal\"><span style=\"Tahoma\",sans-serif;\">La\u00a0<b>Fondation Anna Lindh pour le dialogue interculturel<\/b>\u00a0favorise la connaissance, le respect mutuel et le dialogue interculturel entre les populations de la r\u00e9gion euro-m\u00e9diterran\u00e9enne, au travers d&rsquo;un r\u00e9seau de plus de 3.000 organisations de la soci\u00e9t\u00e9 civile dans 43 pays. Son budget est co-financ\u00e9 par l&rsquo;UE (10 millions d\u2019euros) et les \u00c9tats membres de l&rsquo;UE (6 millions d\u2019euros) (<\/span><a href=\"http:\/\/www.enpi-info.eu\/indexmed.php?lang_id=469\"><span style=\"Tahoma\",sans-serif;\">EU Neighbourhood Info<\/span><\/a><span style=\"Tahoma\",sans-serif;\">)<\/span><\/div>\n<div style=\"margin-bottom:0cm;margin-bottom:.0001pt;line-height:\nnormal\">\u00a0<\/div>\n<div style=\"margin-bottom:0cm;margin-bottom:.0001pt;line-height:\nnormal\"><b><span style=\"Tahoma\",sans-serif;\">Pour en savoir plus<\/span><\/b><\/div>\n<div style=\"margin-bottom:0cm;margin-bottom:.0001pt;line-height:\nnormal\">\u00a0<\/div>\n<div style=\"margin-bottom:0cm;margin-bottom:.0001pt;line-height:\nnormal\"><a href=\"http:\/\/eeas.europa.eu\/headquarters\/headquarters-homepage\/12772\/3rd-euro-mediterranean-forum-on-inter-cultural-dialogue-to-help-young-people-be-drivers-for-change--mogherini_en\"><span style=\"Tahoma\",sans-serif;\">Communiqu\u00e9 de presse<\/span><\/a><\/div>\n<div style=\"margin-bottom:0cm;margin-bottom:.0001pt;line-height:\nnormal\">\u00a0<\/div>\n<div style=\"margin-bottom:0cm;margin-bottom:.0001pt;line-height:\nnormal\"><span style=\"Tahoma\",sans-serif;\">MED Forum \u2013\u00a0<\/span><a href=\"http:\/\/www.annalindhfoundation.org\/forum2016\"><span style=\"Tahoma\",sans-serif;\">page internet<\/span><\/a><\/div>\n<div style=\"margin-bottom:0cm;margin-bottom:.0001pt;line-height:\nnormal\">\u00a0<\/div>\n<div style=\"margin-bottom:0cm;margin-bottom:.0001pt;line-height:\nnormal\"><span style=\"Tahoma\",sans-serif;\">MED Forum &#8211;\u00a0<\/span><a href=\"http:\/\/www.annalindhfoundation.org\/forum2016\/programme\"><span style=\"Tahoma\",sans-serif;\">programme<\/span><\/a><\/div>\n<div style=\"margin-bottom:0cm;margin-bottom:.0001pt;line-height:\nnormal\">\u00a0<\/div>\n<div style=\"margin-bottom:0cm;margin-bottom:.0001pt;line-height:\nnormal\"><span style=\"Tahoma\",sans-serif\"><a href=\"http:\/\/europa.eu\/rapid\/press-release_IP-16-2074_fr.htm#True\">Une nouvelle strat\u00e9gie pour placer la culture au c\u0153ur des relations internationales de l\u2019UE<\/a><\/span><\/div>\n<div style=\"margin-bottom:0cm;margin-bottom:.0001pt;line-height:\nnormal\">\u00a0<\/div>\n<div style=\"margin-bottom:0cm;margin-bottom:.0001pt;line-height:\nnormal\"><span style=\"Tahoma\",sans-serif;\">Fondation Anna Lindh \u2013\u00a0<\/span><a href=\"http:\/\/www.enpi-info.eu\/mainmed.php?id=387&#038;id_type=10\"><span style=\"Tahoma\",sans-serif;\">fiche et actualit\u00e9s<\/span><\/a><\/div>\n<div style=\"margin-bottom:0cm;margin-bottom:.0001pt;line-height:\nnormal\">\u00a0<\/div>\n<div style=\"margin-bottom:0cm;margin-bottom:.0001pt;line-height:\nnormal\"><span style=\"Tahoma\",sans-serif;\">Fondation Anna Lindh \u2013\u00a0<\/span><a href=\"http:\/\/www.annalindhfoundation.org\/fr\"><span style=\"Tahoma\",sans-serif;\">site internet<\/span><\/a><\/div>\n<div style=\"margin-bottom:0cm;margin-bottom:.0001pt;line-height:\nnormal\">\u00a0<\/div>\n<div style=\"margin-bottom:0cm;margin-bottom:.0001pt;line-height:\nnormal\"><span style=\"Tahoma\",sans-serif\">Fondation Anna Lindh sur \u00a0<\/span><a href=\"https:\/\/twitter.com\/AnnaLindh\"><span style=\"Tahoma\",sans-serif\">Twitter<\/span><\/a><span style=\"Tahoma\",sans-serif\">,\u00a0<\/span><a href=\"https:\/\/www.facebook.com\/annalindhfoundation?fref=ts\"><span style=\"Tahoma\",sans-serif\">Facebook<\/span><\/a><span style=\"Tahoma\",sans-serif\">,\u00a0<\/span><a href=\"http:\/\/www.youtube.com\/user\/dialoguenight\"><span style=\"Tahoma\",sans-serif\">YouTube<\/span><\/a><span style=\"Tahoma\",sans-serif\">\u00a0,<\/span><a href=\"http:\/\/www.flickr.com\/photos\/annalindh\"><span style=\"Tahoma\",sans-serif\">Flickr\u00a0<\/span><\/a><\/div>\n<div style=\"margin-bottom:0cm;margin-bottom:.0001pt;line-height:\nnormal\">\u00a0<\/div>\n<div style=\"margin-bottom:0cm;margin-bottom:.0001pt;line-height:\nnormal\"><a href=\"http:\/\/www.enpi-info.eu\/join.php\"><span style=\"Tahoma\",sans-serif;\">Pour recevoir nos actualit\u00e9s<\/span><\/a><\/div>\n","protected":false},"featured_media":0,"parent":0,"template":"","news_category":[],"country":[],"special_action":[],"custom_tag":[1874,2312,1970,1897,1870],"class_list":["post-163606","news","type-news","status-publish","hentry","custom_tag-culture-fr","custom_tag-developpement-durable","custom_tag-jeunesse","custom_tag-medias","custom_tag-societe-civile"],"acf":[],"yoast_head":"<!-- This site is optimized with the Yoast SEO plugin v26.5 - https:\/\/yoast.com\/wordpress\/plugins\/seo\/ -->\n<title>Le 3e Forum euro-m\u00e9diterran\u00e9en sur le dialogue interculturel aidera les jeunes \u00e0 devenir les moteurs du changement - Voisins de l&#039;UE<\/title>\n<meta name=\"robots\" content=\"index, follow, max-snippet:-1, max-image-preview:large, max-video-preview:-1\" \/>\n<link rel=\"canonical\" href=\"https:\/\/www.eumedbridge.eu\/fr\/news\/le-3e-forum-euro-mediterraneen-sur-le-dialogue-interculturel-aidera-les\/\" \/>\n<meta property=\"og:locale\" content=\"fr_FR\" \/>\n<meta property=\"og:type\" content=\"article\" \/>\n<meta property=\"og:title\" content=\"Le 3e Forum euro-m\u00e9diterran\u00e9en sur le dialogue interculturel aidera les jeunes \u00e0 devenir les moteurs du changement - Voisins de l&#039;UE\" \/>\n<meta property=\"og:description\" content=\"Cet objectif est conforme \u00e0 l\u2019engagement de l\u2019UE en faveur de la promotion de relations culturelles internationales et de la diplomatie culturelle, tel que confirm\u00e9 par la strat\u00e9gie europ\u00e9enne en mati\u00e8re de relations culturelles internationales lanc\u00e9e en juin. Soutenir la Fondation Anna Lindh et son r\u00e9seau est l\u2019une des actions pr\u00e9vues par la strat\u00e9gie afin [&hellip;]\" \/>\n<meta property=\"og:url\" content=\"https:\/\/www.eumedbridge.eu\/fr\/news\/le-3e-forum-euro-mediterraneen-sur-le-dialogue-interculturel-aidera-les\/\" \/>\n<meta property=\"og:site_name\" content=\"Voisins de l&#039;UE\" \/>\n<meta property=\"article:publisher\" content=\"https:\/\/www.facebook.com\/eumedbridge\/\" \/>\n<meta property=\"article:modified_time\" content=\"2022-07-08T13:28:39+00:00\" \/>\n<meta property=\"og:image\" content=\"https:\/\/www.eumedbridge.eu\/wp-content\/uploads\/2022\/03\/ALFForum.jpg\" \/>\n\t<meta property=\"og:image:width\" content=\"500\" \/>\n\t<meta property=\"og:image:height\" content=\"333\" \/>\n\t<meta property=\"og:image:type\" content=\"image\/jpeg\" \/>\n<meta name=\"twitter:card\" content=\"summary_large_image\" \/>\n<meta name=\"twitter:site\" content=\"@eumedbridge\" \/>\n<meta name=\"twitter:label1\" content=\"Dur\u00e9e de lecture estim\u00e9e\" \/>\n\t<meta name=\"twitter:data1\" content=\"2 minutes\" \/>\n<script type=\"application\/ld+json\" class=\"yoast-schema-graph\">{\"@context\":\"https:\/\/schema.org\",\"@graph\":[{\"@type\":\"WebPage\",\"@id\":\"https:\/\/www.eumedbridge.eu\/fr\/news\/le-3e-forum-euro-mediterraneen-sur-le-dialogue-interculturel-aidera-les\/\",\"url\":\"https:\/\/www.eumedbridge.eu\/fr\/news\/le-3e-forum-euro-mediterraneen-sur-le-dialogue-interculturel-aidera-les\/\",\"name\":\"Le 3e Forum euro-m\u00e9diterran\u00e9en sur le dialogue interculturel aidera les jeunes \u00e0 devenir les moteurs du changement - Voisins de l'UE\",\"isPartOf\":{\"@id\":\"https:\/\/www.eumedbridge.eu\/#website\"},\"datePublished\":\"2016-10-23T21:00:00+00:00\",\"dateModified\":\"2022-07-08T13:28:39+00:00\",\"breadcrumb\":{\"@id\":\"https:\/\/www.eumedbridge.eu\/fr\/news\/le-3e-forum-euro-mediterraneen-sur-le-dialogue-interculturel-aidera-les\/#breadcrumb\"},\"inLanguage\":\"fr-FR\",\"potentialAction\":[{\"@type\":\"ReadAction\",\"target\":[\"https:\/\/www.eumedbridge.eu\/fr\/news\/le-3e-forum-euro-mediterraneen-sur-le-dialogue-interculturel-aidera-les\/\"]}]},{\"@type\":\"BreadcrumbList\",\"@id\":\"https:\/\/www.eumedbridge.eu\/fr\/news\/le-3e-forum-euro-mediterraneen-sur-le-dialogue-interculturel-aidera-les\/#breadcrumb\",\"itemListElement\":[{\"@type\":\"ListItem\",\"position\":1,\"name\":\"Home\",\"item\":\"https:\/\/www.eumedbridge.eu\/fr\/home-page\/\"},{\"@type\":\"ListItem\",\"position\":2,\"name\":\"Actualit\u00e9s\",\"item\":\"https:\/\/www.eumedbridge.eu\/fr\/news\/\"},{\"@type\":\"ListItem\",\"position\":3,\"name\":\"Le 3e Forum euro-m\u00e9diterran\u00e9en sur le dialogue interculturel aidera les jeunes \u00e0 devenir les moteurs du changement\"}]},{\"@type\":\"WebSite\",\"@id\":\"https:\/\/www.eumedbridge.eu\/#website\",\"url\":\"https:\/\/www.eumedbridge.eu\/\",\"name\":\"EU Medbridge\",\"description\":\"\",\"publisher\":{\"@id\":\"https:\/\/www.eumedbridge.eu\/#organization\"},\"potentialAction\":[{\"@type\":\"SearchAction\",\"target\":{\"@type\":\"EntryPoint\",\"urlTemplate\":\"https:\/\/www.eumedbridge.eu\/?s={search_term_string}\"},\"query-input\":{\"@type\":\"PropertyValueSpecification\",\"valueRequired\":true,\"valueName\":\"search_term_string\"}}],\"inLanguage\":\"fr-FR\"},{\"@type\":\"Organization\",\"@id\":\"https:\/\/www.eumedbridge.eu\/#organization\",\"name\":\"EU Medbridge\",\"url\":\"https:\/\/www.eumedbridge.eu\/\",\"logo\":{\"@type\":\"ImageObject\",\"inLanguage\":\"fr-FR\",\"@id\":\"https:\/\/www.eumedbridge.eu\/#\/schema\/logo\/image\/\",\"url\":\"https:\/\/www.eumedbridge.eu\/wp-content\/uploads\/2021\/12\/Logo.png\",\"contentUrl\":\"https:\/\/www.eumedbridge.eu\/wp-content\/uploads\/2021\/12\/Logo.png\",\"width\":325,\"height\":114,\"caption\":\"EU Medbridge\"},\"image\":{\"@id\":\"https:\/\/www.eumedbridge.eu\/#\/schema\/logo\/image\/\"},\"sameAs\":[\"https:\/\/www.facebook.com\/eumedbridge\/\",\"https:\/\/x.com\/eumedbridge\",\"https:\/\/www.linkedin.com\/company\/eumedbridge\",\"https:\/\/www.youtube.com\/@eumedbridge\",\"https:\/\/www.instagram.com\/eumedbridge\",\"https:\/\/www.flickr.com\/photos\/euneighbours-south\/\"]}]}<\/script>\n<!-- \/ Yoast SEO plugin. -->","yoast_head_json":{"title":"Le 3e Forum euro-m\u00e9diterran\u00e9en sur le dialogue interculturel aidera les jeunes \u00e0 devenir les moteurs du changement - Voisins de l'UE","robots":{"index":"index","follow":"follow","max-snippet":"max-snippet:-1","max-image-preview":"max-image-preview:large","max-video-preview":"max-video-preview:-1"},"canonical":"https:\/\/www.eumedbridge.eu\/fr\/news\/le-3e-forum-euro-mediterraneen-sur-le-dialogue-interculturel-aidera-les\/","og_locale":"fr_FR","og_type":"article","og_title":"Le 3e Forum euro-m\u00e9diterran\u00e9en sur le dialogue interculturel aidera les jeunes \u00e0 devenir les moteurs du changement - Voisins de l'UE","og_description":"Cet objectif est conforme \u00e0 l\u2019engagement de l\u2019UE en faveur de la promotion de relations culturelles internationales et de la diplomatie culturelle, tel que confirm\u00e9 par la strat\u00e9gie europ\u00e9enne en mati\u00e8re de relations culturelles internationales lanc\u00e9e en juin. Soutenir la Fondation Anna Lindh et son r\u00e9seau est l\u2019une des actions pr\u00e9vues par la strat\u00e9gie afin [&hellip;]","og_url":"https:\/\/www.eumedbridge.eu\/fr\/news\/le-3e-forum-euro-mediterraneen-sur-le-dialogue-interculturel-aidera-les\/","og_site_name":"Voisins de l'UE","article_publisher":"https:\/\/www.facebook.com\/eumedbridge\/","article_modified_time":"2022-07-08T13:28:39+00:00","og_image":[{"width":500,"height":333,"url":"https:\/\/www.eumedbridge.eu\/wp-content\/uploads\/2022\/03\/ALFForum.jpg","type":"image\/jpeg"}],"twitter_card":"summary_large_image","twitter_site":"@eumedbridge","twitter_misc":{"Dur\u00e9e de lecture estim\u00e9e":"2 minutes"},"schema":{"@context":"https:\/\/schema.org","@graph":[{"@type":"WebPage","@id":"https:\/\/www.eumedbridge.eu\/fr\/news\/le-3e-forum-euro-mediterraneen-sur-le-dialogue-interculturel-aidera-les\/","url":"https:\/\/www.eumedbridge.eu\/fr\/news\/le-3e-forum-euro-mediterraneen-sur-le-dialogue-interculturel-aidera-les\/","name":"Le 3e Forum euro-m\u00e9diterran\u00e9en sur le dialogue interculturel aidera les jeunes \u00e0 devenir les moteurs du changement - Voisins de l'UE","isPartOf":{"@id":"https:\/\/www.eumedbridge.eu\/#website"},"datePublished":"2016-10-23T21:00:00+00:00","dateModified":"2022-07-08T13:28:39+00:00","breadcrumb":{"@id":"https:\/\/www.eumedbridge.eu\/fr\/news\/le-3e-forum-euro-mediterraneen-sur-le-dialogue-interculturel-aidera-les\/#breadcrumb"},"inLanguage":"fr-FR","potentialAction":[{"@type":"ReadAction","target":["https:\/\/www.eumedbridge.eu\/fr\/news\/le-3e-forum-euro-mediterraneen-sur-le-dialogue-interculturel-aidera-les\/"]}]},{"@type":"BreadcrumbList","@id":"https:\/\/www.eumedbridge.eu\/fr\/news\/le-3e-forum-euro-mediterraneen-sur-le-dialogue-interculturel-aidera-les\/#breadcrumb","itemListElement":[{"@type":"ListItem","position":1,"name":"Home","item":"https:\/\/www.eumedbridge.eu\/fr\/home-page\/"},{"@type":"ListItem","position":2,"name":"Actualit\u00e9s","item":"https:\/\/www.eumedbridge.eu\/fr\/news\/"},{"@type":"ListItem","position":3,"name":"Le 3e Forum euro-m\u00e9diterran\u00e9en sur le dialogue interculturel aidera les jeunes \u00e0 devenir les moteurs du changement"}]},{"@type":"WebSite","@id":"https:\/\/www.eumedbridge.eu\/#website","url":"https:\/\/www.eumedbridge.eu\/","name":"EU Medbridge","description":"","publisher":{"@id":"https:\/\/www.eumedbridge.eu\/#organization"},"potentialAction":[{"@type":"SearchAction","target":{"@type":"EntryPoint","urlTemplate":"https:\/\/www.eumedbridge.eu\/?s={search_term_string}"},"query-input":{"@type":"PropertyValueSpecification","valueRequired":true,"valueName":"search_term_string"}}],"inLanguage":"fr-FR"},{"@type":"Organization","@id":"https:\/\/www.eumedbridge.eu\/#organization","name":"EU Medbridge","url":"https:\/\/www.eumedbridge.eu\/","logo":{"@type":"ImageObject","inLanguage":"fr-FR","@id":"https:\/\/www.eumedbridge.eu\/#\/schema\/logo\/image\/","url":"https:\/\/www.eumedbridge.eu\/wp-content\/uploads\/2021\/12\/Logo.png","contentUrl":"https:\/\/www.eumedbridge.eu\/wp-content\/uploads\/2021\/12\/Logo.png","width":325,"height":114,"caption":"EU Medbridge"},"image":{"@id":"https:\/\/www.eumedbridge.eu\/#\/schema\/logo\/image\/"},"sameAs":["https:\/\/www.facebook.com\/eumedbridge\/","https:\/\/x.com\/eumedbridge","https:\/\/www.linkedin.com\/company\/eumedbridge","https:\/\/www.youtube.com\/@eumedbridge","https:\/\/www.instagram.com\/eumedbridge","https:\/\/www.flickr.com\/photos\/euneighbours-south\/"]}]}},"_links":{"self":[{"href":"https:\/\/www.eumedbridge.eu\/fr\/wp-json\/wp\/v2\/news\/163606","targetHints":{"allow":["GET"]}}],"collection":[{"href":"https:\/\/www.eumedbridge.eu\/fr\/wp-json\/wp\/v2\/news"}],"about":[{"href":"https:\/\/www.eumedbridge.eu\/fr\/wp-json\/wp\/v2\/types\/news"}],"wp:attachment":[{"href":"https:\/\/www.eumedbridge.eu\/fr\/wp-json\/wp\/v2\/media?parent=163606"}],"wp:term":[{"taxonomy":"news_category","embeddable":true,"href":"https:\/\/www.eumedbridge.eu\/fr\/wp-json\/wp\/v2\/news_category?post=163606"},{"taxonomy":"country","embeddable":true,"href":"https:\/\/www.eumedbridge.eu\/fr\/wp-json\/wp\/v2\/country?post=163606"},{"taxonomy":"special_action","embeddable":true,"href":"https:\/\/www.eumedbridge.eu\/fr\/wp-json\/wp\/v2\/special_action?post=163606"},{"taxonomy":"custom_tag","embeddable":true,"href":"https:\/\/www.eumedbridge.eu\/fr\/wp-json\/wp\/v2\/custom_tag?post=163606"}],"curies":[{"name":"wp","href":"https:\/\/api.w.org\/{rel}","templated":true}]}}