{"id":163617,"date":"2016-10-19T00:00:00","date_gmt":"2016-10-18T21:00:00","guid":{"rendered":"http:\/\/south.euneighbours.eu\/news\/les-etats-membres-de-lupm-approuvent-deux-nouveaux-projets-de-developpement-regional-et-adoptent-un-programme-ministeriel-substantiel-pour-2017\/"},"modified":"2022-07-08T16:29:06","modified_gmt":"2022-07-08T13:29:06","slug":"les-etats-membres-de-lupm-approuvent-deux-nouveaux-projets-de","status":"publish","type":"news","link":"https:\/\/www.eumedbridge.eu\/fr\/news\/les-etats-membres-de-lupm-approuvent-deux-nouveaux-projets-de\/","title":{"rendered":"Les \u00c9tats membres de l\u2019UpM approuvent deux nouveaux projets de d\u00e9veloppement r\u00e9gional et adoptent un programme minist\u00e9riel substantiel pour 2017"},"content":{"rendered":"<p>\u00a0Au cours de leur quatri\u00e8me r\u00e9union de 2016, tenue le 14\u00a0octobre \u00e0 Bruxelles, les hauts fonctionnaires des 43\u00a0\u00c9tats membres de l\u2019UpM ont discut\u00e9 des d\u00e9fis auxquels est confront\u00e9e la r\u00e9gion euro-m\u00e9diterran\u00e9enne et adopt\u00e9 plusieurs initiatives pour aborder les trois principales priorit\u00e9s interd\u00e9pendantes de la r\u00e9gion\u00a0: la stabilit\u00e9, le d\u00e9veloppement humain et l\u2019int\u00e9gration.<\/p>\n<div style=\"margin-bottom: 0.0001pt;\">\u00a0<\/div>\n<div style=\"margin-bottom: 0.0001pt;\">Au cours de la r\u00e9union, les hauts fonctionnaires ont approuv\u00e9 deux nouveaux projets visant \u00e0 promouvoir le d\u00e9veloppement urbain et l\u2019int\u00e9gration \u00e9conomique, portant le nombre total de projets de coop\u00e9ration r\u00e9gionale labellis\u00e9s par les \u00c9tats membres de l\u2019UpM \u00e0 47 pour une valeur de 5\u00a0milliards d\u2019euros.\u00a0 Les deux projets sont le\u00a0<a href=\"http:\/\/ufmsecretariat.org\/izmir-urban-integrated-waste-management-project\/\">Projet de gestion int\u00e9gr\u00e9e des d\u00e9chets urbains \u00e0 Izmir<\/a>\u00a0et le\u00a0<a href=\"http:\/\/ufmsecretariat.org\/agadir-sme-programme-fostering-sme-competitiveness-and-trade-in-the-agadir-agreement-member-countries\/\">Programme pour les PME d\u2019Agadir \u2013 Renforcer la comp\u00e9titivit\u00e9 et le commerce des PME dans les pays membres de l\u2019Accord d\u2019Agadir<\/a>.<\/div>\n<div style=\"margin-bottom: 0.0001pt;\">\u00a0<\/div>\n<div style=\"margin-bottom: 0.0001pt;\">L\u2019objectif du Programme pour les PME d\u2019Agadir est de renforcer l\u2019int\u00e9gration \u00e9conomique et de contribuer au d\u00e9veloppement \u00e9conomique ainsi qu\u2019\u00e0 la production de revenus gr\u00e2ce \u00e0 une croissance induite par les PME. Plus pr\u00e9cis\u00e9ment, le projet vise \u00e0 am\u00e9liorer la comp\u00e9titivit\u00e9 des PME et leur capacit\u00e9 d\u2019offre, ainsi que leur capacit\u00e9 \u00e0 assurer une utilisation plus large du cumul de l\u2019origine en vue d\u2019accro\u00eetre les \u00e9changes entre les quatre pays membres de l\u2019Accord d\u2019Agadir et leurs exportations vers l\u2019UE et de cr\u00e9er des synergies et un nouveau dynamisme \u00e9conomique entre les \u00c9tats membres de l\u2019accord d\u2019Agadir (Maroc, Tunisie, \u00c9gypte et Jordanie) pour renforcer l\u2019int\u00e9gration \u00e9conomique sous-r\u00e9gionale.<\/div>\n<div style=\"margin-bottom: 0.0001pt;\">\u00a0<\/div>\n<div style=\"margin-bottom: 0.0001pt;\">Les hauts fonctionnaires ont discut\u00e9 des pr\u00e9paratifs de la Conf\u00e9rence minist\u00e9rielle de l\u2019UpM sur l\u2019<a href=\"http:\/\/ufmsecretariat.org\/fr\/energy-and-climate-action\/\">\u00e9nergie<\/a> qui se tiendra \u00e0 Rome, de la Conf\u00e9rence minist\u00e9rielle de l\u2019UpM sur le <a href=\"http:\/\/ufmsecretariat.org\/fr\/transport-urban-development\/\">d\u00e9veloppement urbain durable<\/a>, qui se tiendra au Caire, et de la Conf\u00e9rence minist\u00e9rielle de l\u2019UpM sur le renforcement du <a href=\"http:\/\/ufmsecretariat.org\/fr\/social-civil-affairs\/\">r\u00f4le des femmes dans la soci\u00e9t\u00e9<\/a>.(<a href=\"http:\/\/www.enpi-info.eu\/index.php?lang_id=469\">EU Neighbourhood Info<\/a>)<\/div>\n<div style=\"margin-bottom: 0.0001pt;\">\u00a0<\/div>\n<div style=\"margin-bottom: 0.0001pt;\"><b>Pour en savoir plus<\/b><\/div>\n<div style=\"margin-bottom: 0.0001pt;\">\u00a0<\/div>\n<div style=\"margin-bottom: 0.0001pt;\"><a href=\"http:\/\/ufmsecretariat.org\/member-states-approve-two-new-regional-development-projects-and-adopt-a-substantial-ministerial-agenda-for-2017\/\">Communiqu\u00e9 de presse<\/a><\/div>\n<div style=\"margin-bottom: 0.0001pt;\">\u00a0<\/div>\n<div style=\"margin-bottom: 0.0001pt;\"><a href=\"http:\/\/ufmsecretariat.org\/wp-content\/uploads\/2016\/06\/UfM-Activity-Report_FINAL_WEB.pdf\" target=\"_blank\" rel=\"noopener\">Rapport annuel 2015 de l\u2019UpM<\/a><\/div>\n<div style=\"margin-bottom: 0.0001pt;\">\u00a0<\/div>\n<div style=\"margin-bottom: 0.0001pt;\">UpM &#8211;\u00a0<a href=\"http:\/\/ufmsecretariat.org\/fr\/projects\/\">Liste de projets<\/a><\/div>\n<div style=\"margin-bottom: 0.0001pt;\">\u00a0<\/div>\n<div style=\"margin-bottom: 0.0001pt;\">UpM &#8211;\u00a0<a href=\"http:\/\/ufmsecretariat.org\/fr\/projects\/\">Site internet<\/a><\/div>\n","protected":false},"featured_media":0,"parent":0,"template":"","news_category":[],"country":[],"special_action":[],"custom_tag":[],"class_list":["post-163617","news","type-news","status-publish","hentry"],"acf":[],"yoast_head":"<!-- This site is optimized with the Yoast SEO plugin v26.5 - https:\/\/yoast.com\/wordpress\/plugins\/seo\/ -->\n<title>Les \u00c9tats membres de l\u2019UpM approuvent deux nouveaux projets de d\u00e9veloppement r\u00e9gional et adoptent un programme minist\u00e9riel substantiel pour 2017 - Voisins de l&#039;UE<\/title>\n<meta name=\"robots\" content=\"index, follow, max-snippet:-1, max-image-preview:large, max-video-preview:-1\" \/>\n<link rel=\"canonical\" href=\"https:\/\/www.eumedbridge.eu\/fr\/news\/les-etats-membres-de-lupm-approuvent-deux-nouveaux-projets-de\/\" \/>\n<meta property=\"og:locale\" content=\"fr_FR\" \/>\n<meta property=\"og:type\" content=\"article\" \/>\n<meta property=\"og:title\" content=\"Les \u00c9tats membres de l\u2019UpM approuvent deux nouveaux projets de d\u00e9veloppement r\u00e9gional et adoptent un programme minist\u00e9riel substantiel pour 2017 - Voisins de l&#039;UE\" \/>\n<meta property=\"og:description\" content=\"\u00a0Au cours de leur quatri\u00e8me r\u00e9union de 2016, tenue le 14\u00a0octobre \u00e0 Bruxelles, les hauts fonctionnaires des 43\u00a0\u00c9tats membres de l\u2019UpM ont discut\u00e9 des d\u00e9fis auxquels est confront\u00e9e la r\u00e9gion euro-m\u00e9diterran\u00e9enne et adopt\u00e9 plusieurs initiatives pour aborder les trois principales priorit\u00e9s interd\u00e9pendantes de la r\u00e9gion\u00a0: la stabilit\u00e9, le d\u00e9veloppement humain et l\u2019int\u00e9gration. \u00a0 Au cours [&hellip;]\" \/>\n<meta property=\"og:url\" content=\"https:\/\/www.eumedbridge.eu\/fr\/news\/les-etats-membres-de-lupm-approuvent-deux-nouveaux-projets-de\/\" \/>\n<meta property=\"og:site_name\" content=\"Voisins de l&#039;UE\" \/>\n<meta property=\"article:publisher\" content=\"https:\/\/www.facebook.com\/eumedbridge\/\" \/>\n<meta property=\"article:modified_time\" content=\"2022-07-08T13:29:06+00:00\" \/>\n<meta property=\"og:image\" content=\"https:\/\/www.eumedbridge.eu\/wp-content\/uploads\/2022\/03\/UfM.jpg\" \/>\n\t<meta property=\"og:image:width\" content=\"500\" \/>\n\t<meta property=\"og:image:height\" content=\"252\" \/>\n\t<meta property=\"og:image:type\" content=\"image\/jpeg\" \/>\n<meta name=\"twitter:card\" content=\"summary_large_image\" \/>\n<meta name=\"twitter:site\" content=\"@eumedbridge\" \/>\n<meta name=\"twitter:label1\" content=\"Dur\u00e9e de lecture estim\u00e9e\" \/>\n\t<meta name=\"twitter:data1\" content=\"2 minutes\" \/>\n<script type=\"application\/ld+json\" class=\"yoast-schema-graph\">{\"@context\":\"https:\/\/schema.org\",\"@graph\":[{\"@type\":\"WebPage\",\"@id\":\"https:\/\/www.eumedbridge.eu\/fr\/news\/les-etats-membres-de-lupm-approuvent-deux-nouveaux-projets-de\/\",\"url\":\"https:\/\/www.eumedbridge.eu\/fr\/news\/les-etats-membres-de-lupm-approuvent-deux-nouveaux-projets-de\/\",\"name\":\"Les \u00c9tats membres de l\u2019UpM approuvent deux nouveaux projets de d\u00e9veloppement r\u00e9gional et adoptent un programme minist\u00e9riel substantiel pour 2017 - Voisins de l'UE\",\"isPartOf\":{\"@id\":\"https:\/\/www.eumedbridge.eu\/#website\"},\"datePublished\":\"2016-10-18T21:00:00+00:00\",\"dateModified\":\"2022-07-08T13:29:06+00:00\",\"breadcrumb\":{\"@id\":\"https:\/\/www.eumedbridge.eu\/fr\/news\/les-etats-membres-de-lupm-approuvent-deux-nouveaux-projets-de\/#breadcrumb\"},\"inLanguage\":\"fr-FR\",\"potentialAction\":[{\"@type\":\"ReadAction\",\"target\":[\"https:\/\/www.eumedbridge.eu\/fr\/news\/les-etats-membres-de-lupm-approuvent-deux-nouveaux-projets-de\/\"]}]},{\"@type\":\"BreadcrumbList\",\"@id\":\"https:\/\/www.eumedbridge.eu\/fr\/news\/les-etats-membres-de-lupm-approuvent-deux-nouveaux-projets-de\/#breadcrumb\",\"itemListElement\":[{\"@type\":\"ListItem\",\"position\":1,\"name\":\"Home\",\"item\":\"https:\/\/www.eumedbridge.eu\/fr\/home-page\/\"},{\"@type\":\"ListItem\",\"position\":2,\"name\":\"Actualit\u00e9s\",\"item\":\"https:\/\/www.eumedbridge.eu\/fr\/news\/\"},{\"@type\":\"ListItem\",\"position\":3,\"name\":\"Les \u00c9tats membres de l\u2019UpM approuvent deux nouveaux projets de d\u00e9veloppement r\u00e9gional et adoptent un programme minist\u00e9riel substantiel pour 2017\"}]},{\"@type\":\"WebSite\",\"@id\":\"https:\/\/www.eumedbridge.eu\/#website\",\"url\":\"https:\/\/www.eumedbridge.eu\/\",\"name\":\"EU Medbridge\",\"description\":\"\",\"publisher\":{\"@id\":\"https:\/\/www.eumedbridge.eu\/#organization\"},\"potentialAction\":[{\"@type\":\"SearchAction\",\"target\":{\"@type\":\"EntryPoint\",\"urlTemplate\":\"https:\/\/www.eumedbridge.eu\/?s={search_term_string}\"},\"query-input\":{\"@type\":\"PropertyValueSpecification\",\"valueRequired\":true,\"valueName\":\"search_term_string\"}}],\"inLanguage\":\"fr-FR\"},{\"@type\":\"Organization\",\"@id\":\"https:\/\/www.eumedbridge.eu\/#organization\",\"name\":\"EU Medbridge\",\"url\":\"https:\/\/www.eumedbridge.eu\/\",\"logo\":{\"@type\":\"ImageObject\",\"inLanguage\":\"fr-FR\",\"@id\":\"https:\/\/www.eumedbridge.eu\/#\/schema\/logo\/image\/\",\"url\":\"https:\/\/www.eumedbridge.eu\/wp-content\/uploads\/2021\/12\/Logo.png\",\"contentUrl\":\"https:\/\/www.eumedbridge.eu\/wp-content\/uploads\/2021\/12\/Logo.png\",\"width\":325,\"height\":114,\"caption\":\"EU Medbridge\"},\"image\":{\"@id\":\"https:\/\/www.eumedbridge.eu\/#\/schema\/logo\/image\/\"},\"sameAs\":[\"https:\/\/www.facebook.com\/eumedbridge\/\",\"https:\/\/x.com\/eumedbridge\",\"https:\/\/www.linkedin.com\/company\/eumedbridge\",\"https:\/\/www.youtube.com\/@eumedbridge\",\"https:\/\/www.instagram.com\/eumedbridge\",\"https:\/\/www.flickr.com\/photos\/euneighbours-south\/\"]}]}<\/script>\n<!-- \/ Yoast SEO plugin. -->","yoast_head_json":{"title":"Les \u00c9tats membres de l\u2019UpM approuvent deux nouveaux projets de d\u00e9veloppement r\u00e9gional et adoptent un programme minist\u00e9riel substantiel pour 2017 - Voisins de l'UE","robots":{"index":"index","follow":"follow","max-snippet":"max-snippet:-1","max-image-preview":"max-image-preview:large","max-video-preview":"max-video-preview:-1"},"canonical":"https:\/\/www.eumedbridge.eu\/fr\/news\/les-etats-membres-de-lupm-approuvent-deux-nouveaux-projets-de\/","og_locale":"fr_FR","og_type":"article","og_title":"Les \u00c9tats membres de l\u2019UpM approuvent deux nouveaux projets de d\u00e9veloppement r\u00e9gional et adoptent un programme minist\u00e9riel substantiel pour 2017 - Voisins de l'UE","og_description":"\u00a0Au cours de leur quatri\u00e8me r\u00e9union de 2016, tenue le 14\u00a0octobre \u00e0 Bruxelles, les hauts fonctionnaires des 43\u00a0\u00c9tats membres de l\u2019UpM ont discut\u00e9 des d\u00e9fis auxquels est confront\u00e9e la r\u00e9gion euro-m\u00e9diterran\u00e9enne et adopt\u00e9 plusieurs initiatives pour aborder les trois principales priorit\u00e9s interd\u00e9pendantes de la r\u00e9gion\u00a0: la stabilit\u00e9, le d\u00e9veloppement humain et l\u2019int\u00e9gration. \u00a0 Au cours [&hellip;]","og_url":"https:\/\/www.eumedbridge.eu\/fr\/news\/les-etats-membres-de-lupm-approuvent-deux-nouveaux-projets-de\/","og_site_name":"Voisins de l'UE","article_publisher":"https:\/\/www.facebook.com\/eumedbridge\/","article_modified_time":"2022-07-08T13:29:06+00:00","og_image":[{"width":500,"height":252,"url":"https:\/\/www.eumedbridge.eu\/wp-content\/uploads\/2022\/03\/UfM.jpg","type":"image\/jpeg"}],"twitter_card":"summary_large_image","twitter_site":"@eumedbridge","twitter_misc":{"Dur\u00e9e de lecture estim\u00e9e":"2 minutes"},"schema":{"@context":"https:\/\/schema.org","@graph":[{"@type":"WebPage","@id":"https:\/\/www.eumedbridge.eu\/fr\/news\/les-etats-membres-de-lupm-approuvent-deux-nouveaux-projets-de\/","url":"https:\/\/www.eumedbridge.eu\/fr\/news\/les-etats-membres-de-lupm-approuvent-deux-nouveaux-projets-de\/","name":"Les \u00c9tats membres de l\u2019UpM approuvent deux nouveaux projets de d\u00e9veloppement r\u00e9gional et adoptent un programme minist\u00e9riel substantiel pour 2017 - Voisins de l'UE","isPartOf":{"@id":"https:\/\/www.eumedbridge.eu\/#website"},"datePublished":"2016-10-18T21:00:00+00:00","dateModified":"2022-07-08T13:29:06+00:00","breadcrumb":{"@id":"https:\/\/www.eumedbridge.eu\/fr\/news\/les-etats-membres-de-lupm-approuvent-deux-nouveaux-projets-de\/#breadcrumb"},"inLanguage":"fr-FR","potentialAction":[{"@type":"ReadAction","target":["https:\/\/www.eumedbridge.eu\/fr\/news\/les-etats-membres-de-lupm-approuvent-deux-nouveaux-projets-de\/"]}]},{"@type":"BreadcrumbList","@id":"https:\/\/www.eumedbridge.eu\/fr\/news\/les-etats-membres-de-lupm-approuvent-deux-nouveaux-projets-de\/#breadcrumb","itemListElement":[{"@type":"ListItem","position":1,"name":"Home","item":"https:\/\/www.eumedbridge.eu\/fr\/home-page\/"},{"@type":"ListItem","position":2,"name":"Actualit\u00e9s","item":"https:\/\/www.eumedbridge.eu\/fr\/news\/"},{"@type":"ListItem","position":3,"name":"Les \u00c9tats membres de l\u2019UpM approuvent deux nouveaux projets de d\u00e9veloppement r\u00e9gional et adoptent un programme minist\u00e9riel substantiel pour 2017"}]},{"@type":"WebSite","@id":"https:\/\/www.eumedbridge.eu\/#website","url":"https:\/\/www.eumedbridge.eu\/","name":"EU Medbridge","description":"","publisher":{"@id":"https:\/\/www.eumedbridge.eu\/#organization"},"potentialAction":[{"@type":"SearchAction","target":{"@type":"EntryPoint","urlTemplate":"https:\/\/www.eumedbridge.eu\/?s={search_term_string}"},"query-input":{"@type":"PropertyValueSpecification","valueRequired":true,"valueName":"search_term_string"}}],"inLanguage":"fr-FR"},{"@type":"Organization","@id":"https:\/\/www.eumedbridge.eu\/#organization","name":"EU Medbridge","url":"https:\/\/www.eumedbridge.eu\/","logo":{"@type":"ImageObject","inLanguage":"fr-FR","@id":"https:\/\/www.eumedbridge.eu\/#\/schema\/logo\/image\/","url":"https:\/\/www.eumedbridge.eu\/wp-content\/uploads\/2021\/12\/Logo.png","contentUrl":"https:\/\/www.eumedbridge.eu\/wp-content\/uploads\/2021\/12\/Logo.png","width":325,"height":114,"caption":"EU Medbridge"},"image":{"@id":"https:\/\/www.eumedbridge.eu\/#\/schema\/logo\/image\/"},"sameAs":["https:\/\/www.facebook.com\/eumedbridge\/","https:\/\/x.com\/eumedbridge","https:\/\/www.linkedin.com\/company\/eumedbridge","https:\/\/www.youtube.com\/@eumedbridge","https:\/\/www.instagram.com\/eumedbridge","https:\/\/www.flickr.com\/photos\/euneighbours-south\/"]}]}},"_links":{"self":[{"href":"https:\/\/www.eumedbridge.eu\/fr\/wp-json\/wp\/v2\/news\/163617","targetHints":{"allow":["GET"]}}],"collection":[{"href":"https:\/\/www.eumedbridge.eu\/fr\/wp-json\/wp\/v2\/news"}],"about":[{"href":"https:\/\/www.eumedbridge.eu\/fr\/wp-json\/wp\/v2\/types\/news"}],"wp:attachment":[{"href":"https:\/\/www.eumedbridge.eu\/fr\/wp-json\/wp\/v2\/media?parent=163617"}],"wp:term":[{"taxonomy":"news_category","embeddable":true,"href":"https:\/\/www.eumedbridge.eu\/fr\/wp-json\/wp\/v2\/news_category?post=163617"},{"taxonomy":"country","embeddable":true,"href":"https:\/\/www.eumedbridge.eu\/fr\/wp-json\/wp\/v2\/country?post=163617"},{"taxonomy":"special_action","embeddable":true,"href":"https:\/\/www.eumedbridge.eu\/fr\/wp-json\/wp\/v2\/special_action?post=163617"},{"taxonomy":"custom_tag","embeddable":true,"href":"https:\/\/www.eumedbridge.eu\/fr\/wp-json\/wp\/v2\/custom_tag?post=163617"}],"curies":[{"name":"wp","href":"https:\/\/api.w.org\/{rel}","templated":true}]}}