{"id":163648,"date":"2016-10-07T00:00:00","date_gmt":"2016-10-06T21:00:00","guid":{"rendered":"http:\/\/south.euneighbours.eu\/news\/la-berd-organise-une-conference-au-maroc-pour-promouvoir-le-financement-vert\/"},"modified":"2022-07-08T16:30:20","modified_gmt":"2022-07-08T13:30:20","slug":"la-berd-organise-une-conference-au-maroc-pour-promouvoir-le-financement","status":"publish","type":"news","link":"https:\/\/www.eumedbridge.eu\/fr\/news\/la-berd-organise-une-conference-au-maroc-pour-promouvoir-le-financement\/","title":{"rendered":"La BERD organise une conf\u00e9rence au Maroc pour promouvoir le financement vert"},"content":{"rendered":"<p>\u00a0<span style=\"font-size: 11pt;\">Le financement vert sera au centre d\u2019une conf\u00e9rence qui aura lieu le 12\u00a0octobre \u00e0 Casablanca, au Maroc. Organis\u00e9e par la Banque europ\u00e9enne pour la reconstruction et le d\u00e9veloppement (BERD) et la Banque Marocaine du Commerce Ext\u00e9rieur\u00a0(BMCE), la conf\u00e9rence aura pour th\u00e8me la \u00ab\u00a0<\/span><a href=\"http:\/\/www.ebrd.com\/news\/events\/creating-green-banking-markets-in-africa.html\"><span style=\"font-size:11.0pt;Tahoma\",sans-serif;Times New Roman\";color:windowtext;text-decoration:none;\ntext-underline:none\">cr\u00e9ation des march\u00e9s de green banking en Afrique<\/span><\/a><span style=\"font-size: 11pt;\">\u00a0\u00bb.<\/span><\/p>\n<div style=\"margin: 0cm 0cm 0.0001pt; background-image: initial; background-attachment: initial; background-size: initial; background-origin: initial; background-clip: initial; background-position: initial; background-repeat: initial;\">\u00a0<\/div>\n<div style=\"margin: 0cm 0cm 0.0001pt; background-image: initial; background-attachment: initial; background-size: initial; background-origin: initial; background-clip: initial; background-position: initial; background-repeat: initial;\"><span style=\"font-size:11.0pt;Tahoma\",sans-serif;Times New Roman\"\">L\u2019\u00e9v\u00e9nement, qui r\u00e9unira des repr\u00e9sentants des autorit\u00e9s de r\u00e9gulation et des banques commerciales, en particulier celles des pays africains, ainsi que des institutions de financement du d\u00e9veloppement et des bailleurs de fonds, sera l\u2019occasion de pr\u00e9senter le mod\u00e8le de financement du climat unique de la BERD \u2013 ses \u00a0<\/span><a href=\"http:\/\/www.ebrd.com\/what-we-do\/sectors-and-topics\/sustainable-resources\/seffs.html\"><span style=\"font-size:11.0pt;Tahoma\",sans-serif;Times New Roman\";color:windowtext;text-decoration:none;\ntext-underline:none\">facilit\u00e9s de financement de l\u2019\u00e9nergie durable<\/span><\/a>\u00a0<span style=\"font-size:11.0pt;Tahoma\",sans-serif;Times New Roman\"\">(FFED) qui ont d\u00e9j\u00e0 \u00e9t\u00e9 introduites avec succ\u00e8s dans 24\u00a0pays de la BERD.<\/span><\/div>\n<div style=\"margin: 0cm 0cm 0.0001pt; background-image: initial; background-attachment: initial; background-size: initial; background-origin: initial; background-clip: initial; background-position: initial; background-repeat: initial;\">\u00a0<\/div>\n<div style=\"margin: 0cm 0cm 0.0001pt; background-image: initial; background-attachment: initial; background-size: initial; background-origin: initial; background-clip: initial; background-position: initial; background-repeat: initial;\"><span style=\"font-size:11.0pt;Tahoma\",sans-serif;Times New Roman\"\">Il mettra en lumi\u00e8re les initiatives climatiques prises par les diff\u00e9rents acteurs du secteur financier pour soutenir des \u00e9conomies plus vertes en mettant l\u2019accent sur l\u2019Afrique et permettra \u00e9galement d\u2019examiner le r\u00f4le jou\u00e9 par les autorit\u00e9s de r\u00e9gulation pour favoriser l\u2019\u00e9mergence d\u2019un environnement propice \u00e0 la croissance d\u2019une \u00e9conomie verte et \u00e0 l\u2019utilisation de produits financiers verts.<\/span><\/div>\n<div style=\"margin: 0cm 0cm 0.0001pt; background-image: initial; background-attachment: initial; background-size: initial; background-origin: initial; background-clip: initial; background-position: initial; background-repeat: initial;\">\u00a0<\/div>\n<div style=\"margin: 0cm 0cm 0.0001pt; background-image: initial; background-attachment: initial; background-size: initial; background-origin: initial; background-clip: initial; background-position: initial; background-repeat: initial;\"><span style=\"font-size:11.0pt;Tahoma\",sans-serif;Times New Roman\"\">La conf\u00e9rence donnera \u00e9galement l\u2019occasion d\u2019examiner le r\u00f4le des institutions financi\u00e8res commerciales dans la croissance\u00a0<\/span><a href=\"http:\/\/www.ebrd.com\/what-we-do\/get.html\"><span style=\"font-size:11.0pt;Tahoma\",sans-serif;Times New Roman\";color:windowtext;text-decoration:none;text-underline:none\">du financement vert<\/span><\/a>\u00a0<span style=\"font-size:11.0pt;Tahoma\",sans-serif;Times New Roman\"\">et la mani\u00e8re dont le d\u00e9veloppement des institutions financi\u00e8res peut les soutenir dans cette t\u00e2che. Plusieurs institutions financi\u00e8res pr\u00e9senteront la fa\u00e7on dont elles ont r\u00e9ussi \u00e0 int\u00e9grer le financement vert dans leurs op\u00e9rations commerciales.<\/span><\/div>\n<div style=\"margin: 0cm 0cm 0.0001pt; background-image: initial; background-attachment: initial; background-size: initial; background-origin: initial; background-clip: initial; background-position: initial; background-repeat: initial;\">\u00a0<\/div>\n<div style=\"margin: 0cm 0cm 0.0001pt; background-image: initial; background-attachment: initial; background-size: initial; background-origin: initial; background-clip: initial; background-position: initial; background-repeat: initial;\"><span style=\"font-size:11.0pt;Tahoma\",sans-serif;Times New Roman\"\">Lors de la conf\u00e9rence, la BERD et la BMCE signeront leur troisi\u00e8me accord au titre des\u00a0<\/span><a href=\"http:\/\/www.ebrd.com\/news\/2015\/20-million-loan-to-bmce-bank-for-energy-efficiency.html\"><span style=\"font-size:11.0pt;Tahoma\",sans-serif;Times New Roman\";color:windowtext;text-decoration:none;\ntext-underline:none\">MorSEFF<\/span><\/a><span style=\"font-size:11.0pt;Tahoma\",sans-serif;Times New Roman\"\">, une version des FFED sp\u00e9cifiquement adapt\u00e9e aux conditions au Maroc.\u00a0<\/span><span style=\"font-size:11.0pt;Tahoma\",sans-serif;Times New Roman\"\">Gr\u00e2ce aux FFED, la BERD accorde des pr\u00eats \u00e0 des banques partenaires dans ses pays d\u2019op\u00e9ration, puis r\u00e9troc\u00e8de les fonds aux clients qui investissent dans des programmes \u00e9nerg\u00e9tiques efficaces et renouvelables.<\/span><span style=\"font-size: 10.5pt;\">(<\/span><a href=\"http:\/\/www.enpi-info.eu\/\"><span style=\"font-size:10.5pt;Tahoma\",sans-serif;Times New Roman\";color:#AD966A\">EU Neighbourhood Info<\/span><\/a><span style=\"font-size: 10.5pt;\">)<\/span><\/div>\n<div style=\"margin-bottom: 0.0001pt;\">\u00a0<\/div>\n<div style=\"margin-bottom: 0.0001pt;\"><b><span style=\"font-size: 10.5pt;\">Pour en savoir plus<\/span><\/b><\/div>\n<div style=\"margin-bottom: 0.0001pt;\">\u00a0<\/div>\n<div style=\"margin-bottom: 0.0001pt;\"><a href=\"http:\/\/www.ebrd.com\/news\/2016\/ebrd-supporting-drive-to-bring-private-finance-to-africas-climate-challenge.html\"><span style=\"font-size:10.5pt;Tahoma\",sans-serif\">Communiqu\u00e9 de presse<\/span><\/a><\/div>\n<div style=\"margin-bottom: 0.0001pt;\">\u00a0<\/div>\n<div style=\"margin-bottom: 0.0001pt;\"><span style=\"font-size: 10.5pt;\">BERD \u2013\u00a0\u00a0<a href=\"http:\/\/www.ebrd.com\/morocco.html\"><span style=\"color:#AD966A\">Maroc<\/span><\/a><\/span><\/div>\n<div style=\"margin-bottom: 0.0001pt;\">\u00a0<\/div>\n<div style=\"margin-bottom: 0.0001pt;\"><span style=\"font-size: 10.5pt;\">Page web de l\u2019UE Neighbourhood Info Centre &#8211;\u00a0<\/span><a href=\"http:\/\/www.enpi-info.eu\/countrymed.php?country=6&#038;lang_id=469\"><span style=\"font-size:10.5pt;Tahoma\",sans-serif;color:#AD966A\">Maroc<\/span><\/a><\/div>\n<div style=\"margin-bottom: 0.0001pt;\">\u00a0<\/div>\n","protected":false},"featured_media":0,"parent":0,"template":"","news_category":[],"country":[1953],"special_action":[],"custom_tag":[2312,1884],"class_list":["post-163648","news","type-news","status-publish","hentry","country-maroc","custom_tag-developpement-durable","custom_tag-environnement-et-changement-climatique"],"acf":[],"yoast_head":"<!-- This site is optimized with the Yoast SEO plugin v26.5 - https:\/\/yoast.com\/wordpress\/plugins\/seo\/ -->\n<title>La BERD organise une conf\u00e9rence au Maroc pour promouvoir le financement vert - Voisins de l&#039;UE<\/title>\n<meta name=\"robots\" content=\"index, follow, max-snippet:-1, max-image-preview:large, max-video-preview:-1\" \/>\n<link rel=\"canonical\" href=\"https:\/\/www.eumedbridge.eu\/fr\/news\/la-berd-organise-une-conference-au-maroc-pour-promouvoir-le-financement\/\" \/>\n<meta property=\"og:locale\" content=\"fr_FR\" \/>\n<meta property=\"og:type\" content=\"article\" \/>\n<meta property=\"og:title\" content=\"La BERD organise une conf\u00e9rence au Maroc pour promouvoir le financement vert - Voisins de l&#039;UE\" \/>\n<meta property=\"og:description\" content=\"\u00a0Le financement vert sera au centre d\u2019une conf\u00e9rence qui aura lieu le 12\u00a0octobre \u00e0 Casablanca, au Maroc. Organis\u00e9e par la Banque europ\u00e9enne pour la reconstruction et le d\u00e9veloppement (BERD) et la Banque Marocaine du Commerce Ext\u00e9rieur\u00a0(BMCE), la conf\u00e9rence aura pour th\u00e8me la \u00ab\u00a0cr\u00e9ation des march\u00e9s de green banking en Afrique\u00a0\u00bb. \u00a0 L\u2019\u00e9v\u00e9nement, qui r\u00e9unira des [&hellip;]\" \/>\n<meta property=\"og:url\" content=\"https:\/\/www.eumedbridge.eu\/fr\/news\/la-berd-organise-une-conference-au-maroc-pour-promouvoir-le-financement\/\" \/>\n<meta property=\"og:site_name\" content=\"Voisins de l&#039;UE\" \/>\n<meta property=\"article:publisher\" content=\"https:\/\/www.facebook.com\/eumedbridge\/\" \/>\n<meta property=\"article:modified_time\" content=\"2022-07-08T13:30:20+00:00\" \/>\n<meta property=\"og:image\" content=\"https:\/\/www.eumedbridge.eu\/wp-content\/uploads\/2022\/03\/green-finance.jpg\" \/>\n\t<meta property=\"og:image:width\" content=\"500\" \/>\n\t<meta property=\"og:image:height\" content=\"234\" \/>\n\t<meta property=\"og:image:type\" content=\"image\/jpeg\" \/>\n<meta name=\"twitter:card\" content=\"summary_large_image\" \/>\n<meta name=\"twitter:site\" content=\"@eumedbridge\" \/>\n<meta name=\"twitter:label1\" content=\"Dur\u00e9e de lecture estim\u00e9e\" \/>\n\t<meta name=\"twitter:data1\" content=\"2 minutes\" \/>\n<script type=\"application\/ld+json\" class=\"yoast-schema-graph\">{\"@context\":\"https:\/\/schema.org\",\"@graph\":[{\"@type\":\"WebPage\",\"@id\":\"https:\/\/www.eumedbridge.eu\/fr\/news\/la-berd-organise-une-conference-au-maroc-pour-promouvoir-le-financement\/\",\"url\":\"https:\/\/www.eumedbridge.eu\/fr\/news\/la-berd-organise-une-conference-au-maroc-pour-promouvoir-le-financement\/\",\"name\":\"La BERD organise une conf\u00e9rence au Maroc pour promouvoir le financement vert - Voisins de l'UE\",\"isPartOf\":{\"@id\":\"https:\/\/www.eumedbridge.eu\/#website\"},\"datePublished\":\"2016-10-06T21:00:00+00:00\",\"dateModified\":\"2022-07-08T13:30:20+00:00\",\"breadcrumb\":{\"@id\":\"https:\/\/www.eumedbridge.eu\/fr\/news\/la-berd-organise-une-conference-au-maroc-pour-promouvoir-le-financement\/#breadcrumb\"},\"inLanguage\":\"fr-FR\",\"potentialAction\":[{\"@type\":\"ReadAction\",\"target\":[\"https:\/\/www.eumedbridge.eu\/fr\/news\/la-berd-organise-une-conference-au-maroc-pour-promouvoir-le-financement\/\"]}]},{\"@type\":\"BreadcrumbList\",\"@id\":\"https:\/\/www.eumedbridge.eu\/fr\/news\/la-berd-organise-une-conference-au-maroc-pour-promouvoir-le-financement\/#breadcrumb\",\"itemListElement\":[{\"@type\":\"ListItem\",\"position\":1,\"name\":\"Home\",\"item\":\"https:\/\/www.eumedbridge.eu\/fr\/home-page\/\"},{\"@type\":\"ListItem\",\"position\":2,\"name\":\"Actualit\u00e9s\",\"item\":\"https:\/\/www.eumedbridge.eu\/fr\/news\/\"},{\"@type\":\"ListItem\",\"position\":3,\"name\":\"La BERD organise une conf\u00e9rence au Maroc pour promouvoir le financement vert\"}]},{\"@type\":\"WebSite\",\"@id\":\"https:\/\/www.eumedbridge.eu\/#website\",\"url\":\"https:\/\/www.eumedbridge.eu\/\",\"name\":\"EU Medbridge\",\"description\":\"\",\"publisher\":{\"@id\":\"https:\/\/www.eumedbridge.eu\/#organization\"},\"potentialAction\":[{\"@type\":\"SearchAction\",\"target\":{\"@type\":\"EntryPoint\",\"urlTemplate\":\"https:\/\/www.eumedbridge.eu\/?s={search_term_string}\"},\"query-input\":{\"@type\":\"PropertyValueSpecification\",\"valueRequired\":true,\"valueName\":\"search_term_string\"}}],\"inLanguage\":\"fr-FR\"},{\"@type\":\"Organization\",\"@id\":\"https:\/\/www.eumedbridge.eu\/#organization\",\"name\":\"EU Medbridge\",\"url\":\"https:\/\/www.eumedbridge.eu\/\",\"logo\":{\"@type\":\"ImageObject\",\"inLanguage\":\"fr-FR\",\"@id\":\"https:\/\/www.eumedbridge.eu\/#\/schema\/logo\/image\/\",\"url\":\"https:\/\/www.eumedbridge.eu\/wp-content\/uploads\/2021\/12\/Logo.png\",\"contentUrl\":\"https:\/\/www.eumedbridge.eu\/wp-content\/uploads\/2021\/12\/Logo.png\",\"width\":325,\"height\":114,\"caption\":\"EU Medbridge\"},\"image\":{\"@id\":\"https:\/\/www.eumedbridge.eu\/#\/schema\/logo\/image\/\"},\"sameAs\":[\"https:\/\/www.facebook.com\/eumedbridge\/\",\"https:\/\/x.com\/eumedbridge\",\"https:\/\/www.linkedin.com\/company\/eumedbridge\",\"https:\/\/www.youtube.com\/@eumedbridge\",\"https:\/\/www.instagram.com\/eumedbridge\",\"https:\/\/www.flickr.com\/photos\/euneighbours-south\/\"]}]}<\/script>\n<!-- \/ Yoast SEO plugin. -->","yoast_head_json":{"title":"La BERD organise une conf\u00e9rence au Maroc pour promouvoir le financement vert - Voisins de l'UE","robots":{"index":"index","follow":"follow","max-snippet":"max-snippet:-1","max-image-preview":"max-image-preview:large","max-video-preview":"max-video-preview:-1"},"canonical":"https:\/\/www.eumedbridge.eu\/fr\/news\/la-berd-organise-une-conference-au-maroc-pour-promouvoir-le-financement\/","og_locale":"fr_FR","og_type":"article","og_title":"La BERD organise une conf\u00e9rence au Maroc pour promouvoir le financement vert - Voisins de l'UE","og_description":"\u00a0Le financement vert sera au centre d\u2019une conf\u00e9rence qui aura lieu le 12\u00a0octobre \u00e0 Casablanca, au Maroc. Organis\u00e9e par la Banque europ\u00e9enne pour la reconstruction et le d\u00e9veloppement (BERD) et la Banque Marocaine du Commerce Ext\u00e9rieur\u00a0(BMCE), la conf\u00e9rence aura pour th\u00e8me la \u00ab\u00a0cr\u00e9ation des march\u00e9s de green banking en Afrique\u00a0\u00bb. \u00a0 L\u2019\u00e9v\u00e9nement, qui r\u00e9unira des [&hellip;]","og_url":"https:\/\/www.eumedbridge.eu\/fr\/news\/la-berd-organise-une-conference-au-maroc-pour-promouvoir-le-financement\/","og_site_name":"Voisins de l'UE","article_publisher":"https:\/\/www.facebook.com\/eumedbridge\/","article_modified_time":"2022-07-08T13:30:20+00:00","og_image":[{"width":500,"height":234,"url":"https:\/\/www.eumedbridge.eu\/wp-content\/uploads\/2022\/03\/green-finance.jpg","type":"image\/jpeg"}],"twitter_card":"summary_large_image","twitter_site":"@eumedbridge","twitter_misc":{"Dur\u00e9e de lecture estim\u00e9e":"2 minutes"},"schema":{"@context":"https:\/\/schema.org","@graph":[{"@type":"WebPage","@id":"https:\/\/www.eumedbridge.eu\/fr\/news\/la-berd-organise-une-conference-au-maroc-pour-promouvoir-le-financement\/","url":"https:\/\/www.eumedbridge.eu\/fr\/news\/la-berd-organise-une-conference-au-maroc-pour-promouvoir-le-financement\/","name":"La BERD organise une conf\u00e9rence au Maroc pour promouvoir le financement vert - Voisins de l'UE","isPartOf":{"@id":"https:\/\/www.eumedbridge.eu\/#website"},"datePublished":"2016-10-06T21:00:00+00:00","dateModified":"2022-07-08T13:30:20+00:00","breadcrumb":{"@id":"https:\/\/www.eumedbridge.eu\/fr\/news\/la-berd-organise-une-conference-au-maroc-pour-promouvoir-le-financement\/#breadcrumb"},"inLanguage":"fr-FR","potentialAction":[{"@type":"ReadAction","target":["https:\/\/www.eumedbridge.eu\/fr\/news\/la-berd-organise-une-conference-au-maroc-pour-promouvoir-le-financement\/"]}]},{"@type":"BreadcrumbList","@id":"https:\/\/www.eumedbridge.eu\/fr\/news\/la-berd-organise-une-conference-au-maroc-pour-promouvoir-le-financement\/#breadcrumb","itemListElement":[{"@type":"ListItem","position":1,"name":"Home","item":"https:\/\/www.eumedbridge.eu\/fr\/home-page\/"},{"@type":"ListItem","position":2,"name":"Actualit\u00e9s","item":"https:\/\/www.eumedbridge.eu\/fr\/news\/"},{"@type":"ListItem","position":3,"name":"La BERD organise une conf\u00e9rence au Maroc pour promouvoir le financement vert"}]},{"@type":"WebSite","@id":"https:\/\/www.eumedbridge.eu\/#website","url":"https:\/\/www.eumedbridge.eu\/","name":"EU Medbridge","description":"","publisher":{"@id":"https:\/\/www.eumedbridge.eu\/#organization"},"potentialAction":[{"@type":"SearchAction","target":{"@type":"EntryPoint","urlTemplate":"https:\/\/www.eumedbridge.eu\/?s={search_term_string}"},"query-input":{"@type":"PropertyValueSpecification","valueRequired":true,"valueName":"search_term_string"}}],"inLanguage":"fr-FR"},{"@type":"Organization","@id":"https:\/\/www.eumedbridge.eu\/#organization","name":"EU Medbridge","url":"https:\/\/www.eumedbridge.eu\/","logo":{"@type":"ImageObject","inLanguage":"fr-FR","@id":"https:\/\/www.eumedbridge.eu\/#\/schema\/logo\/image\/","url":"https:\/\/www.eumedbridge.eu\/wp-content\/uploads\/2021\/12\/Logo.png","contentUrl":"https:\/\/www.eumedbridge.eu\/wp-content\/uploads\/2021\/12\/Logo.png","width":325,"height":114,"caption":"EU Medbridge"},"image":{"@id":"https:\/\/www.eumedbridge.eu\/#\/schema\/logo\/image\/"},"sameAs":["https:\/\/www.facebook.com\/eumedbridge\/","https:\/\/x.com\/eumedbridge","https:\/\/www.linkedin.com\/company\/eumedbridge","https:\/\/www.youtube.com\/@eumedbridge","https:\/\/www.instagram.com\/eumedbridge","https:\/\/www.flickr.com\/photos\/euneighbours-south\/"]}]}},"_links":{"self":[{"href":"https:\/\/www.eumedbridge.eu\/fr\/wp-json\/wp\/v2\/news\/163648","targetHints":{"allow":["GET"]}}],"collection":[{"href":"https:\/\/www.eumedbridge.eu\/fr\/wp-json\/wp\/v2\/news"}],"about":[{"href":"https:\/\/www.eumedbridge.eu\/fr\/wp-json\/wp\/v2\/types\/news"}],"wp:attachment":[{"href":"https:\/\/www.eumedbridge.eu\/fr\/wp-json\/wp\/v2\/media?parent=163648"}],"wp:term":[{"taxonomy":"news_category","embeddable":true,"href":"https:\/\/www.eumedbridge.eu\/fr\/wp-json\/wp\/v2\/news_category?post=163648"},{"taxonomy":"country","embeddable":true,"href":"https:\/\/www.eumedbridge.eu\/fr\/wp-json\/wp\/v2\/country?post=163648"},{"taxonomy":"special_action","embeddable":true,"href":"https:\/\/www.eumedbridge.eu\/fr\/wp-json\/wp\/v2\/special_action?post=163648"},{"taxonomy":"custom_tag","embeddable":true,"href":"https:\/\/www.eumedbridge.eu\/fr\/wp-json\/wp\/v2\/custom_tag?post=163648"}],"curies":[{"name":"wp","href":"https:\/\/api.w.org\/{rel}","templated":true}]}}