{"id":163652,"date":"2016-10-07T00:00:00","date_gmt":"2016-10-06T21:00:00","guid":{"rendered":"http:\/\/south.euneighbours.eu\/news\/promouvoir-le-plaidoyer-pour-la-culture-med-culture-organise-un-second-atelier-regional\/"},"modified":"2022-07-08T16:30:29","modified_gmt":"2022-07-08T13:30:29","slug":"promouvoir-le-plaidoyer-pour-la-culture-med-culture-organise-un-second","status":"publish","type":"news","link":"https:\/\/www.eumedbridge.eu\/fr\/news\/promouvoir-le-plaidoyer-pour-la-culture-med-culture-organise-un-second\/","title":{"rendered":"Promouvoir le plaidoyer pour la culture : Med Culture organise un second atelier r\u00e9gional"},"content":{"rendered":"<\/p>\n<div style=\"margin-bottom:0cm;margin-bottom:.0001pt;line-height:\nnormal\"><span style=\"Tahoma\",sans-serif;\">Pr\u00e8s de 20 acteurs culturels de la soci\u00e9t\u00e9 civile et du secteur public de sept pays arabes, dont le Maroc, se r\u00e9uniront \u00e0 Tanger, au Maroc pour participer au 2e atelier de d\u00e9veloppement des capacit\u00e9s portant sur \u00ab\u00a0le plaidoyer pour la culture\u00a0\u00bb, organis\u00e9 du 7 au 10 octobre 2016 par le programme r\u00e9gional Med Culture, financ\u00e9 par l\u2019Union europ\u00e9enne.<\/span><\/div>\n<div style=\"margin-bottom:0cm;margin-bottom:.0001pt;line-height:\nnormal\">\u00a0<\/div>\n<div style=\"margin-bottom:0cm;margin-bottom:.0001pt;line-height:\nnormal\"><span style=\"Tahoma\",sans-serif;\">L&rsquo;atelier poursuivra les travaux du <a href=\"http:\/\/www.medculture.eu\/fr\/action\/workshops\/6422\">1er atelier qui s\u2019est tenu \u00e0 Beyrouth en avril 2016<\/a>. Les participants feront le point sur ce qui a \u00e9t\u00e9 \u00e9tabli au cours du 1er atelier, \u00e0 savoir les objectifs, les messages et les groupes cibles de leurs actions de plaidoyer, et examinera les outils et les m\u00e9thodologies les plus appropri\u00e9s \u00e0 leurs campagnes de sensibilisation.<\/span><\/div>\n<div style=\"margin-bottom:0cm;margin-bottom:.0001pt;line-height:\nnormal\">\u00a0<\/div>\n<div style=\"margin-bottom:0cm;margin-bottom:.0001pt;line-height:\nnormal\"><span style=\"Tahoma\",sans-serif;\">Plusieurs rencontres avec des op\u00e9rateurs culturels marocains et des visites des espaces culturels de Tanger sont \u00e9galement \u00e0 l&rsquo;ordre du jour. Sont pr\u00e9vus une rencontre avec un groupe de l&rsquo;<a href=\"https:\/\/www.facebook.com\/Association-Tawaza-pour-le-plaidoyer-de-la-femme-121417311254562\/timeline\/\">Association Tawaza pour le plaidoyer de la femme<\/a>, un d\u00e9bat ouvert avec Arty Farty, responsable de la mise en \u0153uvre du projet cofinanc\u00e9 par l&rsquo;UE \u00a0\u00ab\u00a0<a href=\"http:\/\/www.smedcv.net\/think-tanger\/\">Think Tanger<\/a>\u00ab\u00a0, ainsi que la participation aux c\u00e9l\u00e9brations du 10e anniversaire de la <a href=\"http:\/\/www.cinemathequedetanger.com\/\">Cin\u00e9math\u00e8que de Tanger. <\/a>\u00a0<\/span><\/div>\n<div style=\"margin-bottom:0cm;margin-bottom:.0001pt;line-height:\nnormal\">\u00a0<\/div>\n<div style=\"margin-bottom:0cm;margin-bottom:.0001pt;line-height:\nnormal\"><b><span style=\"Tahoma\",sans-serif;\">Med Culture<\/span><\/b><span style=\"Tahoma\",sans-serif;\">\u00a0est un programme financ\u00e9 par l\u2019Union europ\u00e9enne lanc\u00e9 en F\u00e9vrier 2014 pour accompagner la cr\u00e9ation d\u2019un environnement institutionnel et social propice \u00e0 la culture en tant que vecteur de la libert\u00e9 d\u2019expression et du d\u00e9veloppement durable. Cela se traduira par le renforcement des capacit\u00e9s des secteurs culturels public et priv\u00e9 comme vecteurs de d\u00e9mocratisation, de d\u00e9veloppement \u00e9conomique et social des soci\u00e9t\u00e9s du Sud de la M\u00e9diterran\u00e9e.<\/span><\/div>\n<div style=\"margin-bottom:0cm;margin-bottom:.0001pt;line-height:\nnormal\">\u00a0<\/div>\n<div style=\"margin-bottom:0cm;margin-bottom:.0001pt;line-height:\nnormal\"><b><span style=\"Tahoma\",sans-serif;\">Med Culture\u00a0<\/span><\/b><span style=\"Tahoma\",sans-serif;\">fait partie du programme r\u00e9gional\u00a0<b>M\u00e9dias et culture pour le d\u00e9veloppement dans le sud de la M\u00e9diterran\u00e9e.\u00a0<\/b>Il<b>\u00a0<\/b>a \u00e9t\u00e9 affect\u00e9 d&rsquo;un budget total de 17 millions d&rsquo;euros sur une p\u00e9riode de quatre ans, dont 9 millions d&rsquo;euros\u00a0 pour l&rsquo;octroi de subventions sur une base de co-financement, et 8 millions d&rsquo;euros pour un m\u00e9canisme de renforcement des capacit\u00e9s des\u00a0m\u00e9dias (MedMedia) et un m\u00e9canisme de renforcement des capacit\u00e9s en mati\u00e8re de culture (MedCulture). (<\/span><span style=\"Tahoma\",sans-serif\"><a href=\"http:\/\/www.enpi-info.eu\/\">EU Neighbourhood Info<\/a><\/span><span style=\"Tahoma\",sans-serif;\">)<\/span><\/div>\n<div style=\"margin-bottom:0cm;margin-bottom:.0001pt;line-height:\nnormal\">\u00a0<\/div>\n<div style=\"margin-bottom:0cm;margin-bottom:.0001pt;line-height:\nnormal\"><b><span style=\"Tahoma\",sans-serif;\">Pour en savoir plus<\/span><\/b><\/div>\n<div style=\"margin-bottom:0cm;margin-bottom:.0001pt;line-height:\nnormal\">\u00a0<\/div>\n<div style=\"margin-bottom:0cm;margin-bottom:.0001pt;line-height:\nnormal\"><span style=\"Tahoma\",sans-serif;\"><a href=\"http:\/\/www.medculture.eu\/fr\/information\/press-releases\/tanger-accueille-un-atelier-regional-sur-le-plaidoyer-pour-la-culture\">Communiqu\u00e9 de presse\u00a0<\/a><\/span><\/div>\n<div style=\"margin-bottom:0cm;margin-bottom:.0001pt;line-height:\nnormal\"><span style=\"Tahoma\",sans-serif;\">\u00a0\u00a0<\/span><\/div>\n<div style=\"margin-bottom:0cm;margin-bottom:.0001pt;line-height:\nnormal\"><span style=\"Tahoma\",sans-serif;\">Med Culture\u00a0<\/span><span style=\"Tahoma\",sans-serif\"><a href=\"http:\/\/capacity4dev.ec.europa.eu\/medculture\/blogs\">site internet<\/a><\/span><span style=\"Tahoma\",sans-serif;\">\u00a0et\u00a0<\/span><span style=\"Tahoma\",sans-serif\"><a href=\"https:\/\/www.facebook.com\/MedCultureHub\">page Facebook<\/a><\/span><\/div>\n<div style=\"margin-bottom:0cm;margin-bottom:.0001pt;line-height:\nnormal\">\u00a0<\/div>\n<div style=\"margin-bottom:0cm;margin-bottom:.0001pt;line-height:\nnormal\"><span style=\"Tahoma\",sans-serif;\">M\u00e9dia et culture pour le d\u00e9veloppement dans le Sud de la M\u00e9diterran\u00e9e \u2013<\/span><span style=\"Tahoma\",sans-serif\"><a href=\"http:\/\/www.enpi-info.eu\/mainmed.php?id=487&#038;id_type=10&#038;lang_id=469\">fiche projet<\/a><\/span><\/div>\n<div style=\"margin-bottom:0cm;margin-bottom:.0001pt;line-height:\nnormal\">\u00a0<\/div>\n<div style=\"margin-bottom:0cm;margin-bottom:.0001pt;line-height:\nnormal\"><span style=\"Tahoma\",sans-serif\"><a href=\"http:\/\/www.enpi-info.eu\/join.php\"><b>Pour recevoir nos actualit\u00e9s<\/b><\/a><\/span><\/div>\n","protected":false},"featured_media":0,"parent":0,"template":"","news_category":[],"country":[],"special_action":[],"custom_tag":[],"class_list":["post-163652","news","type-news","status-publish","hentry"],"acf":[],"yoast_head":"<!-- This site is optimized with the Yoast SEO plugin v26.5 - https:\/\/yoast.com\/wordpress\/plugins\/seo\/ -->\n<title>Promouvoir le plaidoyer pour la culture : Med Culture organise un second atelier r\u00e9gional - Voisins de l&#039;UE<\/title>\n<meta name=\"robots\" content=\"index, follow, max-snippet:-1, max-image-preview:large, max-video-preview:-1\" \/>\n<link rel=\"canonical\" href=\"https:\/\/www.eumedbridge.eu\/fr\/news\/promouvoir-le-plaidoyer-pour-la-culture-med-culture-organise-un-second\/\" \/>\n<meta property=\"og:locale\" content=\"fr_FR\" \/>\n<meta property=\"og:type\" content=\"article\" \/>\n<meta property=\"og:title\" content=\"Promouvoir le plaidoyer pour la culture : Med Culture organise un second atelier r\u00e9gional - Voisins de l&#039;UE\" \/>\n<meta property=\"og:description\" content=\"L&rsquo;atelier poursuivra les travaux du 1er atelier qui s\u2019est tenu \u00e0 Beyrouth en avril 2016. Les participants feront le point sur ce qui a \u00e9t\u00e9 \u00e9tabli au cours du 1er atelier, \u00e0 savoir les objectifs, les messages et les groupes cibles de leurs actions de plaidoyer, et examinera les outils et les m\u00e9thodologies les plus [&hellip;]\" \/>\n<meta property=\"og:url\" content=\"https:\/\/www.eumedbridge.eu\/fr\/news\/promouvoir-le-plaidoyer-pour-la-culture-med-culture-organise-un-second\/\" \/>\n<meta property=\"og:site_name\" content=\"Voisins de l&#039;UE\" \/>\n<meta property=\"article:publisher\" content=\"https:\/\/www.facebook.com\/eumedbridge\/\" \/>\n<meta property=\"article:modified_time\" content=\"2022-07-08T13:30:29+00:00\" \/>\n<meta property=\"og:image\" content=\"https:\/\/www.eumedbridge.eu\/wp-content\/uploads\/2022\/03\/Med-Culture.jpg\" \/>\n\t<meta property=\"og:image:width\" content=\"500\" \/>\n\t<meta property=\"og:image:height\" content=\"272\" \/>\n\t<meta property=\"og:image:type\" content=\"image\/jpeg\" \/>\n<meta name=\"twitter:card\" content=\"summary_large_image\" \/>\n<meta name=\"twitter:site\" content=\"@eumedbridge\" \/>\n<script type=\"application\/ld+json\" class=\"yoast-schema-graph\">{\"@context\":\"https:\/\/schema.org\",\"@graph\":[{\"@type\":\"WebPage\",\"@id\":\"https:\/\/www.eumedbridge.eu\/fr\/news\/promouvoir-le-plaidoyer-pour-la-culture-med-culture-organise-un-second\/\",\"url\":\"https:\/\/www.eumedbridge.eu\/fr\/news\/promouvoir-le-plaidoyer-pour-la-culture-med-culture-organise-un-second\/\",\"name\":\"Promouvoir le plaidoyer pour la culture : Med Culture organise un second atelier r\u00e9gional - Voisins de l'UE\",\"isPartOf\":{\"@id\":\"https:\/\/www.eumedbridge.eu\/#website\"},\"datePublished\":\"2016-10-06T21:00:00+00:00\",\"dateModified\":\"2022-07-08T13:30:29+00:00\",\"breadcrumb\":{\"@id\":\"https:\/\/www.eumedbridge.eu\/fr\/news\/promouvoir-le-plaidoyer-pour-la-culture-med-culture-organise-un-second\/#breadcrumb\"},\"inLanguage\":\"fr-FR\",\"potentialAction\":[{\"@type\":\"ReadAction\",\"target\":[\"https:\/\/www.eumedbridge.eu\/fr\/news\/promouvoir-le-plaidoyer-pour-la-culture-med-culture-organise-un-second\/\"]}]},{\"@type\":\"BreadcrumbList\",\"@id\":\"https:\/\/www.eumedbridge.eu\/fr\/news\/promouvoir-le-plaidoyer-pour-la-culture-med-culture-organise-un-second\/#breadcrumb\",\"itemListElement\":[{\"@type\":\"ListItem\",\"position\":1,\"name\":\"Home\",\"item\":\"https:\/\/www.eumedbridge.eu\/fr\/home-page\/\"},{\"@type\":\"ListItem\",\"position\":2,\"name\":\"Actualit\u00e9s\",\"item\":\"https:\/\/www.eumedbridge.eu\/fr\/news\/\"},{\"@type\":\"ListItem\",\"position\":3,\"name\":\"Promouvoir le plaidoyer pour la culture : Med Culture organise un second atelier r\u00e9gional\"}]},{\"@type\":\"WebSite\",\"@id\":\"https:\/\/www.eumedbridge.eu\/#website\",\"url\":\"https:\/\/www.eumedbridge.eu\/\",\"name\":\"EU Medbridge\",\"description\":\"\",\"publisher\":{\"@id\":\"https:\/\/www.eumedbridge.eu\/#organization\"},\"potentialAction\":[{\"@type\":\"SearchAction\",\"target\":{\"@type\":\"EntryPoint\",\"urlTemplate\":\"https:\/\/www.eumedbridge.eu\/?s={search_term_string}\"},\"query-input\":{\"@type\":\"PropertyValueSpecification\",\"valueRequired\":true,\"valueName\":\"search_term_string\"}}],\"inLanguage\":\"fr-FR\"},{\"@type\":\"Organization\",\"@id\":\"https:\/\/www.eumedbridge.eu\/#organization\",\"name\":\"EU Medbridge\",\"url\":\"https:\/\/www.eumedbridge.eu\/\",\"logo\":{\"@type\":\"ImageObject\",\"inLanguage\":\"fr-FR\",\"@id\":\"https:\/\/www.eumedbridge.eu\/#\/schema\/logo\/image\/\",\"url\":\"https:\/\/www.eumedbridge.eu\/wp-content\/uploads\/2021\/12\/Logo.png\",\"contentUrl\":\"https:\/\/www.eumedbridge.eu\/wp-content\/uploads\/2021\/12\/Logo.png\",\"width\":325,\"height\":114,\"caption\":\"EU Medbridge\"},\"image\":{\"@id\":\"https:\/\/www.eumedbridge.eu\/#\/schema\/logo\/image\/\"},\"sameAs\":[\"https:\/\/www.facebook.com\/eumedbridge\/\",\"https:\/\/x.com\/eumedbridge\",\"https:\/\/www.linkedin.com\/company\/eumedbridge\",\"https:\/\/www.youtube.com\/@eumedbridge\",\"https:\/\/www.instagram.com\/eumedbridge\",\"https:\/\/www.flickr.com\/photos\/euneighbours-south\/\"]}]}<\/script>\n<!-- \/ Yoast SEO plugin. -->","yoast_head_json":{"title":"Promouvoir le plaidoyer pour la culture : Med Culture organise un second atelier r\u00e9gional - Voisins de l'UE","robots":{"index":"index","follow":"follow","max-snippet":"max-snippet:-1","max-image-preview":"max-image-preview:large","max-video-preview":"max-video-preview:-1"},"canonical":"https:\/\/www.eumedbridge.eu\/fr\/news\/promouvoir-le-plaidoyer-pour-la-culture-med-culture-organise-un-second\/","og_locale":"fr_FR","og_type":"article","og_title":"Promouvoir le plaidoyer pour la culture : Med Culture organise un second atelier r\u00e9gional - Voisins de l'UE","og_description":"L&rsquo;atelier poursuivra les travaux du 1er atelier qui s\u2019est tenu \u00e0 Beyrouth en avril 2016. Les participants feront le point sur ce qui a \u00e9t\u00e9 \u00e9tabli au cours du 1er atelier, \u00e0 savoir les objectifs, les messages et les groupes cibles de leurs actions de plaidoyer, et examinera les outils et les m\u00e9thodologies les plus [&hellip;]","og_url":"https:\/\/www.eumedbridge.eu\/fr\/news\/promouvoir-le-plaidoyer-pour-la-culture-med-culture-organise-un-second\/","og_site_name":"Voisins de l'UE","article_publisher":"https:\/\/www.facebook.com\/eumedbridge\/","article_modified_time":"2022-07-08T13:30:29+00:00","og_image":[{"width":500,"height":272,"url":"https:\/\/www.eumedbridge.eu\/wp-content\/uploads\/2022\/03\/Med-Culture.jpg","type":"image\/jpeg"}],"twitter_card":"summary_large_image","twitter_site":"@eumedbridge","schema":{"@context":"https:\/\/schema.org","@graph":[{"@type":"WebPage","@id":"https:\/\/www.eumedbridge.eu\/fr\/news\/promouvoir-le-plaidoyer-pour-la-culture-med-culture-organise-un-second\/","url":"https:\/\/www.eumedbridge.eu\/fr\/news\/promouvoir-le-plaidoyer-pour-la-culture-med-culture-organise-un-second\/","name":"Promouvoir le plaidoyer pour la culture : Med Culture organise un second atelier r\u00e9gional - Voisins de l'UE","isPartOf":{"@id":"https:\/\/www.eumedbridge.eu\/#website"},"datePublished":"2016-10-06T21:00:00+00:00","dateModified":"2022-07-08T13:30:29+00:00","breadcrumb":{"@id":"https:\/\/www.eumedbridge.eu\/fr\/news\/promouvoir-le-plaidoyer-pour-la-culture-med-culture-organise-un-second\/#breadcrumb"},"inLanguage":"fr-FR","potentialAction":[{"@type":"ReadAction","target":["https:\/\/www.eumedbridge.eu\/fr\/news\/promouvoir-le-plaidoyer-pour-la-culture-med-culture-organise-un-second\/"]}]},{"@type":"BreadcrumbList","@id":"https:\/\/www.eumedbridge.eu\/fr\/news\/promouvoir-le-plaidoyer-pour-la-culture-med-culture-organise-un-second\/#breadcrumb","itemListElement":[{"@type":"ListItem","position":1,"name":"Home","item":"https:\/\/www.eumedbridge.eu\/fr\/home-page\/"},{"@type":"ListItem","position":2,"name":"Actualit\u00e9s","item":"https:\/\/www.eumedbridge.eu\/fr\/news\/"},{"@type":"ListItem","position":3,"name":"Promouvoir le plaidoyer pour la culture : Med Culture organise un second atelier r\u00e9gional"}]},{"@type":"WebSite","@id":"https:\/\/www.eumedbridge.eu\/#website","url":"https:\/\/www.eumedbridge.eu\/","name":"EU Medbridge","description":"","publisher":{"@id":"https:\/\/www.eumedbridge.eu\/#organization"},"potentialAction":[{"@type":"SearchAction","target":{"@type":"EntryPoint","urlTemplate":"https:\/\/www.eumedbridge.eu\/?s={search_term_string}"},"query-input":{"@type":"PropertyValueSpecification","valueRequired":true,"valueName":"search_term_string"}}],"inLanguage":"fr-FR"},{"@type":"Organization","@id":"https:\/\/www.eumedbridge.eu\/#organization","name":"EU Medbridge","url":"https:\/\/www.eumedbridge.eu\/","logo":{"@type":"ImageObject","inLanguage":"fr-FR","@id":"https:\/\/www.eumedbridge.eu\/#\/schema\/logo\/image\/","url":"https:\/\/www.eumedbridge.eu\/wp-content\/uploads\/2021\/12\/Logo.png","contentUrl":"https:\/\/www.eumedbridge.eu\/wp-content\/uploads\/2021\/12\/Logo.png","width":325,"height":114,"caption":"EU Medbridge"},"image":{"@id":"https:\/\/www.eumedbridge.eu\/#\/schema\/logo\/image\/"},"sameAs":["https:\/\/www.facebook.com\/eumedbridge\/","https:\/\/x.com\/eumedbridge","https:\/\/www.linkedin.com\/company\/eumedbridge","https:\/\/www.youtube.com\/@eumedbridge","https:\/\/www.instagram.com\/eumedbridge","https:\/\/www.flickr.com\/photos\/euneighbours-south\/"]}]}},"_links":{"self":[{"href":"https:\/\/www.eumedbridge.eu\/fr\/wp-json\/wp\/v2\/news\/163652","targetHints":{"allow":["GET"]}}],"collection":[{"href":"https:\/\/www.eumedbridge.eu\/fr\/wp-json\/wp\/v2\/news"}],"about":[{"href":"https:\/\/www.eumedbridge.eu\/fr\/wp-json\/wp\/v2\/types\/news"}],"wp:attachment":[{"href":"https:\/\/www.eumedbridge.eu\/fr\/wp-json\/wp\/v2\/media?parent=163652"}],"wp:term":[{"taxonomy":"news_category","embeddable":true,"href":"https:\/\/www.eumedbridge.eu\/fr\/wp-json\/wp\/v2\/news_category?post=163652"},{"taxonomy":"country","embeddable":true,"href":"https:\/\/www.eumedbridge.eu\/fr\/wp-json\/wp\/v2\/country?post=163652"},{"taxonomy":"special_action","embeddable":true,"href":"https:\/\/www.eumedbridge.eu\/fr\/wp-json\/wp\/v2\/special_action?post=163652"},{"taxonomy":"custom_tag","embeddable":true,"href":"https:\/\/www.eumedbridge.eu\/fr\/wp-json\/wp\/v2\/custom_tag?post=163652"}],"curies":[{"name":"wp","href":"https:\/\/api.w.org\/{rel}","templated":true}]}}