{"id":163654,"date":"2016-10-06T00:00:00","date_gmt":"2016-10-05T21:00:00","guid":{"rendered":"http:\/\/south.euneighbours.eu\/news\/med-culture-lance-un-appel-a-participation-pour-des-ateliers-sur-lentreprenariat-culturel\/"},"modified":"2022-07-08T16:30:33","modified_gmt":"2022-07-08T13:30:33","slug":"med-culture-lance-un-appel-participation-pour-des-ateliers-sur","status":"publish","type":"news","link":"https:\/\/www.eumedbridge.eu\/fr\/news\/med-culture-lance-un-appel-participation-pour-des-ateliers-sur\/","title":{"rendered":"Med Culture lance un appel \u00e0 participation pour des ateliers sur l\u2019entreprenariat culturel"},"content":{"rendered":"<div style=\"margin-bottom: 0.0001pt; text-align: left;\">\u00a0Le programme financ\u00e9 par l\u2019UE Med Culture lance un\u00a0<span style=\"border: 1pt none windowtext; padding: 0cm;\">appel \u00e0 participation<\/span>\u00a0pour deux\u00a0<span style=\"border: 1pt none windowtext; padding: 0cm;\">ateliers<\/span>\u00a0Peer to Peer (P2P \u2013 entre pairs) sur le th\u00e8me \u00ab\u00a0<span style=\"border: 1pt none windowtext; padding: 0cm;\">Entreprenariat culturel\u00a0: Cr\u00e9ez votre propre mod\u00e8le d\u2019entreprise<\/span>\u00ab\u00a0. Le pr\u00e9sent appel invite les professionnels de la culture des pays partenaires du Sud de la M\u00e9diterran\u00e9e \u00e0 partager leurs exp\u00e9riences et \u00e0 enrichir leurs capacit\u00e9s tout en \u00e9changeant et en r\u00e9fl\u00e9chissant au th\u00e8me de l\u2019entreprenariat culturel.<\/div>\n<div style=\"margin-bottom: 0.0001pt;\">\u00a0<\/div>\n<div style=\"margin-bottom: 0.0001pt; vertical-align: baseline;\"><span style=\"Tahoma\",sans-serif;Times New Roman\";border:none windowtext 1.0pt;padding:0cm;\">La date limite de d\u00e9p\u00f4t des candidatures est fix\u00e9e au <b>21 Octobre 2016<\/b>.<\/span><\/div>\n<div style=\"margin-bottom: 0.0001pt; vertical-align: baseline;\">\u00a0<\/div>\n<div style=\"margin-bottom: 0.0001pt; vertical-align: baseline;\">L&rsquo;appel permettra de s\u00e9lectionner\u00a0<span style=\"border:none windowtext 1.0pt;padding:0cm\">20 op\u00e9rateurs culturels<\/span>des pays du Sud de la M\u00e9diterran\u00e9e, \u00e2g\u00e9s de\u00a0<span style=\"border:none windowtext 1.0pt;padding:0cm\">25<\/span>\u00a0\u00e0\u00a0<span style=\"border:none windowtext 1.0pt;\npadding:0cm\">45 ans<\/span>au moment de la candidature. <span style=\"border:none windowtext 1.0pt;\npadding:0cm\">Les candidats s\u00e9lectionn\u00e9s<b>\u00a0<\/b><\/span>participeront \u00e0 deux ateliers\u00a0:<\/div>\n<div style=\"margin: 0cm 0cm 0.0001pt; vertical-align: baseline;\"><span style=\"font-size:10.0pt;\">\u00b7<span style=\"font-stretch: normal; font-size: 7pt;\">\u00a0\u00a0\u00a0\u00a0\u00a0\u00a0 <\/span><\/span>Le premier atelier de trois jours aura lieu\u00a0<span style=\"border:none windowtext 1.0pt;\npadding:0cm\">\u00e0 Tunis du 17 au 19 d\u00e9cembre<\/span>\u00a0<span style=\"border:none windowtext 1.0pt;padding:0cm\">2016.<\/span><\/div>\n<div style=\"margin: 0cm 0cm 0.0001pt; vertical-align: baseline;\"><span style=\"font-size:10.0pt;\">\u00b7<span style=\"font-stretch: normal; font-size: 7pt;\">\u00a0\u00a0\u00a0\u00a0\u00a0\u00a0 <\/span><\/span>Le deuxi\u00e8me atelier aura lieu en f\u00e9vrier 2017 (le pays h\u00f4te est encore \u00e0 d\u00e9terminer)<\/div>\n<div style=\"margin-bottom: 0.0001pt;\">\u00a0<\/div>\n<div style=\"margin-bottom: 0.0001pt; vertical-align: baseline;\">La participation \u00e0 ces ateliers se fait par le biais d&rsquo;un appel ouvert \u00e0 candidature, afin d\u2019offrir au plus grand nombre l\u2019opportunit\u00e9 de prendre part \u00e0 ces initiatives de d\u00e9veloppement de capacit\u00e9. Les deux ateliers portant sur ce th\u00e8me exploreront les sp\u00e9cificit\u00e9s de l&rsquo;entrepreneuriat dans le domaine culturel et procureront aux participants les ressources n\u00e9cessaires pour repenser ou am\u00e9liorer leurs m\u00e9thodes de travail.<\/div>\n<div style=\"margin-bottom: 0.0001pt; vertical-align: baseline;\">\u00a0<\/div>\n<div style=\"margin-bottom: 0.0001pt; vertical-align: baseline;\">Les deux ateliers traiteront d\u2019un certain nombre de sujets, tel que les mod\u00e8les de conception de l\u2019entreprenariat, la mobilit\u00e9 des entrepreneurs, la viabilit\u00e9 financi\u00e8re, la durabilit\u00e9 et les techniques de marketing. Ils ont pour objectif de permettre aux participants d\u2019\u00eatre plus conscients de leurs forces et faiblesses en termes de dynamiques entrepreneuriales et de les encourager \u00e0 cr\u00e9er leur propre mod\u00e8le d\u2019entreprise, con\u00e7u sur mesure.<\/div>\n<div style=\"margin-bottom: 0.0001pt; vertical-align: baseline;\">\u00a0<\/div>\n<div style=\"margin-bottom: 0.0001pt; vertical-align: baseline;\">Les r\u00e9sultats seront annonc\u00e9s le<b>\u00a0<\/b><span style=\"border:none windowtext 1.0pt;\npadding:0cm\">10 novembre 2016<b>.<\/b><\/span> Les candidats s\u00e9lectionn\u00e9s seront inform\u00e9s par email.<\/div>\n<div style=\"margin-bottom: 0.0001pt; vertical-align: baseline;\">\u00a0<\/div>\n<div style=\"margin-bottom: 0.0001pt;\"><b><span style=\"font-size: 10.5pt; background-image: initial; background-attachment: initial; background-size: initial; background-origin: initial; background-clip: initial; background-position: initial; background-repeat: initial;\">Med Culture<\/span><\/b><span style=\"font-size: 10.5pt; background-image: initial; background-attachment: initial; background-size: initial; background-origin: initial; background-clip: initial; background-position: initial; background-repeat: initial;\">\u00a0est un programme financ\u00e9 par l\u2019Union europ\u00e9enne lanc\u00e9 en F\u00e9vrier 2014 pour accompagner la cr\u00e9ation d\u2019un environnement institutionnel et social propice \u00e0 la culture en tant que vecteur de la libert\u00e9 d\u2019expression et du d\u00e9veloppement durable. Cela se traduira par le renforcement des capacit\u00e9s des secteurs culturels public et priv\u00e9 comme vecteurs de d\u00e9mocratisation, de d\u00e9veloppement \u00e9conomique et social des soci\u00e9t\u00e9s du Sud de la M\u00e9diterran\u00e9e.<\/span><\/div>\n<div style=\"margin-bottom: 0.0001pt;\">\u00a0<\/div>\n<div style=\"margin-bottom: 0.0001pt;\"><b><span style=\"font-size: 10.5pt;\">Med Culture\u00a0<\/span><\/b><span style=\"font-size: 10.5pt;\">fait partie du programme r\u00e9gional\u00a0<b>M\u00e9dias et culture pour le d\u00e9veloppement dans le sud de la M\u00e9diterran\u00e9e.\u00a0<\/b>Il<b>\u00a0<\/b>a \u00e9t\u00e9 affect\u00e9 d&rsquo;un budget total de 17 millions d&rsquo;euros sur une p\u00e9riode de quatre ans, dont 9 millions d&rsquo;euros\u00a0 pour l&rsquo;octroi de subventions sur une base de co-financement, et 8 millions d&rsquo;euros pour un m\u00e9canisme de renforcement des capacit\u00e9s des\u00a0m\u00e9dias (MedMedia) et un m\u00e9canisme de renforcement des capacit\u00e9s en mati\u00e8re de culture (MedCulture). (<\/span><a href=\"http:\/\/www.enpi-info.eu\/\"><span style=\"font-size:10.5pt;Tahoma\",sans-serif;Times New Roman\";color:#AD966A;\">EU Neighbourhood Info<\/span><\/a><span style=\"font-size: 10.5pt;\">)<\/span><\/div>\n<div style=\"margin-bottom: 0.0001pt;\">\u00a0<\/div>\n<div style=\"margin-bottom: 0.0001pt;\"><b><span style=\"font-size: 10.5pt;\">Pour en savoir plus<\/span><\/b><\/div>\n<div style=\"margin-bottom: 0.0001pt;\">\u00a0<\/div>\n<div style=\"margin-bottom: 0.0001pt;\"><a href=\"http:\/\/www.medculture.eu\/information\/news\/open-call-participation-two-med-culture-capacity-development-workshops-cultural\"><span style=\"font-size:10.5pt;Tahoma\",sans-serif;Times New Roman\";\">Communiqu\u00e9 de presse\u00a0<\/span><\/a><\/div>\n<div style=\"margin-bottom: 0.0001pt;\"><span style=\"font-size: 10.5pt;\">\u00a0\u00a0<\/span><\/div>\n<div style=\"margin-bottom: 0.0001pt;\"><span style=\"font-size: 10.5pt;\">Med Culture\u00a0<\/span><a href=\"http:\/\/capacity4dev.ec.europa.eu\/medculture\/blogs\"><span style=\"font-size:10.5pt;Tahoma\",sans-serif;Times New Roman\";color:#AD966A;\">site internet<\/span><\/a><span style=\"font-size: 10.5pt;\">\u00a0et\u00a0<\/span><a href=\"https:\/\/www.facebook.com\/MedCultureHub\"><span style=\"font-size:10.5pt;Tahoma\",sans-serif;Times New Roman\";\ncolor:#AD966A;\">page Facebook<\/span><\/a><\/div>\n<div style=\"margin-bottom: 0.0001pt;\">\u00a0<\/div>\n<div style=\"margin-bottom: 0.0001pt;\"><span style=\"font-size: 10.5pt;\">M\u00e9dia et culture pour le d\u00e9veloppement dans le Sud de la M\u00e9diterran\u00e9e \u2013<\/span><a href=\"http:\/\/www.enpi-info.eu\/mainmed.php?id=487&#038;id_type=10&#038;lang_id=469\"><span style=\"font-size:10.5pt;Tahoma\",sans-serif;Times New Roman\";color:#AD966A;\">fiche projet<\/span><\/a><\/div>\n<div style=\"margin-bottom: 0.0001pt;\">\u00a0<\/div>\n<div style=\"margin-bottom: 0.0001pt;\"><a href=\"http:\/\/www.enpi-info.eu\/join.php\"><b><span style=\"font-size:\n10.5pt;Tahoma\",sans-serif;Times New Roman\";\ncolor:#AD966A;\">Pour recevoir nos actualit\u00e9s<\/span><\/b><\/a><\/div>\n","protected":false},"featured_media":0,"parent":0,"template":"","news_category":[],"country":[],"special_action":[],"custom_tag":[],"class_list":["post-163654","news","type-news","status-publish","hentry"],"acf":[],"yoast_head":"<!-- This site is optimized with the Yoast SEO plugin v26.5 - https:\/\/yoast.com\/wordpress\/plugins\/seo\/ -->\n<title>Med Culture lance un appel \u00e0 participation pour des ateliers sur l\u2019entreprenariat culturel - Voisins de l&#039;UE<\/title>\n<meta name=\"robots\" content=\"index, follow, max-snippet:-1, max-image-preview:large, max-video-preview:-1\" \/>\n<link rel=\"canonical\" href=\"https:\/\/www.eumedbridge.eu\/fr\/news\/med-culture-lance-un-appel-participation-pour-des-ateliers-sur\/\" \/>\n<meta property=\"og:locale\" content=\"fr_FR\" \/>\n<meta property=\"og:type\" content=\"article\" \/>\n<meta property=\"og:title\" content=\"Med Culture lance un appel \u00e0 participation pour des ateliers sur l\u2019entreprenariat culturel - Voisins de l&#039;UE\" \/>\n<meta property=\"og:description\" content=\"\u00a0Le programme financ\u00e9 par l\u2019UE Med Culture lance un\u00a0appel \u00e0 participation\u00a0pour deux\u00a0ateliers\u00a0Peer to Peer (P2P \u2013 entre pairs) sur le th\u00e8me \u00ab\u00a0Entreprenariat culturel\u00a0: Cr\u00e9ez votre propre mod\u00e8le d\u2019entreprise\u00ab\u00a0. Le pr\u00e9sent appel invite les professionnels de la culture des pays partenaires du Sud de la M\u00e9diterran\u00e9e \u00e0 partager leurs exp\u00e9riences et \u00e0 enrichir leurs capacit\u00e9s tout [&hellip;]\" \/>\n<meta property=\"og:url\" content=\"https:\/\/www.eumedbridge.eu\/fr\/news\/med-culture-lance-un-appel-participation-pour-des-ateliers-sur\/\" \/>\n<meta property=\"og:site_name\" content=\"Voisins de l&#039;UE\" \/>\n<meta property=\"article:publisher\" content=\"https:\/\/www.facebook.com\/eumedbridge\/\" \/>\n<meta property=\"article:modified_time\" content=\"2022-07-08T13:30:33+00:00\" \/>\n<meta property=\"og:image\" content=\"https:\/\/www.eumedbridge.eu\/wp-content\/uploads\/2022\/03\/dsc_0437.jpg\" \/>\n\t<meta property=\"og:image:width\" content=\"500\" \/>\n\t<meta property=\"og:image:height\" content=\"274\" \/>\n\t<meta property=\"og:image:type\" content=\"image\/jpeg\" \/>\n<meta name=\"twitter:card\" content=\"summary_large_image\" \/>\n<meta name=\"twitter:site\" content=\"@eumedbridge\" \/>\n<meta name=\"twitter:label1\" content=\"Dur\u00e9e de lecture estim\u00e9e\" \/>\n\t<meta name=\"twitter:data1\" content=\"3 minutes\" \/>\n<script type=\"application\/ld+json\" class=\"yoast-schema-graph\">{\"@context\":\"https:\/\/schema.org\",\"@graph\":[{\"@type\":\"WebPage\",\"@id\":\"https:\/\/www.eumedbridge.eu\/fr\/news\/med-culture-lance-un-appel-participation-pour-des-ateliers-sur\/\",\"url\":\"https:\/\/www.eumedbridge.eu\/fr\/news\/med-culture-lance-un-appel-participation-pour-des-ateliers-sur\/\",\"name\":\"Med Culture lance un appel \u00e0 participation pour des ateliers sur l\u2019entreprenariat culturel - Voisins de l'UE\",\"isPartOf\":{\"@id\":\"https:\/\/www.eumedbridge.eu\/#website\"},\"datePublished\":\"2016-10-05T21:00:00+00:00\",\"dateModified\":\"2022-07-08T13:30:33+00:00\",\"breadcrumb\":{\"@id\":\"https:\/\/www.eumedbridge.eu\/fr\/news\/med-culture-lance-un-appel-participation-pour-des-ateliers-sur\/#breadcrumb\"},\"inLanguage\":\"fr-FR\",\"potentialAction\":[{\"@type\":\"ReadAction\",\"target\":[\"https:\/\/www.eumedbridge.eu\/fr\/news\/med-culture-lance-un-appel-participation-pour-des-ateliers-sur\/\"]}]},{\"@type\":\"BreadcrumbList\",\"@id\":\"https:\/\/www.eumedbridge.eu\/fr\/news\/med-culture-lance-un-appel-participation-pour-des-ateliers-sur\/#breadcrumb\",\"itemListElement\":[{\"@type\":\"ListItem\",\"position\":1,\"name\":\"Home\",\"item\":\"https:\/\/www.eumedbridge.eu\/fr\/home-page\/\"},{\"@type\":\"ListItem\",\"position\":2,\"name\":\"Actualit\u00e9s\",\"item\":\"https:\/\/www.eumedbridge.eu\/fr\/news\/\"},{\"@type\":\"ListItem\",\"position\":3,\"name\":\"Med Culture lance un appel \u00e0 participation pour des ateliers sur l\u2019entreprenariat culturel\"}]},{\"@type\":\"WebSite\",\"@id\":\"https:\/\/www.eumedbridge.eu\/#website\",\"url\":\"https:\/\/www.eumedbridge.eu\/\",\"name\":\"EU Medbridge\",\"description\":\"\",\"publisher\":{\"@id\":\"https:\/\/www.eumedbridge.eu\/#organization\"},\"potentialAction\":[{\"@type\":\"SearchAction\",\"target\":{\"@type\":\"EntryPoint\",\"urlTemplate\":\"https:\/\/www.eumedbridge.eu\/?s={search_term_string}\"},\"query-input\":{\"@type\":\"PropertyValueSpecification\",\"valueRequired\":true,\"valueName\":\"search_term_string\"}}],\"inLanguage\":\"fr-FR\"},{\"@type\":\"Organization\",\"@id\":\"https:\/\/www.eumedbridge.eu\/#organization\",\"name\":\"EU Medbridge\",\"url\":\"https:\/\/www.eumedbridge.eu\/\",\"logo\":{\"@type\":\"ImageObject\",\"inLanguage\":\"fr-FR\",\"@id\":\"https:\/\/www.eumedbridge.eu\/#\/schema\/logo\/image\/\",\"url\":\"https:\/\/www.eumedbridge.eu\/wp-content\/uploads\/2021\/12\/Logo.png\",\"contentUrl\":\"https:\/\/www.eumedbridge.eu\/wp-content\/uploads\/2021\/12\/Logo.png\",\"width\":325,\"height\":114,\"caption\":\"EU Medbridge\"},\"image\":{\"@id\":\"https:\/\/www.eumedbridge.eu\/#\/schema\/logo\/image\/\"},\"sameAs\":[\"https:\/\/www.facebook.com\/eumedbridge\/\",\"https:\/\/x.com\/eumedbridge\",\"https:\/\/www.linkedin.com\/company\/eumedbridge\",\"https:\/\/www.youtube.com\/@eumedbridge\",\"https:\/\/www.instagram.com\/eumedbridge\",\"https:\/\/www.flickr.com\/photos\/euneighbours-south\/\"]}]}<\/script>\n<!-- \/ Yoast SEO plugin. -->","yoast_head_json":{"title":"Med Culture lance un appel \u00e0 participation pour des ateliers sur l\u2019entreprenariat culturel - Voisins de l'UE","robots":{"index":"index","follow":"follow","max-snippet":"max-snippet:-1","max-image-preview":"max-image-preview:large","max-video-preview":"max-video-preview:-1"},"canonical":"https:\/\/www.eumedbridge.eu\/fr\/news\/med-culture-lance-un-appel-participation-pour-des-ateliers-sur\/","og_locale":"fr_FR","og_type":"article","og_title":"Med Culture lance un appel \u00e0 participation pour des ateliers sur l\u2019entreprenariat culturel - Voisins de l'UE","og_description":"\u00a0Le programme financ\u00e9 par l\u2019UE Med Culture lance un\u00a0appel \u00e0 participation\u00a0pour deux\u00a0ateliers\u00a0Peer to Peer (P2P \u2013 entre pairs) sur le th\u00e8me \u00ab\u00a0Entreprenariat culturel\u00a0: Cr\u00e9ez votre propre mod\u00e8le d\u2019entreprise\u00ab\u00a0. Le pr\u00e9sent appel invite les professionnels de la culture des pays partenaires du Sud de la M\u00e9diterran\u00e9e \u00e0 partager leurs exp\u00e9riences et \u00e0 enrichir leurs capacit\u00e9s tout [&hellip;]","og_url":"https:\/\/www.eumedbridge.eu\/fr\/news\/med-culture-lance-un-appel-participation-pour-des-ateliers-sur\/","og_site_name":"Voisins de l'UE","article_publisher":"https:\/\/www.facebook.com\/eumedbridge\/","article_modified_time":"2022-07-08T13:30:33+00:00","og_image":[{"width":500,"height":274,"url":"https:\/\/www.eumedbridge.eu\/wp-content\/uploads\/2022\/03\/dsc_0437.jpg","type":"image\/jpeg"}],"twitter_card":"summary_large_image","twitter_site":"@eumedbridge","twitter_misc":{"Dur\u00e9e de lecture estim\u00e9e":"3 minutes"},"schema":{"@context":"https:\/\/schema.org","@graph":[{"@type":"WebPage","@id":"https:\/\/www.eumedbridge.eu\/fr\/news\/med-culture-lance-un-appel-participation-pour-des-ateliers-sur\/","url":"https:\/\/www.eumedbridge.eu\/fr\/news\/med-culture-lance-un-appel-participation-pour-des-ateliers-sur\/","name":"Med Culture lance un appel \u00e0 participation pour des ateliers sur l\u2019entreprenariat culturel - Voisins de l'UE","isPartOf":{"@id":"https:\/\/www.eumedbridge.eu\/#website"},"datePublished":"2016-10-05T21:00:00+00:00","dateModified":"2022-07-08T13:30:33+00:00","breadcrumb":{"@id":"https:\/\/www.eumedbridge.eu\/fr\/news\/med-culture-lance-un-appel-participation-pour-des-ateliers-sur\/#breadcrumb"},"inLanguage":"fr-FR","potentialAction":[{"@type":"ReadAction","target":["https:\/\/www.eumedbridge.eu\/fr\/news\/med-culture-lance-un-appel-participation-pour-des-ateliers-sur\/"]}]},{"@type":"BreadcrumbList","@id":"https:\/\/www.eumedbridge.eu\/fr\/news\/med-culture-lance-un-appel-participation-pour-des-ateliers-sur\/#breadcrumb","itemListElement":[{"@type":"ListItem","position":1,"name":"Home","item":"https:\/\/www.eumedbridge.eu\/fr\/home-page\/"},{"@type":"ListItem","position":2,"name":"Actualit\u00e9s","item":"https:\/\/www.eumedbridge.eu\/fr\/news\/"},{"@type":"ListItem","position":3,"name":"Med Culture lance un appel \u00e0 participation pour des ateliers sur l\u2019entreprenariat culturel"}]},{"@type":"WebSite","@id":"https:\/\/www.eumedbridge.eu\/#website","url":"https:\/\/www.eumedbridge.eu\/","name":"EU Medbridge","description":"","publisher":{"@id":"https:\/\/www.eumedbridge.eu\/#organization"},"potentialAction":[{"@type":"SearchAction","target":{"@type":"EntryPoint","urlTemplate":"https:\/\/www.eumedbridge.eu\/?s={search_term_string}"},"query-input":{"@type":"PropertyValueSpecification","valueRequired":true,"valueName":"search_term_string"}}],"inLanguage":"fr-FR"},{"@type":"Organization","@id":"https:\/\/www.eumedbridge.eu\/#organization","name":"EU Medbridge","url":"https:\/\/www.eumedbridge.eu\/","logo":{"@type":"ImageObject","inLanguage":"fr-FR","@id":"https:\/\/www.eumedbridge.eu\/#\/schema\/logo\/image\/","url":"https:\/\/www.eumedbridge.eu\/wp-content\/uploads\/2021\/12\/Logo.png","contentUrl":"https:\/\/www.eumedbridge.eu\/wp-content\/uploads\/2021\/12\/Logo.png","width":325,"height":114,"caption":"EU Medbridge"},"image":{"@id":"https:\/\/www.eumedbridge.eu\/#\/schema\/logo\/image\/"},"sameAs":["https:\/\/www.facebook.com\/eumedbridge\/","https:\/\/x.com\/eumedbridge","https:\/\/www.linkedin.com\/company\/eumedbridge","https:\/\/www.youtube.com\/@eumedbridge","https:\/\/www.instagram.com\/eumedbridge","https:\/\/www.flickr.com\/photos\/euneighbours-south\/"]}]}},"_links":{"self":[{"href":"https:\/\/www.eumedbridge.eu\/fr\/wp-json\/wp\/v2\/news\/163654","targetHints":{"allow":["GET"]}}],"collection":[{"href":"https:\/\/www.eumedbridge.eu\/fr\/wp-json\/wp\/v2\/news"}],"about":[{"href":"https:\/\/www.eumedbridge.eu\/fr\/wp-json\/wp\/v2\/types\/news"}],"wp:attachment":[{"href":"https:\/\/www.eumedbridge.eu\/fr\/wp-json\/wp\/v2\/media?parent=163654"}],"wp:term":[{"taxonomy":"news_category","embeddable":true,"href":"https:\/\/www.eumedbridge.eu\/fr\/wp-json\/wp\/v2\/news_category?post=163654"},{"taxonomy":"country","embeddable":true,"href":"https:\/\/www.eumedbridge.eu\/fr\/wp-json\/wp\/v2\/country?post=163654"},{"taxonomy":"special_action","embeddable":true,"href":"https:\/\/www.eumedbridge.eu\/fr\/wp-json\/wp\/v2\/special_action?post=163654"},{"taxonomy":"custom_tag","embeddable":true,"href":"https:\/\/www.eumedbridge.eu\/fr\/wp-json\/wp\/v2\/custom_tag?post=163654"}],"curies":[{"name":"wp","href":"https:\/\/api.w.org\/{rel}","templated":true}]}}