{"id":163658,"date":"2016-10-03T00:00:00","date_gmt":"2016-10-02T21:00:00","guid":{"rendered":"http:\/\/south.euneighbours.eu\/news\/syrie-lue-lance-une-initiative-humanitaire-durgence-pour-alep\/"},"modified":"2022-07-08T16:30:42","modified_gmt":"2022-07-08T13:30:42","slug":"syrie-lue-lance-une-initiative-humanitaire-durgence-pour-alep","status":"publish","type":"news","link":"https:\/\/www.eumedbridge.eu\/fr\/news\/syrie-lue-lance-une-initiative-humanitaire-durgence-pour-alep\/","title":{"rendered":"Syrie : l\u2019UE lance une initiative humanitaire d\u2019urgence pour Alep"},"content":{"rendered":"<p>\u00a0L\u2019UE a annonc\u00e9 dimanche qu\u2019elle lan\u00e7ait une initiative humanitaire d\u2019urgence pour Alep <i>\u00ab\u00a0visant \u00e0 permettre aux organisations humanitaires de faire leur travail et aux civils d\u2019\u00eatre secourus et prot\u00e9g\u00e9s.\u00a0\u00bb<\/i> Dans un communiqu\u00e9 de sa Haute repr\u00e9sentante pour les affaires \u00e9trang\u00e8res, Federica\u00a0Mogherini, et du commissaire \u00e0 l\u2019aide humanitaire et la gestion des crises, Christos\u00a0Stylianides, l\u2019UE a appel\u00e9 toutes les parties au conflit \u00e0 soutenir et \u00e0 faciliter cette initiative.<\/p>\n<div style=\"margin-bottom: 0.0001pt;\">\u00a0<\/div>\n<div style=\"margin-bottom: 0.0001pt;\">L\u2019initiative, prise en coop\u00e9ration avec l\u2019ONU, consiste en deux \u00e9l\u00e9ments principaux\u00a0:<\/div>\n<div style=\"margin-bottom: 0.0001pt;\">\u00a0<\/div>\n<div style=\"margin-bottom: 0.0001pt;\">&#8211; Faciliter l\u2019acheminement d\u2019urgence de l\u2019aide vitale de base aux civils dans l\u2019est d\u2019Alep afin de r\u00e9pondre aux besoins m\u00e9dicaux, alimentaires et en eau. Un convoi d\u2019aide interagences est pr\u00eat \u00e0 se d\u00e9placer de l\u2019ouest vers l\u2019est d\u2019Alep en puisant dans les stocks pr\u00e9positionn\u00e9s, ce qui est rendu possible \u00e9galement gr\u00e2ce \u00e0 un financement d\u2019intervention de premi\u00e8re ligne de l\u2019UE. Ce convoi peut apporter de l\u2019aide \u00e0 un maximum de 130\u00a0000\u00a0personnes.<\/div>\n<div style=\"margin-bottom: 0.0001pt;\">\u00a0<\/div>\n<div style=\"margin-bottom: 0.0001pt;\">&#8211; En parall\u00e8le et dans le m\u00eame temps, assurer les \u00e9vacuations m\u00e9dicales des bless\u00e9s et des malades d\u2019Alep-Est qui n\u00e9cessitent des soins m\u00e9dicaux de toute urgence, en accordant la priorit\u00e9 aux femmes, aux enfants et aux personnes \u00e2g\u00e9es.<\/div>\n<div style=\"margin-bottom: 0.0001pt;\">\u00a0<\/div>\n<div style=\"margin-bottom: 0.0001pt;\">L\u2019UE appelle toutes les parties \u00e0 fournir d\u2019urgence les autorisations n\u00e9cessaires pour proc\u00e9der \u00e0 l\u2019acheminement de l\u2019aide et aux \u00e9vacuations m\u00e9dicales. Elle affirme \u00eatre pr\u00eate \u00e0 faciliter et appuyer l\u2019\u00e9vacuation et l\u2019orientation des patients vers les installations m\u00e9dicales ad\u00e9quates dans la r\u00e9gion et, si n\u00e9cessaire, en Europe pour prodiguer des soins m\u00e9dicaux sp\u00e9cialis\u00e9s non disponibles dans la r\u00e9gion.<\/div>\n<div style=\"margin-bottom: 0.0001pt;\">\u00a0<\/div>\n<div style=\"margin-bottom: 0.0001pt;\">L\u2019UE mobilise \u00e9galement un programme d\u2019aide d\u2019urgence de 25\u00a0millions d\u2019euros pour soutenir et intensifier l\u2019intervention de premi\u00e8re ligne de ses partenaires humanitaires en vue de couvrir l\u2019aide m\u00e9dicale, alimentaire, en eau et l\u2019assainissement d\u2019urgence \u00e0 Alep et dans d\u2019autres r\u00e9gions prioritaires \u00e0 travers le pays. (<a href=\"http:\/\/www.enpi-info.eu\/\"><span style=\"Tahoma\",sans-serif;Times New Roman\";color:#AD966A\">EU Neighbourhood Info<\/span><\/a>)<\/div>\n<div style=\"margin-bottom: 0.0001pt;\">\u00a0<\/div>\n<div style=\"margin-bottom: 0.0001pt;\"><b>Pour en savoir plus<\/b><\/div>\n<div style=\"margin-bottom: 0.0001pt;\">\u00a0<\/div>\n<div style=\"margin-bottom: 0.0001pt;\"><a href=\"http:\/\/eeas.europa.eu\/headquarters\/headquarters-homepage\/10873\/an-emergency-humanitarian-initiative-for-aleppo_en\">D\u00e9claration<\/a><\/div>\n<div style=\"margin-bottom: 0.0001pt;\">\u00a0<\/div>\n<div style=\"margin-bottom: 0.0001pt;\">EU Neighbourhood Info Centre &#8211; <a href=\"http:\/\/www.euneighbours.eu\/mainmed.php?id=46644&#038;id_type=1&#038;lang_id=469\">Syrie : le commissaire Stylianides appelle \u00e0 un acc\u00e8s s\u00e9curis\u00e9 de l\u2019aide humanitaire \u00e0 Alep<\/a> (29-09-2016)<\/div>\n<div style=\"margin-bottom: 0.0001pt;\">\u00a0<\/div>\n<div style=\"margin-bottom: 0.0001pt;\"><a href=\"http:\/\/eeas.europa.eu\/syria\/\">Les relations de l\u2019UE avec la Syrie<\/a><\/div>\n<div style=\"margin-bottom: 0.0001pt;\">\u00a0<\/div>\n<div style=\"margin-bottom: 0.0001pt;\">Commission europ\u00e9enne &#8211;\u00a0<a href=\"http:\/\/eeas.europa.eu\/statements\/docs\/2013\/131018_01_en.pdf\">Fiche d&rsquo;information sur l&rsquo;Union europ\u00e9enne et la Syrie\u00a0<\/a><\/div>\n<div style=\"margin-bottom: 0.0001pt;\">\u00a0<\/div>\n<div style=\"margin-bottom: 0.0001pt;\">Aide humanitaire et protection civile de la Commission europ\u00e9enne \u2013\u00a0<a href=\"http:\/\/ec.europa.eu\/echo\/files\/aid\/countries\/factsheets\/syria_en.pdf\">Fiche d\u2019information sur la crise syrienne<\/a><\/div>\n<div style=\"margin-bottom: 0.0001pt;\">\u00a0<\/div>\n<div style=\"margin-bottom: 0.0001pt;\"><a href=\"http:\/\/www.enpi-info.eu\/join.php\"><b>Abonnez-vous<\/b><\/a><\/div>\n<div style=\"margin-bottom: 0.0001pt;\"><b>\u00a0<\/b><\/div>\n","protected":false},"featured_media":0,"parent":0,"template":"","news_category":[],"country":[2029],"special_action":[],"custom_tag":[],"class_list":["post-163658","news","type-news","status-publish","hentry","country-syrie"],"acf":[],"yoast_head":"<!-- This site is optimized with the Yoast SEO plugin v26.5 - https:\/\/yoast.com\/wordpress\/plugins\/seo\/ -->\n<title>Syrie : l\u2019UE lance une initiative humanitaire d\u2019urgence pour Alep - Voisins de l&#039;UE<\/title>\n<meta name=\"robots\" content=\"index, follow, max-snippet:-1, max-image-preview:large, max-video-preview:-1\" \/>\n<link rel=\"canonical\" href=\"https:\/\/www.eumedbridge.eu\/fr\/news\/syrie-lue-lance-une-initiative-humanitaire-durgence-pour-alep\/\" \/>\n<meta property=\"og:locale\" content=\"fr_FR\" \/>\n<meta property=\"og:type\" content=\"article\" \/>\n<meta property=\"og:title\" content=\"Syrie : l\u2019UE lance une initiative humanitaire d\u2019urgence pour Alep - Voisins de l&#039;UE\" \/>\n<meta property=\"og:description\" content=\"\u00a0L\u2019UE a annonc\u00e9 dimanche qu\u2019elle lan\u00e7ait une initiative humanitaire d\u2019urgence pour Alep \u00ab\u00a0visant \u00e0 permettre aux organisations humanitaires de faire leur travail et aux civils d\u2019\u00eatre secourus et prot\u00e9g\u00e9s.\u00a0\u00bb Dans un communiqu\u00e9 de sa Haute repr\u00e9sentante pour les affaires \u00e9trang\u00e8res, Federica\u00a0Mogherini, et du commissaire \u00e0 l\u2019aide humanitaire et la gestion des crises, Christos\u00a0Stylianides, l\u2019UE a [&hellip;]\" \/>\n<meta property=\"og:url\" content=\"https:\/\/www.eumedbridge.eu\/fr\/news\/syrie-lue-lance-une-initiative-humanitaire-durgence-pour-alep\/\" \/>\n<meta property=\"og:site_name\" content=\"Voisins de l&#039;UE\" \/>\n<meta property=\"article:publisher\" content=\"https:\/\/www.facebook.com\/eumedbridge\/\" \/>\n<meta property=\"article:modified_time\" content=\"2022-07-08T13:30:42+00:00\" \/>\n<meta property=\"og:image\" content=\"https:\/\/www.eumedbridge.eu\/wp-content\/uploads\/2022\/03\/P032347000402-573074.jpg\" \/>\n\t<meta property=\"og:image:width\" content=\"500\" \/>\n\t<meta property=\"og:image:height\" content=\"332\" \/>\n\t<meta property=\"og:image:type\" content=\"image\/jpeg\" \/>\n<meta name=\"twitter:card\" content=\"summary_large_image\" \/>\n<meta name=\"twitter:site\" content=\"@eumedbridge\" \/>\n<meta name=\"twitter:label1\" content=\"Dur\u00e9e de lecture estim\u00e9e\" \/>\n\t<meta name=\"twitter:data1\" content=\"2 minutes\" \/>\n<script type=\"application\/ld+json\" class=\"yoast-schema-graph\">{\"@context\":\"https:\/\/schema.org\",\"@graph\":[{\"@type\":\"WebPage\",\"@id\":\"https:\/\/www.eumedbridge.eu\/fr\/news\/syrie-lue-lance-une-initiative-humanitaire-durgence-pour-alep\/\",\"url\":\"https:\/\/www.eumedbridge.eu\/fr\/news\/syrie-lue-lance-une-initiative-humanitaire-durgence-pour-alep\/\",\"name\":\"Syrie : l\u2019UE lance une initiative humanitaire d\u2019urgence pour Alep - Voisins de l'UE\",\"isPartOf\":{\"@id\":\"https:\/\/www.eumedbridge.eu\/#website\"},\"datePublished\":\"2016-10-02T21:00:00+00:00\",\"dateModified\":\"2022-07-08T13:30:42+00:00\",\"breadcrumb\":{\"@id\":\"https:\/\/www.eumedbridge.eu\/fr\/news\/syrie-lue-lance-une-initiative-humanitaire-durgence-pour-alep\/#breadcrumb\"},\"inLanguage\":\"fr-FR\",\"potentialAction\":[{\"@type\":\"ReadAction\",\"target\":[\"https:\/\/www.eumedbridge.eu\/fr\/news\/syrie-lue-lance-une-initiative-humanitaire-durgence-pour-alep\/\"]}]},{\"@type\":\"BreadcrumbList\",\"@id\":\"https:\/\/www.eumedbridge.eu\/fr\/news\/syrie-lue-lance-une-initiative-humanitaire-durgence-pour-alep\/#breadcrumb\",\"itemListElement\":[{\"@type\":\"ListItem\",\"position\":1,\"name\":\"Home\",\"item\":\"https:\/\/www.eumedbridge.eu\/fr\/home-page\/\"},{\"@type\":\"ListItem\",\"position\":2,\"name\":\"Actualit\u00e9s\",\"item\":\"https:\/\/www.eumedbridge.eu\/fr\/news\/\"},{\"@type\":\"ListItem\",\"position\":3,\"name\":\"Syrie : l\u2019UE lance une initiative humanitaire d\u2019urgence pour Alep\"}]},{\"@type\":\"WebSite\",\"@id\":\"https:\/\/www.eumedbridge.eu\/#website\",\"url\":\"https:\/\/www.eumedbridge.eu\/\",\"name\":\"EU Medbridge\",\"description\":\"\",\"publisher\":{\"@id\":\"https:\/\/www.eumedbridge.eu\/#organization\"},\"potentialAction\":[{\"@type\":\"SearchAction\",\"target\":{\"@type\":\"EntryPoint\",\"urlTemplate\":\"https:\/\/www.eumedbridge.eu\/?s={search_term_string}\"},\"query-input\":{\"@type\":\"PropertyValueSpecification\",\"valueRequired\":true,\"valueName\":\"search_term_string\"}}],\"inLanguage\":\"fr-FR\"},{\"@type\":\"Organization\",\"@id\":\"https:\/\/www.eumedbridge.eu\/#organization\",\"name\":\"EU Medbridge\",\"url\":\"https:\/\/www.eumedbridge.eu\/\",\"logo\":{\"@type\":\"ImageObject\",\"inLanguage\":\"fr-FR\",\"@id\":\"https:\/\/www.eumedbridge.eu\/#\/schema\/logo\/image\/\",\"url\":\"https:\/\/www.eumedbridge.eu\/wp-content\/uploads\/2021\/12\/Logo.png\",\"contentUrl\":\"https:\/\/www.eumedbridge.eu\/wp-content\/uploads\/2021\/12\/Logo.png\",\"width\":325,\"height\":114,\"caption\":\"EU Medbridge\"},\"image\":{\"@id\":\"https:\/\/www.eumedbridge.eu\/#\/schema\/logo\/image\/\"},\"sameAs\":[\"https:\/\/www.facebook.com\/eumedbridge\/\",\"https:\/\/x.com\/eumedbridge\",\"https:\/\/www.linkedin.com\/company\/eumedbridge\",\"https:\/\/www.youtube.com\/@eumedbridge\",\"https:\/\/www.instagram.com\/eumedbridge\",\"https:\/\/www.flickr.com\/photos\/euneighbours-south\/\"]}]}<\/script>\n<!-- \/ Yoast SEO plugin. -->","yoast_head_json":{"title":"Syrie : l\u2019UE lance une initiative humanitaire d\u2019urgence pour Alep - Voisins de l'UE","robots":{"index":"index","follow":"follow","max-snippet":"max-snippet:-1","max-image-preview":"max-image-preview:large","max-video-preview":"max-video-preview:-1"},"canonical":"https:\/\/www.eumedbridge.eu\/fr\/news\/syrie-lue-lance-une-initiative-humanitaire-durgence-pour-alep\/","og_locale":"fr_FR","og_type":"article","og_title":"Syrie : l\u2019UE lance une initiative humanitaire d\u2019urgence pour Alep - Voisins de l'UE","og_description":"\u00a0L\u2019UE a annonc\u00e9 dimanche qu\u2019elle lan\u00e7ait une initiative humanitaire d\u2019urgence pour Alep \u00ab\u00a0visant \u00e0 permettre aux organisations humanitaires de faire leur travail et aux civils d\u2019\u00eatre secourus et prot\u00e9g\u00e9s.\u00a0\u00bb Dans un communiqu\u00e9 de sa Haute repr\u00e9sentante pour les affaires \u00e9trang\u00e8res, Federica\u00a0Mogherini, et du commissaire \u00e0 l\u2019aide humanitaire et la gestion des crises, Christos\u00a0Stylianides, l\u2019UE a [&hellip;]","og_url":"https:\/\/www.eumedbridge.eu\/fr\/news\/syrie-lue-lance-une-initiative-humanitaire-durgence-pour-alep\/","og_site_name":"Voisins de l'UE","article_publisher":"https:\/\/www.facebook.com\/eumedbridge\/","article_modified_time":"2022-07-08T13:30:42+00:00","og_image":[{"width":500,"height":332,"url":"https:\/\/www.eumedbridge.eu\/wp-content\/uploads\/2022\/03\/P032347000402-573074.jpg","type":"image\/jpeg"}],"twitter_card":"summary_large_image","twitter_site":"@eumedbridge","twitter_misc":{"Dur\u00e9e de lecture estim\u00e9e":"2 minutes"},"schema":{"@context":"https:\/\/schema.org","@graph":[{"@type":"WebPage","@id":"https:\/\/www.eumedbridge.eu\/fr\/news\/syrie-lue-lance-une-initiative-humanitaire-durgence-pour-alep\/","url":"https:\/\/www.eumedbridge.eu\/fr\/news\/syrie-lue-lance-une-initiative-humanitaire-durgence-pour-alep\/","name":"Syrie : l\u2019UE lance une initiative humanitaire d\u2019urgence pour Alep - Voisins de l'UE","isPartOf":{"@id":"https:\/\/www.eumedbridge.eu\/#website"},"datePublished":"2016-10-02T21:00:00+00:00","dateModified":"2022-07-08T13:30:42+00:00","breadcrumb":{"@id":"https:\/\/www.eumedbridge.eu\/fr\/news\/syrie-lue-lance-une-initiative-humanitaire-durgence-pour-alep\/#breadcrumb"},"inLanguage":"fr-FR","potentialAction":[{"@type":"ReadAction","target":["https:\/\/www.eumedbridge.eu\/fr\/news\/syrie-lue-lance-une-initiative-humanitaire-durgence-pour-alep\/"]}]},{"@type":"BreadcrumbList","@id":"https:\/\/www.eumedbridge.eu\/fr\/news\/syrie-lue-lance-une-initiative-humanitaire-durgence-pour-alep\/#breadcrumb","itemListElement":[{"@type":"ListItem","position":1,"name":"Home","item":"https:\/\/www.eumedbridge.eu\/fr\/home-page\/"},{"@type":"ListItem","position":2,"name":"Actualit\u00e9s","item":"https:\/\/www.eumedbridge.eu\/fr\/news\/"},{"@type":"ListItem","position":3,"name":"Syrie : l\u2019UE lance une initiative humanitaire d\u2019urgence pour Alep"}]},{"@type":"WebSite","@id":"https:\/\/www.eumedbridge.eu\/#website","url":"https:\/\/www.eumedbridge.eu\/","name":"EU Medbridge","description":"","publisher":{"@id":"https:\/\/www.eumedbridge.eu\/#organization"},"potentialAction":[{"@type":"SearchAction","target":{"@type":"EntryPoint","urlTemplate":"https:\/\/www.eumedbridge.eu\/?s={search_term_string}"},"query-input":{"@type":"PropertyValueSpecification","valueRequired":true,"valueName":"search_term_string"}}],"inLanguage":"fr-FR"},{"@type":"Organization","@id":"https:\/\/www.eumedbridge.eu\/#organization","name":"EU Medbridge","url":"https:\/\/www.eumedbridge.eu\/","logo":{"@type":"ImageObject","inLanguage":"fr-FR","@id":"https:\/\/www.eumedbridge.eu\/#\/schema\/logo\/image\/","url":"https:\/\/www.eumedbridge.eu\/wp-content\/uploads\/2021\/12\/Logo.png","contentUrl":"https:\/\/www.eumedbridge.eu\/wp-content\/uploads\/2021\/12\/Logo.png","width":325,"height":114,"caption":"EU Medbridge"},"image":{"@id":"https:\/\/www.eumedbridge.eu\/#\/schema\/logo\/image\/"},"sameAs":["https:\/\/www.facebook.com\/eumedbridge\/","https:\/\/x.com\/eumedbridge","https:\/\/www.linkedin.com\/company\/eumedbridge","https:\/\/www.youtube.com\/@eumedbridge","https:\/\/www.instagram.com\/eumedbridge","https:\/\/www.flickr.com\/photos\/euneighbours-south\/"]}]}},"_links":{"self":[{"href":"https:\/\/www.eumedbridge.eu\/fr\/wp-json\/wp\/v2\/news\/163658","targetHints":{"allow":["GET"]}}],"collection":[{"href":"https:\/\/www.eumedbridge.eu\/fr\/wp-json\/wp\/v2\/news"}],"about":[{"href":"https:\/\/www.eumedbridge.eu\/fr\/wp-json\/wp\/v2\/types\/news"}],"wp:attachment":[{"href":"https:\/\/www.eumedbridge.eu\/fr\/wp-json\/wp\/v2\/media?parent=163658"}],"wp:term":[{"taxonomy":"news_category","embeddable":true,"href":"https:\/\/www.eumedbridge.eu\/fr\/wp-json\/wp\/v2\/news_category?post=163658"},{"taxonomy":"country","embeddable":true,"href":"https:\/\/www.eumedbridge.eu\/fr\/wp-json\/wp\/v2\/country?post=163658"},{"taxonomy":"special_action","embeddable":true,"href":"https:\/\/www.eumedbridge.eu\/fr\/wp-json\/wp\/v2\/special_action?post=163658"},{"taxonomy":"custom_tag","embeddable":true,"href":"https:\/\/www.eumedbridge.eu\/fr\/wp-json\/wp\/v2\/custom_tag?post=163658"}],"curies":[{"name":"wp","href":"https:\/\/api.w.org\/{rel}","templated":true}]}}