{"id":163689,"date":"2016-09-16T00:00:00","date_gmt":"2016-09-15T21:00:00","guid":{"rendered":"http:\/\/south.euneighbours.eu\/news\/la-fondation-anna-lindh-devoile-le-programme-du-med-forum\/"},"modified":"2022-07-08T16:32:09","modified_gmt":"2022-07-08T13:32:09","slug":"la-fondation-anna-lindh-devoile-le-programme-du-med-forum","status":"publish","type":"news","link":"https:\/\/www.eumedbridge.eu\/fr\/news\/la-fondation-anna-lindh-devoile-le-programme-du-med-forum\/","title":{"rendered":"La Fondation Anna Lindh d\u00e9voile le programme du MED FORUM"},"content":{"rendered":"<p>\u00a0<span style=\"font-size: 11pt;\">En pr\u00e9lude au MED FORUM\u00a02016 de la Fondation Anna Lindh, un \u00e9v\u00e9nement de lancement sur le th\u00e8me \u00ab\u00a0<\/span><b style=\"font-size: 11pt;\">h\u00e9ritage<\/b><span style=\"font-size: 11pt;\">\u00a0\u00bb a \u00e9t\u00e9 organis\u00e9 en mettant l\u2019accent sur la fa\u00e7on de tirer davantage parti du MED FORUM du mois prochain pour soutenir le r\u00f4le strat\u00e9gique de Malte en tant que point de connexion entre l\u2019Europe et la M\u00e9diterran\u00e9e du Sud, et le r\u00f4le de La Valette comme Capitale europ\u00e9enne de la culture et Capitale m\u00e9diterran\u00e9enne pour le dialogue. L\u2019\u00e9v\u00e9nement a d\u00e9voil\u00e9 pour la premi\u00e8re fois le programme du MED FORUM, y compris ses th\u00e8mes prioritaires ainsi que ses d\u00e9l\u00e9gu\u00e9s et partenaires internationaux de haut niveau.<\/span><\/p>\n<div style=\"margin:0cm;margin-bottom:.0001pt;vertical-align:baseline\">\u00a0<\/div>\n<div style=\"margin:0cm;margin-bottom:.0001pt;vertical-align:baseline\"><span style=\"font-size:11.0pt;Tahoma\",sans-serif;Times New Roman\"\">Organis\u00e9 au minist\u00e8re des Affaires \u00e9trang\u00e8res \u00e0 La Valette, le lancement a \u00e9t\u00e9 codirig\u00e9 par S.E. D<sup>r<\/sup>\u00a0George\u00a0Vella, ministre maltais des Affaires \u00e9trang\u00e8res, et l\u2019Ambassadeur Hatem\u00a0Atallah, directeur ex\u00e9cutif de la Fondation Anna Lindh et son secr\u00e9tariat international \u00e0 Alexandrie, en \u00c9gypte. Dans son discours, le ministre\u00a0Vella a \u00e9galement soulign\u00e9 l\u2019importance du travail de la Fondation Anna Lindh dans la r\u00e9gion\u00a0: \u00ab\u00a0<i>Face \u00e0 l\u2019agression culturelle sans pr\u00e9c\u00e9dent et le niveau de violence dans la r\u00e9gion, Malte consid\u00e8re le r\u00f4le de la Fondation Anna Lindh comme un rayon de lumi\u00e8re \u00e0 travers la M\u00e9diterran\u00e9e. La Fondation \u0153uvre \u00e0 r\u00e9tablir la confiance dans le dialogue et \u00e0 combler les lacunes dans les perceptions mutuelles, ainsi qu\u2019\u00e0 promouvoir la diversit\u00e9 et la coexistence<\/i>.\u00a0\u00bb<\/span><\/div>\n<div style=\"margin:0cm;margin-bottom:.0001pt;vertical-align:baseline\">\u00a0<\/div>\n<div style=\"margin:0cm;margin-bottom:.0001pt;vertical-align:baseline\"><span style=\"font-size:11.0pt;Tahoma\",sans-serif;Times New Roman\"\">Au cours de sa pr\u00e9sentation, l\u2019Ambassadeur Atallah a d\u00e9clar\u00e9\u00a0: \u00ab\u00a0<i>Nous pensons que le MED FORUM du mois prochain constituera l\u2019\u00e9tape cl\u00e9 pour \u00e9tablir la plus grande et la plus importante coalition d\u2019acteurs \u0153uvrant en faveur de l\u2019action interculturelle \u00e0 travers la M\u00e9diterran\u00e9e<\/i>.<i> Il s\u2019agira \u00e9galement de l\u2019\u00e9tape qui nous permettra de d\u00e9finir nos priorit\u00e9s strat\u00e9giques et actions phares pour aider la Fondation \u00e0 assumer son r\u00f4le de point de r\u00e9f\u00e9rence et de gardien du dialogue interculturel dans l\u2019espace euro-m\u00e9diterran\u00e9en<\/i>.\u00a0\u00bb<\/span><\/div>\n<div style=\"margin:0cm;margin-bottom:.0001pt;vertical-align:baseline\">\u00a0<\/div>\n<div style=\"margin:0cm;margin-bottom:.0001pt;vertical-align:baseline\"><span style=\"font-size:11.0pt;Tahoma\",sans-serif;Times New Roman\"\">Le MED FORUM\u00a02016, qui se tiendra du 23 au 25\u00a0octobre au <i>Mediterranean Conference Centre<\/i> (MCC) de La Valette, est destin\u00e9 \u00e0 pr\u00e9parer le terrain \u00e0 la premi\u00e8re Pr\u00e9sidence de l\u2019UE de Malte et \u00e0 renforcer le r\u00f4le central du dialogue m\u00e9diterran\u00e9en face aux d\u00e9fis mondiaux de la s\u00e9curit\u00e9 internationale et des migrations internationales. Le FORUM devrait servir de catalyseur pour la collaboration, en cr\u00e9ant une coalition de grande envergure en faveur du dialogue compos\u00e9e de la soci\u00e9t\u00e9 civile r\u00e9gionale et des acteurs institutionnels, avec la pr\u00e9sence confirm\u00e9e des secr\u00e9taires g\u00e9n\u00e9raux et de hauts fonctionnaires de l\u2019Organisation des Nations Unies, l\u2019Union europ\u00e9enne, la Ligue arabe, l\u2019Organisation pour la s\u00e9curit\u00e9 et la coop\u00e9ration en Europe (OSCE), l\u2019Union pour la M\u00e9diterran\u00e9e (UpM), le World Leadership Alliance-Club de Madrid, les amis de l\u2019Europe, l\u2019UNESCO, et les minist\u00e8res des Affaires \u00e9trang\u00e8res des 42\u00a0\u00c9tats membres de l\u2019UpM.<\/span><\/div>\n<div style=\"margin-bottom: 0.0001pt;\"><b>\u00a0<\/b><\/div>\n<div style=\"margin-bottom: 0.0001pt;\">La\u00a0<b>Fondation Anna Lindh pour le dialogue interculturel<\/b>\u00a0favorise la connaissance, le respect mutuel et le dialogue interculturel entre les populations de la r\u00e9gion euro-m\u00e9diterran\u00e9enne, au travers d&rsquo;un r\u00e9seau de plus de 3.000 organisations de la soci\u00e9t\u00e9 civile dans 43 pays. Son budget est co-financ\u00e9 par l&rsquo;UE (10 millions d\u2019euros) et les \u00c9tats membres de l&rsquo;UE (6 millions d\u2019euros) (<a href=\"http:\/\/www.enpi-info.eu\/indexmed.php?lang_id=469\">EU Neighbourhood Info<\/a>)<\/div>\n<div style=\"margin-bottom: 0.0001pt;\">\u00a0<\/div>\n<div style=\"margin-bottom: 0.0001pt;\"><b>Pour en savoir plus<\/b><\/div>\n<div style=\"margin-bottom: 0.0001pt;\">\u00a0<\/div>\n<div style=\"margin-bottom: 0.0001pt;\"><a href=\"http:\/\/www.annalindhfoundation.org\/news\/med-forum-2016-launch-event-valletta-highlights-maltas-strategic-role-connection-point\">Communiqu\u00e9 de presse<\/a><\/div>\n<div style=\"margin-bottom: 0.0001pt;\">\u00a0<\/div>\n<div style=\"margin-bottom: 0.0001pt;\">MED Forum \u2013 <a href=\"http:\/\/www.annalindhfoundation.org\/forum2016\">page internet<\/a><\/div>\n<div style=\"margin-bottom: 0.0001pt;\">\u00a0<\/div>\n<div style=\"margin-bottom: 0.0001pt;\">MED Forum &#8211; <a href=\"http:\/\/www.annalindhfoundation.org\/forum2016\/programme\">programme<\/a><\/div>\n<div style=\"margin-bottom: 0.0001pt;\">\u00a0<\/div>\n<div style=\"margin-bottom: 0.0001pt;\">Fondation Anna Lindh \u2013\u00a0<a href=\"http:\/\/www.enpi-info.eu\/mainmed.php?id=387&#038;id_type=10\">fiche et actualit\u00e9s<\/a><\/div>\n<div style=\"margin-bottom: 0.0001pt;\">\u00a0<\/div>\n<div style=\"margin-bottom: 0.0001pt;\">Fondation Anna Lindh \u2013\u00a0<a href=\"http:\/\/www.annalindhfoundation.org\/fr\">site internet<\/a><\/div>\n<div style=\"margin-bottom: 0.0001pt;\">\u00a0<\/div>\n<div style=\"margin-bottom: 0.0001pt;\">Fondation Anna Lindh sur \u00a0<a href=\"https:\/\/twitter.com\/AnnaLindh\"><span style=\"color:#AD966A;\">Twitter<\/span><\/a>,\u00a0<a href=\"https:\/\/www.facebook.com\/annalindhfoundation?fref=ts\">Facebook<\/a>,\u00a0<a href=\"http:\/\/www.youtube.com\/user\/dialoguenight\">YouTube<\/a>\u00a0,<a href=\"http:\/\/www.flickr.com\/photos\/annalindh\">Flickr\u00a0<\/a><\/div>\n<div style=\"margin-bottom: 0.0001pt;\">\u00a0<\/div>\n<div style=\"margin-bottom: 0.0001pt;\"><a href=\"http:\/\/www.enpi-info.eu\/join.php\">Pour recevoir nos actualit\u00e9s<\/a><\/div>\n","protected":false},"featured_media":0,"parent":0,"template":"","news_category":[],"country":[],"special_action":[],"custom_tag":[1874,2312,1897,1870],"class_list":["post-163689","news","type-news","status-publish","hentry","custom_tag-culture-fr","custom_tag-developpement-durable","custom_tag-medias","custom_tag-societe-civile"],"acf":[],"yoast_head":"<!-- This site is optimized with the Yoast SEO plugin v26.5 - https:\/\/yoast.com\/wordpress\/plugins\/seo\/ -->\n<title>La Fondation Anna Lindh d\u00e9voile le programme du MED FORUM - Voisins de l&#039;UE<\/title>\n<meta name=\"robots\" content=\"index, follow, max-snippet:-1, max-image-preview:large, max-video-preview:-1\" \/>\n<link rel=\"canonical\" href=\"https:\/\/www.eumedbridge.eu\/fr\/news\/la-fondation-anna-lindh-devoile-le-programme-du-med-forum\/\" \/>\n<meta property=\"og:locale\" content=\"fr_FR\" \/>\n<meta property=\"og:type\" content=\"article\" \/>\n<meta property=\"og:title\" content=\"La Fondation Anna Lindh d\u00e9voile le programme du MED FORUM - Voisins de l&#039;UE\" \/>\n<meta property=\"og:description\" content=\"\u00a0En pr\u00e9lude au MED FORUM\u00a02016 de la Fondation Anna Lindh, un \u00e9v\u00e9nement de lancement sur le th\u00e8me \u00ab\u00a0h\u00e9ritage\u00a0\u00bb a \u00e9t\u00e9 organis\u00e9 en mettant l\u2019accent sur la fa\u00e7on de tirer davantage parti du MED FORUM du mois prochain pour soutenir le r\u00f4le strat\u00e9gique de Malte en tant que point de connexion entre l\u2019Europe et la M\u00e9diterran\u00e9e [&hellip;]\" \/>\n<meta property=\"og:url\" content=\"https:\/\/www.eumedbridge.eu\/fr\/news\/la-fondation-anna-lindh-devoile-le-programme-du-med-forum\/\" \/>\n<meta property=\"og:site_name\" content=\"Voisins de l&#039;UE\" \/>\n<meta property=\"article:publisher\" content=\"https:\/\/www.facebook.com\/eumedbridge\/\" \/>\n<meta property=\"article:modified_time\" content=\"2022-07-08T13:32:09+00:00\" \/>\n<meta property=\"og:image\" content=\"https:\/\/www.eumedbridge.eu\/wp-content\/uploads\/2022\/03\/Med-Forum.jpg\" \/>\n\t<meta property=\"og:image:width\" content=\"500\" \/>\n\t<meta property=\"og:image:height\" content=\"242\" \/>\n\t<meta property=\"og:image:type\" content=\"image\/jpeg\" \/>\n<meta name=\"twitter:card\" content=\"summary_large_image\" \/>\n<meta name=\"twitter:site\" content=\"@eumedbridge\" \/>\n<meta name=\"twitter:label1\" content=\"Dur\u00e9e de lecture estim\u00e9e\" \/>\n\t<meta name=\"twitter:data1\" content=\"3 minutes\" \/>\n<script type=\"application\/ld+json\" class=\"yoast-schema-graph\">{\"@context\":\"https:\/\/schema.org\",\"@graph\":[{\"@type\":\"WebPage\",\"@id\":\"https:\/\/www.eumedbridge.eu\/fr\/news\/la-fondation-anna-lindh-devoile-le-programme-du-med-forum\/\",\"url\":\"https:\/\/www.eumedbridge.eu\/fr\/news\/la-fondation-anna-lindh-devoile-le-programme-du-med-forum\/\",\"name\":\"La Fondation Anna Lindh d\u00e9voile le programme du MED FORUM - Voisins de l'UE\",\"isPartOf\":{\"@id\":\"https:\/\/www.eumedbridge.eu\/#website\"},\"datePublished\":\"2016-09-15T21:00:00+00:00\",\"dateModified\":\"2022-07-08T13:32:09+00:00\",\"breadcrumb\":{\"@id\":\"https:\/\/www.eumedbridge.eu\/fr\/news\/la-fondation-anna-lindh-devoile-le-programme-du-med-forum\/#breadcrumb\"},\"inLanguage\":\"fr-FR\",\"potentialAction\":[{\"@type\":\"ReadAction\",\"target\":[\"https:\/\/www.eumedbridge.eu\/fr\/news\/la-fondation-anna-lindh-devoile-le-programme-du-med-forum\/\"]}]},{\"@type\":\"BreadcrumbList\",\"@id\":\"https:\/\/www.eumedbridge.eu\/fr\/news\/la-fondation-anna-lindh-devoile-le-programme-du-med-forum\/#breadcrumb\",\"itemListElement\":[{\"@type\":\"ListItem\",\"position\":1,\"name\":\"Home\",\"item\":\"https:\/\/www.eumedbridge.eu\/fr\/home-page\/\"},{\"@type\":\"ListItem\",\"position\":2,\"name\":\"Actualit\u00e9s\",\"item\":\"https:\/\/www.eumedbridge.eu\/fr\/news\/\"},{\"@type\":\"ListItem\",\"position\":3,\"name\":\"La Fondation Anna Lindh d\u00e9voile le programme du MED FORUM\"}]},{\"@type\":\"WebSite\",\"@id\":\"https:\/\/www.eumedbridge.eu\/#website\",\"url\":\"https:\/\/www.eumedbridge.eu\/\",\"name\":\"EU Medbridge\",\"description\":\"\",\"publisher\":{\"@id\":\"https:\/\/www.eumedbridge.eu\/#organization\"},\"potentialAction\":[{\"@type\":\"SearchAction\",\"target\":{\"@type\":\"EntryPoint\",\"urlTemplate\":\"https:\/\/www.eumedbridge.eu\/?s={search_term_string}\"},\"query-input\":{\"@type\":\"PropertyValueSpecification\",\"valueRequired\":true,\"valueName\":\"search_term_string\"}}],\"inLanguage\":\"fr-FR\"},{\"@type\":\"Organization\",\"@id\":\"https:\/\/www.eumedbridge.eu\/#organization\",\"name\":\"EU Medbridge\",\"url\":\"https:\/\/www.eumedbridge.eu\/\",\"logo\":{\"@type\":\"ImageObject\",\"inLanguage\":\"fr-FR\",\"@id\":\"https:\/\/www.eumedbridge.eu\/#\/schema\/logo\/image\/\",\"url\":\"https:\/\/www.eumedbridge.eu\/wp-content\/uploads\/2021\/12\/Logo.png\",\"contentUrl\":\"https:\/\/www.eumedbridge.eu\/wp-content\/uploads\/2021\/12\/Logo.png\",\"width\":325,\"height\":114,\"caption\":\"EU Medbridge\"},\"image\":{\"@id\":\"https:\/\/www.eumedbridge.eu\/#\/schema\/logo\/image\/\"},\"sameAs\":[\"https:\/\/www.facebook.com\/eumedbridge\/\",\"https:\/\/x.com\/eumedbridge\",\"https:\/\/www.linkedin.com\/company\/eumedbridge\",\"https:\/\/www.youtube.com\/@eumedbridge\",\"https:\/\/www.instagram.com\/eumedbridge\",\"https:\/\/www.flickr.com\/photos\/euneighbours-south\/\"]}]}<\/script>\n<!-- \/ Yoast SEO plugin. -->","yoast_head_json":{"title":"La Fondation Anna Lindh d\u00e9voile le programme du MED FORUM - Voisins de l'UE","robots":{"index":"index","follow":"follow","max-snippet":"max-snippet:-1","max-image-preview":"max-image-preview:large","max-video-preview":"max-video-preview:-1"},"canonical":"https:\/\/www.eumedbridge.eu\/fr\/news\/la-fondation-anna-lindh-devoile-le-programme-du-med-forum\/","og_locale":"fr_FR","og_type":"article","og_title":"La Fondation Anna Lindh d\u00e9voile le programme du MED FORUM - Voisins de l'UE","og_description":"\u00a0En pr\u00e9lude au MED FORUM\u00a02016 de la Fondation Anna Lindh, un \u00e9v\u00e9nement de lancement sur le th\u00e8me \u00ab\u00a0h\u00e9ritage\u00a0\u00bb a \u00e9t\u00e9 organis\u00e9 en mettant l\u2019accent sur la fa\u00e7on de tirer davantage parti du MED FORUM du mois prochain pour soutenir le r\u00f4le strat\u00e9gique de Malte en tant que point de connexion entre l\u2019Europe et la M\u00e9diterran\u00e9e [&hellip;]","og_url":"https:\/\/www.eumedbridge.eu\/fr\/news\/la-fondation-anna-lindh-devoile-le-programme-du-med-forum\/","og_site_name":"Voisins de l'UE","article_publisher":"https:\/\/www.facebook.com\/eumedbridge\/","article_modified_time":"2022-07-08T13:32:09+00:00","og_image":[{"width":500,"height":242,"url":"https:\/\/www.eumedbridge.eu\/wp-content\/uploads\/2022\/03\/Med-Forum.jpg","type":"image\/jpeg"}],"twitter_card":"summary_large_image","twitter_site":"@eumedbridge","twitter_misc":{"Dur\u00e9e de lecture estim\u00e9e":"3 minutes"},"schema":{"@context":"https:\/\/schema.org","@graph":[{"@type":"WebPage","@id":"https:\/\/www.eumedbridge.eu\/fr\/news\/la-fondation-anna-lindh-devoile-le-programme-du-med-forum\/","url":"https:\/\/www.eumedbridge.eu\/fr\/news\/la-fondation-anna-lindh-devoile-le-programme-du-med-forum\/","name":"La Fondation Anna Lindh d\u00e9voile le programme du MED FORUM - Voisins de l'UE","isPartOf":{"@id":"https:\/\/www.eumedbridge.eu\/#website"},"datePublished":"2016-09-15T21:00:00+00:00","dateModified":"2022-07-08T13:32:09+00:00","breadcrumb":{"@id":"https:\/\/www.eumedbridge.eu\/fr\/news\/la-fondation-anna-lindh-devoile-le-programme-du-med-forum\/#breadcrumb"},"inLanguage":"fr-FR","potentialAction":[{"@type":"ReadAction","target":["https:\/\/www.eumedbridge.eu\/fr\/news\/la-fondation-anna-lindh-devoile-le-programme-du-med-forum\/"]}]},{"@type":"BreadcrumbList","@id":"https:\/\/www.eumedbridge.eu\/fr\/news\/la-fondation-anna-lindh-devoile-le-programme-du-med-forum\/#breadcrumb","itemListElement":[{"@type":"ListItem","position":1,"name":"Home","item":"https:\/\/www.eumedbridge.eu\/fr\/home-page\/"},{"@type":"ListItem","position":2,"name":"Actualit\u00e9s","item":"https:\/\/www.eumedbridge.eu\/fr\/news\/"},{"@type":"ListItem","position":3,"name":"La Fondation Anna Lindh d\u00e9voile le programme du MED FORUM"}]},{"@type":"WebSite","@id":"https:\/\/www.eumedbridge.eu\/#website","url":"https:\/\/www.eumedbridge.eu\/","name":"EU Medbridge","description":"","publisher":{"@id":"https:\/\/www.eumedbridge.eu\/#organization"},"potentialAction":[{"@type":"SearchAction","target":{"@type":"EntryPoint","urlTemplate":"https:\/\/www.eumedbridge.eu\/?s={search_term_string}"},"query-input":{"@type":"PropertyValueSpecification","valueRequired":true,"valueName":"search_term_string"}}],"inLanguage":"fr-FR"},{"@type":"Organization","@id":"https:\/\/www.eumedbridge.eu\/#organization","name":"EU Medbridge","url":"https:\/\/www.eumedbridge.eu\/","logo":{"@type":"ImageObject","inLanguage":"fr-FR","@id":"https:\/\/www.eumedbridge.eu\/#\/schema\/logo\/image\/","url":"https:\/\/www.eumedbridge.eu\/wp-content\/uploads\/2021\/12\/Logo.png","contentUrl":"https:\/\/www.eumedbridge.eu\/wp-content\/uploads\/2021\/12\/Logo.png","width":325,"height":114,"caption":"EU Medbridge"},"image":{"@id":"https:\/\/www.eumedbridge.eu\/#\/schema\/logo\/image\/"},"sameAs":["https:\/\/www.facebook.com\/eumedbridge\/","https:\/\/x.com\/eumedbridge","https:\/\/www.linkedin.com\/company\/eumedbridge","https:\/\/www.youtube.com\/@eumedbridge","https:\/\/www.instagram.com\/eumedbridge","https:\/\/www.flickr.com\/photos\/euneighbours-south\/"]}]}},"_links":{"self":[{"href":"https:\/\/www.eumedbridge.eu\/fr\/wp-json\/wp\/v2\/news\/163689","targetHints":{"allow":["GET"]}}],"collection":[{"href":"https:\/\/www.eumedbridge.eu\/fr\/wp-json\/wp\/v2\/news"}],"about":[{"href":"https:\/\/www.eumedbridge.eu\/fr\/wp-json\/wp\/v2\/types\/news"}],"wp:attachment":[{"href":"https:\/\/www.eumedbridge.eu\/fr\/wp-json\/wp\/v2\/media?parent=163689"}],"wp:term":[{"taxonomy":"news_category","embeddable":true,"href":"https:\/\/www.eumedbridge.eu\/fr\/wp-json\/wp\/v2\/news_category?post=163689"},{"taxonomy":"country","embeddable":true,"href":"https:\/\/www.eumedbridge.eu\/fr\/wp-json\/wp\/v2\/country?post=163689"},{"taxonomy":"special_action","embeddable":true,"href":"https:\/\/www.eumedbridge.eu\/fr\/wp-json\/wp\/v2\/special_action?post=163689"},{"taxonomy":"custom_tag","embeddable":true,"href":"https:\/\/www.eumedbridge.eu\/fr\/wp-json\/wp\/v2\/custom_tag?post=163689"}],"curies":[{"name":"wp","href":"https:\/\/api.w.org\/{rel}","templated":true}]}}