{"id":163698,"date":"2016-09-16T00:00:00","date_gmt":"2016-09-15T21:00:00","guid":{"rendered":"http:\/\/south.euneighbours.eu\/news\/med-culture-aborde-les-themes-de-culture-democratie-et-formation-a-loccasion-dun-atelier-de-lencatc\/"},"modified":"2022-07-08T16:32:37","modified_gmt":"2022-07-08T13:32:37","slug":"med-culture-aborde-les-themes-de-culture-democratie-et-formation-loccasion","status":"publish","type":"news","link":"https:\/\/www.eumedbridge.eu\/fr\/news\/med-culture-aborde-les-themes-de-culture-democratie-et-formation-loccasion\/","title":{"rendered":"Med Culture aborde les th\u00e8mes de culture, d\u00e9mocratie et formation \u00e0 l\u2019occasion d\u2019un atelier de l\u2019ENCATC"},"content":{"rendered":"<p>ENCATC, le r\u00e9seau europ\u00e9en de gestion de la culture et de politique de l\u2019\u00e9ducation, tiendra sa 24<sup>e<\/sup> conf\u00e9rence annuelle du 5 au 7 Octobre 2016 \u00e0 l\u2019Universit\u00e9 de Valence en Espagne. ENCATC r\u00e9unit plus de 100 institutions culturelles dans 40 pays. La conf\u00e9rence, ouverte \u00e0 tous, sera consacr\u00e9e aux cons\u00e9quences d\u2019une soci\u00e9t\u00e9 \u00e0 risque pour l&rsquo;\u00e9ducation en g\u00e9n\u00e9ral, et pour l&rsquo;\u00e9ducation \u00e0 la gestion culturelle en particulier. Une experte du programme financ\u00e9 par l\u2019UE Med Culture tiendra un atelier sur la culture, la d\u00e9mocratie et la formation en M\u00e9diterran\u00e9e.<\/p>\n<div style=\"margin-bottom: 0.0001pt;\">\u00a0<\/div>\n<div style=\"margin-bottom: 0.0001pt;\">Durant trois jours, artistes, op\u00e9rateurs culturels, universitaires, chercheurs, politiques, \u00e9tudiants et m\u00e9dias d\u2019Europe et du monde entier se r\u00e9uniront pour participer \u00e0 des panels internationaux, visiter les principaux lieux culturels de Valence, prendre part \u00e0 des sessions de transfert de connaissances, faire du networking et assister \u00e0 la 7e session annuelle de recherche.<\/div>\n<div style=\"margin-bottom: 0.0001pt;\">\u00a0<\/div>\n<div style=\"margin-bottom: 0.0001pt;\">Fanny Bouquerel, experte en d\u00e9veloppement des capacit\u00e9s pour le programme Med Culture, pr\u00e9sentera le 6 octobre un\u00a0atelier\u00a0sur la culture, la d\u00e9mocratie et la formation dans la r\u00e9gion m\u00e9diterran\u00e9enne. L&rsquo;objectif de l\u2019atelier sera d&rsquo;identifier les principaux probl\u00e8mes rencontr\u00e9s par les acteurs culturels de la r\u00e9gion et de discuter du soutien que l\u2019ENCATC et ses membres pourraient offrir. \u00a0L\u2019atelier se tiendra aux c\u00f4t\u00e9s de deux universitaires d\u2019Aix-Marseille (France).<\/div>\n<div style=\"margin-bottom: 0.0001pt;\">\u00a0<\/div>\n<div style=\"margin-bottom: 0.0001pt;\">Parmi les autres sessions inspirantes,\u00a0le chercheur italien\u00a0Alessandro Bollo expliquera comment placer le public au centre des\u00a0 organisations culturelles, la curatrice croate\u00a0Irena Sertic\u00a0donnera son point de vue sur l\u2019exposition au mus\u00e9e en tant qu\u2019outil pour un changement \u00e9ducatif et social, et le consultant espagnol\u00a0Pepe Zapata\u00a0pr\u00e9sentera TekneCultura, un outil en ligne destin\u00e9 \u00e0 mieux conna\u00eetre et d\u00e9velopper l\u2019audience des projets culturels.<\/div>\n<div style=\"margin-bottom: 0.0001pt;\">\u00a0<\/div>\n<div style=\"margin-bottom: 0.0001pt;\"><b><span style=\"font-size: 10.5pt;\">Med Culture\u00a0<\/span><\/b><span style=\"font-size: 10.5pt;\">fait partie du programme r\u00e9gional\u00a0<b>M\u00e9dias et culture pour le d\u00e9veloppement dans le sud de la M\u00e9diterran\u00e9e.\u00a0<\/b>Il<b>\u00a0<\/b>a \u00e9t\u00e9 affect\u00e9 d&rsquo;un budget total de 17 millions d&rsquo;euros sur une p\u00e9riode de quatre ans, dont 9 millions d&rsquo;euros\u00a0 pour l&rsquo;octroi de subventions sur une base de co-financement, et 8 millions d&rsquo;euros pour un m\u00e9canisme de renforcement des capacit\u00e9s des <\/span>m\u00e9dias (MedMedia) et un m\u00e9canisme de renforcement des capacit\u00e9s en mati\u00e8re de culture (MedCulture). (<a href=\"http:\/\/www.enpi-info.eu\/\"><span style=\"color:#AD966A\">EU Neighbourhood Info<\/span><\/a>)<\/div>\n<div style=\"margin-bottom: 0.0001pt;\">\u00a0<\/div>\n<div style=\"margin-bottom: 0.0001pt;\"><b>Pour en savoir plus<\/b><\/div>\n<div style=\"margin-bottom: 0.0001pt;\">\u00a0<\/div>\n<div style=\"margin-bottom: 0.0001pt;\"><a href=\"http:\/\/www.medculture.eu\/fr\/information\/news\/lencatc-reseau-europeen-de-gestion-et-politique-culturel-lance-sa-24e-conference\">Communiqu\u00e9 de presse\u00a0<\/a><\/div>\n<div style=\"margin-bottom: 0.0001pt;\">\u00a0<\/div>\n<div style=\"margin-bottom: 0.0001pt;\"><a href=\"http:\/\/blogs.encatc.org\/annualconference2016\/\">Conf\u00e9rence annuelle de l\u2019ENCATC<\/a><\/div>\n<div style=\"margin-bottom: 0.0001pt;\">\u00a0<\/div>\n<div style=\"margin-bottom: 0.0001pt;\"><a href=\"http:\/\/blogs.encatc.org\/annualconference2016\/presentation-of-the-med-workshop\/\">Pr\u00e9sentation de l\u2019atelier de Med Culture<\/a><\/div>\n<div style=\"margin-bottom: 0.0001pt;\">\u00a0<\/div>\n<div style=\"margin-bottom: 0.0001pt;\">Med Culture\u00a0<a href=\"http:\/\/capacity4dev.ec.europa.eu\/medculture\/blogs\"><span style=\"color:#AD966A\">site internet<\/span><\/a>\u00a0et\u00a0<a href=\"https:\/\/www.facebook.com\/MedCultureHub\"><span style=\"color:#AD966A\">page Facebook<\/span><\/a><\/div>\n<div style=\"margin-bottom: 0.0001pt;\">\u00a0<\/div>\n<div style=\"margin-bottom: 0.0001pt;\">M\u00e9dia et culture pour le d\u00e9veloppement dans le Sud de la M\u00e9diterran\u00e9e \u2013<a href=\"http:\/\/www.enpi-info.eu\/mainmed.php?id=487&#038;id_type=10&#038;lang_id=469\"><span style=\"color:#AD966A\">fiche projet<\/span><\/a><\/div>\n<div style=\"margin-bottom: 0.0001pt;\">\u00a0<\/div>\n<div style=\"margin-bottom: 0.0001pt;\"><a href=\"http:\/\/www.enpi-info.eu\/join.php\"><b><span style=\"color:#AD966A\">Pour recevoir nos actualit\u00e9s<\/span><\/b><\/a><\/div>\n<div style=\"margin-bottom: 0.0001pt;\">\u00a0<\/div>\n","protected":false},"featured_media":0,"parent":0,"template":"","news_category":[],"country":[],"special_action":[],"custom_tag":[],"class_list":["post-163698","news","type-news","status-publish","hentry"],"acf":[],"yoast_head":"<!-- This site is optimized with the Yoast SEO plugin v26.5 - https:\/\/yoast.com\/wordpress\/plugins\/seo\/ -->\n<title>Med Culture aborde les th\u00e8mes de culture, d\u00e9mocratie et formation \u00e0 l\u2019occasion d\u2019un atelier de l\u2019ENCATC - Voisins de l&#039;UE<\/title>\n<meta name=\"robots\" content=\"index, follow, max-snippet:-1, max-image-preview:large, max-video-preview:-1\" \/>\n<link rel=\"canonical\" href=\"https:\/\/www.eumedbridge.eu\/fr\/news\/med-culture-aborde-les-themes-de-culture-democratie-et-formation-loccasion\/\" \/>\n<meta property=\"og:locale\" content=\"fr_FR\" \/>\n<meta property=\"og:type\" content=\"article\" \/>\n<meta property=\"og:title\" content=\"Med Culture aborde les th\u00e8mes de culture, d\u00e9mocratie et formation \u00e0 l\u2019occasion d\u2019un atelier de l\u2019ENCATC - Voisins de l&#039;UE\" \/>\n<meta property=\"og:description\" content=\"ENCATC, le r\u00e9seau europ\u00e9en de gestion de la culture et de politique de l\u2019\u00e9ducation, tiendra sa 24e conf\u00e9rence annuelle du 5 au 7 Octobre 2016 \u00e0 l\u2019Universit\u00e9 de Valence en Espagne. ENCATC r\u00e9unit plus de 100 institutions culturelles dans 40 pays. La conf\u00e9rence, ouverte \u00e0 tous, sera consacr\u00e9e aux cons\u00e9quences d\u2019une soci\u00e9t\u00e9 \u00e0 risque pour [&hellip;]\" \/>\n<meta property=\"og:url\" content=\"https:\/\/www.eumedbridge.eu\/fr\/news\/med-culture-aborde-les-themes-de-culture-democratie-et-formation-loccasion\/\" \/>\n<meta property=\"og:site_name\" content=\"Voisins de l&#039;UE\" \/>\n<meta property=\"article:publisher\" content=\"https:\/\/www.facebook.com\/eumedbridge\/\" \/>\n<meta property=\"article:modified_time\" content=\"2022-07-08T13:32:37+00:00\" \/>\n<meta property=\"og:image\" content=\"https:\/\/www.eumedbridge.eu\/wp-content\/uploads\/2022\/03\/Med-Cuture.jpg\" \/>\n\t<meta property=\"og:image:width\" content=\"500\" \/>\n\t<meta property=\"og:image:height\" content=\"274\" \/>\n\t<meta property=\"og:image:type\" content=\"image\/jpeg\" \/>\n<meta name=\"twitter:card\" content=\"summary_large_image\" \/>\n<meta name=\"twitter:site\" content=\"@eumedbridge\" \/>\n<meta name=\"twitter:label1\" content=\"Dur\u00e9e de lecture estim\u00e9e\" \/>\n\t<meta name=\"twitter:data1\" content=\"2 minutes\" \/>\n<script type=\"application\/ld+json\" class=\"yoast-schema-graph\">{\"@context\":\"https:\/\/schema.org\",\"@graph\":[{\"@type\":\"WebPage\",\"@id\":\"https:\/\/www.eumedbridge.eu\/fr\/news\/med-culture-aborde-les-themes-de-culture-democratie-et-formation-loccasion\/\",\"url\":\"https:\/\/www.eumedbridge.eu\/fr\/news\/med-culture-aborde-les-themes-de-culture-democratie-et-formation-loccasion\/\",\"name\":\"Med Culture aborde les th\u00e8mes de culture, d\u00e9mocratie et formation \u00e0 l\u2019occasion d\u2019un atelier de l\u2019ENCATC - Voisins de l'UE\",\"isPartOf\":{\"@id\":\"https:\/\/www.eumedbridge.eu\/#website\"},\"datePublished\":\"2016-09-15T21:00:00+00:00\",\"dateModified\":\"2022-07-08T13:32:37+00:00\",\"breadcrumb\":{\"@id\":\"https:\/\/www.eumedbridge.eu\/fr\/news\/med-culture-aborde-les-themes-de-culture-democratie-et-formation-loccasion\/#breadcrumb\"},\"inLanguage\":\"fr-FR\",\"potentialAction\":[{\"@type\":\"ReadAction\",\"target\":[\"https:\/\/www.eumedbridge.eu\/fr\/news\/med-culture-aborde-les-themes-de-culture-democratie-et-formation-loccasion\/\"]}]},{\"@type\":\"BreadcrumbList\",\"@id\":\"https:\/\/www.eumedbridge.eu\/fr\/news\/med-culture-aborde-les-themes-de-culture-democratie-et-formation-loccasion\/#breadcrumb\",\"itemListElement\":[{\"@type\":\"ListItem\",\"position\":1,\"name\":\"Home\",\"item\":\"https:\/\/www.eumedbridge.eu\/fr\/home-page\/\"},{\"@type\":\"ListItem\",\"position\":2,\"name\":\"Actualit\u00e9s\",\"item\":\"https:\/\/www.eumedbridge.eu\/fr\/news\/\"},{\"@type\":\"ListItem\",\"position\":3,\"name\":\"Med Culture aborde les th\u00e8mes de culture, d\u00e9mocratie et formation \u00e0 l\u2019occasion d\u2019un atelier de l\u2019ENCATC\"}]},{\"@type\":\"WebSite\",\"@id\":\"https:\/\/www.eumedbridge.eu\/#website\",\"url\":\"https:\/\/www.eumedbridge.eu\/\",\"name\":\"EU Medbridge\",\"description\":\"\",\"publisher\":{\"@id\":\"https:\/\/www.eumedbridge.eu\/#organization\"},\"potentialAction\":[{\"@type\":\"SearchAction\",\"target\":{\"@type\":\"EntryPoint\",\"urlTemplate\":\"https:\/\/www.eumedbridge.eu\/?s={search_term_string}\"},\"query-input\":{\"@type\":\"PropertyValueSpecification\",\"valueRequired\":true,\"valueName\":\"search_term_string\"}}],\"inLanguage\":\"fr-FR\"},{\"@type\":\"Organization\",\"@id\":\"https:\/\/www.eumedbridge.eu\/#organization\",\"name\":\"EU Medbridge\",\"url\":\"https:\/\/www.eumedbridge.eu\/\",\"logo\":{\"@type\":\"ImageObject\",\"inLanguage\":\"fr-FR\",\"@id\":\"https:\/\/www.eumedbridge.eu\/#\/schema\/logo\/image\/\",\"url\":\"https:\/\/www.eumedbridge.eu\/wp-content\/uploads\/2021\/12\/Logo.png\",\"contentUrl\":\"https:\/\/www.eumedbridge.eu\/wp-content\/uploads\/2021\/12\/Logo.png\",\"width\":325,\"height\":114,\"caption\":\"EU Medbridge\"},\"image\":{\"@id\":\"https:\/\/www.eumedbridge.eu\/#\/schema\/logo\/image\/\"},\"sameAs\":[\"https:\/\/www.facebook.com\/eumedbridge\/\",\"https:\/\/x.com\/eumedbridge\",\"https:\/\/www.linkedin.com\/company\/eumedbridge\",\"https:\/\/www.youtube.com\/@eumedbridge\",\"https:\/\/www.instagram.com\/eumedbridge\",\"https:\/\/www.flickr.com\/photos\/euneighbours-south\/\"]}]}<\/script>\n<!-- \/ Yoast SEO plugin. -->","yoast_head_json":{"title":"Med Culture aborde les th\u00e8mes de culture, d\u00e9mocratie et formation \u00e0 l\u2019occasion d\u2019un atelier de l\u2019ENCATC - Voisins de l'UE","robots":{"index":"index","follow":"follow","max-snippet":"max-snippet:-1","max-image-preview":"max-image-preview:large","max-video-preview":"max-video-preview:-1"},"canonical":"https:\/\/www.eumedbridge.eu\/fr\/news\/med-culture-aborde-les-themes-de-culture-democratie-et-formation-loccasion\/","og_locale":"fr_FR","og_type":"article","og_title":"Med Culture aborde les th\u00e8mes de culture, d\u00e9mocratie et formation \u00e0 l\u2019occasion d\u2019un atelier de l\u2019ENCATC - Voisins de l'UE","og_description":"ENCATC, le r\u00e9seau europ\u00e9en de gestion de la culture et de politique de l\u2019\u00e9ducation, tiendra sa 24e conf\u00e9rence annuelle du 5 au 7 Octobre 2016 \u00e0 l\u2019Universit\u00e9 de Valence en Espagne. ENCATC r\u00e9unit plus de 100 institutions culturelles dans 40 pays. La conf\u00e9rence, ouverte \u00e0 tous, sera consacr\u00e9e aux cons\u00e9quences d\u2019une soci\u00e9t\u00e9 \u00e0 risque pour [&hellip;]","og_url":"https:\/\/www.eumedbridge.eu\/fr\/news\/med-culture-aborde-les-themes-de-culture-democratie-et-formation-loccasion\/","og_site_name":"Voisins de l'UE","article_publisher":"https:\/\/www.facebook.com\/eumedbridge\/","article_modified_time":"2022-07-08T13:32:37+00:00","og_image":[{"width":500,"height":274,"url":"https:\/\/www.eumedbridge.eu\/wp-content\/uploads\/2022\/03\/Med-Cuture.jpg","type":"image\/jpeg"}],"twitter_card":"summary_large_image","twitter_site":"@eumedbridge","twitter_misc":{"Dur\u00e9e de lecture estim\u00e9e":"2 minutes"},"schema":{"@context":"https:\/\/schema.org","@graph":[{"@type":"WebPage","@id":"https:\/\/www.eumedbridge.eu\/fr\/news\/med-culture-aborde-les-themes-de-culture-democratie-et-formation-loccasion\/","url":"https:\/\/www.eumedbridge.eu\/fr\/news\/med-culture-aborde-les-themes-de-culture-democratie-et-formation-loccasion\/","name":"Med Culture aborde les th\u00e8mes de culture, d\u00e9mocratie et formation \u00e0 l\u2019occasion d\u2019un atelier de l\u2019ENCATC - Voisins de l'UE","isPartOf":{"@id":"https:\/\/www.eumedbridge.eu\/#website"},"datePublished":"2016-09-15T21:00:00+00:00","dateModified":"2022-07-08T13:32:37+00:00","breadcrumb":{"@id":"https:\/\/www.eumedbridge.eu\/fr\/news\/med-culture-aborde-les-themes-de-culture-democratie-et-formation-loccasion\/#breadcrumb"},"inLanguage":"fr-FR","potentialAction":[{"@type":"ReadAction","target":["https:\/\/www.eumedbridge.eu\/fr\/news\/med-culture-aborde-les-themes-de-culture-democratie-et-formation-loccasion\/"]}]},{"@type":"BreadcrumbList","@id":"https:\/\/www.eumedbridge.eu\/fr\/news\/med-culture-aborde-les-themes-de-culture-democratie-et-formation-loccasion\/#breadcrumb","itemListElement":[{"@type":"ListItem","position":1,"name":"Home","item":"https:\/\/www.eumedbridge.eu\/fr\/home-page\/"},{"@type":"ListItem","position":2,"name":"Actualit\u00e9s","item":"https:\/\/www.eumedbridge.eu\/fr\/news\/"},{"@type":"ListItem","position":3,"name":"Med Culture aborde les th\u00e8mes de culture, d\u00e9mocratie et formation \u00e0 l\u2019occasion d\u2019un atelier de l\u2019ENCATC"}]},{"@type":"WebSite","@id":"https:\/\/www.eumedbridge.eu\/#website","url":"https:\/\/www.eumedbridge.eu\/","name":"EU Medbridge","description":"","publisher":{"@id":"https:\/\/www.eumedbridge.eu\/#organization"},"potentialAction":[{"@type":"SearchAction","target":{"@type":"EntryPoint","urlTemplate":"https:\/\/www.eumedbridge.eu\/?s={search_term_string}"},"query-input":{"@type":"PropertyValueSpecification","valueRequired":true,"valueName":"search_term_string"}}],"inLanguage":"fr-FR"},{"@type":"Organization","@id":"https:\/\/www.eumedbridge.eu\/#organization","name":"EU Medbridge","url":"https:\/\/www.eumedbridge.eu\/","logo":{"@type":"ImageObject","inLanguage":"fr-FR","@id":"https:\/\/www.eumedbridge.eu\/#\/schema\/logo\/image\/","url":"https:\/\/www.eumedbridge.eu\/wp-content\/uploads\/2021\/12\/Logo.png","contentUrl":"https:\/\/www.eumedbridge.eu\/wp-content\/uploads\/2021\/12\/Logo.png","width":325,"height":114,"caption":"EU Medbridge"},"image":{"@id":"https:\/\/www.eumedbridge.eu\/#\/schema\/logo\/image\/"},"sameAs":["https:\/\/www.facebook.com\/eumedbridge\/","https:\/\/x.com\/eumedbridge","https:\/\/www.linkedin.com\/company\/eumedbridge","https:\/\/www.youtube.com\/@eumedbridge","https:\/\/www.instagram.com\/eumedbridge","https:\/\/www.flickr.com\/photos\/euneighbours-south\/"]}]}},"_links":{"self":[{"href":"https:\/\/www.eumedbridge.eu\/fr\/wp-json\/wp\/v2\/news\/163698","targetHints":{"allow":["GET"]}}],"collection":[{"href":"https:\/\/www.eumedbridge.eu\/fr\/wp-json\/wp\/v2\/news"}],"about":[{"href":"https:\/\/www.eumedbridge.eu\/fr\/wp-json\/wp\/v2\/types\/news"}],"wp:attachment":[{"href":"https:\/\/www.eumedbridge.eu\/fr\/wp-json\/wp\/v2\/media?parent=163698"}],"wp:term":[{"taxonomy":"news_category","embeddable":true,"href":"https:\/\/www.eumedbridge.eu\/fr\/wp-json\/wp\/v2\/news_category?post=163698"},{"taxonomy":"country","embeddable":true,"href":"https:\/\/www.eumedbridge.eu\/fr\/wp-json\/wp\/v2\/country?post=163698"},{"taxonomy":"special_action","embeddable":true,"href":"https:\/\/www.eumedbridge.eu\/fr\/wp-json\/wp\/v2\/special_action?post=163698"},{"taxonomy":"custom_tag","embeddable":true,"href":"https:\/\/www.eumedbridge.eu\/fr\/wp-json\/wp\/v2\/custom_tag?post=163698"}],"curies":[{"name":"wp","href":"https:\/\/api.w.org\/{rel}","templated":true}]}}