{"id":163703,"date":"2016-09-12T00:00:00","date_gmt":"2016-09-11T21:00:00","guid":{"rendered":"http:\/\/south.euneighbours.eu\/news\/lue-soutient-la-cessation-des-hostilites-en-syrie-et-appelle-a-la-reprise-des-negociations-intra-syriennes\/"},"modified":"2022-07-08T16:32:48","modified_gmt":"2022-07-08T13:32:48","slug":"lue-soutient-la-cessation-des-hostilites-en-syrie-et-appelle-la-reprise","status":"publish","type":"news","link":"https:\/\/www.eumedbridge.eu\/fr\/news\/lue-soutient-la-cessation-des-hostilites-en-syrie-et-appelle-la-reprise\/","title":{"rendered":"L\u2019UE soutient la cessation des hostilit\u00e9s en Syrie et appelle \u00e0 la reprise des n\u00e9gociations intra-syriennes"},"content":{"rendered":"<p>\u00a0<span style=\"font-size: 11pt; background-image: initial; background-attachment: initial; background-size: initial; background-origin: initial; background-clip: initial; background-position: initial; background-repeat: initial;\">La Haute repr\u00e9sentante de l\u2019UE, Federica\u00a0Mogherini, s\u2019est f\u00e9licit\u00e9e de l\u2019accord <\/span><span style=\"font-size: 11pt;\">annonc\u00e9 par les \u00c9tats-Unis et la Russie r\u00e9tablissant la cessation des hostilit\u00e9s en Syrie et a exhort\u00e9 toutes les parties au conflit \u00e0 \u00ab\u00a0<i>d\u00e9sormais garantir son application effective afin de restaurer la cessation des hostilit\u00e9s, de favoriser la lev\u00e9e de tous les si\u00e8ges et de permettre un acc\u00e8s humanitaire soutenu dans tout le pays aux personnes dans le besoin ainsi que de faire avancer la question des d\u00e9tenus et des disparus<\/i>.\u00a0\u00bb<\/span><\/p>\n<div style=\"margin: 0cm 0cm 0.0001pt; background-image: initial; background-attachment: initial; background-size: initial; background-origin: initial; background-clip: initial; background-position: initial; background-repeat: initial;\">\u00a0<\/div>\n<div style=\"margin: 0cm 0cm 0.0001pt; background-image: initial; background-attachment: initial; background-size: initial; background-origin: initial; background-clip: initial; background-position: initial; background-repeat: initial;\"><span style=\"font-size:11.0pt;Tahoma\",sans-serif\">M<sup>me<\/sup>\u00a0Mogherini a rappel\u00e9 dans un communiqu\u00e9 qu\u2019\u00ab\u00a0<i>il ne peut y avoir aucune solution militaire au conflit et que l\u2019\u00e9limination de Daesh et des autres entit\u00e9s terroristes inscrites sur la liste de l\u2019ONU et pr\u00e9sentes en Syrie n\u00e9cessite \u00e9galement de trouver une solution politique \u00e0 la guerre civile<\/i>\u00a0\u00bb.<\/span><\/div>\n<div style=\"margin: 0cm 0cm 0.0001pt; background-image: initial; background-attachment: initial; background-size: initial; background-origin: initial; background-clip: initial; background-position: initial; background-repeat: initial;\">\u00a0<\/div>\n<div style=\"margin: 0cm 0cm 0.0001pt; background-image: initial; background-attachment: initial; background-size: initial; background-origin: initial; background-clip: initial; background-position: initial; background-repeat: initial;\"><span style=\"font-size:11.0pt;Tahoma\",sans-serif\">Elle a rejoint les \u00c9tats-Unis et la Russie, en leur qualit\u00e9 de copr\u00e9sidents du Groupe international de soutien \u00e0 la Syrie (GISS), en \u00ab\u00a0<i>exhortant les Nations Unies d\u2019\u00e9laborer une proposition en faveur de la transition politique, fond\u00e9e sur les r\u00e9solutions pertinentes du Conseil de s\u00e9curit\u00e9 des Nations Unies et sur les contributions apport\u00e9es par les parties syriennes, y compris celles \u00e9mises par le Haut Comit\u00e9 des n\u00e9gociations<\/i>\u00a0\u00bb.<\/span><\/div>\n<div style=\"margin: 0cm 0cm 0.0001pt; background-image: initial; background-attachment: initial; background-size: initial; background-origin: initial; background-clip: initial; background-position: initial; background-repeat: initial;\">\u00a0<\/div>\n<div style=\"margin-bottom: 0.0001pt;\">\u00ab\u00a0<i>La proposition devrait servir de point de d\u00e9part pour la reprise des pourparlers intra-syriens, dans le cadre de n\u00e9gociations directes facilit\u00e9es par l\u2019envoy\u00e9 sp\u00e9cial des Nations Unies, Staffan de Mistura, qui a tout notre soutien. L\u2019UE est pr\u00eate \u00e0 soutenir pleinement et activement ces n\u00e9gociations en coordination \u00e9troite avec l\u2019envoy\u00e9 de l\u2019ONU et les deux copr\u00e9sidents du GISS. L\u2019UE est \u00e9galement pr\u00eate \u00e0 fournir un appui \u00e0 la stabilisation et \u00e0 la reconstruction, une fois qu\u2019une transition politique aura commenc\u00e9<\/i>,\u00a0\u00bb conclut le communiqu\u00e9. (<a href=\"http:\/\/www.enpi-info.eu\/\"><span style=\"Times New Roman\";\ncolor:#AD966A;\">EU Neighbourhood Info<\/span><\/a>)<\/div>\n<div style=\"margin-bottom: 0.0001pt;\">\u00a0<\/div>\n<div style=\"margin-bottom: 0.0001pt;\"><b>Pour en savoir plus<\/b><\/div>\n<div style=\"margin-bottom: 0.0001pt;\">\u00a0<\/div>\n<div style=\"margin-bottom: 0.0001pt;\"><a href=\"http:\/\/eeas.europa.eu\/delegations\/syria\/9664\/statement-by-the-high-representativevice-president-federica-mogherini-on-an-agreement-by-the-international-syria-support-group-co-chairs_en\">Communiqu\u00e9 de presse<\/a><\/div>\n<div style=\"margin-bottom: 0.0001pt;\">\u00a0\u00a0<\/div>\n<div style=\"margin-bottom: 0.0001pt;\"><a href=\"http:\/\/eeas.europa.eu\/syria\/\"><span style=\"Times New Roman\";\ncolor:#AD966A;\">Les relations de l\u2019UE avec la Syrie<\/span><\/a><\/div>\n<div style=\"margin-bottom: 0.0001pt;\">\u00a0<\/div>\n<div style=\"margin-bottom: 0.0001pt;\">Commission europ\u00e9enne &#8211;\u00a0<a href=\"http:\/\/eeas.europa.eu\/statements\/docs\/2013\/131018_01_en.pdf\">Fiche d&rsquo;information sur l&rsquo;Union europ\u00e9enne et la Syrie\u00a0<\/a><\/div>\n<div style=\"margin-bottom: 0.0001pt;\">\u00a0<\/div>\n<div style=\"margin-bottom: 0.0001pt;\">Aide humanitaire et protection civile de la Commission europ\u00e9enne \u2013\u00a0<a href=\"http:\/\/ec.europa.eu\/echo\/files\/aid\/countries\/factsheets\/syria_en.pdf\">Fiche d\u2019information sur la crise syrienne<\/a><\/div>\n<div style=\"margin-bottom: 0.0001pt;\">\u00a0<\/div>\n<div style=\"margin-bottom: 0.0001pt;\"><a href=\"http:\/\/www.enpi-info.eu\/join.php\"><b>Abonnez-vous<\/b><\/a><\/div>\n<div style=\"margin: 0cm 0cm 0.0001pt; background-image: initial; background-attachment: initial; background-size: initial; background-origin: initial; background-clip: initial; background-position: initial; background-repeat: initial;\"><b>\u00a0<\/b><\/div>\n","protected":false},"featured_media":0,"parent":0,"template":"","news_category":[],"country":[2029],"special_action":[],"custom_tag":[2821],"class_list":["post-163703","news","type-news","status-publish","hentry","country-syrie","custom_tag-migration-fr"],"acf":[],"yoast_head":"<!-- This site is optimized with the Yoast SEO plugin v26.5 - https:\/\/yoast.com\/wordpress\/plugins\/seo\/ -->\n<title>L\u2019UE soutient la cessation des hostilit\u00e9s en Syrie et appelle \u00e0 la reprise des n\u00e9gociations intra-syriennes - Voisins de l&#039;UE<\/title>\n<meta name=\"robots\" content=\"index, follow, max-snippet:-1, max-image-preview:large, max-video-preview:-1\" \/>\n<link rel=\"canonical\" href=\"https:\/\/www.eumedbridge.eu\/fr\/news\/lue-soutient-la-cessation-des-hostilites-en-syrie-et-appelle-la-reprise\/\" \/>\n<meta property=\"og:locale\" content=\"fr_FR\" \/>\n<meta property=\"og:type\" content=\"article\" \/>\n<meta property=\"og:title\" content=\"L\u2019UE soutient la cessation des hostilit\u00e9s en Syrie et appelle \u00e0 la reprise des n\u00e9gociations intra-syriennes - Voisins de l&#039;UE\" \/>\n<meta property=\"og:description\" content=\"\u00a0La Haute repr\u00e9sentante de l\u2019UE, Federica\u00a0Mogherini, s\u2019est f\u00e9licit\u00e9e de l\u2019accord annonc\u00e9 par les \u00c9tats-Unis et la Russie r\u00e9tablissant la cessation des hostilit\u00e9s en Syrie et a exhort\u00e9 toutes les parties au conflit \u00e0 \u00ab\u00a0d\u00e9sormais garantir son application effective afin de restaurer la cessation des hostilit\u00e9s, de favoriser la lev\u00e9e de tous les si\u00e8ges et de [&hellip;]\" \/>\n<meta property=\"og:url\" content=\"https:\/\/www.eumedbridge.eu\/fr\/news\/lue-soutient-la-cessation-des-hostilites-en-syrie-et-appelle-la-reprise\/\" \/>\n<meta property=\"og:site_name\" content=\"Voisins de l&#039;UE\" \/>\n<meta property=\"article:publisher\" content=\"https:\/\/www.facebook.com\/eumedbridge\/\" \/>\n<meta property=\"article:modified_time\" content=\"2022-07-08T13:32:48+00:00\" \/>\n<meta property=\"og:image\" content=\"https:\/\/www.eumedbridge.eu\/wp-content\/uploads\/2022\/03\/P030296001002-496100.jpg\" \/>\n\t<meta property=\"og:image:width\" content=\"500\" \/>\n\t<meta property=\"og:image:height\" content=\"403\" \/>\n\t<meta property=\"og:image:type\" content=\"image\/jpeg\" \/>\n<meta name=\"twitter:card\" content=\"summary_large_image\" \/>\n<meta name=\"twitter:site\" content=\"@eumedbridge\" \/>\n<meta name=\"twitter:label1\" content=\"Dur\u00e9e de lecture estim\u00e9e\" \/>\n\t<meta name=\"twitter:data1\" content=\"2 minutes\" \/>\n<script type=\"application\/ld+json\" class=\"yoast-schema-graph\">{\"@context\":\"https:\/\/schema.org\",\"@graph\":[{\"@type\":\"WebPage\",\"@id\":\"https:\/\/www.eumedbridge.eu\/fr\/news\/lue-soutient-la-cessation-des-hostilites-en-syrie-et-appelle-la-reprise\/\",\"url\":\"https:\/\/www.eumedbridge.eu\/fr\/news\/lue-soutient-la-cessation-des-hostilites-en-syrie-et-appelle-la-reprise\/\",\"name\":\"L\u2019UE soutient la cessation des hostilit\u00e9s en Syrie et appelle \u00e0 la reprise des n\u00e9gociations intra-syriennes - Voisins de l'UE\",\"isPartOf\":{\"@id\":\"https:\/\/www.eumedbridge.eu\/#website\"},\"datePublished\":\"2016-09-11T21:00:00+00:00\",\"dateModified\":\"2022-07-08T13:32:48+00:00\",\"breadcrumb\":{\"@id\":\"https:\/\/www.eumedbridge.eu\/fr\/news\/lue-soutient-la-cessation-des-hostilites-en-syrie-et-appelle-la-reprise\/#breadcrumb\"},\"inLanguage\":\"fr-FR\",\"potentialAction\":[{\"@type\":\"ReadAction\",\"target\":[\"https:\/\/www.eumedbridge.eu\/fr\/news\/lue-soutient-la-cessation-des-hostilites-en-syrie-et-appelle-la-reprise\/\"]}]},{\"@type\":\"BreadcrumbList\",\"@id\":\"https:\/\/www.eumedbridge.eu\/fr\/news\/lue-soutient-la-cessation-des-hostilites-en-syrie-et-appelle-la-reprise\/#breadcrumb\",\"itemListElement\":[{\"@type\":\"ListItem\",\"position\":1,\"name\":\"Home\",\"item\":\"https:\/\/www.eumedbridge.eu\/fr\/home-page\/\"},{\"@type\":\"ListItem\",\"position\":2,\"name\":\"Actualit\u00e9s\",\"item\":\"https:\/\/www.eumedbridge.eu\/fr\/news\/\"},{\"@type\":\"ListItem\",\"position\":3,\"name\":\"L\u2019UE soutient la cessation des hostilit\u00e9s en Syrie et appelle \u00e0 la reprise des n\u00e9gociations intra-syriennes\"}]},{\"@type\":\"WebSite\",\"@id\":\"https:\/\/www.eumedbridge.eu\/#website\",\"url\":\"https:\/\/www.eumedbridge.eu\/\",\"name\":\"EU Medbridge\",\"description\":\"\",\"publisher\":{\"@id\":\"https:\/\/www.eumedbridge.eu\/#organization\"},\"potentialAction\":[{\"@type\":\"SearchAction\",\"target\":{\"@type\":\"EntryPoint\",\"urlTemplate\":\"https:\/\/www.eumedbridge.eu\/?s={search_term_string}\"},\"query-input\":{\"@type\":\"PropertyValueSpecification\",\"valueRequired\":true,\"valueName\":\"search_term_string\"}}],\"inLanguage\":\"fr-FR\"},{\"@type\":\"Organization\",\"@id\":\"https:\/\/www.eumedbridge.eu\/#organization\",\"name\":\"EU Medbridge\",\"url\":\"https:\/\/www.eumedbridge.eu\/\",\"logo\":{\"@type\":\"ImageObject\",\"inLanguage\":\"fr-FR\",\"@id\":\"https:\/\/www.eumedbridge.eu\/#\/schema\/logo\/image\/\",\"url\":\"https:\/\/www.eumedbridge.eu\/wp-content\/uploads\/2021\/12\/Logo.png\",\"contentUrl\":\"https:\/\/www.eumedbridge.eu\/wp-content\/uploads\/2021\/12\/Logo.png\",\"width\":325,\"height\":114,\"caption\":\"EU Medbridge\"},\"image\":{\"@id\":\"https:\/\/www.eumedbridge.eu\/#\/schema\/logo\/image\/\"},\"sameAs\":[\"https:\/\/www.facebook.com\/eumedbridge\/\",\"https:\/\/x.com\/eumedbridge\",\"https:\/\/www.linkedin.com\/company\/eumedbridge\",\"https:\/\/www.youtube.com\/@eumedbridge\",\"https:\/\/www.instagram.com\/eumedbridge\",\"https:\/\/www.flickr.com\/photos\/euneighbours-south\/\"]}]}<\/script>\n<!-- \/ Yoast SEO plugin. -->","yoast_head_json":{"title":"L\u2019UE soutient la cessation des hostilit\u00e9s en Syrie et appelle \u00e0 la reprise des n\u00e9gociations intra-syriennes - Voisins de l'UE","robots":{"index":"index","follow":"follow","max-snippet":"max-snippet:-1","max-image-preview":"max-image-preview:large","max-video-preview":"max-video-preview:-1"},"canonical":"https:\/\/www.eumedbridge.eu\/fr\/news\/lue-soutient-la-cessation-des-hostilites-en-syrie-et-appelle-la-reprise\/","og_locale":"fr_FR","og_type":"article","og_title":"L\u2019UE soutient la cessation des hostilit\u00e9s en Syrie et appelle \u00e0 la reprise des n\u00e9gociations intra-syriennes - Voisins de l'UE","og_description":"\u00a0La Haute repr\u00e9sentante de l\u2019UE, Federica\u00a0Mogherini, s\u2019est f\u00e9licit\u00e9e de l\u2019accord annonc\u00e9 par les \u00c9tats-Unis et la Russie r\u00e9tablissant la cessation des hostilit\u00e9s en Syrie et a exhort\u00e9 toutes les parties au conflit \u00e0 \u00ab\u00a0d\u00e9sormais garantir son application effective afin de restaurer la cessation des hostilit\u00e9s, de favoriser la lev\u00e9e de tous les si\u00e8ges et de [&hellip;]","og_url":"https:\/\/www.eumedbridge.eu\/fr\/news\/lue-soutient-la-cessation-des-hostilites-en-syrie-et-appelle-la-reprise\/","og_site_name":"Voisins de l'UE","article_publisher":"https:\/\/www.facebook.com\/eumedbridge\/","article_modified_time":"2022-07-08T13:32:48+00:00","og_image":[{"width":500,"height":403,"url":"https:\/\/www.eumedbridge.eu\/wp-content\/uploads\/2022\/03\/P030296001002-496100.jpg","type":"image\/jpeg"}],"twitter_card":"summary_large_image","twitter_site":"@eumedbridge","twitter_misc":{"Dur\u00e9e de lecture estim\u00e9e":"2 minutes"},"schema":{"@context":"https:\/\/schema.org","@graph":[{"@type":"WebPage","@id":"https:\/\/www.eumedbridge.eu\/fr\/news\/lue-soutient-la-cessation-des-hostilites-en-syrie-et-appelle-la-reprise\/","url":"https:\/\/www.eumedbridge.eu\/fr\/news\/lue-soutient-la-cessation-des-hostilites-en-syrie-et-appelle-la-reprise\/","name":"L\u2019UE soutient la cessation des hostilit\u00e9s en Syrie et appelle \u00e0 la reprise des n\u00e9gociations intra-syriennes - Voisins de l'UE","isPartOf":{"@id":"https:\/\/www.eumedbridge.eu\/#website"},"datePublished":"2016-09-11T21:00:00+00:00","dateModified":"2022-07-08T13:32:48+00:00","breadcrumb":{"@id":"https:\/\/www.eumedbridge.eu\/fr\/news\/lue-soutient-la-cessation-des-hostilites-en-syrie-et-appelle-la-reprise\/#breadcrumb"},"inLanguage":"fr-FR","potentialAction":[{"@type":"ReadAction","target":["https:\/\/www.eumedbridge.eu\/fr\/news\/lue-soutient-la-cessation-des-hostilites-en-syrie-et-appelle-la-reprise\/"]}]},{"@type":"BreadcrumbList","@id":"https:\/\/www.eumedbridge.eu\/fr\/news\/lue-soutient-la-cessation-des-hostilites-en-syrie-et-appelle-la-reprise\/#breadcrumb","itemListElement":[{"@type":"ListItem","position":1,"name":"Home","item":"https:\/\/www.eumedbridge.eu\/fr\/home-page\/"},{"@type":"ListItem","position":2,"name":"Actualit\u00e9s","item":"https:\/\/www.eumedbridge.eu\/fr\/news\/"},{"@type":"ListItem","position":3,"name":"L\u2019UE soutient la cessation des hostilit\u00e9s en Syrie et appelle \u00e0 la reprise des n\u00e9gociations intra-syriennes"}]},{"@type":"WebSite","@id":"https:\/\/www.eumedbridge.eu\/#website","url":"https:\/\/www.eumedbridge.eu\/","name":"EU Medbridge","description":"","publisher":{"@id":"https:\/\/www.eumedbridge.eu\/#organization"},"potentialAction":[{"@type":"SearchAction","target":{"@type":"EntryPoint","urlTemplate":"https:\/\/www.eumedbridge.eu\/?s={search_term_string}"},"query-input":{"@type":"PropertyValueSpecification","valueRequired":true,"valueName":"search_term_string"}}],"inLanguage":"fr-FR"},{"@type":"Organization","@id":"https:\/\/www.eumedbridge.eu\/#organization","name":"EU Medbridge","url":"https:\/\/www.eumedbridge.eu\/","logo":{"@type":"ImageObject","inLanguage":"fr-FR","@id":"https:\/\/www.eumedbridge.eu\/#\/schema\/logo\/image\/","url":"https:\/\/www.eumedbridge.eu\/wp-content\/uploads\/2021\/12\/Logo.png","contentUrl":"https:\/\/www.eumedbridge.eu\/wp-content\/uploads\/2021\/12\/Logo.png","width":325,"height":114,"caption":"EU Medbridge"},"image":{"@id":"https:\/\/www.eumedbridge.eu\/#\/schema\/logo\/image\/"},"sameAs":["https:\/\/www.facebook.com\/eumedbridge\/","https:\/\/x.com\/eumedbridge","https:\/\/www.linkedin.com\/company\/eumedbridge","https:\/\/www.youtube.com\/@eumedbridge","https:\/\/www.instagram.com\/eumedbridge","https:\/\/www.flickr.com\/photos\/euneighbours-south\/"]}]}},"_links":{"self":[{"href":"https:\/\/www.eumedbridge.eu\/fr\/wp-json\/wp\/v2\/news\/163703","targetHints":{"allow":["GET"]}}],"collection":[{"href":"https:\/\/www.eumedbridge.eu\/fr\/wp-json\/wp\/v2\/news"}],"about":[{"href":"https:\/\/www.eumedbridge.eu\/fr\/wp-json\/wp\/v2\/types\/news"}],"wp:attachment":[{"href":"https:\/\/www.eumedbridge.eu\/fr\/wp-json\/wp\/v2\/media?parent=163703"}],"wp:term":[{"taxonomy":"news_category","embeddable":true,"href":"https:\/\/www.eumedbridge.eu\/fr\/wp-json\/wp\/v2\/news_category?post=163703"},{"taxonomy":"country","embeddable":true,"href":"https:\/\/www.eumedbridge.eu\/fr\/wp-json\/wp\/v2\/country?post=163703"},{"taxonomy":"special_action","embeddable":true,"href":"https:\/\/www.eumedbridge.eu\/fr\/wp-json\/wp\/v2\/special_action?post=163703"},{"taxonomy":"custom_tag","embeddable":true,"href":"https:\/\/www.eumedbridge.eu\/fr\/wp-json\/wp\/v2\/custom_tag?post=163703"}],"curies":[{"name":"wp","href":"https:\/\/api.w.org\/{rel}","templated":true}]}}