{"id":163724,"date":"2016-08-25T00:00:00","date_gmt":"2016-08-24T21:00:00","guid":{"rendered":"http:\/\/south.euneighbours.eu\/news\/le-mandat-dune-operation-navale-de-lue-etendu-a-la-formation-des-gardes-cotes-et-de-la-marine-libyens\/"},"modified":"2022-07-08T16:33:41","modified_gmt":"2022-07-08T13:33:41","slug":"le-mandat-dune-operation-navale-de-lue-etendu-la-formation-des-gardes","status":"publish","type":"news","link":"https:\/\/www.eumedbridge.eu\/fr\/news\/le-mandat-dune-operation-navale-de-lue-etendu-la-formation-des-gardes\/","title":{"rendered":"Le mandat d\u2019une op\u00e9ration navale de l\u2019UE \u00e9tendu \u00e0 la formation des gardes-c\u00f4tes et de la marine libyens"},"content":{"rendered":"<p>Un protocole d\u2019accord concernant la formation de la garde c\u00f4ti\u00e8re et de la marine libyennes a \u00e9t\u00e9 sign\u00e9 hier \u00e0 Rome entre l\u2019EUNAVFOR op\u00e9ration Sophia et le corps de gardes-c\u00f4tes libyen.<\/p>\n<div style=\"margin-bottom: 0.0001pt;\">\u00a0<\/div>\n<div style=\"margin-bottom: 0.0001pt;\">L\u2019op\u00e9ration m\u00e8nera un programme de formation destin\u00e9 aux gardes-c\u00f4tes et \u00e0 la marine libyens en coordination avec d\u2019autres agences de l\u2019UE et acteurs internationaux. Elle se d\u00e9roulera en trois phases cons\u00e9cutives\u00a0: en haute mer \u00e0 bord des b\u00e2timents de l\u2019EUNAVFOR op\u00e9ration Sophia, sur le sol libyen ou celui d\u2019un \u00c9tat membre et enfin \u00e0 bord des bateaux de patrouille et de garde c\u00f4ti\u00e8re libyens.<\/div>\n<div style=\"margin-bottom: 0.0001pt;\">\u00a0<\/div>\n<div style=\"margin-bottom: 0.0001pt;\">Ce programme aidera \u00e0 am\u00e9liorer la s\u00e9curit\u00e9 des eaux territoriales libyennes et la capacit\u00e9 de la garde c\u00f4ti\u00e8re et de la marine libyennes \u00e0 prendre des mesures r\u00e9pressives en vue d\u2019arr\u00eater les passeurs et les trafiquants d\u2019\u00eatres humains, contribuant ainsi \u00e0 pr\u00e9venir de nouvelles pertes humaines en mer.<br \/>\n\u00a0\u00a0<br \/>\nL\u2019EUNAVFOR op\u00e9ration Sophia est active sur les eaux internationales depuis juin 2015. Sa mission principale est de d\u00e9manteler le mod\u00e8le \u00e9conomique des r\u00e9seaux de trafic de migrants et de traite des \u00eatres humains en M\u00e9diterran\u00e9e centrale. (<a href=\"http:\/\/www.enpi-info.eu\/index.php\" target=\"_blank\" rel=\"noopener\"><span style=\"Tahoma\",sans-serif;\ncolor:#AD966A;\">EU Neighbourhood Info<\/span><\/a>)<\/div>\n<div style=\"margin-bottom: 0.0001pt;\">\u00a0<\/div>\n<div style=\"margin-bottom: 0.0001pt;\"><b>Pour en savoir plus<\/b><\/div>\n<div style=\"margin-bottom: 0.0001pt;\">\u00a0<\/div>\n<div style=\"margin-bottom: 0.0001pt;\"><a href=\"http:\/\/eeas.europa.eu\/statements-eeas\/2016\/160823_01_en.htm\">Communiqu\u00e9 de presse<\/a><\/div>\n<div style=\"margin-bottom: 0.0001pt;\">\u00a0<\/div>\n<div style=\"margin-bottom: 0.0001pt;\"><a href=\"http:\/\/eeas.europa.eu\/statements-eeas\/2016\/160614_07_en.htm\">D\u00e9claration<\/a>\u00a0de Mme Mogherini sur l\u2019adoption de la r\u00e9solution 2292<\/div>\n<div style=\"margin-bottom: 0.0001pt;\">\u00a0<\/div>\n<div style=\"margin-bottom: 0.0001pt;\"><a href=\"http:\/\/www.consilium.europa.eu\/en\/press\/press-releases\/2016\/05\/23-fac-eunavfor-sophia\/\">Conclusions du Conseil<\/a>\u00a0sur\u00a0l\u2019op\u00e9ration Sophia EUNAVFOR MED (23-05-2016)\u00a0<\/div>\n<div style=\"margin-bottom: 0.0001pt;\">\u00a0<\/div>\n<div style=\"margin-bottom: 0.0001pt;\"><a href=\"http:\/\/www.eeas.europa.eu\/csdp\/missions-and-operations\/eunavfor-med\/index_en.htm\">EUNAVFOR MED\u00a0<\/a><\/div>\n<div style=\"margin-bottom: 0.0001pt;\">\u00a0<\/div>\n<div style=\"margin-bottom: 0.0001pt;\"><a href=\"http:\/\/www.eeas.europa.eu\/csdp\/missions-and-operations\/eunavfor-med\/pdf\/factsheet_eunavfor_med.pdf\">EUNAVFOR MED\u00a0&#8211; OPERATION SOPHIA \u2013 fiche<\/a>\u00a0d\u2019information<\/div>\n<div style=\"margin-bottom: 0.0001pt;\">\u00a0<\/div>\n<div style=\"margin-bottom: 0.0001pt;\">SEAE \u2013\u00a0<a href=\"http:\/\/eeas.europa.eu\/libya\/index_en.htm\"><span style=\"color:#AD966A\">Libye<\/span><\/a><\/div>\n<div style=\"margin-bottom: 0.0001pt;\">\u00a0<\/div>\n<div style=\"margin-bottom: 0.0001pt;\">EU Neighbourhood Info Centre \u2013\u00a0<a href=\"http:\/\/www.enpi-info.eu\/countrymed.php?country=11&#038;lang_id=469\"><span style=\"color:#AD966A\">Libye<\/span><\/a><\/div>\n<div style=\"margin-bottom: 0.0001pt;\">\u00a0<\/div>\n<div style=\"margin-bottom: 0.0001pt;\">D\u00e9l\u00e9gation de l\u2019UE en Libye \u2013\u00a0<a href=\"http:\/\/eeas.europa.eu\/delegations\/libya\/index_en.htm\">site internet<\/a>\u00a0et\u00a0<a href=\"https:\/\/www.facebook.com\/EUinLibya\">page Facebook<\/a>\u00a0\u00a0<\/div>\n","protected":false},"featured_media":0,"parent":0,"template":"","news_category":[],"country":[1951],"special_action":[],"custom_tag":[2313,2821],"class_list":["post-163724","news","type-news","status-publish","hentry","country-libye","custom_tag-droit-de-lhomme","custom_tag-migration-fr"],"acf":[],"yoast_head":"<!-- This site is optimized with the Yoast SEO plugin v26.5 - https:\/\/yoast.com\/wordpress\/plugins\/seo\/ -->\n<title>Le mandat d\u2019une op\u00e9ration navale de l\u2019UE \u00e9tendu \u00e0 la formation des gardes-c\u00f4tes et de la marine libyens - Voisins de l&#039;UE<\/title>\n<meta name=\"robots\" content=\"index, follow, max-snippet:-1, max-image-preview:large, max-video-preview:-1\" \/>\n<link rel=\"canonical\" href=\"https:\/\/www.eumedbridge.eu\/fr\/news\/le-mandat-dune-operation-navale-de-lue-etendu-la-formation-des-gardes\/\" \/>\n<meta property=\"og:locale\" content=\"fr_FR\" \/>\n<meta property=\"og:type\" content=\"article\" \/>\n<meta property=\"og:title\" content=\"Le mandat d\u2019une op\u00e9ration navale de l\u2019UE \u00e9tendu \u00e0 la formation des gardes-c\u00f4tes et de la marine libyens - Voisins de l&#039;UE\" \/>\n<meta property=\"og:description\" content=\"Un protocole d\u2019accord concernant la formation de la garde c\u00f4ti\u00e8re et de la marine libyennes a \u00e9t\u00e9 sign\u00e9 hier \u00e0 Rome entre l\u2019EUNAVFOR op\u00e9ration Sophia et le corps de gardes-c\u00f4tes libyen. \u00a0 L\u2019op\u00e9ration m\u00e8nera un programme de formation destin\u00e9 aux gardes-c\u00f4tes et \u00e0 la marine libyens en coordination avec d\u2019autres agences de l\u2019UE et acteurs [&hellip;]\" \/>\n<meta property=\"og:url\" content=\"https:\/\/www.eumedbridge.eu\/fr\/news\/le-mandat-dune-operation-navale-de-lue-etendu-la-formation-des-gardes\/\" \/>\n<meta property=\"og:site_name\" content=\"Voisins de l&#039;UE\" \/>\n<meta property=\"article:publisher\" content=\"https:\/\/www.facebook.com\/eumedbridge\/\" \/>\n<meta property=\"article:modified_time\" content=\"2022-07-08T13:33:41+00:00\" \/>\n<meta property=\"og:image\" content=\"https:\/\/www.eumedbridge.eu\/wp-content\/uploads\/2022\/03\/29099818381_5ea87658f5_z.jpg\" \/>\n\t<meta property=\"og:image:width\" content=\"500\" \/>\n\t<meta property=\"og:image:height\" content=\"334\" \/>\n\t<meta property=\"og:image:type\" content=\"image\/jpeg\" \/>\n<meta name=\"twitter:card\" content=\"summary_large_image\" \/>\n<meta name=\"twitter:site\" content=\"@eumedbridge\" \/>\n<meta name=\"twitter:label1\" content=\"Dur\u00e9e de lecture estim\u00e9e\" \/>\n\t<meta name=\"twitter:data1\" content=\"1 minute\" \/>\n<script type=\"application\/ld+json\" class=\"yoast-schema-graph\">{\"@context\":\"https:\/\/schema.org\",\"@graph\":[{\"@type\":\"WebPage\",\"@id\":\"https:\/\/www.eumedbridge.eu\/fr\/news\/le-mandat-dune-operation-navale-de-lue-etendu-la-formation-des-gardes\/\",\"url\":\"https:\/\/www.eumedbridge.eu\/fr\/news\/le-mandat-dune-operation-navale-de-lue-etendu-la-formation-des-gardes\/\",\"name\":\"Le mandat d\u2019une op\u00e9ration navale de l\u2019UE \u00e9tendu \u00e0 la formation des gardes-c\u00f4tes et de la marine libyens - Voisins de l'UE\",\"isPartOf\":{\"@id\":\"https:\/\/www.eumedbridge.eu\/#website\"},\"datePublished\":\"2016-08-24T21:00:00+00:00\",\"dateModified\":\"2022-07-08T13:33:41+00:00\",\"breadcrumb\":{\"@id\":\"https:\/\/www.eumedbridge.eu\/fr\/news\/le-mandat-dune-operation-navale-de-lue-etendu-la-formation-des-gardes\/#breadcrumb\"},\"inLanguage\":\"fr-FR\",\"potentialAction\":[{\"@type\":\"ReadAction\",\"target\":[\"https:\/\/www.eumedbridge.eu\/fr\/news\/le-mandat-dune-operation-navale-de-lue-etendu-la-formation-des-gardes\/\"]}]},{\"@type\":\"BreadcrumbList\",\"@id\":\"https:\/\/www.eumedbridge.eu\/fr\/news\/le-mandat-dune-operation-navale-de-lue-etendu-la-formation-des-gardes\/#breadcrumb\",\"itemListElement\":[{\"@type\":\"ListItem\",\"position\":1,\"name\":\"Home\",\"item\":\"https:\/\/www.eumedbridge.eu\/fr\/home-page\/\"},{\"@type\":\"ListItem\",\"position\":2,\"name\":\"Actualit\u00e9s\",\"item\":\"https:\/\/www.eumedbridge.eu\/fr\/news\/\"},{\"@type\":\"ListItem\",\"position\":3,\"name\":\"Le mandat d\u2019une op\u00e9ration navale de l\u2019UE \u00e9tendu \u00e0 la formation des gardes-c\u00f4tes et de la marine libyens\"}]},{\"@type\":\"WebSite\",\"@id\":\"https:\/\/www.eumedbridge.eu\/#website\",\"url\":\"https:\/\/www.eumedbridge.eu\/\",\"name\":\"EU Medbridge\",\"description\":\"\",\"publisher\":{\"@id\":\"https:\/\/www.eumedbridge.eu\/#organization\"},\"potentialAction\":[{\"@type\":\"SearchAction\",\"target\":{\"@type\":\"EntryPoint\",\"urlTemplate\":\"https:\/\/www.eumedbridge.eu\/?s={search_term_string}\"},\"query-input\":{\"@type\":\"PropertyValueSpecification\",\"valueRequired\":true,\"valueName\":\"search_term_string\"}}],\"inLanguage\":\"fr-FR\"},{\"@type\":\"Organization\",\"@id\":\"https:\/\/www.eumedbridge.eu\/#organization\",\"name\":\"EU Medbridge\",\"url\":\"https:\/\/www.eumedbridge.eu\/\",\"logo\":{\"@type\":\"ImageObject\",\"inLanguage\":\"fr-FR\",\"@id\":\"https:\/\/www.eumedbridge.eu\/#\/schema\/logo\/image\/\",\"url\":\"https:\/\/www.eumedbridge.eu\/wp-content\/uploads\/2021\/12\/Logo.png\",\"contentUrl\":\"https:\/\/www.eumedbridge.eu\/wp-content\/uploads\/2021\/12\/Logo.png\",\"width\":325,\"height\":114,\"caption\":\"EU Medbridge\"},\"image\":{\"@id\":\"https:\/\/www.eumedbridge.eu\/#\/schema\/logo\/image\/\"},\"sameAs\":[\"https:\/\/www.facebook.com\/eumedbridge\/\",\"https:\/\/x.com\/eumedbridge\",\"https:\/\/www.linkedin.com\/company\/eumedbridge\",\"https:\/\/www.youtube.com\/@eumedbridge\",\"https:\/\/www.instagram.com\/eumedbridge\",\"https:\/\/www.flickr.com\/photos\/euneighbours-south\/\"]}]}<\/script>\n<!-- \/ Yoast SEO plugin. -->","yoast_head_json":{"title":"Le mandat d\u2019une op\u00e9ration navale de l\u2019UE \u00e9tendu \u00e0 la formation des gardes-c\u00f4tes et de la marine libyens - Voisins de l'UE","robots":{"index":"index","follow":"follow","max-snippet":"max-snippet:-1","max-image-preview":"max-image-preview:large","max-video-preview":"max-video-preview:-1"},"canonical":"https:\/\/www.eumedbridge.eu\/fr\/news\/le-mandat-dune-operation-navale-de-lue-etendu-la-formation-des-gardes\/","og_locale":"fr_FR","og_type":"article","og_title":"Le mandat d\u2019une op\u00e9ration navale de l\u2019UE \u00e9tendu \u00e0 la formation des gardes-c\u00f4tes et de la marine libyens - Voisins de l'UE","og_description":"Un protocole d\u2019accord concernant la formation de la garde c\u00f4ti\u00e8re et de la marine libyennes a \u00e9t\u00e9 sign\u00e9 hier \u00e0 Rome entre l\u2019EUNAVFOR op\u00e9ration Sophia et le corps de gardes-c\u00f4tes libyen. \u00a0 L\u2019op\u00e9ration m\u00e8nera un programme de formation destin\u00e9 aux gardes-c\u00f4tes et \u00e0 la marine libyens en coordination avec d\u2019autres agences de l\u2019UE et acteurs [&hellip;]","og_url":"https:\/\/www.eumedbridge.eu\/fr\/news\/le-mandat-dune-operation-navale-de-lue-etendu-la-formation-des-gardes\/","og_site_name":"Voisins de l'UE","article_publisher":"https:\/\/www.facebook.com\/eumedbridge\/","article_modified_time":"2022-07-08T13:33:41+00:00","og_image":[{"width":500,"height":334,"url":"https:\/\/www.eumedbridge.eu\/wp-content\/uploads\/2022\/03\/29099818381_5ea87658f5_z.jpg","type":"image\/jpeg"}],"twitter_card":"summary_large_image","twitter_site":"@eumedbridge","twitter_misc":{"Dur\u00e9e de lecture estim\u00e9e":"1 minute"},"schema":{"@context":"https:\/\/schema.org","@graph":[{"@type":"WebPage","@id":"https:\/\/www.eumedbridge.eu\/fr\/news\/le-mandat-dune-operation-navale-de-lue-etendu-la-formation-des-gardes\/","url":"https:\/\/www.eumedbridge.eu\/fr\/news\/le-mandat-dune-operation-navale-de-lue-etendu-la-formation-des-gardes\/","name":"Le mandat d\u2019une op\u00e9ration navale de l\u2019UE \u00e9tendu \u00e0 la formation des gardes-c\u00f4tes et de la marine libyens - Voisins de l'UE","isPartOf":{"@id":"https:\/\/www.eumedbridge.eu\/#website"},"datePublished":"2016-08-24T21:00:00+00:00","dateModified":"2022-07-08T13:33:41+00:00","breadcrumb":{"@id":"https:\/\/www.eumedbridge.eu\/fr\/news\/le-mandat-dune-operation-navale-de-lue-etendu-la-formation-des-gardes\/#breadcrumb"},"inLanguage":"fr-FR","potentialAction":[{"@type":"ReadAction","target":["https:\/\/www.eumedbridge.eu\/fr\/news\/le-mandat-dune-operation-navale-de-lue-etendu-la-formation-des-gardes\/"]}]},{"@type":"BreadcrumbList","@id":"https:\/\/www.eumedbridge.eu\/fr\/news\/le-mandat-dune-operation-navale-de-lue-etendu-la-formation-des-gardes\/#breadcrumb","itemListElement":[{"@type":"ListItem","position":1,"name":"Home","item":"https:\/\/www.eumedbridge.eu\/fr\/home-page\/"},{"@type":"ListItem","position":2,"name":"Actualit\u00e9s","item":"https:\/\/www.eumedbridge.eu\/fr\/news\/"},{"@type":"ListItem","position":3,"name":"Le mandat d\u2019une op\u00e9ration navale de l\u2019UE \u00e9tendu \u00e0 la formation des gardes-c\u00f4tes et de la marine libyens"}]},{"@type":"WebSite","@id":"https:\/\/www.eumedbridge.eu\/#website","url":"https:\/\/www.eumedbridge.eu\/","name":"EU Medbridge","description":"","publisher":{"@id":"https:\/\/www.eumedbridge.eu\/#organization"},"potentialAction":[{"@type":"SearchAction","target":{"@type":"EntryPoint","urlTemplate":"https:\/\/www.eumedbridge.eu\/?s={search_term_string}"},"query-input":{"@type":"PropertyValueSpecification","valueRequired":true,"valueName":"search_term_string"}}],"inLanguage":"fr-FR"},{"@type":"Organization","@id":"https:\/\/www.eumedbridge.eu\/#organization","name":"EU Medbridge","url":"https:\/\/www.eumedbridge.eu\/","logo":{"@type":"ImageObject","inLanguage":"fr-FR","@id":"https:\/\/www.eumedbridge.eu\/#\/schema\/logo\/image\/","url":"https:\/\/www.eumedbridge.eu\/wp-content\/uploads\/2021\/12\/Logo.png","contentUrl":"https:\/\/www.eumedbridge.eu\/wp-content\/uploads\/2021\/12\/Logo.png","width":325,"height":114,"caption":"EU Medbridge"},"image":{"@id":"https:\/\/www.eumedbridge.eu\/#\/schema\/logo\/image\/"},"sameAs":["https:\/\/www.facebook.com\/eumedbridge\/","https:\/\/x.com\/eumedbridge","https:\/\/www.linkedin.com\/company\/eumedbridge","https:\/\/www.youtube.com\/@eumedbridge","https:\/\/www.instagram.com\/eumedbridge","https:\/\/www.flickr.com\/photos\/euneighbours-south\/"]}]}},"_links":{"self":[{"href":"https:\/\/www.eumedbridge.eu\/fr\/wp-json\/wp\/v2\/news\/163724","targetHints":{"allow":["GET"]}}],"collection":[{"href":"https:\/\/www.eumedbridge.eu\/fr\/wp-json\/wp\/v2\/news"}],"about":[{"href":"https:\/\/www.eumedbridge.eu\/fr\/wp-json\/wp\/v2\/types\/news"}],"wp:attachment":[{"href":"https:\/\/www.eumedbridge.eu\/fr\/wp-json\/wp\/v2\/media?parent=163724"}],"wp:term":[{"taxonomy":"news_category","embeddable":true,"href":"https:\/\/www.eumedbridge.eu\/fr\/wp-json\/wp\/v2\/news_category?post=163724"},{"taxonomy":"country","embeddable":true,"href":"https:\/\/www.eumedbridge.eu\/fr\/wp-json\/wp\/v2\/country?post=163724"},{"taxonomy":"special_action","embeddable":true,"href":"https:\/\/www.eumedbridge.eu\/fr\/wp-json\/wp\/v2\/special_action?post=163724"},{"taxonomy":"custom_tag","embeddable":true,"href":"https:\/\/www.eumedbridge.eu\/fr\/wp-json\/wp\/v2\/custom_tag?post=163724"}],"curies":[{"name":"wp","href":"https:\/\/api.w.org\/{rel}","templated":true}]}}