{"id":163895,"date":"2016-05-31T00:00:00","date_gmt":"2016-05-30T21:00:00","guid":{"rendered":"http:\/\/south.euneighbours.eu\/news\/lassemblee-parlementaire-de-lunion-pour-la-mediterranee-appelle-a-des-reponses-collectives-renforcees-dans-la-region-mediterraneenne\/"},"modified":"2022-07-08T16:40:04","modified_gmt":"2022-07-08T13:40:04","slug":"lassemblee-parlementaire-de-lunion-pour-la-mediterranee-appelle-des","status":"publish","type":"news","link":"https:\/\/www.eumedbridge.eu\/fr\/news\/lassemblee-parlementaire-de-lunion-pour-la-mediterranee-appelle-des\/","title":{"rendered":"L\u2019Assembl\u00e9e parlementaire de l\u2019Union pour la M\u00e9diterran\u00e9e appelle \u00e0 des r\u00e9ponses collectives renforc\u00e9es dans la r\u00e9gion m\u00e9diterran\u00e9enne"},"content":{"rendered":"<\/p>\n<div style=\"margin-bottom:0cm;margin-bottom:.0001pt;line-height:\nnormal\"><span style=\"Tahoma\",sans-serif;Times New Roman\";color:black;\">Les membres de de l\u2019Assembl\u00e9e parlementaire de l\u2019UpM (AP-UpM), participant \u00e0 sa douzi\u00e8me Session pl\u00e9ni\u00e8re, qui a eu lieu \u00e0 Tanger, au Maroc, les 28 et 29\u00a0mai, ont exprim\u00e9 leur satisfaction pour l\u2019examen de la politique europ\u00e9enne de voisinage (PEV), ont encourag\u00e9\u00a0<i>\u00ab\u00a0la poursuite des compl\u00e9mentarit\u00e9s et des synergies entre la PEV et les activit\u00e9s de l\u2019UpM\u00a0\u00bb<\/i>, et appellent la PEV \u00e0\u00a0<i>\u00ab\u00a0renforcer son soutien aux efforts de coop\u00e9ration r\u00e9gionale de l\u2019UpM\u00a0\u00bb.\u00a0<\/i><\/span><\/div>\n<div style=\"margin-bottom:0cm;margin-bottom:.0001pt;line-height:\nnormal\">\u00a0<\/div>\n<div style=\"margin-bottom:0cm;margin-bottom:.0001pt;line-height:\nnormal\"><span style=\"Tahoma\",sans-serif;Times New Roman\";color:black;\">L\u2019AP-UpM a exprim\u00e9 sa\u00a0<i>\u00ab\u00a0satisfaction des progr\u00e8s accomplis par l\u2019UpM dans l\u2019avancement de l\u2019agenda r\u00e9gional, le renforcement du dialogue politique r\u00e9gional, en facilitant la mise en \u0153uvre de plusieurs projets ayant un impact direct sur la population, et d\u2019interagir avec tous les acteurs de la coop\u00e9ration dans la r\u00e9gion\u00a0\u00bb.<\/i> Les Parlementaires ont \u00e9galement appel\u00e9\u00a0<i>\u00ab\u00a0les gouvernements \u00e0 accro\u00eetre leur soutien politique et financier \u00e0 l\u2019UpM et son Secr\u00e9tariat g\u00e9n\u00e9ral en vue d\u2019intensifier l\u2019impact et de contribuer davantage au d\u00e9veloppement socio-\u00e9conomique et humain r\u00e9gional\u00a0\u00bb.<\/i><\/span><\/div>\n<div style=\"margin-bottom:0cm;margin-bottom:.0001pt;line-height:\nnormal\">\u00a0<\/div>\n<div style=\"margin-bottom:0cm;margin-bottom:.0001pt;line-height:\nnormal\"><span style=\"Tahoma\",sans-serif;Times New Roman\";color:black;\">Le Secr\u00e9taire g\u00e9n\u00e9ral de l\u2019UpM, M. Sijilmassi, salue l\u2019\u00e9lection de l\u2019Italie \u00e0 la nouvelle pr\u00e9sidence de l\u2019AP-UpM et r\u00e9affirme l\u2019engagement du Secr\u00e9tariat \u00e0 continuer de b\u00e2tir des synergies et des compl\u00e9mentarit\u00e9s op\u00e9rationnelles entre les deux institutions. (<\/span><span style=\"Tahoma\",sans-serif;Times New Roman\";\ncolor:black\"><a href=\"http:\/\/www.enpi-info.eu\/\"><span style=\"color:#AD966A;\">EU Neighbourhood Info<\/span><\/a><\/span><span style=\"Tahoma\",sans-serif;Times New Roman\";\ncolor:black;\">)<\/span><\/div>\n<div style=\"margin-bottom:0cm;margin-bottom:.0001pt;line-height:\nnormal\">\u00a0<\/div>\n<div style=\"margin-bottom:0cm;margin-bottom:.0001pt;line-height:\nnormal\"><b><span style=\"Tahoma\",sans-serif;Times New Roman\";color:black;\">En savoir plus<\/span><\/b><\/div>\n<div style=\"margin-bottom:0cm;margin-bottom:.0001pt;line-height:\nnormal\">\u00a0<\/div>\n<div style=\"margin-bottom:0cm;margin-bottom:.0001pt;line-height:\nnormal\"><u><span style=\"Tahoma\",sans-serif;Times New Roman\";color:#AD966A;\"><a href=\"http:\/\/ufmsecretariat.org\/fr\/ufm-parliamentary-assembly-calls-for-stronger-collective-responses-in-the-mediterranean\/\">Communiqu\u00e9 de presse<\/a><\/span><\/u><\/div>\n<div style=\"margin-bottom:0cm;margin-bottom:.0001pt;line-height:\nnormal\">\u00a0<\/div>\n<div style=\"margin-bottom:0cm;margin-bottom:.0001pt;line-height:\nnormal\"><span style=\"Tahoma\",sans-serif;Times New Roman\";color:black\"><a href=\"http:\/\/www.paufm.org\/\"><span style=\"color:#AD966A;\">Site web<\/span><\/a><\/span><span style=\"Tahoma\",sans-serif;Times New Roman\";\ncolor:black;\">\u00a0de l\u2019Assembl\u00e9e parlementaire de l\u2019UpM<\/span><\/div>\n<div style=\"margin-bottom:0cm;margin-bottom:.0001pt;line-height:\nnormal\">\u00a0<\/div>\n<div style=\"margin-bottom:0cm;margin-bottom:.0001pt;line-height:\nnormal\"><span style=\"Tahoma\",sans-serif;Times New Roman\";color:black\"><a href=\"http:\/\/ufmsecretariat.org\/fr\/\"><span style=\"color:#AD966A\">Site web de l\u2019UpM<\/span><\/a><\/span><\/div>\n<div style=\"margin-bottom:0cm;margin-bottom:.0001pt;line-height:\nnormal\">\u00a0<\/div>\n","protected":false},"featured_media":0,"parent":0,"template":"","news_category":[],"country":[],"special_action":[],"custom_tag":[],"class_list":["post-163895","news","type-news","status-publish","hentry"],"acf":[],"yoast_head":"<!-- This site is optimized with the Yoast SEO plugin v26.5 - https:\/\/yoast.com\/wordpress\/plugins\/seo\/ -->\n<title>L\u2019Assembl\u00e9e parlementaire de l\u2019Union pour la M\u00e9diterran\u00e9e appelle \u00e0 des r\u00e9ponses collectives renforc\u00e9es dans la r\u00e9gion m\u00e9diterran\u00e9enne - Voisins de l&#039;UE<\/title>\n<meta name=\"robots\" content=\"index, follow, max-snippet:-1, max-image-preview:large, max-video-preview:-1\" \/>\n<link rel=\"canonical\" href=\"https:\/\/www.eumedbridge.eu\/fr\/news\/lassemblee-parlementaire-de-lunion-pour-la-mediterranee-appelle-des\/\" \/>\n<meta property=\"og:locale\" content=\"fr_FR\" \/>\n<meta property=\"og:type\" content=\"article\" \/>\n<meta property=\"og:title\" content=\"L\u2019Assembl\u00e9e parlementaire de l\u2019Union pour la M\u00e9diterran\u00e9e appelle \u00e0 des r\u00e9ponses collectives renforc\u00e9es dans la r\u00e9gion m\u00e9diterran\u00e9enne - Voisins de l&#039;UE\" \/>\n<meta property=\"og:description\" content=\"Les membres de de l\u2019Assembl\u00e9e parlementaire de l\u2019UpM (AP-UpM), participant \u00e0 sa douzi\u00e8me Session pl\u00e9ni\u00e8re, qui a eu lieu \u00e0 Tanger, au Maroc, les 28 et 29\u00a0mai, ont exprim\u00e9 leur satisfaction pour l\u2019examen de la politique europ\u00e9enne de voisinage (PEV), ont encourag\u00e9\u00a0\u00ab\u00a0la poursuite des compl\u00e9mentarit\u00e9s et des synergies entre la PEV et les activit\u00e9s de [&hellip;]\" \/>\n<meta property=\"og:url\" content=\"https:\/\/www.eumedbridge.eu\/fr\/news\/lassemblee-parlementaire-de-lunion-pour-la-mediterranee-appelle-des\/\" \/>\n<meta property=\"og:site_name\" content=\"Voisins de l&#039;UE\" \/>\n<meta property=\"article:publisher\" content=\"https:\/\/www.facebook.com\/eumedbridge\/\" \/>\n<meta property=\"article:modified_time\" content=\"2022-07-08T13:40:04+00:00\" \/>\n<meta property=\"og:image\" content=\"https:\/\/www.eumedbridge.eu\/wp-content\/uploads\/2022\/03\/PA-UfM.jpg\" \/>\n\t<meta property=\"og:image:width\" content=\"500\" \/>\n\t<meta property=\"og:image:height\" content=\"252\" \/>\n\t<meta property=\"og:image:type\" content=\"image\/jpeg\" \/>\n<meta name=\"twitter:card\" content=\"summary_large_image\" \/>\n<meta name=\"twitter:site\" content=\"@eumedbridge\" \/>\n<meta name=\"twitter:label1\" content=\"Dur\u00e9e de lecture estim\u00e9e\" \/>\n\t<meta name=\"twitter:data1\" content=\"1 minute\" \/>\n<script type=\"application\/ld+json\" class=\"yoast-schema-graph\">{\"@context\":\"https:\/\/schema.org\",\"@graph\":[{\"@type\":\"WebPage\",\"@id\":\"https:\/\/www.eumedbridge.eu\/fr\/news\/lassemblee-parlementaire-de-lunion-pour-la-mediterranee-appelle-des\/\",\"url\":\"https:\/\/www.eumedbridge.eu\/fr\/news\/lassemblee-parlementaire-de-lunion-pour-la-mediterranee-appelle-des\/\",\"name\":\"L\u2019Assembl\u00e9e parlementaire de l\u2019Union pour la M\u00e9diterran\u00e9e appelle \u00e0 des r\u00e9ponses collectives renforc\u00e9es dans la r\u00e9gion m\u00e9diterran\u00e9enne - Voisins de l'UE\",\"isPartOf\":{\"@id\":\"https:\/\/www.eumedbridge.eu\/#website\"},\"datePublished\":\"2016-05-30T21:00:00+00:00\",\"dateModified\":\"2022-07-08T13:40:04+00:00\",\"breadcrumb\":{\"@id\":\"https:\/\/www.eumedbridge.eu\/fr\/news\/lassemblee-parlementaire-de-lunion-pour-la-mediterranee-appelle-des\/#breadcrumb\"},\"inLanguage\":\"fr-FR\",\"potentialAction\":[{\"@type\":\"ReadAction\",\"target\":[\"https:\/\/www.eumedbridge.eu\/fr\/news\/lassemblee-parlementaire-de-lunion-pour-la-mediterranee-appelle-des\/\"]}]},{\"@type\":\"BreadcrumbList\",\"@id\":\"https:\/\/www.eumedbridge.eu\/fr\/news\/lassemblee-parlementaire-de-lunion-pour-la-mediterranee-appelle-des\/#breadcrumb\",\"itemListElement\":[{\"@type\":\"ListItem\",\"position\":1,\"name\":\"Home\",\"item\":\"https:\/\/www.eumedbridge.eu\/fr\/home-page\/\"},{\"@type\":\"ListItem\",\"position\":2,\"name\":\"Actualit\u00e9s\",\"item\":\"https:\/\/www.eumedbridge.eu\/fr\/news\/\"},{\"@type\":\"ListItem\",\"position\":3,\"name\":\"L\u2019Assembl\u00e9e parlementaire de l\u2019Union pour la M\u00e9diterran\u00e9e appelle \u00e0 des r\u00e9ponses collectives renforc\u00e9es dans la r\u00e9gion m\u00e9diterran\u00e9enne\"}]},{\"@type\":\"WebSite\",\"@id\":\"https:\/\/www.eumedbridge.eu\/#website\",\"url\":\"https:\/\/www.eumedbridge.eu\/\",\"name\":\"EU Medbridge\",\"description\":\"\",\"publisher\":{\"@id\":\"https:\/\/www.eumedbridge.eu\/#organization\"},\"potentialAction\":[{\"@type\":\"SearchAction\",\"target\":{\"@type\":\"EntryPoint\",\"urlTemplate\":\"https:\/\/www.eumedbridge.eu\/?s={search_term_string}\"},\"query-input\":{\"@type\":\"PropertyValueSpecification\",\"valueRequired\":true,\"valueName\":\"search_term_string\"}}],\"inLanguage\":\"fr-FR\"},{\"@type\":\"Organization\",\"@id\":\"https:\/\/www.eumedbridge.eu\/#organization\",\"name\":\"EU Medbridge\",\"url\":\"https:\/\/www.eumedbridge.eu\/\",\"logo\":{\"@type\":\"ImageObject\",\"inLanguage\":\"fr-FR\",\"@id\":\"https:\/\/www.eumedbridge.eu\/#\/schema\/logo\/image\/\",\"url\":\"https:\/\/www.eumedbridge.eu\/wp-content\/uploads\/2021\/12\/Logo.png\",\"contentUrl\":\"https:\/\/www.eumedbridge.eu\/wp-content\/uploads\/2021\/12\/Logo.png\",\"width\":325,\"height\":114,\"caption\":\"EU Medbridge\"},\"image\":{\"@id\":\"https:\/\/www.eumedbridge.eu\/#\/schema\/logo\/image\/\"},\"sameAs\":[\"https:\/\/www.facebook.com\/eumedbridge\/\",\"https:\/\/x.com\/eumedbridge\",\"https:\/\/www.linkedin.com\/company\/eumedbridge\",\"https:\/\/www.youtube.com\/@eumedbridge\",\"https:\/\/www.instagram.com\/eumedbridge\",\"https:\/\/www.flickr.com\/photos\/euneighbours-south\/\"]}]}<\/script>\n<!-- \/ Yoast SEO plugin. -->","yoast_head_json":{"title":"L\u2019Assembl\u00e9e parlementaire de l\u2019Union pour la M\u00e9diterran\u00e9e appelle \u00e0 des r\u00e9ponses collectives renforc\u00e9es dans la r\u00e9gion m\u00e9diterran\u00e9enne - Voisins de l'UE","robots":{"index":"index","follow":"follow","max-snippet":"max-snippet:-1","max-image-preview":"max-image-preview:large","max-video-preview":"max-video-preview:-1"},"canonical":"https:\/\/www.eumedbridge.eu\/fr\/news\/lassemblee-parlementaire-de-lunion-pour-la-mediterranee-appelle-des\/","og_locale":"fr_FR","og_type":"article","og_title":"L\u2019Assembl\u00e9e parlementaire de l\u2019Union pour la M\u00e9diterran\u00e9e appelle \u00e0 des r\u00e9ponses collectives renforc\u00e9es dans la r\u00e9gion m\u00e9diterran\u00e9enne - Voisins de l'UE","og_description":"Les membres de de l\u2019Assembl\u00e9e parlementaire de l\u2019UpM (AP-UpM), participant \u00e0 sa douzi\u00e8me Session pl\u00e9ni\u00e8re, qui a eu lieu \u00e0 Tanger, au Maroc, les 28 et 29\u00a0mai, ont exprim\u00e9 leur satisfaction pour l\u2019examen de la politique europ\u00e9enne de voisinage (PEV), ont encourag\u00e9\u00a0\u00ab\u00a0la poursuite des compl\u00e9mentarit\u00e9s et des synergies entre la PEV et les activit\u00e9s de [&hellip;]","og_url":"https:\/\/www.eumedbridge.eu\/fr\/news\/lassemblee-parlementaire-de-lunion-pour-la-mediterranee-appelle-des\/","og_site_name":"Voisins de l'UE","article_publisher":"https:\/\/www.facebook.com\/eumedbridge\/","article_modified_time":"2022-07-08T13:40:04+00:00","og_image":[{"width":500,"height":252,"url":"https:\/\/www.eumedbridge.eu\/wp-content\/uploads\/2022\/03\/PA-UfM.jpg","type":"image\/jpeg"}],"twitter_card":"summary_large_image","twitter_site":"@eumedbridge","twitter_misc":{"Dur\u00e9e de lecture estim\u00e9e":"1 minute"},"schema":{"@context":"https:\/\/schema.org","@graph":[{"@type":"WebPage","@id":"https:\/\/www.eumedbridge.eu\/fr\/news\/lassemblee-parlementaire-de-lunion-pour-la-mediterranee-appelle-des\/","url":"https:\/\/www.eumedbridge.eu\/fr\/news\/lassemblee-parlementaire-de-lunion-pour-la-mediterranee-appelle-des\/","name":"L\u2019Assembl\u00e9e parlementaire de l\u2019Union pour la M\u00e9diterran\u00e9e appelle \u00e0 des r\u00e9ponses collectives renforc\u00e9es dans la r\u00e9gion m\u00e9diterran\u00e9enne - Voisins de l'UE","isPartOf":{"@id":"https:\/\/www.eumedbridge.eu\/#website"},"datePublished":"2016-05-30T21:00:00+00:00","dateModified":"2022-07-08T13:40:04+00:00","breadcrumb":{"@id":"https:\/\/www.eumedbridge.eu\/fr\/news\/lassemblee-parlementaire-de-lunion-pour-la-mediterranee-appelle-des\/#breadcrumb"},"inLanguage":"fr-FR","potentialAction":[{"@type":"ReadAction","target":["https:\/\/www.eumedbridge.eu\/fr\/news\/lassemblee-parlementaire-de-lunion-pour-la-mediterranee-appelle-des\/"]}]},{"@type":"BreadcrumbList","@id":"https:\/\/www.eumedbridge.eu\/fr\/news\/lassemblee-parlementaire-de-lunion-pour-la-mediterranee-appelle-des\/#breadcrumb","itemListElement":[{"@type":"ListItem","position":1,"name":"Home","item":"https:\/\/www.eumedbridge.eu\/fr\/home-page\/"},{"@type":"ListItem","position":2,"name":"Actualit\u00e9s","item":"https:\/\/www.eumedbridge.eu\/fr\/news\/"},{"@type":"ListItem","position":3,"name":"L\u2019Assembl\u00e9e parlementaire de l\u2019Union pour la M\u00e9diterran\u00e9e appelle \u00e0 des r\u00e9ponses collectives renforc\u00e9es dans la r\u00e9gion m\u00e9diterran\u00e9enne"}]},{"@type":"WebSite","@id":"https:\/\/www.eumedbridge.eu\/#website","url":"https:\/\/www.eumedbridge.eu\/","name":"EU Medbridge","description":"","publisher":{"@id":"https:\/\/www.eumedbridge.eu\/#organization"},"potentialAction":[{"@type":"SearchAction","target":{"@type":"EntryPoint","urlTemplate":"https:\/\/www.eumedbridge.eu\/?s={search_term_string}"},"query-input":{"@type":"PropertyValueSpecification","valueRequired":true,"valueName":"search_term_string"}}],"inLanguage":"fr-FR"},{"@type":"Organization","@id":"https:\/\/www.eumedbridge.eu\/#organization","name":"EU Medbridge","url":"https:\/\/www.eumedbridge.eu\/","logo":{"@type":"ImageObject","inLanguage":"fr-FR","@id":"https:\/\/www.eumedbridge.eu\/#\/schema\/logo\/image\/","url":"https:\/\/www.eumedbridge.eu\/wp-content\/uploads\/2021\/12\/Logo.png","contentUrl":"https:\/\/www.eumedbridge.eu\/wp-content\/uploads\/2021\/12\/Logo.png","width":325,"height":114,"caption":"EU Medbridge"},"image":{"@id":"https:\/\/www.eumedbridge.eu\/#\/schema\/logo\/image\/"},"sameAs":["https:\/\/www.facebook.com\/eumedbridge\/","https:\/\/x.com\/eumedbridge","https:\/\/www.linkedin.com\/company\/eumedbridge","https:\/\/www.youtube.com\/@eumedbridge","https:\/\/www.instagram.com\/eumedbridge","https:\/\/www.flickr.com\/photos\/euneighbours-south\/"]}]}},"_links":{"self":[{"href":"https:\/\/www.eumedbridge.eu\/fr\/wp-json\/wp\/v2\/news\/163895","targetHints":{"allow":["GET"]}}],"collection":[{"href":"https:\/\/www.eumedbridge.eu\/fr\/wp-json\/wp\/v2\/news"}],"about":[{"href":"https:\/\/www.eumedbridge.eu\/fr\/wp-json\/wp\/v2\/types\/news"}],"wp:attachment":[{"href":"https:\/\/www.eumedbridge.eu\/fr\/wp-json\/wp\/v2\/media?parent=163895"}],"wp:term":[{"taxonomy":"news_category","embeddable":true,"href":"https:\/\/www.eumedbridge.eu\/fr\/wp-json\/wp\/v2\/news_category?post=163895"},{"taxonomy":"country","embeddable":true,"href":"https:\/\/www.eumedbridge.eu\/fr\/wp-json\/wp\/v2\/country?post=163895"},{"taxonomy":"special_action","embeddable":true,"href":"https:\/\/www.eumedbridge.eu\/fr\/wp-json\/wp\/v2\/special_action?post=163895"},{"taxonomy":"custom_tag","embeddable":true,"href":"https:\/\/www.eumedbridge.eu\/fr\/wp-json\/wp\/v2\/custom_tag?post=163895"}],"curies":[{"name":"wp","href":"https:\/\/api.w.org\/{rel}","templated":true}]}}