{"id":163973,"date":"2016-04-27T00:00:00","date_gmt":"2016-04-26T21:00:00","guid":{"rendered":"http:\/\/south.euneighbours.eu\/news\/medmedia-trois-evenements-cles-pour-la-journee-mondiale-de-la-liberte-de-la-presse\/"},"modified":"2022-07-08T16:43:03","modified_gmt":"2022-07-08T13:43:03","slug":"medmedia-trois-evenements-cles-pour-la-journee-mondiale-de-la-liberte-de","status":"publish","type":"news","link":"https:\/\/www.eumedbridge.eu\/fr\/news\/medmedia-trois-evenements-cles-pour-la-journee-mondiale-de-la-liberte-de\/","title":{"rendered":"MedMedia : trois \u00e9v\u00e8nements cl\u00e9s pour la Journ\u00e9e mondiale de la libert\u00e9 de la presse"},"content":{"rendered":"<\/p>\n<div style=\"margin-bottom:0cm;margin-bottom:.0001pt;line-height:\nnormal\"><span style=\"Tahoma\",sans-serif\">MedMedia, programme financ\u00e9 par l\u2019UE, organise trois \u00e9v\u00e8nements cl\u00e9s en c\u00e9l\u00e9bration de la Journ\u00e9e mondiale de la libert\u00e9 de la presse (qui a lieu le 3 mai, chaque ann\u00e9e). <\/span><\/div>\n<div style=\"margin-bottom:0cm;margin-bottom:.0001pt;line-height:\nnormal\">\u00a0<\/div>\n<div style=\"margin-bottom:0cm;margin-bottom:.0001pt;line-height:\nnormal\"><span style=\"Tahoma\",sans-serif\">Le premier \u00e9v\u00e8nement aura lieu lundi 2 mai 2016 \u00e0 Helsinki, en Finlande, la veille de la conf\u00e9rence de l\u2019UNESCO, \u00e9galement tenue \u00e0 Helsinki. Pr\u00e9vu le m\u00eame jour \u00e0 Helsinki, un deuxi\u00e8me \u00e9v\u00e9nement parall\u00e8le examinera les moyens d\u2019am\u00e9liorer les programmes d\u2019enseignement de journalisme. <\/span><\/div>\n<div style=\"margin-bottom:0cm;margin-bottom:.0001pt;line-height:\nnormal\">\u00a0<\/div>\n<div style=\"margin-bottom:0cm;margin-bottom:.0001pt;line-height:\nnormal\"><span style=\"Tahoma\",sans-serif\">Le troisi\u00e8me \u00e9v\u00e9nement est une conf\u00e9rence pr\u00e9vue \u00e0 Casablanca, au Maroc, du 2 au 4 mai sur le th\u00e8me de \u00ab\u00a0l\u2019acc\u00e8s \u00e0 l\u2019information et aux libert\u00e9s fondamentales, c\u2019est votre droit! \u2013 Appui \u00e0 l\u2019ind\u00e9pendance des m\u00e9dias et aux libert\u00e9s fondamentales dans le monde arabe\u00a0\u00bb.<\/span><\/div>\n<div style=\"margin-bottom:0cm;margin-bottom:.0001pt;line-height:\nnormal\">\u00a0<\/div>\n<div style=\"margin-bottom:0cm;margin-bottom:.0001pt;line-height:\nnormal\"><span style=\"Tahoma\",sans-serif;\">Financ\u00e9 par l\u2019UE, le projet\u00a0<b>MedMedia\u00a0<\/b>vise \u00e0 cr\u00e9er un environnement favorable \u00e0 la r\u00e9forme des m\u00e9dias dans la r\u00e9gion sud de la M\u00e9diterran\u00e9e. Il fait partie de \u00ab M\u00e9dia et culture pour le d\u00e9veloppement en M\u00e9diterran\u00e9e du Sud \u00bb, un programme \u00e0 hauteur de 17\u00a0millions d\u2019euros qui vise \u00e0 soutenir le processus de r\u00e9forme des m\u00e9dias et de la culture dans la r\u00e9gion.<\/span><\/div>\n<div style=\"margin-bottom:0cm;margin-bottom:.0001pt;line-height:\nnormal\">\u00a0<\/div>\n<div style=\"margin-bottom:0cm;margin-bottom:.0001pt;line-height:\nnormal\"><b><span style=\"Tahoma\",sans-serif;\">MedMedia<\/span><\/b><span style=\"Tahoma\",sans-serif;\">\u00a0met l\u2019accent sur la l\u00e9gislation, la r\u00e9glementation, la programmation, la strat\u00e9gie et le leadership en vue d\u2019aider les m\u00e9dias \u00e9tatiques \u00e0 remplir leur mission de service public, en concurrence avec le secteur commercial. Il permettra \u00e9galement de renforcer la confiance du public en consolidant le r\u00f4le des m\u00e9dias en tant qu\u2019organismes ind\u00e9pendants de surveillance et vecteurs du d\u00e9bat d\u00e9mocratique. (<\/span><span style=\"Tahoma\",sans-serif;\"><a href=\"http:\/\/www.enpi-info.eu\/index.php?lang_id=469\">EU Neighbourhood Info<\/a><\/span><span style=\"Tahoma\",sans-serif;\">)<\/span><\/div>\n<div style=\"margin-bottom:0cm;margin-bottom:.0001pt;line-height:\nnormal\">\u00a0<\/div>\n<div style=\"margin-bottom:0cm;margin-bottom:.0001pt;line-height:\nnormal\"><b><span style=\"Tahoma\",sans-serif;\">Pour en savoir plus<\/span><\/b><\/div>\n<div style=\"margin-bottom:0cm;margin-bottom:.0001pt;line-height:\nnormal\">\u00a0<\/div>\n<div style=\"margin-bottom:0cm;margin-bottom:.0001pt;line-height:\nnormal\"><span style=\"Tahoma\",sans-serif;\"><a href=\"http:\/\/www.med-media.eu\/fr\/medmedia-celebre-la-journee-mondiale-de-la-liberte-de-la-presse-en-mobilisant-autour-de-trois-initiatives-cles\/\">Communiqu\u00e9 de presse<\/a><\/span><\/div>\n<div style=\"margin-bottom:0cm;margin-bottom:.0001pt;line-height:\nnormal\">\u00a0<\/div>\n<div style=\"margin-bottom:0cm;margin-bottom:.0001pt;line-height:\nnormal\"><span style=\"Tahoma\",sans-serif;\">Projet MedMedia \u2013\u00a0<\/span><span style=\"Tahoma\",sans-serif;\"><a href=\"http:\/\/www.med-media.eu\/fr\/\">Site internet<\/a><\/span><\/div>\n<div style=\"margin-bottom:0cm;margin-bottom:.0001pt;line-height:\nnormal\"><span style=\"Tahoma\",sans-serif;\">\u00a0\u00a0<\/span><\/div>\n<div style=\"margin-bottom:0cm;margin-bottom:.0001pt;line-height:\nnormal\"><span style=\"Tahoma\",sans-serif;\">MedMedia\u00a0\u2013\u00a0<\/span><span style=\"Tahoma\",sans-serif;\"><a href=\"https:\/\/www.facebook.com\/MedMedianetwork?fref=nf\">Page Facebook<\/a><\/span><\/div>\n<div style=\"margin-bottom:0cm;margin-bottom:.0001pt;line-height:\nnormal\"><span style=\"Tahoma\",sans-serif;\">\u00a0\u00a0<\/span><\/div>\n<div style=\"margin-bottom:0cm;margin-bottom:.0001pt;line-height:\nnormal\"><span style=\"Tahoma\",sans-serif;\">EU Neighbourhood Info Centre &#8211;\u00a0<\/span><span style=\"Tahoma\",sans-serif;\"><a href=\"http:\/\/www.enpi-info.eu\/thememed.php?subject=9&#038;lang_id=469\">Culture et m\u00e9dia<\/a><\/span><\/div>\n<div style=\"margin-bottom:0cm;margin-bottom:.0001pt;line-height:\nnormal\">\u00a0<\/div>\n<div style=\"margin-bottom:0cm;margin-bottom:.0001pt;line-height:\nnormal\"><span style=\"Tahoma\",sans-serif;\"><a href=\"http:\/\/www.enpi-info.eu\/join.php\"><b>Pour recevoir nos actualit\u00e9s<\/b><\/a><\/span><\/div>\n<div style=\"margin-bottom:0cm;margin-bottom:.0001pt;line-height:\nnormal\">\u00a0<\/div>\n","protected":false},"featured_media":0,"parent":0,"template":"","news_category":[],"country":[1956],"special_action":[],"custom_tag":[1874,2312,1897,2821,1870],"class_list":["post-163973","news","type-news","status-publish","hentry","country-region-sud","custom_tag-culture-fr","custom_tag-developpement-durable","custom_tag-medias","custom_tag-migration-fr","custom_tag-societe-civile"],"acf":[],"yoast_head":"<!-- This site is optimized with the Yoast SEO plugin v26.5 - https:\/\/yoast.com\/wordpress\/plugins\/seo\/ -->\n<title>MedMedia : trois \u00e9v\u00e8nements cl\u00e9s pour la Journ\u00e9e mondiale de la libert\u00e9 de la presse - Voisins de l&#039;UE<\/title>\n<meta name=\"robots\" content=\"index, follow, max-snippet:-1, max-image-preview:large, max-video-preview:-1\" \/>\n<link rel=\"canonical\" href=\"https:\/\/www.eumedbridge.eu\/fr\/news\/medmedia-trois-evenements-cles-pour-la-journee-mondiale-de-la-liberte-de\/\" \/>\n<meta property=\"og:locale\" content=\"fr_FR\" \/>\n<meta property=\"og:type\" content=\"article\" \/>\n<meta property=\"og:title\" content=\"MedMedia : trois \u00e9v\u00e8nements cl\u00e9s pour la Journ\u00e9e mondiale de la libert\u00e9 de la presse - Voisins de l&#039;UE\" \/>\n<meta property=\"og:description\" content=\"Le premier \u00e9v\u00e8nement aura lieu lundi 2 mai 2016 \u00e0 Helsinki, en Finlande, la veille de la conf\u00e9rence de l\u2019UNESCO, \u00e9galement tenue \u00e0 Helsinki. Pr\u00e9vu le m\u00eame jour \u00e0 Helsinki, un deuxi\u00e8me \u00e9v\u00e9nement parall\u00e8le examinera les moyens d\u2019am\u00e9liorer les programmes d\u2019enseignement de journalisme. \u00a0 Financ\u00e9 par l\u2019UE, le projet\u00a0MedMedia\u00a0vise \u00e0 cr\u00e9er un environnement favorable \u00e0 [&hellip;]\" \/>\n<meta property=\"og:url\" content=\"https:\/\/www.eumedbridge.eu\/fr\/news\/medmedia-trois-evenements-cles-pour-la-journee-mondiale-de-la-liberte-de\/\" \/>\n<meta property=\"og:site_name\" content=\"Voisins de l&#039;UE\" \/>\n<meta property=\"article:publisher\" content=\"https:\/\/www.facebook.com\/eumedbridge\/\" \/>\n<meta property=\"article:modified_time\" content=\"2022-07-08T13:43:03+00:00\" \/>\n<meta property=\"og:image\" content=\"https:\/\/www.eumedbridge.eu\/wp-content\/uploads\/2022\/03\/medmedia_wpfreedom.jpg\" \/>\n\t<meta property=\"og:image:width\" content=\"500\" \/>\n\t<meta property=\"og:image:height\" content=\"377\" \/>\n\t<meta property=\"og:image:type\" content=\"image\/jpeg\" \/>\n<meta name=\"twitter:card\" content=\"summary_large_image\" \/>\n<meta name=\"twitter:site\" content=\"@eumedbridge\" \/>\n<meta name=\"twitter:label1\" content=\"Dur\u00e9e de lecture estim\u00e9e\" \/>\n\t<meta name=\"twitter:data1\" content=\"1 minute\" \/>\n<script type=\"application\/ld+json\" class=\"yoast-schema-graph\">{\"@context\":\"https:\/\/schema.org\",\"@graph\":[{\"@type\":\"WebPage\",\"@id\":\"https:\/\/www.eumedbridge.eu\/fr\/news\/medmedia-trois-evenements-cles-pour-la-journee-mondiale-de-la-liberte-de\/\",\"url\":\"https:\/\/www.eumedbridge.eu\/fr\/news\/medmedia-trois-evenements-cles-pour-la-journee-mondiale-de-la-liberte-de\/\",\"name\":\"MedMedia : trois \u00e9v\u00e8nements cl\u00e9s pour la Journ\u00e9e mondiale de la libert\u00e9 de la presse - Voisins de l'UE\",\"isPartOf\":{\"@id\":\"https:\/\/www.eumedbridge.eu\/#website\"},\"datePublished\":\"2016-04-26T21:00:00+00:00\",\"dateModified\":\"2022-07-08T13:43:03+00:00\",\"breadcrumb\":{\"@id\":\"https:\/\/www.eumedbridge.eu\/fr\/news\/medmedia-trois-evenements-cles-pour-la-journee-mondiale-de-la-liberte-de\/#breadcrumb\"},\"inLanguage\":\"fr-FR\",\"potentialAction\":[{\"@type\":\"ReadAction\",\"target\":[\"https:\/\/www.eumedbridge.eu\/fr\/news\/medmedia-trois-evenements-cles-pour-la-journee-mondiale-de-la-liberte-de\/\"]}]},{\"@type\":\"BreadcrumbList\",\"@id\":\"https:\/\/www.eumedbridge.eu\/fr\/news\/medmedia-trois-evenements-cles-pour-la-journee-mondiale-de-la-liberte-de\/#breadcrumb\",\"itemListElement\":[{\"@type\":\"ListItem\",\"position\":1,\"name\":\"Home\",\"item\":\"https:\/\/www.eumedbridge.eu\/fr\/home-page\/\"},{\"@type\":\"ListItem\",\"position\":2,\"name\":\"Actualit\u00e9s\",\"item\":\"https:\/\/www.eumedbridge.eu\/fr\/news\/\"},{\"@type\":\"ListItem\",\"position\":3,\"name\":\"MedMedia : trois \u00e9v\u00e8nements cl\u00e9s pour la Journ\u00e9e mondiale de la libert\u00e9 de la presse\"}]},{\"@type\":\"WebSite\",\"@id\":\"https:\/\/www.eumedbridge.eu\/#website\",\"url\":\"https:\/\/www.eumedbridge.eu\/\",\"name\":\"EU Medbridge\",\"description\":\"\",\"publisher\":{\"@id\":\"https:\/\/www.eumedbridge.eu\/#organization\"},\"potentialAction\":[{\"@type\":\"SearchAction\",\"target\":{\"@type\":\"EntryPoint\",\"urlTemplate\":\"https:\/\/www.eumedbridge.eu\/?s={search_term_string}\"},\"query-input\":{\"@type\":\"PropertyValueSpecification\",\"valueRequired\":true,\"valueName\":\"search_term_string\"}}],\"inLanguage\":\"fr-FR\"},{\"@type\":\"Organization\",\"@id\":\"https:\/\/www.eumedbridge.eu\/#organization\",\"name\":\"EU Medbridge\",\"url\":\"https:\/\/www.eumedbridge.eu\/\",\"logo\":{\"@type\":\"ImageObject\",\"inLanguage\":\"fr-FR\",\"@id\":\"https:\/\/www.eumedbridge.eu\/#\/schema\/logo\/image\/\",\"url\":\"https:\/\/www.eumedbridge.eu\/wp-content\/uploads\/2021\/12\/Logo.png\",\"contentUrl\":\"https:\/\/www.eumedbridge.eu\/wp-content\/uploads\/2021\/12\/Logo.png\",\"width\":325,\"height\":114,\"caption\":\"EU Medbridge\"},\"image\":{\"@id\":\"https:\/\/www.eumedbridge.eu\/#\/schema\/logo\/image\/\"},\"sameAs\":[\"https:\/\/www.facebook.com\/eumedbridge\/\",\"https:\/\/x.com\/eumedbridge\",\"https:\/\/www.linkedin.com\/company\/eumedbridge\",\"https:\/\/www.youtube.com\/@eumedbridge\",\"https:\/\/www.instagram.com\/eumedbridge\",\"https:\/\/www.flickr.com\/photos\/euneighbours-south\/\"]}]}<\/script>\n<!-- \/ Yoast SEO plugin. -->","yoast_head_json":{"title":"MedMedia : trois \u00e9v\u00e8nements cl\u00e9s pour la Journ\u00e9e mondiale de la libert\u00e9 de la presse - Voisins de l'UE","robots":{"index":"index","follow":"follow","max-snippet":"max-snippet:-1","max-image-preview":"max-image-preview:large","max-video-preview":"max-video-preview:-1"},"canonical":"https:\/\/www.eumedbridge.eu\/fr\/news\/medmedia-trois-evenements-cles-pour-la-journee-mondiale-de-la-liberte-de\/","og_locale":"fr_FR","og_type":"article","og_title":"MedMedia : trois \u00e9v\u00e8nements cl\u00e9s pour la Journ\u00e9e mondiale de la libert\u00e9 de la presse - Voisins de l'UE","og_description":"Le premier \u00e9v\u00e8nement aura lieu lundi 2 mai 2016 \u00e0 Helsinki, en Finlande, la veille de la conf\u00e9rence de l\u2019UNESCO, \u00e9galement tenue \u00e0 Helsinki. Pr\u00e9vu le m\u00eame jour \u00e0 Helsinki, un deuxi\u00e8me \u00e9v\u00e9nement parall\u00e8le examinera les moyens d\u2019am\u00e9liorer les programmes d\u2019enseignement de journalisme. \u00a0 Financ\u00e9 par l\u2019UE, le projet\u00a0MedMedia\u00a0vise \u00e0 cr\u00e9er un environnement favorable \u00e0 [&hellip;]","og_url":"https:\/\/www.eumedbridge.eu\/fr\/news\/medmedia-trois-evenements-cles-pour-la-journee-mondiale-de-la-liberte-de\/","og_site_name":"Voisins de l'UE","article_publisher":"https:\/\/www.facebook.com\/eumedbridge\/","article_modified_time":"2022-07-08T13:43:03+00:00","og_image":[{"width":500,"height":377,"url":"https:\/\/www.eumedbridge.eu\/wp-content\/uploads\/2022\/03\/medmedia_wpfreedom.jpg","type":"image\/jpeg"}],"twitter_card":"summary_large_image","twitter_site":"@eumedbridge","twitter_misc":{"Dur\u00e9e de lecture estim\u00e9e":"1 minute"},"schema":{"@context":"https:\/\/schema.org","@graph":[{"@type":"WebPage","@id":"https:\/\/www.eumedbridge.eu\/fr\/news\/medmedia-trois-evenements-cles-pour-la-journee-mondiale-de-la-liberte-de\/","url":"https:\/\/www.eumedbridge.eu\/fr\/news\/medmedia-trois-evenements-cles-pour-la-journee-mondiale-de-la-liberte-de\/","name":"MedMedia : trois \u00e9v\u00e8nements cl\u00e9s pour la Journ\u00e9e mondiale de la libert\u00e9 de la presse - Voisins de l'UE","isPartOf":{"@id":"https:\/\/www.eumedbridge.eu\/#website"},"datePublished":"2016-04-26T21:00:00+00:00","dateModified":"2022-07-08T13:43:03+00:00","breadcrumb":{"@id":"https:\/\/www.eumedbridge.eu\/fr\/news\/medmedia-trois-evenements-cles-pour-la-journee-mondiale-de-la-liberte-de\/#breadcrumb"},"inLanguage":"fr-FR","potentialAction":[{"@type":"ReadAction","target":["https:\/\/www.eumedbridge.eu\/fr\/news\/medmedia-trois-evenements-cles-pour-la-journee-mondiale-de-la-liberte-de\/"]}]},{"@type":"BreadcrumbList","@id":"https:\/\/www.eumedbridge.eu\/fr\/news\/medmedia-trois-evenements-cles-pour-la-journee-mondiale-de-la-liberte-de\/#breadcrumb","itemListElement":[{"@type":"ListItem","position":1,"name":"Home","item":"https:\/\/www.eumedbridge.eu\/fr\/home-page\/"},{"@type":"ListItem","position":2,"name":"Actualit\u00e9s","item":"https:\/\/www.eumedbridge.eu\/fr\/news\/"},{"@type":"ListItem","position":3,"name":"MedMedia : trois \u00e9v\u00e8nements cl\u00e9s pour la Journ\u00e9e mondiale de la libert\u00e9 de la presse"}]},{"@type":"WebSite","@id":"https:\/\/www.eumedbridge.eu\/#website","url":"https:\/\/www.eumedbridge.eu\/","name":"EU Medbridge","description":"","publisher":{"@id":"https:\/\/www.eumedbridge.eu\/#organization"},"potentialAction":[{"@type":"SearchAction","target":{"@type":"EntryPoint","urlTemplate":"https:\/\/www.eumedbridge.eu\/?s={search_term_string}"},"query-input":{"@type":"PropertyValueSpecification","valueRequired":true,"valueName":"search_term_string"}}],"inLanguage":"fr-FR"},{"@type":"Organization","@id":"https:\/\/www.eumedbridge.eu\/#organization","name":"EU Medbridge","url":"https:\/\/www.eumedbridge.eu\/","logo":{"@type":"ImageObject","inLanguage":"fr-FR","@id":"https:\/\/www.eumedbridge.eu\/#\/schema\/logo\/image\/","url":"https:\/\/www.eumedbridge.eu\/wp-content\/uploads\/2021\/12\/Logo.png","contentUrl":"https:\/\/www.eumedbridge.eu\/wp-content\/uploads\/2021\/12\/Logo.png","width":325,"height":114,"caption":"EU Medbridge"},"image":{"@id":"https:\/\/www.eumedbridge.eu\/#\/schema\/logo\/image\/"},"sameAs":["https:\/\/www.facebook.com\/eumedbridge\/","https:\/\/x.com\/eumedbridge","https:\/\/www.linkedin.com\/company\/eumedbridge","https:\/\/www.youtube.com\/@eumedbridge","https:\/\/www.instagram.com\/eumedbridge","https:\/\/www.flickr.com\/photos\/euneighbours-south\/"]}]}},"_links":{"self":[{"href":"https:\/\/www.eumedbridge.eu\/fr\/wp-json\/wp\/v2\/news\/163973","targetHints":{"allow":["GET"]}}],"collection":[{"href":"https:\/\/www.eumedbridge.eu\/fr\/wp-json\/wp\/v2\/news"}],"about":[{"href":"https:\/\/www.eumedbridge.eu\/fr\/wp-json\/wp\/v2\/types\/news"}],"wp:attachment":[{"href":"https:\/\/www.eumedbridge.eu\/fr\/wp-json\/wp\/v2\/media?parent=163973"}],"wp:term":[{"taxonomy":"news_category","embeddable":true,"href":"https:\/\/www.eumedbridge.eu\/fr\/wp-json\/wp\/v2\/news_category?post=163973"},{"taxonomy":"country","embeddable":true,"href":"https:\/\/www.eumedbridge.eu\/fr\/wp-json\/wp\/v2\/country?post=163973"},{"taxonomy":"special_action","embeddable":true,"href":"https:\/\/www.eumedbridge.eu\/fr\/wp-json\/wp\/v2\/special_action?post=163973"},{"taxonomy":"custom_tag","embeddable":true,"href":"https:\/\/www.eumedbridge.eu\/fr\/wp-json\/wp\/v2\/custom_tag?post=163973"}],"curies":[{"name":"wp","href":"https:\/\/api.w.org\/{rel}","templated":true}]}}