{"id":163991,"date":"2016-04-22T00:00:00","date_gmt":"2016-04-21T21:00:00","guid":{"rendered":"http:\/\/south.euneighbours.eu\/news\/reinventer-les-partenariats-culturels-appel-a-participation-a-deux-ateliers-de-developpement-des-capacites\/"},"modified":"2022-07-08T16:43:45","modified_gmt":"2022-07-08T13:43:45","slug":"reinventer-les-partenariats-culturels-appel-participation-deux-ateliers-de","status":"publish","type":"news","link":"https:\/\/www.eumedbridge.eu\/fr\/news\/reinventer-les-partenariats-culturels-appel-participation-deux-ateliers-de\/","title":{"rendered":"R\u00e9inventer les partenariats culturels : appel \u00e0 participation \u00e0 deux ateliers de d\u00e9veloppement des capacit\u00e9s"},"content":{"rendered":"<p><span style=\"Tahoma\",sans-serif;\">Le programme R\u00e9gional <span style=\"border:none windowtext 1.0pt;padding:0cm;\">MedCulture<\/span>, financ\u00e9 par l\u2019UE annonce le lancement d\u2019un nouvel appel \u00e0 participation dans deux ateliers en \u00abpair-\u00e0-pair\u00a0\u00bb sur le th\u00e8me\u00a0: \u00ab\u00a0R\u00e9inventer les partenariats\u00a0\u00bb. <\/span><\/p>\n<div style=\"margin-bottom:0cm;margin-bottom:.0001pt;line-height:\nnormal\"><span style=\"Tahoma\",sans-serif;\">L&rsquo;appel permettra de s\u00e9lectionner\u00a020 praticiens de la culture\u00a0des pays du Sud de la M\u00e9diterran\u00e9e, \u00e2g\u00e9s de\u00a025\u00a0\u00e0\u00a045 ans\u00a0au moment de la candidature.\u00a0Les candidats s\u00e9lectionn\u00e9s\u00a0participeront \u00e0 deux ateliers de d\u00e9veloppement des capacit\u00e9s\u00a0:<\/span><\/div>\n<div style=\"margin-bottom:0cm;margin-bottom:.0001pt;line-height:\nnormal\">\u00a0<\/div>\n<ul type=\"disc\" style=\"margin-top:0cm\">\n<li style=\"margin-bottom:0cm;margin-bottom:.0001pt;line-height:\n    normal;\"><span style=\"Tahoma\",sans-serif;\">Le premier      atelier de trois jours aura lieu mi-juillet\u00a02016\u00a0\u00e0\u00a0Amman,      Jordanie<\/span><\/li>\n<li style=\"margin-bottom:0cm;margin-bottom:.0001pt;line-height:\n    normal;\"><span style=\"Tahoma\",sans-serif;\">Le      deuxi\u00e8me atelier aura lieu au premier semestre\u00a02017<\/span><\/li>\n<\/ul>\n<div style=\"margin-bottom:0cm;margin-bottom:.0001pt;line-height:\nnormal\"><span style=\"Tahoma\",sans-serif;\">Le d\u00e9lai de soumission est fix\u00e9 au <b>27 avril 2016<\/b>.<\/span><\/div>\n<div style=\"margin-bottom:0cm;margin-bottom:.0001pt;line-height:\nnormal\">\u00a0<\/div>\n<div style=\"margin-bottom:0cm;margin-bottom:.0001pt;line-height:\nnormal\"><b><span style=\"Tahoma\",sans-serif;color:black\">Med Culture<\/span><\/b><span style=\"Tahoma\",sans-serif;\ncolor:black\">\u00a0est un programme financ\u00e9 par l\u2019Union europ\u00e9enne lanc\u00e9 en F\u00e9vrier 2014 pour accompagner la cr\u00e9ation d\u2019un environnement institutionnel et social propice \u00e0 la culture en tant que vecteur de la libert\u00e9 d\u2019expression et du d\u00e9veloppement durable. Cela se traduira par le renforcement des capacit\u00e9s des secteurs culturels publics et priv\u00e9s comme vecteurs de d\u00e9mocratisation, de d\u00e9veloppement \u00e9conomique et social des soci\u00e9t\u00e9s du Sud de la M\u00e9diterran\u00e9e.<\/span><\/div>\n<div style=\"margin-bottom:0cm;margin-bottom:.0001pt;line-height:\nnormal\">\u00a0<\/div>\n<div style=\"margin-bottom:0cm;margin-bottom:.0001pt;line-height:\nnormal\"><b><span style=\"Tahoma\",sans-serif;color:black\">Med Culture\u00a0<\/span><\/b><span style=\"Tahoma\",sans-serif;\ncolor:black\">fait partie du programme r\u00e9gional\u00a0<b>M\u00e9dias et culture pour le d\u00e9veloppement dans le sud de la M\u00e9diterran\u00e9e\u00a0<\/b>a \u00e9t\u00e9 affect\u00e9 d&rsquo;un budget total de 17 millions d&rsquo;euros sur une p\u00e9riode de quatre ans, dont 9 millions d&rsquo;euros\u00a0 pour l&rsquo;octroi de subventions sur une base de co-financement, et 8 millions d&rsquo;euros pour un m\u00e9canisme de renforcement des capacit\u00e9s des m\u00e9dias (MedMedia) et un m\u00e9canisme de renforcement des capacit\u00e9s en mati\u00e8re de culture (MedCulture). (<a href=\"http:\/\/www.enpi-info.eu\/\"><span style=\"color:#AD966A\">EU Neighbourhood Info<\/span><\/a>)<\/span><\/div>\n<div style=\"margin-bottom:0cm;margin-bottom:.0001pt;line-height:\nnormal\">\u00a0<\/div>\n<div style=\"margin-bottom:0cm;margin-bottom:.0001pt;line-height:\nnormal\"><b><span style=\"Tahoma\",sans-serif;color:black\">Pour en savoir plus<\/span><\/b><\/div>\n<div style=\"margin-bottom:0cm;margin-bottom:.0001pt;line-height:\nnormal\">\u00a0<\/div>\n<div style=\"margin-bottom:0cm;margin-bottom:.0001pt;line-height:\nnormal\"><span style=\"Tahoma\",sans-serif;color:black\"><a href=\"http:\/\/www.medculture.eu\/information\/press-releases\/palestinian-national-strategy-culture-moving-theory-practice\"><span style=\"color:#AD966A\"><\/p>\n<div style=\"margin-bottom:0cm;margin-bottom:.0001pt;line-height:\nnormal\"><a href=\"http:\/\/www.medculture.eu\/fr\/information\/news\/appel-participation-pour-deux-ateliers-med-culture-de-developpement-des-capacites-0\">Appel \u00e0 participation<\/a><\/div>\n<p><\/span><\/a><\/span><\/div>\n<div style=\"margin-bottom:0cm;margin-bottom:.0001pt;line-height:\nnormal\">\u00a0<\/div>\n<div style=\"margin-bottom:0cm;margin-bottom:.0001pt;line-height:\nnormal\"><span style=\"Tahoma\",sans-serif;color:black\">Med Culture\u00a0<a href=\"http:\/\/medculture.eu\/\"><span style=\"color:#AD966A\">site internet<\/span><\/a><\/span><\/div>\n<div style=\"margin-bottom:0cm;margin-bottom:.0001pt;line-height:\nnormal\">\u00a0<\/div>\n<div style=\"margin-bottom:0cm;margin-bottom:.0001pt;line-height:\nnormal\"><span style=\"Tahoma\",sans-serif;color:black\">M\u00e9dia et culture pour le d\u00e9veloppement dans le Sud de la M\u00e9diterran\u00e9e \u2013<a href=\"http:\/\/www.enpi-info.eu\/mainmed.php?id=487&#038;id_type=10&#038;lang_id=469\"><span style=\"color:#AD966A\">fiche projet<\/span><\/a><\/span><\/div>\n<div style=\"margin-bottom:0cm;margin-bottom:.0001pt;line-height:\nnormal\">\u00a0<\/div>\n<div style=\"margin-bottom:0cm;margin-bottom:.0001pt;line-height:\nnormal\"><span style=\"Tahoma\",sans-serif;color:black\">EU Neighbourhood Info Centre &#8211;\u00a0<a href=\"http:\/\/www.enpi-info.eu\/thememed.php?subject=9&#038;lang_id=469\"><span style=\"color:#AD966A\">Culture et media<\/span><\/a><\/span><\/div>\n<div style=\"margin-bottom:0cm;margin-bottom:.0001pt;line-height:\nnormal\">\u00a0<\/div>\n<div style=\"margin-bottom:0cm;margin-bottom:.0001pt;line-height:\nnormal\"><span style=\"Tahoma\",sans-serif;color:black\"><a href=\"http:\/\/www.enpi-info.eu\/join.php\"><b><span style=\"color:#AD966A\">Pour recevoir nos actualit\u00e9s<\/span><\/b><\/a><\/span><\/div>\n<p>\u00a0<\/p>\n<p>\u00a0<\/p>\n","protected":false},"featured_media":0,"parent":0,"template":"","news_category":[],"country":[],"special_action":[],"custom_tag":[],"class_list":["post-163991","news","type-news","status-publish","hentry"],"acf":[],"yoast_head":"<!-- This site is optimized with the Yoast SEO plugin v26.5 - https:\/\/yoast.com\/wordpress\/plugins\/seo\/ -->\n<title>R\u00e9inventer les partenariats culturels : appel \u00e0 participation \u00e0 deux ateliers de d\u00e9veloppement des capacit\u00e9s - Voisins de l&#039;UE<\/title>\n<meta name=\"robots\" content=\"index, follow, max-snippet:-1, max-image-preview:large, max-video-preview:-1\" \/>\n<link rel=\"canonical\" href=\"https:\/\/www.eumedbridge.eu\/fr\/news\/reinventer-les-partenariats-culturels-appel-participation-deux-ateliers-de\/\" \/>\n<meta property=\"og:locale\" content=\"fr_FR\" \/>\n<meta property=\"og:type\" content=\"article\" \/>\n<meta property=\"og:title\" content=\"R\u00e9inventer les partenariats culturels : appel \u00e0 participation \u00e0 deux ateliers de d\u00e9veloppement des capacit\u00e9s - Voisins de l&#039;UE\" \/>\n<meta property=\"og:description\" content=\"L&rsquo;appel permettra de s\u00e9lectionner\u00a020 praticiens de la culture\u00a0des pays du Sud de la M\u00e9diterran\u00e9e, \u00e2g\u00e9s de\u00a025\u00a0\u00e0\u00a045 ans\u00a0au moment de la candidature.\u00a0Les candidats s\u00e9lectionn\u00e9s\u00a0participeront \u00e0 deux ateliers de d\u00e9veloppement des capacit\u00e9s\u00a0: \u00a0 Le deuxi\u00e8me atelier aura lieu au premier semestre\u00a02017 Med CultureMed Culture\u00a0Pour en savoir plus \u00a0 Med Culture\u00a0site internet \u00a0 EU Neighbourhood Info Centre &#8211;\u00a0Culture [&hellip;]\" \/>\n<meta property=\"og:url\" content=\"https:\/\/www.eumedbridge.eu\/fr\/news\/reinventer-les-partenariats-culturels-appel-participation-deux-ateliers-de\/\" \/>\n<meta property=\"og:site_name\" content=\"Voisins de l&#039;UE\" \/>\n<meta property=\"article:publisher\" content=\"https:\/\/www.facebook.com\/eumedbridge\/\" \/>\n<meta property=\"article:modified_time\" content=\"2022-07-08T13:43:45+00:00\" \/>\n<meta property=\"og:image\" content=\"https:\/\/www.eumedbridge.eu\/wp-content\/uploads\/2022\/03\/Med-Culture.jpg\" \/>\n\t<meta property=\"og:image:width\" content=\"500\" \/>\n\t<meta property=\"og:image:height\" content=\"272\" \/>\n\t<meta property=\"og:image:type\" content=\"image\/jpeg\" \/>\n<meta name=\"twitter:card\" content=\"summary_large_image\" \/>\n<meta name=\"twitter:site\" content=\"@eumedbridge\" \/>\n<script type=\"application\/ld+json\" class=\"yoast-schema-graph\">{\"@context\":\"https:\/\/schema.org\",\"@graph\":[{\"@type\":\"WebPage\",\"@id\":\"https:\/\/www.eumedbridge.eu\/fr\/news\/reinventer-les-partenariats-culturels-appel-participation-deux-ateliers-de\/\",\"url\":\"https:\/\/www.eumedbridge.eu\/fr\/news\/reinventer-les-partenariats-culturels-appel-participation-deux-ateliers-de\/\",\"name\":\"R\u00e9inventer les partenariats culturels : appel \u00e0 participation \u00e0 deux ateliers de d\u00e9veloppement des capacit\u00e9s - Voisins de l'UE\",\"isPartOf\":{\"@id\":\"https:\/\/www.eumedbridge.eu\/#website\"},\"datePublished\":\"2016-04-21T21:00:00+00:00\",\"dateModified\":\"2022-07-08T13:43:45+00:00\",\"breadcrumb\":{\"@id\":\"https:\/\/www.eumedbridge.eu\/fr\/news\/reinventer-les-partenariats-culturels-appel-participation-deux-ateliers-de\/#breadcrumb\"},\"inLanguage\":\"fr-FR\",\"potentialAction\":[{\"@type\":\"ReadAction\",\"target\":[\"https:\/\/www.eumedbridge.eu\/fr\/news\/reinventer-les-partenariats-culturels-appel-participation-deux-ateliers-de\/\"]}]},{\"@type\":\"BreadcrumbList\",\"@id\":\"https:\/\/www.eumedbridge.eu\/fr\/news\/reinventer-les-partenariats-culturels-appel-participation-deux-ateliers-de\/#breadcrumb\",\"itemListElement\":[{\"@type\":\"ListItem\",\"position\":1,\"name\":\"Home\",\"item\":\"https:\/\/www.eumedbridge.eu\/fr\/home-page\/\"},{\"@type\":\"ListItem\",\"position\":2,\"name\":\"Actualit\u00e9s\",\"item\":\"https:\/\/www.eumedbridge.eu\/fr\/news\/\"},{\"@type\":\"ListItem\",\"position\":3,\"name\":\"R\u00e9inventer les partenariats culturels : appel \u00e0 participation \u00e0 deux ateliers de d\u00e9veloppement des capacit\u00e9s\"}]},{\"@type\":\"WebSite\",\"@id\":\"https:\/\/www.eumedbridge.eu\/#website\",\"url\":\"https:\/\/www.eumedbridge.eu\/\",\"name\":\"EU Medbridge\",\"description\":\"\",\"publisher\":{\"@id\":\"https:\/\/www.eumedbridge.eu\/#organization\"},\"potentialAction\":[{\"@type\":\"SearchAction\",\"target\":{\"@type\":\"EntryPoint\",\"urlTemplate\":\"https:\/\/www.eumedbridge.eu\/?s={search_term_string}\"},\"query-input\":{\"@type\":\"PropertyValueSpecification\",\"valueRequired\":true,\"valueName\":\"search_term_string\"}}],\"inLanguage\":\"fr-FR\"},{\"@type\":\"Organization\",\"@id\":\"https:\/\/www.eumedbridge.eu\/#organization\",\"name\":\"EU Medbridge\",\"url\":\"https:\/\/www.eumedbridge.eu\/\",\"logo\":{\"@type\":\"ImageObject\",\"inLanguage\":\"fr-FR\",\"@id\":\"https:\/\/www.eumedbridge.eu\/#\/schema\/logo\/image\/\",\"url\":\"https:\/\/www.eumedbridge.eu\/wp-content\/uploads\/2021\/12\/Logo.png\",\"contentUrl\":\"https:\/\/www.eumedbridge.eu\/wp-content\/uploads\/2021\/12\/Logo.png\",\"width\":325,\"height\":114,\"caption\":\"EU Medbridge\"},\"image\":{\"@id\":\"https:\/\/www.eumedbridge.eu\/#\/schema\/logo\/image\/\"},\"sameAs\":[\"https:\/\/www.facebook.com\/eumedbridge\/\",\"https:\/\/x.com\/eumedbridge\",\"https:\/\/www.linkedin.com\/company\/eumedbridge\",\"https:\/\/www.youtube.com\/@eumedbridge\",\"https:\/\/www.instagram.com\/eumedbridge\",\"https:\/\/www.flickr.com\/photos\/euneighbours-south\/\"]}]}<\/script>\n<!-- \/ Yoast SEO plugin. -->","yoast_head_json":{"title":"R\u00e9inventer les partenariats culturels : appel \u00e0 participation \u00e0 deux ateliers de d\u00e9veloppement des capacit\u00e9s - Voisins de l'UE","robots":{"index":"index","follow":"follow","max-snippet":"max-snippet:-1","max-image-preview":"max-image-preview:large","max-video-preview":"max-video-preview:-1"},"canonical":"https:\/\/www.eumedbridge.eu\/fr\/news\/reinventer-les-partenariats-culturels-appel-participation-deux-ateliers-de\/","og_locale":"fr_FR","og_type":"article","og_title":"R\u00e9inventer les partenariats culturels : appel \u00e0 participation \u00e0 deux ateliers de d\u00e9veloppement des capacit\u00e9s - Voisins de l'UE","og_description":"L&rsquo;appel permettra de s\u00e9lectionner\u00a020 praticiens de la culture\u00a0des pays du Sud de la M\u00e9diterran\u00e9e, \u00e2g\u00e9s de\u00a025\u00a0\u00e0\u00a045 ans\u00a0au moment de la candidature.\u00a0Les candidats s\u00e9lectionn\u00e9s\u00a0participeront \u00e0 deux ateliers de d\u00e9veloppement des capacit\u00e9s\u00a0: \u00a0 Le deuxi\u00e8me atelier aura lieu au premier semestre\u00a02017 Med CultureMed Culture\u00a0Pour en savoir plus \u00a0 Med Culture\u00a0site internet \u00a0 EU Neighbourhood Info Centre &#8211;\u00a0Culture [&hellip;]","og_url":"https:\/\/www.eumedbridge.eu\/fr\/news\/reinventer-les-partenariats-culturels-appel-participation-deux-ateliers-de\/","og_site_name":"Voisins de l'UE","article_publisher":"https:\/\/www.facebook.com\/eumedbridge\/","article_modified_time":"2022-07-08T13:43:45+00:00","og_image":[{"width":500,"height":272,"url":"https:\/\/www.eumedbridge.eu\/wp-content\/uploads\/2022\/03\/Med-Culture.jpg","type":"image\/jpeg"}],"twitter_card":"summary_large_image","twitter_site":"@eumedbridge","schema":{"@context":"https:\/\/schema.org","@graph":[{"@type":"WebPage","@id":"https:\/\/www.eumedbridge.eu\/fr\/news\/reinventer-les-partenariats-culturels-appel-participation-deux-ateliers-de\/","url":"https:\/\/www.eumedbridge.eu\/fr\/news\/reinventer-les-partenariats-culturels-appel-participation-deux-ateliers-de\/","name":"R\u00e9inventer les partenariats culturels : appel \u00e0 participation \u00e0 deux ateliers de d\u00e9veloppement des capacit\u00e9s - Voisins de l'UE","isPartOf":{"@id":"https:\/\/www.eumedbridge.eu\/#website"},"datePublished":"2016-04-21T21:00:00+00:00","dateModified":"2022-07-08T13:43:45+00:00","breadcrumb":{"@id":"https:\/\/www.eumedbridge.eu\/fr\/news\/reinventer-les-partenariats-culturels-appel-participation-deux-ateliers-de\/#breadcrumb"},"inLanguage":"fr-FR","potentialAction":[{"@type":"ReadAction","target":["https:\/\/www.eumedbridge.eu\/fr\/news\/reinventer-les-partenariats-culturels-appel-participation-deux-ateliers-de\/"]}]},{"@type":"BreadcrumbList","@id":"https:\/\/www.eumedbridge.eu\/fr\/news\/reinventer-les-partenariats-culturels-appel-participation-deux-ateliers-de\/#breadcrumb","itemListElement":[{"@type":"ListItem","position":1,"name":"Home","item":"https:\/\/www.eumedbridge.eu\/fr\/home-page\/"},{"@type":"ListItem","position":2,"name":"Actualit\u00e9s","item":"https:\/\/www.eumedbridge.eu\/fr\/news\/"},{"@type":"ListItem","position":3,"name":"R\u00e9inventer les partenariats culturels : appel \u00e0 participation \u00e0 deux ateliers de d\u00e9veloppement des capacit\u00e9s"}]},{"@type":"WebSite","@id":"https:\/\/www.eumedbridge.eu\/#website","url":"https:\/\/www.eumedbridge.eu\/","name":"EU Medbridge","description":"","publisher":{"@id":"https:\/\/www.eumedbridge.eu\/#organization"},"potentialAction":[{"@type":"SearchAction","target":{"@type":"EntryPoint","urlTemplate":"https:\/\/www.eumedbridge.eu\/?s={search_term_string}"},"query-input":{"@type":"PropertyValueSpecification","valueRequired":true,"valueName":"search_term_string"}}],"inLanguage":"fr-FR"},{"@type":"Organization","@id":"https:\/\/www.eumedbridge.eu\/#organization","name":"EU Medbridge","url":"https:\/\/www.eumedbridge.eu\/","logo":{"@type":"ImageObject","inLanguage":"fr-FR","@id":"https:\/\/www.eumedbridge.eu\/#\/schema\/logo\/image\/","url":"https:\/\/www.eumedbridge.eu\/wp-content\/uploads\/2021\/12\/Logo.png","contentUrl":"https:\/\/www.eumedbridge.eu\/wp-content\/uploads\/2021\/12\/Logo.png","width":325,"height":114,"caption":"EU Medbridge"},"image":{"@id":"https:\/\/www.eumedbridge.eu\/#\/schema\/logo\/image\/"},"sameAs":["https:\/\/www.facebook.com\/eumedbridge\/","https:\/\/x.com\/eumedbridge","https:\/\/www.linkedin.com\/company\/eumedbridge","https:\/\/www.youtube.com\/@eumedbridge","https:\/\/www.instagram.com\/eumedbridge","https:\/\/www.flickr.com\/photos\/euneighbours-south\/"]}]}},"_links":{"self":[{"href":"https:\/\/www.eumedbridge.eu\/fr\/wp-json\/wp\/v2\/news\/163991","targetHints":{"allow":["GET"]}}],"collection":[{"href":"https:\/\/www.eumedbridge.eu\/fr\/wp-json\/wp\/v2\/news"}],"about":[{"href":"https:\/\/www.eumedbridge.eu\/fr\/wp-json\/wp\/v2\/types\/news"}],"wp:attachment":[{"href":"https:\/\/www.eumedbridge.eu\/fr\/wp-json\/wp\/v2\/media?parent=163991"}],"wp:term":[{"taxonomy":"news_category","embeddable":true,"href":"https:\/\/www.eumedbridge.eu\/fr\/wp-json\/wp\/v2\/news_category?post=163991"},{"taxonomy":"country","embeddable":true,"href":"https:\/\/www.eumedbridge.eu\/fr\/wp-json\/wp\/v2\/country?post=163991"},{"taxonomy":"special_action","embeddable":true,"href":"https:\/\/www.eumedbridge.eu\/fr\/wp-json\/wp\/v2\/special_action?post=163991"},{"taxonomy":"custom_tag","embeddable":true,"href":"https:\/\/www.eumedbridge.eu\/fr\/wp-json\/wp\/v2\/custom_tag?post=163991"}],"curies":[{"name":"wp","href":"https:\/\/api.w.org\/{rel}","templated":true}]}}