{"id":163992,"date":"2016-04-21T00:00:00","date_gmt":"2016-04-20T21:00:00","guid":{"rendered":"http:\/\/south.euneighbours.eu\/news\/securite-debat-de-la-commission-des-libertes-civiles-du-parlement-europeen-sur-les-liens-entre-la-criminalite-organisee-et-le-terrorisme\/"},"modified":"2022-07-08T16:43:46","modified_gmt":"2022-07-08T13:43:46","slug":"securite-debat-de-la-commission-des-libertes-civiles-du-parlement-europeen","status":"publish","type":"news","link":"https:\/\/www.eumedbridge.eu\/fr\/news\/securite-debat-de-la-commission-des-libertes-civiles-du-parlement-europeen\/","title":{"rendered":"S\u00e9curit\u00e9 : d\u00e9bat de la Commission des libert\u00e9s civiles du Parlement europ\u00e9en sur les liens entre la criminalit\u00e9 organis\u00e9e et le terrorisme"},"content":{"rendered":"<\/p>\n<div style=\"margin-bottom:0cm;margin-bottom:.0001pt;line-height:\nnormal\"><span style=\"font-size:12.0pt;Tahoma\",sans-serif;\">La Commission des libert\u00e9s civiles du Parlement europ\u00e9en a entam\u00e9 mercredi 20 avril un d\u00e9bat de fond pour arr\u00eater une position sur \u00ab\u00a0les liens entre la criminalit\u00e9 organis\u00e9e et le terrorisme, la mani\u00e8re de g\u00e9rer les personnes qui reviennent de zones de conflits, la \u2018d\u00e9radicalisation\u2019 ainsi que la n\u00e9cessit\u00e9 d&rsquo;avoir une d\u00e9finition commune du terrorisme et des moyens de prouver l&rsquo;intention terroriste\u00a0\u00bb. <\/span><\/div>\n<div style=\"margin-bottom:0cm;margin-bottom:.0001pt;line-height:\nnormal\">\u00a0<\/div>\n<div style=\"margin-bottom:0cm;margin-bottom:.0001pt;line-height:\nnormal\"><span style=\"font-size:12.0pt;Tahoma\",sans-serif;\">Le d\u00e9bat a eu lieu avec la participation de Mich\u00e8le Coninsx Pr\u00e9sidente d&rsquo;Eurojust, l&rsquo;Agence europ\u00e9enne de coop\u00e9ration judiciaire. Jeudi apr\u00e8s-midi, les d\u00e9put\u00e9s devaient se pencher aussi sur \u00ab\u00a0la lutte contre le terrorisme\u00a0\u00bb. Le texte propose de criminaliser les actes terroristes pr\u00e9paratoires, comme les voyages \u00e0 des fins terroristes. <\/span><span style=\"font-size:12.0pt;Tahoma\",sans-serif;color:black\">(<a href=\"http:\/\/www.enpi-info.eu\/index.php?lang_id=469\"><span style=\"color:#AD966A\">EU Neighbourhood Info<\/span><\/a>)<\/span><\/div>\n<div style=\"margin-bottom:0cm;margin-bottom:.0001pt;line-height:\nnormal\">\u00a0<\/div>\n<div style=\"margin-bottom:0cm;margin-bottom:.0001pt;line-height:\nnormal\"><b><span style=\"font-size:12.0pt;Tahoma\",sans-serif;\ncolor:black\">Pour en savoir plus<\/span><\/b><\/div>\n<div style=\"margin-bottom:0cm;margin-bottom:.0001pt;line-height:\nnormal\">\u00a0<\/div>\n<div style=\"margin-bottom:0cm;margin-bottom:.0001pt;line-height:\nnormal\"><span style=\"font-size:12.0pt;Tahoma\",sans-serif;\ncolor:black\"><a href=\"http:\/\/www.europarl.europa.eu\/news\/fr\/news-room\/20160419IPR23992\/Combattants-%C3%A9trangers-comment-lutter-contre-le-ph%C3%A9nom%C3%A8ne\">Communiqu\u00e9 de presse<\/a><\/span><\/div>\n<div style=\"margin-bottom:0cm;margin-bottom:.0001pt;line-height:\nnormal\">\u00a0<\/div>\n<div style=\"margin-bottom:0cm;margin-bottom:.0001pt;line-height:\nnormal\"><span style=\"font-size:12.0pt;Tahoma\",sans-serif;\ncolor:black\">SEAE \u2013\u00a0<a style=\"orphans: auto;text-align:start;widows: 1;-webkit-text-stroke-width: 0px;\nword-spacing:0px\" href=\"http:\/\/eeas.europa.eu\/fight-against-terrorism\/index_en.htm\"><span style=\"color:#AD966A;background:white\">Lutte contre le terrorisme<\/span><\/a><\/span><\/div>\n","protected":false},"featured_media":0,"parent":0,"template":"","news_category":[],"country":[1956],"special_action":[],"custom_tag":[2313,2821],"class_list":["post-163992","news","type-news","status-publish","hentry","country-region-sud","custom_tag-droit-de-lhomme","custom_tag-migration-fr"],"acf":[],"yoast_head":"<!-- This site is optimized with the Yoast SEO plugin v26.5 - https:\/\/yoast.com\/wordpress\/plugins\/seo\/ -->\n<title>S\u00e9curit\u00e9 : d\u00e9bat de la Commission des libert\u00e9s civiles du Parlement europ\u00e9en sur les liens entre la criminalit\u00e9 organis\u00e9e et le terrorisme - Voisins de l&#039;UE<\/title>\n<meta name=\"robots\" content=\"index, follow, max-snippet:-1, max-image-preview:large, max-video-preview:-1\" \/>\n<link rel=\"canonical\" href=\"https:\/\/www.eumedbridge.eu\/fr\/news\/securite-debat-de-la-commission-des-libertes-civiles-du-parlement-europeen\/\" \/>\n<meta property=\"og:locale\" content=\"fr_FR\" \/>\n<meta property=\"og:type\" content=\"article\" \/>\n<meta property=\"og:title\" content=\"S\u00e9curit\u00e9 : d\u00e9bat de la Commission des libert\u00e9s civiles du Parlement europ\u00e9en sur les liens entre la criminalit\u00e9 organis\u00e9e et le terrorisme - Voisins de l&#039;UE\" \/>\n<meta property=\"og:description\" content=\"Le d\u00e9bat a eu lieu avec la participation de Mich\u00e8le Coninsx Pr\u00e9sidente d&rsquo;Eurojust, l&rsquo;Agence europ\u00e9enne de coop\u00e9ration judiciaire. Jeudi apr\u00e8s-midi, les d\u00e9put\u00e9s devaient se pencher aussi sur \u00ab\u00a0la lutte contre le terrorisme\u00a0\u00bb. Le texte propose de criminaliser les actes terroristes pr\u00e9paratoires, comme les voyages \u00e0 des fins terroristes. Pour en savoir plus \u00a0 SEAE \u2013\u00a0Lutte [&hellip;]\" \/>\n<meta property=\"og:url\" content=\"https:\/\/www.eumedbridge.eu\/fr\/news\/securite-debat-de-la-commission-des-libertes-civiles-du-parlement-europeen\/\" \/>\n<meta property=\"og:site_name\" content=\"Voisins de l&#039;UE\" \/>\n<meta property=\"article:publisher\" content=\"https:\/\/www.facebook.com\/eumedbridge\/\" \/>\n<meta property=\"article:modified_time\" content=\"2022-07-08T13:43:46+00:00\" \/>\n<meta property=\"og:image\" content=\"https:\/\/www.eumedbridge.eu\/wp-content\/uploads\/2022\/03\/20160420PHT24121_original.jpg\" \/>\n\t<meta property=\"og:image:width\" content=\"500\" \/>\n\t<meta property=\"og:image:height\" content=\"333\" \/>\n\t<meta property=\"og:image:type\" content=\"image\/jpeg\" \/>\n<meta name=\"twitter:card\" content=\"summary_large_image\" \/>\n<meta name=\"twitter:site\" content=\"@eumedbridge\" \/>\n<script type=\"application\/ld+json\" class=\"yoast-schema-graph\">{\"@context\":\"https:\/\/schema.org\",\"@graph\":[{\"@type\":\"WebPage\",\"@id\":\"https:\/\/www.eumedbridge.eu\/fr\/news\/securite-debat-de-la-commission-des-libertes-civiles-du-parlement-europeen\/\",\"url\":\"https:\/\/www.eumedbridge.eu\/fr\/news\/securite-debat-de-la-commission-des-libertes-civiles-du-parlement-europeen\/\",\"name\":\"S\u00e9curit\u00e9 : d\u00e9bat de la Commission des libert\u00e9s civiles du Parlement europ\u00e9en sur les liens entre la criminalit\u00e9 organis\u00e9e et le terrorisme - Voisins de l'UE\",\"isPartOf\":{\"@id\":\"https:\/\/www.eumedbridge.eu\/#website\"},\"datePublished\":\"2016-04-20T21:00:00+00:00\",\"dateModified\":\"2022-07-08T13:43:46+00:00\",\"breadcrumb\":{\"@id\":\"https:\/\/www.eumedbridge.eu\/fr\/news\/securite-debat-de-la-commission-des-libertes-civiles-du-parlement-europeen\/#breadcrumb\"},\"inLanguage\":\"fr-FR\",\"potentialAction\":[{\"@type\":\"ReadAction\",\"target\":[\"https:\/\/www.eumedbridge.eu\/fr\/news\/securite-debat-de-la-commission-des-libertes-civiles-du-parlement-europeen\/\"]}]},{\"@type\":\"BreadcrumbList\",\"@id\":\"https:\/\/www.eumedbridge.eu\/fr\/news\/securite-debat-de-la-commission-des-libertes-civiles-du-parlement-europeen\/#breadcrumb\",\"itemListElement\":[{\"@type\":\"ListItem\",\"position\":1,\"name\":\"Home\",\"item\":\"https:\/\/www.eumedbridge.eu\/fr\/home-page\/\"},{\"@type\":\"ListItem\",\"position\":2,\"name\":\"Actualit\u00e9s\",\"item\":\"https:\/\/www.eumedbridge.eu\/fr\/news\/\"},{\"@type\":\"ListItem\",\"position\":3,\"name\":\"S\u00e9curit\u00e9 : d\u00e9bat de la Commission des libert\u00e9s civiles du Parlement europ\u00e9en sur les liens entre la criminalit\u00e9 organis\u00e9e et le terrorisme\"}]},{\"@type\":\"WebSite\",\"@id\":\"https:\/\/www.eumedbridge.eu\/#website\",\"url\":\"https:\/\/www.eumedbridge.eu\/\",\"name\":\"EU Medbridge\",\"description\":\"\",\"publisher\":{\"@id\":\"https:\/\/www.eumedbridge.eu\/#organization\"},\"potentialAction\":[{\"@type\":\"SearchAction\",\"target\":{\"@type\":\"EntryPoint\",\"urlTemplate\":\"https:\/\/www.eumedbridge.eu\/?s={search_term_string}\"},\"query-input\":{\"@type\":\"PropertyValueSpecification\",\"valueRequired\":true,\"valueName\":\"search_term_string\"}}],\"inLanguage\":\"fr-FR\"},{\"@type\":\"Organization\",\"@id\":\"https:\/\/www.eumedbridge.eu\/#organization\",\"name\":\"EU Medbridge\",\"url\":\"https:\/\/www.eumedbridge.eu\/\",\"logo\":{\"@type\":\"ImageObject\",\"inLanguage\":\"fr-FR\",\"@id\":\"https:\/\/www.eumedbridge.eu\/#\/schema\/logo\/image\/\",\"url\":\"https:\/\/www.eumedbridge.eu\/wp-content\/uploads\/2021\/12\/Logo.png\",\"contentUrl\":\"https:\/\/www.eumedbridge.eu\/wp-content\/uploads\/2021\/12\/Logo.png\",\"width\":325,\"height\":114,\"caption\":\"EU Medbridge\"},\"image\":{\"@id\":\"https:\/\/www.eumedbridge.eu\/#\/schema\/logo\/image\/\"},\"sameAs\":[\"https:\/\/www.facebook.com\/eumedbridge\/\",\"https:\/\/x.com\/eumedbridge\",\"https:\/\/www.linkedin.com\/company\/eumedbridge\",\"https:\/\/www.youtube.com\/@eumedbridge\",\"https:\/\/www.instagram.com\/eumedbridge\",\"https:\/\/www.flickr.com\/photos\/euneighbours-south\/\"]}]}<\/script>\n<!-- \/ Yoast SEO plugin. -->","yoast_head_json":{"title":"S\u00e9curit\u00e9 : d\u00e9bat de la Commission des libert\u00e9s civiles du Parlement europ\u00e9en sur les liens entre la criminalit\u00e9 organis\u00e9e et le terrorisme - Voisins de l'UE","robots":{"index":"index","follow":"follow","max-snippet":"max-snippet:-1","max-image-preview":"max-image-preview:large","max-video-preview":"max-video-preview:-1"},"canonical":"https:\/\/www.eumedbridge.eu\/fr\/news\/securite-debat-de-la-commission-des-libertes-civiles-du-parlement-europeen\/","og_locale":"fr_FR","og_type":"article","og_title":"S\u00e9curit\u00e9 : d\u00e9bat de la Commission des libert\u00e9s civiles du Parlement europ\u00e9en sur les liens entre la criminalit\u00e9 organis\u00e9e et le terrorisme - Voisins de l'UE","og_description":"Le d\u00e9bat a eu lieu avec la participation de Mich\u00e8le Coninsx Pr\u00e9sidente d&rsquo;Eurojust, l&rsquo;Agence europ\u00e9enne de coop\u00e9ration judiciaire. Jeudi apr\u00e8s-midi, les d\u00e9put\u00e9s devaient se pencher aussi sur \u00ab\u00a0la lutte contre le terrorisme\u00a0\u00bb. Le texte propose de criminaliser les actes terroristes pr\u00e9paratoires, comme les voyages \u00e0 des fins terroristes. Pour en savoir plus \u00a0 SEAE \u2013\u00a0Lutte [&hellip;]","og_url":"https:\/\/www.eumedbridge.eu\/fr\/news\/securite-debat-de-la-commission-des-libertes-civiles-du-parlement-europeen\/","og_site_name":"Voisins de l'UE","article_publisher":"https:\/\/www.facebook.com\/eumedbridge\/","article_modified_time":"2022-07-08T13:43:46+00:00","og_image":[{"width":500,"height":333,"url":"https:\/\/www.eumedbridge.eu\/wp-content\/uploads\/2022\/03\/20160420PHT24121_original.jpg","type":"image\/jpeg"}],"twitter_card":"summary_large_image","twitter_site":"@eumedbridge","schema":{"@context":"https:\/\/schema.org","@graph":[{"@type":"WebPage","@id":"https:\/\/www.eumedbridge.eu\/fr\/news\/securite-debat-de-la-commission-des-libertes-civiles-du-parlement-europeen\/","url":"https:\/\/www.eumedbridge.eu\/fr\/news\/securite-debat-de-la-commission-des-libertes-civiles-du-parlement-europeen\/","name":"S\u00e9curit\u00e9 : d\u00e9bat de la Commission des libert\u00e9s civiles du Parlement europ\u00e9en sur les liens entre la criminalit\u00e9 organis\u00e9e et le terrorisme - Voisins de l'UE","isPartOf":{"@id":"https:\/\/www.eumedbridge.eu\/#website"},"datePublished":"2016-04-20T21:00:00+00:00","dateModified":"2022-07-08T13:43:46+00:00","breadcrumb":{"@id":"https:\/\/www.eumedbridge.eu\/fr\/news\/securite-debat-de-la-commission-des-libertes-civiles-du-parlement-europeen\/#breadcrumb"},"inLanguage":"fr-FR","potentialAction":[{"@type":"ReadAction","target":["https:\/\/www.eumedbridge.eu\/fr\/news\/securite-debat-de-la-commission-des-libertes-civiles-du-parlement-europeen\/"]}]},{"@type":"BreadcrumbList","@id":"https:\/\/www.eumedbridge.eu\/fr\/news\/securite-debat-de-la-commission-des-libertes-civiles-du-parlement-europeen\/#breadcrumb","itemListElement":[{"@type":"ListItem","position":1,"name":"Home","item":"https:\/\/www.eumedbridge.eu\/fr\/home-page\/"},{"@type":"ListItem","position":2,"name":"Actualit\u00e9s","item":"https:\/\/www.eumedbridge.eu\/fr\/news\/"},{"@type":"ListItem","position":3,"name":"S\u00e9curit\u00e9 : d\u00e9bat de la Commission des libert\u00e9s civiles du Parlement europ\u00e9en sur les liens entre la criminalit\u00e9 organis\u00e9e et le terrorisme"}]},{"@type":"WebSite","@id":"https:\/\/www.eumedbridge.eu\/#website","url":"https:\/\/www.eumedbridge.eu\/","name":"EU Medbridge","description":"","publisher":{"@id":"https:\/\/www.eumedbridge.eu\/#organization"},"potentialAction":[{"@type":"SearchAction","target":{"@type":"EntryPoint","urlTemplate":"https:\/\/www.eumedbridge.eu\/?s={search_term_string}"},"query-input":{"@type":"PropertyValueSpecification","valueRequired":true,"valueName":"search_term_string"}}],"inLanguage":"fr-FR"},{"@type":"Organization","@id":"https:\/\/www.eumedbridge.eu\/#organization","name":"EU Medbridge","url":"https:\/\/www.eumedbridge.eu\/","logo":{"@type":"ImageObject","inLanguage":"fr-FR","@id":"https:\/\/www.eumedbridge.eu\/#\/schema\/logo\/image\/","url":"https:\/\/www.eumedbridge.eu\/wp-content\/uploads\/2021\/12\/Logo.png","contentUrl":"https:\/\/www.eumedbridge.eu\/wp-content\/uploads\/2021\/12\/Logo.png","width":325,"height":114,"caption":"EU Medbridge"},"image":{"@id":"https:\/\/www.eumedbridge.eu\/#\/schema\/logo\/image\/"},"sameAs":["https:\/\/www.facebook.com\/eumedbridge\/","https:\/\/x.com\/eumedbridge","https:\/\/www.linkedin.com\/company\/eumedbridge","https:\/\/www.youtube.com\/@eumedbridge","https:\/\/www.instagram.com\/eumedbridge","https:\/\/www.flickr.com\/photos\/euneighbours-south\/"]}]}},"_links":{"self":[{"href":"https:\/\/www.eumedbridge.eu\/fr\/wp-json\/wp\/v2\/news\/163992","targetHints":{"allow":["GET"]}}],"collection":[{"href":"https:\/\/www.eumedbridge.eu\/fr\/wp-json\/wp\/v2\/news"}],"about":[{"href":"https:\/\/www.eumedbridge.eu\/fr\/wp-json\/wp\/v2\/types\/news"}],"wp:attachment":[{"href":"https:\/\/www.eumedbridge.eu\/fr\/wp-json\/wp\/v2\/media?parent=163992"}],"wp:term":[{"taxonomy":"news_category","embeddable":true,"href":"https:\/\/www.eumedbridge.eu\/fr\/wp-json\/wp\/v2\/news_category?post=163992"},{"taxonomy":"country","embeddable":true,"href":"https:\/\/www.eumedbridge.eu\/fr\/wp-json\/wp\/v2\/country?post=163992"},{"taxonomy":"special_action","embeddable":true,"href":"https:\/\/www.eumedbridge.eu\/fr\/wp-json\/wp\/v2\/special_action?post=163992"},{"taxonomy":"custom_tag","embeddable":true,"href":"https:\/\/www.eumedbridge.eu\/fr\/wp-json\/wp\/v2\/custom_tag?post=163992"}],"curies":[{"name":"wp","href":"https:\/\/api.w.org\/{rel}","templated":true}]}}