{"id":164222,"date":"2016-02-03T00:00:00","date_gmt":"2016-02-02T22:00:00","guid":{"rendered":"http:\/\/south.euneighbours.eu\/news\/syrie-le-soutien-de-lue-en-reponse-a-la-crise-syrienne\/"},"modified":"2022-07-08T16:53:14","modified_gmt":"2022-07-08T13:53:14","slug":"syrie-le-soutien-de-lue-en-reponse-la-crise-syrienne","status":"publish","type":"news","link":"https:\/\/www.eumedbridge.eu\/fr\/news\/syrie-le-soutien-de-lue-en-reponse-la-crise-syrienne\/","title":{"rendered":"Syrie : le soutien de l&rsquo;UE en r\u00e9ponse \u00e0 la crise syrienne"},"content":{"rendered":"<p>La Haute Repr\u00e9sentante\/Vice-pr\u00e9sident Federica Mogherini, Federica Mogherini et le Commissaire pour la Politique europ\u00e9enne de voisinage (PEV), Johannes Hahn ainsi que le Commissaire en charge de l&rsquo;aide humanitaire et de la gestion des crises, Christos Stylianides, seront \u00e0 Londres le Jeudi 4 F\u00e9vrier pour assister \u00e0 la conf\u00e9rence \u00ab Soutien \u00e0 la Syrie et \u00e0 la region , <a href=\"http:\/\/europa.eu\/rapid\/press-release_MEX-16-226_en.htm.\" target=\"_blank\" rel=\"noopener\">a d\u00e9clar\u00e9 le service de presse<\/a> du Service europ\u00e9en d&rsquo;action ext\u00e9rieure (SEAE).<\/p>\n<p>Il pr\u00e9cise : \u00ab avec le pr\u00e9sident du Conseil europ\u00e9en, Donald Tusk, et le pr\u00e9sident du Parlement europ\u00e9en, Martin Schulz, ils seront les repr\u00e9sentants de l\u2019UE et r\u00e9affirmeront la solidarit\u00e9 avec le peuple syrien et les pays voisins touch\u00e9s par la crise \u00bb. \u00a0L&rsquo;UE a \u00e9t\u00e9 le \u00ab principal donateur dans la r\u00e9ponse internationale \u00e0 la crise en Syrie \u00bb, rappelle le service de presse.<\/p>\n<div>Une seconde d\u00e9claration affirme que la crise syrienne est devenue la pire catastrophe humanitaire au monde. L&rsquo;UE est le principal donateur dans la r\u00e9ponse internationale \u00e0 la crise syrienne, avec plus de 5 milliards \u20ac de l&rsquo;UE et les \u00c9tats membres collectivement, le d\u00e9veloppement, l&rsquo;aide \u00e9conomique et la stabilisation humanitaire \u00bb.<\/div>\n<div>\u00a0<\/div>\n<div>Lien :<\/div>\n<div><a href=\"http:\/\/europa.eu\/rapid\/press-release_MEMO-16-222_en.htm\" target=\"_blank\" rel=\"noopener\">http:\/\/europa.eu\/rapid\/press-release_MEMO-16-222_en.htm<\/a><\/div>\n","protected":false},"featured_media":0,"parent":0,"template":"","news_category":[],"country":[2029],"special_action":[],"custom_tag":[2313,2821],"class_list":["post-164222","news","type-news","status-publish","hentry","country-syrie","custom_tag-droit-de-lhomme","custom_tag-migration-fr"],"acf":[],"yoast_head":"<!-- This site is optimized with the Yoast SEO plugin v26.5 - https:\/\/yoast.com\/wordpress\/plugins\/seo\/ -->\n<title>Syrie : le soutien de l&#039;UE en r\u00e9ponse \u00e0 la crise syrienne - Voisins de l&#039;UE<\/title>\n<meta name=\"robots\" content=\"index, follow, max-snippet:-1, max-image-preview:large, max-video-preview:-1\" \/>\n<link rel=\"canonical\" href=\"https:\/\/www.eumedbridge.eu\/fr\/news\/syrie-le-soutien-de-lue-en-reponse-la-crise-syrienne\/\" \/>\n<meta property=\"og:locale\" content=\"fr_FR\" \/>\n<meta property=\"og:type\" content=\"article\" \/>\n<meta property=\"og:title\" content=\"Syrie : le soutien de l&#039;UE en r\u00e9ponse \u00e0 la crise syrienne - Voisins de l&#039;UE\" \/>\n<meta property=\"og:description\" content=\"La Haute Repr\u00e9sentante\/Vice-pr\u00e9sident Federica Mogherini, Federica Mogherini et le Commissaire pour la Politique europ\u00e9enne de voisinage (PEV), Johannes Hahn ainsi que le Commissaire en charge de l&rsquo;aide humanitaire et de la gestion des crises, Christos Stylianides, seront \u00e0 Londres le Jeudi 4 F\u00e9vrier pour assister \u00e0 la conf\u00e9rence \u00ab Soutien \u00e0 la Syrie et \u00e0 [&hellip;]\" \/>\n<meta property=\"og:url\" content=\"https:\/\/www.eumedbridge.eu\/fr\/news\/syrie-le-soutien-de-lue-en-reponse-la-crise-syrienne\/\" \/>\n<meta property=\"og:site_name\" content=\"Voisins de l&#039;UE\" \/>\n<meta property=\"article:publisher\" content=\"https:\/\/www.facebook.com\/eumedbridge\/\" \/>\n<meta property=\"article:modified_time\" content=\"2022-07-08T13:53:14+00:00\" \/>\n<meta name=\"twitter:card\" content=\"summary_large_image\" \/>\n<meta name=\"twitter:site\" content=\"@eumedbridge\" \/>\n<meta name=\"twitter:label1\" content=\"Dur\u00e9e de lecture estim\u00e9e\" \/>\n\t<meta name=\"twitter:data1\" content=\"1 minute\" \/>\n<script type=\"application\/ld+json\" class=\"yoast-schema-graph\">{\"@context\":\"https:\/\/schema.org\",\"@graph\":[{\"@type\":\"WebPage\",\"@id\":\"https:\/\/www.eumedbridge.eu\/fr\/news\/syrie-le-soutien-de-lue-en-reponse-la-crise-syrienne\/\",\"url\":\"https:\/\/www.eumedbridge.eu\/fr\/news\/syrie-le-soutien-de-lue-en-reponse-la-crise-syrienne\/\",\"name\":\"Syrie : le soutien de l'UE en r\u00e9ponse \u00e0 la crise syrienne - Voisins de l'UE\",\"isPartOf\":{\"@id\":\"https:\/\/www.eumedbridge.eu\/#website\"},\"datePublished\":\"2016-02-02T22:00:00+00:00\",\"dateModified\":\"2022-07-08T13:53:14+00:00\",\"breadcrumb\":{\"@id\":\"https:\/\/www.eumedbridge.eu\/fr\/news\/syrie-le-soutien-de-lue-en-reponse-la-crise-syrienne\/#breadcrumb\"},\"inLanguage\":\"fr-FR\",\"potentialAction\":[{\"@type\":\"ReadAction\",\"target\":[\"https:\/\/www.eumedbridge.eu\/fr\/news\/syrie-le-soutien-de-lue-en-reponse-la-crise-syrienne\/\"]}]},{\"@type\":\"BreadcrumbList\",\"@id\":\"https:\/\/www.eumedbridge.eu\/fr\/news\/syrie-le-soutien-de-lue-en-reponse-la-crise-syrienne\/#breadcrumb\",\"itemListElement\":[{\"@type\":\"ListItem\",\"position\":1,\"name\":\"Home\",\"item\":\"https:\/\/www.eumedbridge.eu\/fr\/home-page\/\"},{\"@type\":\"ListItem\",\"position\":2,\"name\":\"Actualit\u00e9s\",\"item\":\"https:\/\/www.eumedbridge.eu\/fr\/news\/\"},{\"@type\":\"ListItem\",\"position\":3,\"name\":\"Syrie : le soutien de l&rsquo;UE en r\u00e9ponse \u00e0 la crise syrienne\"}]},{\"@type\":\"WebSite\",\"@id\":\"https:\/\/www.eumedbridge.eu\/#website\",\"url\":\"https:\/\/www.eumedbridge.eu\/\",\"name\":\"EU Medbridge\",\"description\":\"\",\"publisher\":{\"@id\":\"https:\/\/www.eumedbridge.eu\/#organization\"},\"potentialAction\":[{\"@type\":\"SearchAction\",\"target\":{\"@type\":\"EntryPoint\",\"urlTemplate\":\"https:\/\/www.eumedbridge.eu\/?s={search_term_string}\"},\"query-input\":{\"@type\":\"PropertyValueSpecification\",\"valueRequired\":true,\"valueName\":\"search_term_string\"}}],\"inLanguage\":\"fr-FR\"},{\"@type\":\"Organization\",\"@id\":\"https:\/\/www.eumedbridge.eu\/#organization\",\"name\":\"EU Medbridge\",\"url\":\"https:\/\/www.eumedbridge.eu\/\",\"logo\":{\"@type\":\"ImageObject\",\"inLanguage\":\"fr-FR\",\"@id\":\"https:\/\/www.eumedbridge.eu\/#\/schema\/logo\/image\/\",\"url\":\"https:\/\/www.eumedbridge.eu\/wp-content\/uploads\/2021\/12\/Logo.png\",\"contentUrl\":\"https:\/\/www.eumedbridge.eu\/wp-content\/uploads\/2021\/12\/Logo.png\",\"width\":325,\"height\":114,\"caption\":\"EU Medbridge\"},\"image\":{\"@id\":\"https:\/\/www.eumedbridge.eu\/#\/schema\/logo\/image\/\"},\"sameAs\":[\"https:\/\/www.facebook.com\/eumedbridge\/\",\"https:\/\/x.com\/eumedbridge\",\"https:\/\/www.linkedin.com\/company\/eumedbridge\",\"https:\/\/www.youtube.com\/@eumedbridge\",\"https:\/\/www.instagram.com\/eumedbridge\",\"https:\/\/www.flickr.com\/photos\/euneighbours-south\/\"]}]}<\/script>\n<!-- \/ Yoast SEO plugin. -->","yoast_head_json":{"title":"Syrie : le soutien de l'UE en r\u00e9ponse \u00e0 la crise syrienne - Voisins de l'UE","robots":{"index":"index","follow":"follow","max-snippet":"max-snippet:-1","max-image-preview":"max-image-preview:large","max-video-preview":"max-video-preview:-1"},"canonical":"https:\/\/www.eumedbridge.eu\/fr\/news\/syrie-le-soutien-de-lue-en-reponse-la-crise-syrienne\/","og_locale":"fr_FR","og_type":"article","og_title":"Syrie : le soutien de l'UE en r\u00e9ponse \u00e0 la crise syrienne - Voisins de l'UE","og_description":"La Haute Repr\u00e9sentante\/Vice-pr\u00e9sident Federica Mogherini, Federica Mogherini et le Commissaire pour la Politique europ\u00e9enne de voisinage (PEV), Johannes Hahn ainsi que le Commissaire en charge de l&rsquo;aide humanitaire et de la gestion des crises, Christos Stylianides, seront \u00e0 Londres le Jeudi 4 F\u00e9vrier pour assister \u00e0 la conf\u00e9rence \u00ab Soutien \u00e0 la Syrie et \u00e0 [&hellip;]","og_url":"https:\/\/www.eumedbridge.eu\/fr\/news\/syrie-le-soutien-de-lue-en-reponse-la-crise-syrienne\/","og_site_name":"Voisins de l'UE","article_publisher":"https:\/\/www.facebook.com\/eumedbridge\/","article_modified_time":"2022-07-08T13:53:14+00:00","twitter_card":"summary_large_image","twitter_site":"@eumedbridge","twitter_misc":{"Dur\u00e9e de lecture estim\u00e9e":"1 minute"},"schema":{"@context":"https:\/\/schema.org","@graph":[{"@type":"WebPage","@id":"https:\/\/www.eumedbridge.eu\/fr\/news\/syrie-le-soutien-de-lue-en-reponse-la-crise-syrienne\/","url":"https:\/\/www.eumedbridge.eu\/fr\/news\/syrie-le-soutien-de-lue-en-reponse-la-crise-syrienne\/","name":"Syrie : le soutien de l'UE en r\u00e9ponse \u00e0 la crise syrienne - Voisins de l'UE","isPartOf":{"@id":"https:\/\/www.eumedbridge.eu\/#website"},"datePublished":"2016-02-02T22:00:00+00:00","dateModified":"2022-07-08T13:53:14+00:00","breadcrumb":{"@id":"https:\/\/www.eumedbridge.eu\/fr\/news\/syrie-le-soutien-de-lue-en-reponse-la-crise-syrienne\/#breadcrumb"},"inLanguage":"fr-FR","potentialAction":[{"@type":"ReadAction","target":["https:\/\/www.eumedbridge.eu\/fr\/news\/syrie-le-soutien-de-lue-en-reponse-la-crise-syrienne\/"]}]},{"@type":"BreadcrumbList","@id":"https:\/\/www.eumedbridge.eu\/fr\/news\/syrie-le-soutien-de-lue-en-reponse-la-crise-syrienne\/#breadcrumb","itemListElement":[{"@type":"ListItem","position":1,"name":"Home","item":"https:\/\/www.eumedbridge.eu\/fr\/home-page\/"},{"@type":"ListItem","position":2,"name":"Actualit\u00e9s","item":"https:\/\/www.eumedbridge.eu\/fr\/news\/"},{"@type":"ListItem","position":3,"name":"Syrie : le soutien de l&rsquo;UE en r\u00e9ponse \u00e0 la crise syrienne"}]},{"@type":"WebSite","@id":"https:\/\/www.eumedbridge.eu\/#website","url":"https:\/\/www.eumedbridge.eu\/","name":"EU Medbridge","description":"","publisher":{"@id":"https:\/\/www.eumedbridge.eu\/#organization"},"potentialAction":[{"@type":"SearchAction","target":{"@type":"EntryPoint","urlTemplate":"https:\/\/www.eumedbridge.eu\/?s={search_term_string}"},"query-input":{"@type":"PropertyValueSpecification","valueRequired":true,"valueName":"search_term_string"}}],"inLanguage":"fr-FR"},{"@type":"Organization","@id":"https:\/\/www.eumedbridge.eu\/#organization","name":"EU Medbridge","url":"https:\/\/www.eumedbridge.eu\/","logo":{"@type":"ImageObject","inLanguage":"fr-FR","@id":"https:\/\/www.eumedbridge.eu\/#\/schema\/logo\/image\/","url":"https:\/\/www.eumedbridge.eu\/wp-content\/uploads\/2021\/12\/Logo.png","contentUrl":"https:\/\/www.eumedbridge.eu\/wp-content\/uploads\/2021\/12\/Logo.png","width":325,"height":114,"caption":"EU Medbridge"},"image":{"@id":"https:\/\/www.eumedbridge.eu\/#\/schema\/logo\/image\/"},"sameAs":["https:\/\/www.facebook.com\/eumedbridge\/","https:\/\/x.com\/eumedbridge","https:\/\/www.linkedin.com\/company\/eumedbridge","https:\/\/www.youtube.com\/@eumedbridge","https:\/\/www.instagram.com\/eumedbridge","https:\/\/www.flickr.com\/photos\/euneighbours-south\/"]}]}},"_links":{"self":[{"href":"https:\/\/www.eumedbridge.eu\/fr\/wp-json\/wp\/v2\/news\/164222","targetHints":{"allow":["GET"]}}],"collection":[{"href":"https:\/\/www.eumedbridge.eu\/fr\/wp-json\/wp\/v2\/news"}],"about":[{"href":"https:\/\/www.eumedbridge.eu\/fr\/wp-json\/wp\/v2\/types\/news"}],"wp:attachment":[{"href":"https:\/\/www.eumedbridge.eu\/fr\/wp-json\/wp\/v2\/media?parent=164222"}],"wp:term":[{"taxonomy":"news_category","embeddable":true,"href":"https:\/\/www.eumedbridge.eu\/fr\/wp-json\/wp\/v2\/news_category?post=164222"},{"taxonomy":"country","embeddable":true,"href":"https:\/\/www.eumedbridge.eu\/fr\/wp-json\/wp\/v2\/country?post=164222"},{"taxonomy":"special_action","embeddable":true,"href":"https:\/\/www.eumedbridge.eu\/fr\/wp-json\/wp\/v2\/special_action?post=164222"},{"taxonomy":"custom_tag","embeddable":true,"href":"https:\/\/www.eumedbridge.eu\/fr\/wp-json\/wp\/v2\/custom_tag?post=164222"}],"curies":[{"name":"wp","href":"https:\/\/api.w.org\/{rel}","templated":true}]}}