{"id":164334,"date":"2015-12-11T00:00:00","date_gmt":"2015-12-10T22:00:00","guid":{"rendered":"http:\/\/south.euneighbours.eu\/news\/la-presidente-de-la-fondation-anna-lindh-appelle-a-laction-lors-de-la-conference-de-rome-sur-les-dialogues-mediterraneens\/"},"modified":"2022-07-08T16:57:44","modified_gmt":"2022-07-08T13:57:44","slug":"la-presidente-de-la-fondation-anna-lindh-appelle-laction-lors-de-la","status":"publish","type":"news","link":"https:\/\/www.eumedbridge.eu\/fr\/news\/la-presidente-de-la-fondation-anna-lindh-appelle-laction-lors-de-la\/","title":{"rendered":"La pr\u00e9sidente de la Fondation Anna Lindh appelle \u00e0 l\u2019action lors de la conf\u00e9rence de Rome sur les dialogues m\u00e9diterran\u00e9ens"},"content":{"rendered":"<p>\u00a0La pr\u00e9sidente de la Fondation Anna Lindh, \u00c9lisabeth Guigou, a appel\u00e9 \u00e0 un discours alternatif dans la r\u00e9gion pour lutter contre la radicalisation, lors d&rsquo;une conf\u00e9rence sur la mise en place d\u2019un agenda positif dans la M\u00e9diterran\u00e9e, organis\u00e9e hier \u00e0 Rome.<\/p>\n<div style=\"margin-bottom: 0.0001pt;\">\u00a0<\/div>\n<div style=\"margin-bottom: 0.0001pt;\">Guigou a particip\u00e9 \u00e0 une table ronde sur la politique s\u00e9curitaire m\u00e9diterran\u00e9enne partag\u00e9e, aux c\u00f4t\u00e9s de la ministre italienne de la d\u00e9fense Roberta Pinotti, du ministre britannique pour l&rsquo;Europe David Lidignton, du ministre marocain des affaires \u00e9trang\u00e8res Salaheddine Mezouar, ainsi que du Secr\u00e9taire g\u00e9n\u00e9ral de la Ligue arabe Nabil El Araby.<\/div>\n<div style=\"margin-bottom: 0.0001pt;\">\u00a0<\/div>\n<div style=\"margin-bottom: 0.0001pt;\">Guigou a d\u00e9clar\u00e9 qu\u2019une strat\u00e9gie militaire \u00e9tait n\u00e9cessaire pour lutter contre le terrorisme, mais a soulign\u00e9 que les actions devraient aller au-del\u00e0 du militaire, et a \u00e9voqu\u00e9 l&rsquo;exp\u00e9rience du programme Young Arab Voices.<\/div>\n<div style=\"margin-bottom: 0.0001pt;\">\u00a0<\/div>\n<div style=\"margin-bottom: 0.0001pt;\">La Fondation Anna Lindh se pr\u00e9pare \u00e0 lancer un programme r\u00e9gional d&rsquo;action impliquant des jeunes qui comprendra des investissements \u00e0 grande \u00e9chelle dans la formation \u00e0 la communication et au plaidoyer, et l&rsquo;expansion du programme phare de d\u00e9bat \u00ab Young Arab Voices\u00a0\u00bb.<\/div>\n<div style=\"margin-bottom: 0.0001pt;\">\u00a0<\/div>\n<div style=\"margin-bottom: 0.0001pt;\">La\u00a0<b>Fondation Anna Lindh pour le dialogue interculturel<\/b>\u00a0favorise la connaissance, le respect mutuel et le dialogue interculturel entre les populations de la r\u00e9gion euro-m\u00e9diterran\u00e9enne, au travers d&rsquo;un r\u00e9seau de plus de 3.000 organisations de la soci\u00e9t\u00e9 civile dans 43 pays. Son budget est co-financ\u00e9 par l&rsquo;UE (10 millions d\u2019euros) et les \u00c9tats membres de l&rsquo;UE (6 millions d\u2019euros) (<a href=\"http:\/\/www.enpi-info.eu\/indexmed.php?lang_id=469\">EU Neighbourhood Info<\/a>)<\/div>\n<div style=\"margin-bottom: 0.0001pt;\"><b>\u00a0<\/b><\/div>\n<div style=\"margin-bottom: 0.0001pt;\"><b>Pour en savoir plus<\/b><\/div>\n<div style=\"margin-bottom: 0.0001pt;\">\u00a0<\/div>\n<div style=\"margin-bottom: 0.0001pt;\"><a href=\"http:\/\/www.annalindhfoundation.org\/news\/president-guigou-call-action-rome-conference-mediterranean-dialogues\">Communiqu\u00e9 de presse<\/a><\/div>\n<div style=\"margin-bottom: 0.0001pt;\">\u00a0\u00a0<\/div>\n<div style=\"margin-bottom: 0.0001pt;\">Fondation Anna Lindh \u2013\u00a0<a href=\"http:\/\/www.enpi-info.eu\/mainmed.php?id=387&#038;id_type=10\">fiche et actualit\u00e9s<\/a><\/div>\n<div style=\"margin-bottom: 0.0001pt;\">\u00a0<\/div>\n<div style=\"margin-bottom: 0.0001pt;\">Fondation Anna Lindh \u2013\u00a0<a href=\"http:\/\/www.annalindhfoundation.org\/fr\">site internet<\/a><\/div>\n<div style=\"margin-bottom: 0.0001pt;\">\u00a0<\/div>\n<div style=\"margin-bottom: 0.0001pt;\">Fondation Anna Lindh sur\u00a0<a href=\"https:\/\/twitter.com\/AnnaLindh\">Twitter<\/a>,\u00a0<a href=\"https:\/\/www.facebook.com\/annalindhfoundation?fref=ts\">Facebook<\/a>,\u00a0<a href=\"http:\/\/www.youtube.com\/user\/dialoguenight\">YouTube<\/a>\u00a0,<a href=\"http:\/\/www.flickr.com\/photos\/annalindh\">Flickr\u00a0<\/a><\/div>\n<div style=\"margin-bottom: 0.0001pt;\">\u00a0<\/div>\n<div style=\"margin-bottom: 0.0001pt;\"><a href=\"http:\/\/www.enpi-info.eu\/join.php\">Pour recevoir nos actualit\u00e9s<\/a><\/div>\n<div style=\"margin-bottom: 0.0001pt;\">\u00a0<\/div>\n<div style=\"margin-bottom: 0.0001pt;\">\u00a0<\/div>\n<div style=\"margin-bottom: 0.0001pt;\">\u00a0<\/div>\n","protected":false},"featured_media":0,"parent":0,"template":"","news_category":[],"country":[],"special_action":[],"custom_tag":[1874,2312,1897,1870],"class_list":["post-164334","news","type-news","status-publish","hentry","custom_tag-culture-fr","custom_tag-developpement-durable","custom_tag-medias","custom_tag-societe-civile"],"acf":[],"yoast_head":"<!-- This site is optimized with the Yoast SEO plugin v26.5 - https:\/\/yoast.com\/wordpress\/plugins\/seo\/ -->\n<title>La pr\u00e9sidente de la Fondation Anna Lindh appelle \u00e0 l\u2019action lors de la conf\u00e9rence de Rome sur les dialogues m\u00e9diterran\u00e9ens - Voisins de l&#039;UE<\/title>\n<meta name=\"robots\" content=\"index, follow, max-snippet:-1, max-image-preview:large, max-video-preview:-1\" \/>\n<link rel=\"canonical\" href=\"https:\/\/www.eumedbridge.eu\/fr\/news\/la-presidente-de-la-fondation-anna-lindh-appelle-laction-lors-de-la\/\" \/>\n<meta property=\"og:locale\" content=\"fr_FR\" \/>\n<meta property=\"og:type\" content=\"article\" \/>\n<meta property=\"og:title\" content=\"La pr\u00e9sidente de la Fondation Anna Lindh appelle \u00e0 l\u2019action lors de la conf\u00e9rence de Rome sur les dialogues m\u00e9diterran\u00e9ens - Voisins de l&#039;UE\" \/>\n<meta property=\"og:description\" content=\"\u00a0La pr\u00e9sidente de la Fondation Anna Lindh, \u00c9lisabeth Guigou, a appel\u00e9 \u00e0 un discours alternatif dans la r\u00e9gion pour lutter contre la radicalisation, lors d&rsquo;une conf\u00e9rence sur la mise en place d\u2019un agenda positif dans la M\u00e9diterran\u00e9e, organis\u00e9e hier \u00e0 Rome. \u00a0 Guigou a particip\u00e9 \u00e0 une table ronde sur la politique s\u00e9curitaire m\u00e9diterran\u00e9enne partag\u00e9e, [&hellip;]\" \/>\n<meta property=\"og:url\" content=\"https:\/\/www.eumedbridge.eu\/fr\/news\/la-presidente-de-la-fondation-anna-lindh-appelle-laction-lors-de-la\/\" \/>\n<meta property=\"og:site_name\" content=\"Voisins de l&#039;UE\" \/>\n<meta property=\"article:publisher\" content=\"https:\/\/www.facebook.com\/eumedbridge\/\" \/>\n<meta property=\"article:modified_time\" content=\"2022-07-08T13:57:44+00:00\" \/>\n<meta property=\"og:image\" content=\"https:\/\/www.eumedbridge.eu\/wp-content\/uploads\/2022\/03\/photo_1_0.jpg\" \/>\n\t<meta property=\"og:image:width\" content=\"500\" \/>\n\t<meta property=\"og:image:height\" content=\"243\" \/>\n\t<meta property=\"og:image:type\" content=\"image\/jpeg\" \/>\n<meta name=\"twitter:card\" content=\"summary_large_image\" \/>\n<meta name=\"twitter:site\" content=\"@eumedbridge\" \/>\n<meta name=\"twitter:label1\" content=\"Dur\u00e9e de lecture estim\u00e9e\" \/>\n\t<meta name=\"twitter:data1\" content=\"1 minute\" \/>\n<script type=\"application\/ld+json\" class=\"yoast-schema-graph\">{\"@context\":\"https:\/\/schema.org\",\"@graph\":[{\"@type\":\"WebPage\",\"@id\":\"https:\/\/www.eumedbridge.eu\/fr\/news\/la-presidente-de-la-fondation-anna-lindh-appelle-laction-lors-de-la\/\",\"url\":\"https:\/\/www.eumedbridge.eu\/fr\/news\/la-presidente-de-la-fondation-anna-lindh-appelle-laction-lors-de-la\/\",\"name\":\"La pr\u00e9sidente de la Fondation Anna Lindh appelle \u00e0 l\u2019action lors de la conf\u00e9rence de Rome sur les dialogues m\u00e9diterran\u00e9ens - Voisins de l'UE\",\"isPartOf\":{\"@id\":\"https:\/\/www.eumedbridge.eu\/#website\"},\"datePublished\":\"2015-12-10T22:00:00+00:00\",\"dateModified\":\"2022-07-08T13:57:44+00:00\",\"breadcrumb\":{\"@id\":\"https:\/\/www.eumedbridge.eu\/fr\/news\/la-presidente-de-la-fondation-anna-lindh-appelle-laction-lors-de-la\/#breadcrumb\"},\"inLanguage\":\"fr-FR\",\"potentialAction\":[{\"@type\":\"ReadAction\",\"target\":[\"https:\/\/www.eumedbridge.eu\/fr\/news\/la-presidente-de-la-fondation-anna-lindh-appelle-laction-lors-de-la\/\"]}]},{\"@type\":\"BreadcrumbList\",\"@id\":\"https:\/\/www.eumedbridge.eu\/fr\/news\/la-presidente-de-la-fondation-anna-lindh-appelle-laction-lors-de-la\/#breadcrumb\",\"itemListElement\":[{\"@type\":\"ListItem\",\"position\":1,\"name\":\"Home\",\"item\":\"https:\/\/www.eumedbridge.eu\/fr\/home-page\/\"},{\"@type\":\"ListItem\",\"position\":2,\"name\":\"Actualit\u00e9s\",\"item\":\"https:\/\/www.eumedbridge.eu\/fr\/news\/\"},{\"@type\":\"ListItem\",\"position\":3,\"name\":\"La pr\u00e9sidente de la Fondation Anna Lindh appelle \u00e0 l\u2019action lors de la conf\u00e9rence de Rome sur les dialogues m\u00e9diterran\u00e9ens\"}]},{\"@type\":\"WebSite\",\"@id\":\"https:\/\/www.eumedbridge.eu\/#website\",\"url\":\"https:\/\/www.eumedbridge.eu\/\",\"name\":\"EU Medbridge\",\"description\":\"\",\"publisher\":{\"@id\":\"https:\/\/www.eumedbridge.eu\/#organization\"},\"potentialAction\":[{\"@type\":\"SearchAction\",\"target\":{\"@type\":\"EntryPoint\",\"urlTemplate\":\"https:\/\/www.eumedbridge.eu\/?s={search_term_string}\"},\"query-input\":{\"@type\":\"PropertyValueSpecification\",\"valueRequired\":true,\"valueName\":\"search_term_string\"}}],\"inLanguage\":\"fr-FR\"},{\"@type\":\"Organization\",\"@id\":\"https:\/\/www.eumedbridge.eu\/#organization\",\"name\":\"EU Medbridge\",\"url\":\"https:\/\/www.eumedbridge.eu\/\",\"logo\":{\"@type\":\"ImageObject\",\"inLanguage\":\"fr-FR\",\"@id\":\"https:\/\/www.eumedbridge.eu\/#\/schema\/logo\/image\/\",\"url\":\"https:\/\/www.eumedbridge.eu\/wp-content\/uploads\/2021\/12\/Logo.png\",\"contentUrl\":\"https:\/\/www.eumedbridge.eu\/wp-content\/uploads\/2021\/12\/Logo.png\",\"width\":325,\"height\":114,\"caption\":\"EU Medbridge\"},\"image\":{\"@id\":\"https:\/\/www.eumedbridge.eu\/#\/schema\/logo\/image\/\"},\"sameAs\":[\"https:\/\/www.facebook.com\/eumedbridge\/\",\"https:\/\/x.com\/eumedbridge\",\"https:\/\/www.linkedin.com\/company\/eumedbridge\",\"https:\/\/www.youtube.com\/@eumedbridge\",\"https:\/\/www.instagram.com\/eumedbridge\",\"https:\/\/www.flickr.com\/photos\/euneighbours-south\/\"]}]}<\/script>\n<!-- \/ Yoast SEO plugin. -->","yoast_head_json":{"title":"La pr\u00e9sidente de la Fondation Anna Lindh appelle \u00e0 l\u2019action lors de la conf\u00e9rence de Rome sur les dialogues m\u00e9diterran\u00e9ens - Voisins de l'UE","robots":{"index":"index","follow":"follow","max-snippet":"max-snippet:-1","max-image-preview":"max-image-preview:large","max-video-preview":"max-video-preview:-1"},"canonical":"https:\/\/www.eumedbridge.eu\/fr\/news\/la-presidente-de-la-fondation-anna-lindh-appelle-laction-lors-de-la\/","og_locale":"fr_FR","og_type":"article","og_title":"La pr\u00e9sidente de la Fondation Anna Lindh appelle \u00e0 l\u2019action lors de la conf\u00e9rence de Rome sur les dialogues m\u00e9diterran\u00e9ens - Voisins de l'UE","og_description":"\u00a0La pr\u00e9sidente de la Fondation Anna Lindh, \u00c9lisabeth Guigou, a appel\u00e9 \u00e0 un discours alternatif dans la r\u00e9gion pour lutter contre la radicalisation, lors d&rsquo;une conf\u00e9rence sur la mise en place d\u2019un agenda positif dans la M\u00e9diterran\u00e9e, organis\u00e9e hier \u00e0 Rome. \u00a0 Guigou a particip\u00e9 \u00e0 une table ronde sur la politique s\u00e9curitaire m\u00e9diterran\u00e9enne partag\u00e9e, [&hellip;]","og_url":"https:\/\/www.eumedbridge.eu\/fr\/news\/la-presidente-de-la-fondation-anna-lindh-appelle-laction-lors-de-la\/","og_site_name":"Voisins de l'UE","article_publisher":"https:\/\/www.facebook.com\/eumedbridge\/","article_modified_time":"2022-07-08T13:57:44+00:00","og_image":[{"width":500,"height":243,"url":"https:\/\/www.eumedbridge.eu\/wp-content\/uploads\/2022\/03\/photo_1_0.jpg","type":"image\/jpeg"}],"twitter_card":"summary_large_image","twitter_site":"@eumedbridge","twitter_misc":{"Dur\u00e9e de lecture estim\u00e9e":"1 minute"},"schema":{"@context":"https:\/\/schema.org","@graph":[{"@type":"WebPage","@id":"https:\/\/www.eumedbridge.eu\/fr\/news\/la-presidente-de-la-fondation-anna-lindh-appelle-laction-lors-de-la\/","url":"https:\/\/www.eumedbridge.eu\/fr\/news\/la-presidente-de-la-fondation-anna-lindh-appelle-laction-lors-de-la\/","name":"La pr\u00e9sidente de la Fondation Anna Lindh appelle \u00e0 l\u2019action lors de la conf\u00e9rence de Rome sur les dialogues m\u00e9diterran\u00e9ens - Voisins de l'UE","isPartOf":{"@id":"https:\/\/www.eumedbridge.eu\/#website"},"datePublished":"2015-12-10T22:00:00+00:00","dateModified":"2022-07-08T13:57:44+00:00","breadcrumb":{"@id":"https:\/\/www.eumedbridge.eu\/fr\/news\/la-presidente-de-la-fondation-anna-lindh-appelle-laction-lors-de-la\/#breadcrumb"},"inLanguage":"fr-FR","potentialAction":[{"@type":"ReadAction","target":["https:\/\/www.eumedbridge.eu\/fr\/news\/la-presidente-de-la-fondation-anna-lindh-appelle-laction-lors-de-la\/"]}]},{"@type":"BreadcrumbList","@id":"https:\/\/www.eumedbridge.eu\/fr\/news\/la-presidente-de-la-fondation-anna-lindh-appelle-laction-lors-de-la\/#breadcrumb","itemListElement":[{"@type":"ListItem","position":1,"name":"Home","item":"https:\/\/www.eumedbridge.eu\/fr\/home-page\/"},{"@type":"ListItem","position":2,"name":"Actualit\u00e9s","item":"https:\/\/www.eumedbridge.eu\/fr\/news\/"},{"@type":"ListItem","position":3,"name":"La pr\u00e9sidente de la Fondation Anna Lindh appelle \u00e0 l\u2019action lors de la conf\u00e9rence de Rome sur les dialogues m\u00e9diterran\u00e9ens"}]},{"@type":"WebSite","@id":"https:\/\/www.eumedbridge.eu\/#website","url":"https:\/\/www.eumedbridge.eu\/","name":"EU Medbridge","description":"","publisher":{"@id":"https:\/\/www.eumedbridge.eu\/#organization"},"potentialAction":[{"@type":"SearchAction","target":{"@type":"EntryPoint","urlTemplate":"https:\/\/www.eumedbridge.eu\/?s={search_term_string}"},"query-input":{"@type":"PropertyValueSpecification","valueRequired":true,"valueName":"search_term_string"}}],"inLanguage":"fr-FR"},{"@type":"Organization","@id":"https:\/\/www.eumedbridge.eu\/#organization","name":"EU Medbridge","url":"https:\/\/www.eumedbridge.eu\/","logo":{"@type":"ImageObject","inLanguage":"fr-FR","@id":"https:\/\/www.eumedbridge.eu\/#\/schema\/logo\/image\/","url":"https:\/\/www.eumedbridge.eu\/wp-content\/uploads\/2021\/12\/Logo.png","contentUrl":"https:\/\/www.eumedbridge.eu\/wp-content\/uploads\/2021\/12\/Logo.png","width":325,"height":114,"caption":"EU Medbridge"},"image":{"@id":"https:\/\/www.eumedbridge.eu\/#\/schema\/logo\/image\/"},"sameAs":["https:\/\/www.facebook.com\/eumedbridge\/","https:\/\/x.com\/eumedbridge","https:\/\/www.linkedin.com\/company\/eumedbridge","https:\/\/www.youtube.com\/@eumedbridge","https:\/\/www.instagram.com\/eumedbridge","https:\/\/www.flickr.com\/photos\/euneighbours-south\/"]}]}},"_links":{"self":[{"href":"https:\/\/www.eumedbridge.eu\/fr\/wp-json\/wp\/v2\/news\/164334","targetHints":{"allow":["GET"]}}],"collection":[{"href":"https:\/\/www.eumedbridge.eu\/fr\/wp-json\/wp\/v2\/news"}],"about":[{"href":"https:\/\/www.eumedbridge.eu\/fr\/wp-json\/wp\/v2\/types\/news"}],"wp:attachment":[{"href":"https:\/\/www.eumedbridge.eu\/fr\/wp-json\/wp\/v2\/media?parent=164334"}],"wp:term":[{"taxonomy":"news_category","embeddable":true,"href":"https:\/\/www.eumedbridge.eu\/fr\/wp-json\/wp\/v2\/news_category?post=164334"},{"taxonomy":"country","embeddable":true,"href":"https:\/\/www.eumedbridge.eu\/fr\/wp-json\/wp\/v2\/country?post=164334"},{"taxonomy":"special_action","embeddable":true,"href":"https:\/\/www.eumedbridge.eu\/fr\/wp-json\/wp\/v2\/special_action?post=164334"},{"taxonomy":"custom_tag","embeddable":true,"href":"https:\/\/www.eumedbridge.eu\/fr\/wp-json\/wp\/v2\/custom_tag?post=164334"}],"curies":[{"name":"wp","href":"https:\/\/api.w.org\/{rel}","templated":true}]}}