{"id":164336,"date":"2015-12-14T00:00:00","date_gmt":"2015-12-13T22:00:00","guid":{"rendered":"http:\/\/south.euneighbours.eu\/news\/croissance-inclusive-un-projet-de-cooperation-transfrontaliere-en-mediterranee-obtient-le-label-de-lunion-pour-la-mediterranee\/"},"modified":"2022-07-08T16:57:53","modified_gmt":"2022-07-08T13:57:53","slug":"croissance-inclusive-un-projet-de-cooperation-transfrontaliere-en","status":"publish","type":"news","link":"https:\/\/www.eumedbridge.eu\/fr\/news\/croissance-inclusive-un-projet-de-cooperation-transfrontaliere-en\/","title":{"rendered":"Croissance inclusive : un projet de coop\u00e9ration transfrontali\u00e8re en M\u00e9diterran\u00e9e obtient le label de l\u2019Union pour la M\u00e9diterran\u00e9e"},"content":{"rendered":"<p>\u00a0La seconde phase du <span style=\"background-image: initial; background-attachment: initial; background-size: initial; background-origin: initial; background-clip: initial; background-position: initial; background-repeat: initial;\">projet EDILE (Pour des investissements au service du d\u00e9veloppement \u00e9conomique local), initialement financ\u00e9 par l\u2019UE et mis en \u0153uvre dans le cadre du programme de coop\u00e9ration transfrontali\u00e8re en M\u00e9diterran\u00e9e,\u00a0<\/span>a \u00e9t\u00e9 r\u00e9cemment labellis\u00e9e par les hauts fonctionnaires des 43 Etats membres de l\u2019Union pour la M\u00e9diterran\u00e9e (UpM) lors de leur r\u00e9union qui s\u2019est tenue \u00e0 Barcelone le 27 novembre<\/p>\n<div style=\"margin-bottom: 0.0001pt;\">\u00a0<\/div>\n<div style=\"margin-bottom: 0.0001pt;\">Le projet \u00ab\u00a0EDILE\u00a0\u00bb concr\u00e9tise une approche r\u00e9gionale visant \u00e0 identifier et \u00e0 soutenir les investissements et les meilleures pratiques \u00e0 fort impact local. L\u2019objectif est de promouvoir les investissements ayant une forte r\u00e9percussion gr\u00e2ce \u00e0 la cr\u00e9ation d\u2019un outil de notation mesurant l\u2019int\u00e9gration des projets d\u2019investissement, en association avec un label (le label EDILE). Les principaux acteurs vis\u00e9s sont les \u00e9valuateurs de projets d\u2019investissement publics et priv\u00e9s, les investisseurs priv\u00e9s, les acteurs de la soci\u00e9t\u00e9 civile, les institutions financi\u00e8res internationales et d\u2019autres donateurs.<\/div>\n<div style=\"margin-bottom: 0.0001pt;\">\u00a0<\/div>\n<div style=\"margin-bottom: 0.0001pt;\">La premi\u00e8re phase du projet, financ\u00e9e dans le cadre du Programme IEVP CT Med \u00e0 hauteur de 1,7 million d\u2019euros, a permis de d\u00e9velopper une boite \u00e0 outils compl\u00e8te qui aide les autorit\u00e9s publiques en Tunisie, au Liban et en Palestine \u00e0 \u00e9valuer l&rsquo;impact r\u00e9el des investissements \u00e9trangers sur les \u00e9conomies locales. Elle a aussi permis de lancer le label EDILE qui r\u00e9compense les entreprises performantes en termes d\u2019impacts locaux. Avec le label de l\u2019UpM, la deuxi\u00e8me phase consolidera le projet au Liban, en Tunisie et en Palestine et \u00e9tendra EDILE au Maroc, \u00e0 l\u2019Alg\u00e9rie, \u00e0 l\u2019\u00c9gypte et \u00e0 la Jordanie.<\/div>\n<div style=\"margin-bottom: 0.0001pt;\">\u00a0<\/div>\n<div style=\"margin-bottom: 0.0001pt;\">Le<b>\u00a0programme IEVP CT \u00ab Bassin Maritime M\u00e9diterran\u00e9e 2007-2013 \u00bb\u00a0<\/b>est un programme de coop\u00e9ration transfrontali\u00e8re multilat\u00e9rale cofinanc\u00e9 par l\u2019Union europ\u00e9enne au titre de l\u2019Instrument europ\u00e9en de voisinage et de partenariat (IEVP). Il vise \u00e0 renforcer la coop\u00e9ration entre l&rsquo;UE et les pays partenaires situ\u00e9s le long des rives de la mer M\u00e9diterran\u00e9e. (<a href=\"http:\/\/www.enpi-info.eu\/\" target=\"_blank\" rel=\"noopener\">EU Neighbourhood Info<\/a>)<b>\u00a0<\/b><\/div>\n<div style=\"margin-bottom: 0.0001pt;\">\u00a0<\/div>\n<div style=\"margin-bottom: 0.0001pt;\"><b>Pour en savoir plus<\/b>\u00a0<\/div>\n<div style=\"margin-bottom: 0.0001pt;\">\u00a0<\/div>\n<div style=\"margin-bottom: 0.0001pt;\"><a href=\"http:\/\/www.enpicbcmed.eu\/fr\/communication\/croissance-inclusive-le-projet-edile-obtient-le-label-de-l%E2%80%99union-pour-la-m%C3%A9diterran%C3%A9e\">Communiqu\u00e9 de presse\u00a0<\/a><\/div>\n<div style=\"margin-bottom: 0.0001pt;\">\u00a0<\/div>\n<div style=\"margin-bottom: 0.0001pt;\">Projet EDILE &#8211;\u00a0<a href=\"http:\/\/www.edile-initiative.org\/\" target=\"_blank\" rel=\"noopener\">site web<\/a>\u00a0et\u00a0<a href=\"http:\/\/www.ocemo.org\/attachment\/509051\/\" target=\"_blank\" rel=\"noopener\">fiche de synth\u00e8se<\/a><\/div>\n<div style=\"margin-bottom: 0.0001pt;\">\u00a0\u00a0<\/div>\n<div style=\"margin-bottom: 0.0001pt;\">IEVP CTMED \u2013\u00a0<a href=\"http:\/\/www.enpicbcmed.eu\/fr\">site internet<\/a><\/div>\n<div style=\"margin-bottom: 0.0001pt;\">\u00a0<\/div>\n<div style=\"margin-bottom: 0.0001pt;\">Coop\u00e9ration transfrontali\u00e8re \u2013\u00a0<a href=\"http:\/\/enpi-info.eu\/mainmed.php?id=176&#038;id_type=10&#038;lang_id=469\">Fiche<\/a><\/div>\n<div style=\"margin-bottom: 0.0001pt;\">\u00a0<\/div>\n<div style=\"margin-bottom: 0.0001pt;\">Interview de l\u2019EU Neighbourhood Info Centre \u2013\u00a0<a href=\"http:\/\/enpi-info.eu\/main.php?id=379&#038;id_type=6&#038;lang_id=469\">Partenariat transfrontalier visant \u00e0 rapprocher les peuples<\/a><\/div>\n<div style=\"margin-bottom: 0.0001pt;\">\u00a0<\/div>\n<div style=\"margin-bottom: 0.0001pt;\"><a href=\"http:\/\/www.enpi-info.eu\/join.php\">Pour recevoir nos actualit\u00e9s<\/a><\/div>\n<div style=\"margin-bottom: 0.0001pt;\">\u00a0<\/div>\n<div style=\"margin-bottom: 0.0001pt;\">\u00a0<\/div>\n","protected":false},"featured_media":0,"parent":0,"template":"","news_category":[],"country":[],"special_action":[],"custom_tag":[2312],"class_list":["post-164336","news","type-news","status-publish","hentry","custom_tag-developpement-durable"],"acf":[],"yoast_head":"<!-- This site is optimized with the Yoast SEO plugin v26.5 - https:\/\/yoast.com\/wordpress\/plugins\/seo\/ -->\n<title>Croissance inclusive : un projet de coop\u00e9ration transfrontali\u00e8re en M\u00e9diterran\u00e9e obtient le label de l\u2019Union pour la M\u00e9diterran\u00e9e - Voisins de l&#039;UE<\/title>\n<meta name=\"robots\" content=\"index, follow, max-snippet:-1, max-image-preview:large, max-video-preview:-1\" \/>\n<link rel=\"canonical\" href=\"https:\/\/www.eumedbridge.eu\/fr\/news\/croissance-inclusive-un-projet-de-cooperation-transfrontaliere-en\/\" \/>\n<meta property=\"og:locale\" content=\"fr_FR\" \/>\n<meta property=\"og:type\" content=\"article\" \/>\n<meta property=\"og:title\" content=\"Croissance inclusive : un projet de coop\u00e9ration transfrontali\u00e8re en M\u00e9diterran\u00e9e obtient le label de l\u2019Union pour la M\u00e9diterran\u00e9e - Voisins de l&#039;UE\" \/>\n<meta property=\"og:description\" content=\"\u00a0La seconde phase du projet EDILE (Pour des investissements au service du d\u00e9veloppement \u00e9conomique local), initialement financ\u00e9 par l\u2019UE et mis en \u0153uvre dans le cadre du programme de coop\u00e9ration transfrontali\u00e8re en M\u00e9diterran\u00e9e,\u00a0a \u00e9t\u00e9 r\u00e9cemment labellis\u00e9e par les hauts fonctionnaires des 43 Etats membres de l\u2019Union pour la M\u00e9diterran\u00e9e (UpM) lors de leur r\u00e9union qui [&hellip;]\" \/>\n<meta property=\"og:url\" content=\"https:\/\/www.eumedbridge.eu\/fr\/news\/croissance-inclusive-un-projet-de-cooperation-transfrontaliere-en\/\" \/>\n<meta property=\"og:site_name\" content=\"Voisins de l&#039;UE\" \/>\n<meta property=\"article:publisher\" content=\"https:\/\/www.facebook.com\/eumedbridge\/\" \/>\n<meta property=\"article:modified_time\" content=\"2022-07-08T13:57:53+00:00\" \/>\n<meta property=\"og:image\" content=\"https:\/\/www.eumedbridge.eu\/wp-content\/uploads\/2022\/03\/EDILE.jpg\" \/>\n\t<meta property=\"og:image:width\" content=\"500\" \/>\n\t<meta property=\"og:image:height\" content=\"226\" \/>\n\t<meta property=\"og:image:type\" content=\"image\/jpeg\" \/>\n<meta name=\"twitter:card\" content=\"summary_large_image\" \/>\n<meta name=\"twitter:site\" content=\"@eumedbridge\" \/>\n<meta name=\"twitter:label1\" content=\"Dur\u00e9e de lecture estim\u00e9e\" \/>\n\t<meta name=\"twitter:data1\" content=\"2 minutes\" \/>\n<script type=\"application\/ld+json\" class=\"yoast-schema-graph\">{\"@context\":\"https:\/\/schema.org\",\"@graph\":[{\"@type\":\"WebPage\",\"@id\":\"https:\/\/www.eumedbridge.eu\/fr\/news\/croissance-inclusive-un-projet-de-cooperation-transfrontaliere-en\/\",\"url\":\"https:\/\/www.eumedbridge.eu\/fr\/news\/croissance-inclusive-un-projet-de-cooperation-transfrontaliere-en\/\",\"name\":\"Croissance inclusive : un projet de coop\u00e9ration transfrontali\u00e8re en M\u00e9diterran\u00e9e obtient le label de l\u2019Union pour la M\u00e9diterran\u00e9e - Voisins de l'UE\",\"isPartOf\":{\"@id\":\"https:\/\/www.eumedbridge.eu\/#website\"},\"datePublished\":\"2015-12-13T22:00:00+00:00\",\"dateModified\":\"2022-07-08T13:57:53+00:00\",\"breadcrumb\":{\"@id\":\"https:\/\/www.eumedbridge.eu\/fr\/news\/croissance-inclusive-un-projet-de-cooperation-transfrontaliere-en\/#breadcrumb\"},\"inLanguage\":\"fr-FR\",\"potentialAction\":[{\"@type\":\"ReadAction\",\"target\":[\"https:\/\/www.eumedbridge.eu\/fr\/news\/croissance-inclusive-un-projet-de-cooperation-transfrontaliere-en\/\"]}]},{\"@type\":\"BreadcrumbList\",\"@id\":\"https:\/\/www.eumedbridge.eu\/fr\/news\/croissance-inclusive-un-projet-de-cooperation-transfrontaliere-en\/#breadcrumb\",\"itemListElement\":[{\"@type\":\"ListItem\",\"position\":1,\"name\":\"Home\",\"item\":\"https:\/\/www.eumedbridge.eu\/fr\/home-page\/\"},{\"@type\":\"ListItem\",\"position\":2,\"name\":\"Actualit\u00e9s\",\"item\":\"https:\/\/www.eumedbridge.eu\/fr\/news\/\"},{\"@type\":\"ListItem\",\"position\":3,\"name\":\"Croissance inclusive : un projet de coop\u00e9ration transfrontali\u00e8re en M\u00e9diterran\u00e9e obtient le label de l\u2019Union pour la M\u00e9diterran\u00e9e\"}]},{\"@type\":\"WebSite\",\"@id\":\"https:\/\/www.eumedbridge.eu\/#website\",\"url\":\"https:\/\/www.eumedbridge.eu\/\",\"name\":\"EU Medbridge\",\"description\":\"\",\"publisher\":{\"@id\":\"https:\/\/www.eumedbridge.eu\/#organization\"},\"potentialAction\":[{\"@type\":\"SearchAction\",\"target\":{\"@type\":\"EntryPoint\",\"urlTemplate\":\"https:\/\/www.eumedbridge.eu\/?s={search_term_string}\"},\"query-input\":{\"@type\":\"PropertyValueSpecification\",\"valueRequired\":true,\"valueName\":\"search_term_string\"}}],\"inLanguage\":\"fr-FR\"},{\"@type\":\"Organization\",\"@id\":\"https:\/\/www.eumedbridge.eu\/#organization\",\"name\":\"EU Medbridge\",\"url\":\"https:\/\/www.eumedbridge.eu\/\",\"logo\":{\"@type\":\"ImageObject\",\"inLanguage\":\"fr-FR\",\"@id\":\"https:\/\/www.eumedbridge.eu\/#\/schema\/logo\/image\/\",\"url\":\"https:\/\/www.eumedbridge.eu\/wp-content\/uploads\/2021\/12\/Logo.png\",\"contentUrl\":\"https:\/\/www.eumedbridge.eu\/wp-content\/uploads\/2021\/12\/Logo.png\",\"width\":325,\"height\":114,\"caption\":\"EU Medbridge\"},\"image\":{\"@id\":\"https:\/\/www.eumedbridge.eu\/#\/schema\/logo\/image\/\"},\"sameAs\":[\"https:\/\/www.facebook.com\/eumedbridge\/\",\"https:\/\/x.com\/eumedbridge\",\"https:\/\/www.linkedin.com\/company\/eumedbridge\",\"https:\/\/www.youtube.com\/@eumedbridge\",\"https:\/\/www.instagram.com\/eumedbridge\",\"https:\/\/www.flickr.com\/photos\/euneighbours-south\/\"]}]}<\/script>\n<!-- \/ Yoast SEO plugin. -->","yoast_head_json":{"title":"Croissance inclusive : un projet de coop\u00e9ration transfrontali\u00e8re en M\u00e9diterran\u00e9e obtient le label de l\u2019Union pour la M\u00e9diterran\u00e9e - Voisins de l'UE","robots":{"index":"index","follow":"follow","max-snippet":"max-snippet:-1","max-image-preview":"max-image-preview:large","max-video-preview":"max-video-preview:-1"},"canonical":"https:\/\/www.eumedbridge.eu\/fr\/news\/croissance-inclusive-un-projet-de-cooperation-transfrontaliere-en\/","og_locale":"fr_FR","og_type":"article","og_title":"Croissance inclusive : un projet de coop\u00e9ration transfrontali\u00e8re en M\u00e9diterran\u00e9e obtient le label de l\u2019Union pour la M\u00e9diterran\u00e9e - Voisins de l'UE","og_description":"\u00a0La seconde phase du projet EDILE (Pour des investissements au service du d\u00e9veloppement \u00e9conomique local), initialement financ\u00e9 par l\u2019UE et mis en \u0153uvre dans le cadre du programme de coop\u00e9ration transfrontali\u00e8re en M\u00e9diterran\u00e9e,\u00a0a \u00e9t\u00e9 r\u00e9cemment labellis\u00e9e par les hauts fonctionnaires des 43 Etats membres de l\u2019Union pour la M\u00e9diterran\u00e9e (UpM) lors de leur r\u00e9union qui [&hellip;]","og_url":"https:\/\/www.eumedbridge.eu\/fr\/news\/croissance-inclusive-un-projet-de-cooperation-transfrontaliere-en\/","og_site_name":"Voisins de l'UE","article_publisher":"https:\/\/www.facebook.com\/eumedbridge\/","article_modified_time":"2022-07-08T13:57:53+00:00","og_image":[{"width":500,"height":226,"url":"https:\/\/www.eumedbridge.eu\/wp-content\/uploads\/2022\/03\/EDILE.jpg","type":"image\/jpeg"}],"twitter_card":"summary_large_image","twitter_site":"@eumedbridge","twitter_misc":{"Dur\u00e9e de lecture estim\u00e9e":"2 minutes"},"schema":{"@context":"https:\/\/schema.org","@graph":[{"@type":"WebPage","@id":"https:\/\/www.eumedbridge.eu\/fr\/news\/croissance-inclusive-un-projet-de-cooperation-transfrontaliere-en\/","url":"https:\/\/www.eumedbridge.eu\/fr\/news\/croissance-inclusive-un-projet-de-cooperation-transfrontaliere-en\/","name":"Croissance inclusive : un projet de coop\u00e9ration transfrontali\u00e8re en M\u00e9diterran\u00e9e obtient le label de l\u2019Union pour la M\u00e9diterran\u00e9e - Voisins de l'UE","isPartOf":{"@id":"https:\/\/www.eumedbridge.eu\/#website"},"datePublished":"2015-12-13T22:00:00+00:00","dateModified":"2022-07-08T13:57:53+00:00","breadcrumb":{"@id":"https:\/\/www.eumedbridge.eu\/fr\/news\/croissance-inclusive-un-projet-de-cooperation-transfrontaliere-en\/#breadcrumb"},"inLanguage":"fr-FR","potentialAction":[{"@type":"ReadAction","target":["https:\/\/www.eumedbridge.eu\/fr\/news\/croissance-inclusive-un-projet-de-cooperation-transfrontaliere-en\/"]}]},{"@type":"BreadcrumbList","@id":"https:\/\/www.eumedbridge.eu\/fr\/news\/croissance-inclusive-un-projet-de-cooperation-transfrontaliere-en\/#breadcrumb","itemListElement":[{"@type":"ListItem","position":1,"name":"Home","item":"https:\/\/www.eumedbridge.eu\/fr\/home-page\/"},{"@type":"ListItem","position":2,"name":"Actualit\u00e9s","item":"https:\/\/www.eumedbridge.eu\/fr\/news\/"},{"@type":"ListItem","position":3,"name":"Croissance inclusive : un projet de coop\u00e9ration transfrontali\u00e8re en M\u00e9diterran\u00e9e obtient le label de l\u2019Union pour la M\u00e9diterran\u00e9e"}]},{"@type":"WebSite","@id":"https:\/\/www.eumedbridge.eu\/#website","url":"https:\/\/www.eumedbridge.eu\/","name":"EU Medbridge","description":"","publisher":{"@id":"https:\/\/www.eumedbridge.eu\/#organization"},"potentialAction":[{"@type":"SearchAction","target":{"@type":"EntryPoint","urlTemplate":"https:\/\/www.eumedbridge.eu\/?s={search_term_string}"},"query-input":{"@type":"PropertyValueSpecification","valueRequired":true,"valueName":"search_term_string"}}],"inLanguage":"fr-FR"},{"@type":"Organization","@id":"https:\/\/www.eumedbridge.eu\/#organization","name":"EU Medbridge","url":"https:\/\/www.eumedbridge.eu\/","logo":{"@type":"ImageObject","inLanguage":"fr-FR","@id":"https:\/\/www.eumedbridge.eu\/#\/schema\/logo\/image\/","url":"https:\/\/www.eumedbridge.eu\/wp-content\/uploads\/2021\/12\/Logo.png","contentUrl":"https:\/\/www.eumedbridge.eu\/wp-content\/uploads\/2021\/12\/Logo.png","width":325,"height":114,"caption":"EU Medbridge"},"image":{"@id":"https:\/\/www.eumedbridge.eu\/#\/schema\/logo\/image\/"},"sameAs":["https:\/\/www.facebook.com\/eumedbridge\/","https:\/\/x.com\/eumedbridge","https:\/\/www.linkedin.com\/company\/eumedbridge","https:\/\/www.youtube.com\/@eumedbridge","https:\/\/www.instagram.com\/eumedbridge","https:\/\/www.flickr.com\/photos\/euneighbours-south\/"]}]}},"_links":{"self":[{"href":"https:\/\/www.eumedbridge.eu\/fr\/wp-json\/wp\/v2\/news\/164336","targetHints":{"allow":["GET"]}}],"collection":[{"href":"https:\/\/www.eumedbridge.eu\/fr\/wp-json\/wp\/v2\/news"}],"about":[{"href":"https:\/\/www.eumedbridge.eu\/fr\/wp-json\/wp\/v2\/types\/news"}],"wp:attachment":[{"href":"https:\/\/www.eumedbridge.eu\/fr\/wp-json\/wp\/v2\/media?parent=164336"}],"wp:term":[{"taxonomy":"news_category","embeddable":true,"href":"https:\/\/www.eumedbridge.eu\/fr\/wp-json\/wp\/v2\/news_category?post=164336"},{"taxonomy":"country","embeddable":true,"href":"https:\/\/www.eumedbridge.eu\/fr\/wp-json\/wp\/v2\/country?post=164336"},{"taxonomy":"special_action","embeddable":true,"href":"https:\/\/www.eumedbridge.eu\/fr\/wp-json\/wp\/v2\/special_action?post=164336"},{"taxonomy":"custom_tag","embeddable":true,"href":"https:\/\/www.eumedbridge.eu\/fr\/wp-json\/wp\/v2\/custom_tag?post=164336"}],"curies":[{"name":"wp","href":"https:\/\/api.w.org\/{rel}","templated":true}]}}