{"id":164355,"date":"2015-12-03T00:00:00","date_gmt":"2015-12-02T22:00:00","guid":{"rendered":"http:\/\/south.euneighbours.eu\/news\/lupm-souligne-limportance-de-la-participation-de-la-societe-civile-et-des-acteurs-economiques-et-sociaux-facteur-essentiel-pour-le-renforcement-de-la-cooperation-dans-la-region-euro-mediter\/"},"modified":"2022-07-08T16:58:41","modified_gmt":"2022-07-08T13:58:41","slug":"lupm-souligne-limportance-de-la-participation-de-la-societe-civile-et-des","status":"publish","type":"news","link":"https:\/\/www.eumedbridge.eu\/fr\/news\/lupm-souligne-limportance-de-la-participation-de-la-societe-civile-et-des\/","title":{"rendered":"L\u2019UpM souligne l&rsquo;importance de la participation de la soci\u00e9t\u00e9 civile et des acteurs \u00e9conomiques et sociaux, facteur essentiel pour le renforcement de la coop\u00e9ration dans la r\u00e9gion euro-m\u00e9diterran\u00e9enne"},"content":{"rendered":"<p>\u00a0Lors du sommet euro-m\u00e9diterran\u00e9en des Conseils \u00e9conomiques et sociaux et institutions similaires 2015, organis\u00e9 cette semaine \u00e0 Bruxelles, la Secr\u00e9taire g\u00e9n\u00e9ral adjointe de l\u2019UpM, Delphine Borione, a exprim\u00e9 l&rsquo;engagement de l&rsquo;Union pour la M\u00e9diterran\u00e9e en faveur d\u2019une coop\u00e9ration plus \u00e9troite avec le Comit\u00e9 \u00e9conomique et social europ\u00e9en (CESE).<\/p>\n<div style=\"margin-bottom: 0.0001pt;\">\u00a0<\/div>\n<div style=\"margin-bottom: 0.0001pt;\">Les discussions ont port\u00e9 sur la situation dans la r\u00e9gion, 20 ans apr\u00e8s le processus de Barcelone, la <a href=\"http:\/\/ufmsecretariat.org\/enhanced-regional-cooperation-a-strategic-objective-in-the-new-european-neighbourhood-policy\/\">nouvelle politique europ\u00e9enne de voisinage<\/a>, le r\u00f4le des partenaires sociaux dans la consolidation de la d\u00e9mocratie politique, et la migration. Tous les participants ont soulign\u00e9 la n\u00e9cessit\u00e9 de coop\u00e9rer avec tous les acteurs euro-m\u00e9diterran\u00e9ens pour relever les grands d\u00e9fis auxquels est confront\u00e9e la r\u00e9gion.<\/div>\n<div style=\"margin-bottom: 0.0001pt;\">\u00a0<\/div>\n<div style=\"margin-bottom: 0.0001pt;\">Le CESE et l&rsquo;UpM <a href=\"http:\/\/ufmsecretariat.org\/the-ufm-secretariat-and-the-european-economic-and-social-committee-sign-agreement-to-advance-regional-cooperation-in-the-mediterranean\/\">ont sign\u00e9 un protocole d&rsquo;accord<\/a> en janvier 2015 pour une r\u00e9flexion mutuelle et un travail conjoint dans des domaines d&rsquo;int\u00e9r\u00eat commun, notamment la cr\u00e9ation d&#8217;emplois, l&rsquo;autonomisation socio-\u00e9conomique des femmes, l&rsquo;entreprenariat, l&rsquo;\u00e9conomie sociale, la s\u00e9curit\u00e9 alimentaire et le changement climatique, domaines dans lesquels l\u2019UpM d\u00e9veloppe un nombre important de projets de coop\u00e9ration, en particulier dans les r\u00e9gions de l&rsquo;est et du sud de la M\u00e9diterran\u00e9e. (<a href=\"http:\/\/www.enpi-info.eu\/\"><span style=\"Arial\",\"sans-serif\";Times New Roman\";color:#AD966A;\">EU Neighbourhood Info<\/span><\/a>)<\/div>\n<div style=\"margin-bottom: 0.0001pt;\">\u00a0<\/div>\n<div style=\"margin-bottom: 0.0001pt;\"><b>En savoir plus<\/b><\/div>\n<div style=\"margin-bottom: 0.0001pt;\"><b>\u00a0<\/b><\/div>\n<div style=\"margin-bottom: 0.0001pt;\"><a href=\"http:\/\/ufmsecretariat.org\/ufm-highlights-the-involvement-of-civil-society-and-economic-and-social-actors-as-crucial-factor-to-strengthen-the-cooperation-in-the-euro-mediterranean-region\/\">Communiqu\u00e9 de presse<\/a><\/div>\n<div style=\"margin-bottom: 0.0001pt;\">\u00a0<\/div>\n<div style=\"margin-bottom: 0.0001pt;\">UpM \u2013\u00a0<a href=\"http:\/\/ufmsecretariat.org\/fr\/\"><span style=\"Arial\",\"sans-serif\";Times New Roman\";color:#AD966A;\">Site internet<\/span><\/a><\/div>\n<div style=\"margin-bottom: 0.0001pt;\">\u00a0<\/div>\n<div style=\"margin-bottom: 0.0001pt;\"><a href=\"http:\/\/www.enpi-info.eu\/join.php\"><span style=\"Arial\",\"sans-serif\";Times New Roman\";color:#AD966A;\">Pour recevoir nos actualit\u00e9s<\/span><\/a><\/div>\n<div style=\"margin-bottom: 0.0001pt;\">\u00a0<\/div>\n<div style=\"margin-bottom: 0.0001pt;\">\u00a0<\/div>\n<div style=\"margin-bottom: 0.0001pt;\">\u00a0<\/div>\n","protected":false},"featured_media":0,"parent":0,"template":"","news_category":[],"country":[],"special_action":[],"custom_tag":[1874,2312,1897,1870],"class_list":["post-164355","news","type-news","status-publish","hentry","custom_tag-culture-fr","custom_tag-developpement-durable","custom_tag-medias","custom_tag-societe-civile"],"acf":[],"yoast_head":"<!-- This site is optimized with the Yoast SEO plugin v26.5 - https:\/\/yoast.com\/wordpress\/plugins\/seo\/ -->\n<title>L\u2019UpM souligne l&#039;importance de la participation de la soci\u00e9t\u00e9 civile et des acteurs \u00e9conomiques et sociaux, facteur essentiel pour le renforcement de la coop\u00e9ration dans la r\u00e9gion euro-m\u00e9diterran\u00e9enne - Voisins de l&#039;UE<\/title>\n<meta name=\"robots\" content=\"index, follow, max-snippet:-1, max-image-preview:large, max-video-preview:-1\" \/>\n<link rel=\"canonical\" href=\"https:\/\/www.eumedbridge.eu\/fr\/news\/lupm-souligne-limportance-de-la-participation-de-la-societe-civile-et-des\/\" \/>\n<meta property=\"og:locale\" content=\"fr_FR\" \/>\n<meta property=\"og:type\" content=\"article\" \/>\n<meta property=\"og:title\" content=\"L\u2019UpM souligne l&#039;importance de la participation de la soci\u00e9t\u00e9 civile et des acteurs \u00e9conomiques et sociaux, facteur essentiel pour le renforcement de la coop\u00e9ration dans la r\u00e9gion euro-m\u00e9diterran\u00e9enne - Voisins de l&#039;UE\" \/>\n<meta property=\"og:description\" content=\"\u00a0Lors du sommet euro-m\u00e9diterran\u00e9en des Conseils \u00e9conomiques et sociaux et institutions similaires 2015, organis\u00e9 cette semaine \u00e0 Bruxelles, la Secr\u00e9taire g\u00e9n\u00e9ral adjointe de l\u2019UpM, Delphine Borione, a exprim\u00e9 l&rsquo;engagement de l&rsquo;Union pour la M\u00e9diterran\u00e9e en faveur d\u2019une coop\u00e9ration plus \u00e9troite avec le Comit\u00e9 \u00e9conomique et social europ\u00e9en (CESE). \u00a0 Les discussions ont port\u00e9 sur la [&hellip;]\" \/>\n<meta property=\"og:url\" content=\"https:\/\/www.eumedbridge.eu\/fr\/news\/lupm-souligne-limportance-de-la-participation-de-la-societe-civile-et-des\/\" \/>\n<meta property=\"og:site_name\" content=\"Voisins de l&#039;UE\" \/>\n<meta property=\"article:publisher\" content=\"https:\/\/www.facebook.com\/eumedbridge\/\" \/>\n<meta property=\"article:modified_time\" content=\"2022-07-08T13:58:41+00:00\" \/>\n<meta property=\"og:image\" content=\"https:\/\/www.eumedbridge.eu\/wp-content\/uploads\/2022\/03\/UfM-EESC.jpg\" \/>\n\t<meta property=\"og:image:width\" content=\"500\" \/>\n\t<meta property=\"og:image:height\" content=\"254\" \/>\n\t<meta property=\"og:image:type\" content=\"image\/jpeg\" \/>\n<meta name=\"twitter:card\" content=\"summary_large_image\" \/>\n<meta name=\"twitter:site\" content=\"@eumedbridge\" \/>\n<meta name=\"twitter:label1\" content=\"Dur\u00e9e de lecture estim\u00e9e\" \/>\n\t<meta name=\"twitter:data1\" content=\"1 minute\" \/>\n<script type=\"application\/ld+json\" class=\"yoast-schema-graph\">{\"@context\":\"https:\/\/schema.org\",\"@graph\":[{\"@type\":\"WebPage\",\"@id\":\"https:\/\/www.eumedbridge.eu\/fr\/news\/lupm-souligne-limportance-de-la-participation-de-la-societe-civile-et-des\/\",\"url\":\"https:\/\/www.eumedbridge.eu\/fr\/news\/lupm-souligne-limportance-de-la-participation-de-la-societe-civile-et-des\/\",\"name\":\"L\u2019UpM souligne l'importance de la participation de la soci\u00e9t\u00e9 civile et des acteurs \u00e9conomiques et sociaux, facteur essentiel pour le renforcement de la coop\u00e9ration dans la r\u00e9gion euro-m\u00e9diterran\u00e9enne - Voisins de l'UE\",\"isPartOf\":{\"@id\":\"https:\/\/www.eumedbridge.eu\/#website\"},\"datePublished\":\"2015-12-02T22:00:00+00:00\",\"dateModified\":\"2022-07-08T13:58:41+00:00\",\"breadcrumb\":{\"@id\":\"https:\/\/www.eumedbridge.eu\/fr\/news\/lupm-souligne-limportance-de-la-participation-de-la-societe-civile-et-des\/#breadcrumb\"},\"inLanguage\":\"fr-FR\",\"potentialAction\":[{\"@type\":\"ReadAction\",\"target\":[\"https:\/\/www.eumedbridge.eu\/fr\/news\/lupm-souligne-limportance-de-la-participation-de-la-societe-civile-et-des\/\"]}]},{\"@type\":\"BreadcrumbList\",\"@id\":\"https:\/\/www.eumedbridge.eu\/fr\/news\/lupm-souligne-limportance-de-la-participation-de-la-societe-civile-et-des\/#breadcrumb\",\"itemListElement\":[{\"@type\":\"ListItem\",\"position\":1,\"name\":\"Home\",\"item\":\"https:\/\/www.eumedbridge.eu\/fr\/home-page\/\"},{\"@type\":\"ListItem\",\"position\":2,\"name\":\"Actualit\u00e9s\",\"item\":\"https:\/\/www.eumedbridge.eu\/fr\/news\/\"},{\"@type\":\"ListItem\",\"position\":3,\"name\":\"L\u2019UpM souligne l&rsquo;importance de la participation de la soci\u00e9t\u00e9 civile et des acteurs \u00e9conomiques et sociaux, facteur essentiel pour le renforcement de la coop\u00e9ration dans la r\u00e9gion euro-m\u00e9diterran\u00e9enne\"}]},{\"@type\":\"WebSite\",\"@id\":\"https:\/\/www.eumedbridge.eu\/#website\",\"url\":\"https:\/\/www.eumedbridge.eu\/\",\"name\":\"EU Medbridge\",\"description\":\"\",\"publisher\":{\"@id\":\"https:\/\/www.eumedbridge.eu\/#organization\"},\"potentialAction\":[{\"@type\":\"SearchAction\",\"target\":{\"@type\":\"EntryPoint\",\"urlTemplate\":\"https:\/\/www.eumedbridge.eu\/?s={search_term_string}\"},\"query-input\":{\"@type\":\"PropertyValueSpecification\",\"valueRequired\":true,\"valueName\":\"search_term_string\"}}],\"inLanguage\":\"fr-FR\"},{\"@type\":\"Organization\",\"@id\":\"https:\/\/www.eumedbridge.eu\/#organization\",\"name\":\"EU Medbridge\",\"url\":\"https:\/\/www.eumedbridge.eu\/\",\"logo\":{\"@type\":\"ImageObject\",\"inLanguage\":\"fr-FR\",\"@id\":\"https:\/\/www.eumedbridge.eu\/#\/schema\/logo\/image\/\",\"url\":\"https:\/\/www.eumedbridge.eu\/wp-content\/uploads\/2021\/12\/Logo.png\",\"contentUrl\":\"https:\/\/www.eumedbridge.eu\/wp-content\/uploads\/2021\/12\/Logo.png\",\"width\":325,\"height\":114,\"caption\":\"EU Medbridge\"},\"image\":{\"@id\":\"https:\/\/www.eumedbridge.eu\/#\/schema\/logo\/image\/\"},\"sameAs\":[\"https:\/\/www.facebook.com\/eumedbridge\/\",\"https:\/\/x.com\/eumedbridge\",\"https:\/\/www.linkedin.com\/company\/eumedbridge\",\"https:\/\/www.youtube.com\/@eumedbridge\",\"https:\/\/www.instagram.com\/eumedbridge\",\"https:\/\/www.flickr.com\/photos\/euneighbours-south\/\"]}]}<\/script>\n<!-- \/ Yoast SEO plugin. -->","yoast_head_json":{"title":"L\u2019UpM souligne l'importance de la participation de la soci\u00e9t\u00e9 civile et des acteurs \u00e9conomiques et sociaux, facteur essentiel pour le renforcement de la coop\u00e9ration dans la r\u00e9gion euro-m\u00e9diterran\u00e9enne - Voisins de l'UE","robots":{"index":"index","follow":"follow","max-snippet":"max-snippet:-1","max-image-preview":"max-image-preview:large","max-video-preview":"max-video-preview:-1"},"canonical":"https:\/\/www.eumedbridge.eu\/fr\/news\/lupm-souligne-limportance-de-la-participation-de-la-societe-civile-et-des\/","og_locale":"fr_FR","og_type":"article","og_title":"L\u2019UpM souligne l'importance de la participation de la soci\u00e9t\u00e9 civile et des acteurs \u00e9conomiques et sociaux, facteur essentiel pour le renforcement de la coop\u00e9ration dans la r\u00e9gion euro-m\u00e9diterran\u00e9enne - Voisins de l'UE","og_description":"\u00a0Lors du sommet euro-m\u00e9diterran\u00e9en des Conseils \u00e9conomiques et sociaux et institutions similaires 2015, organis\u00e9 cette semaine \u00e0 Bruxelles, la Secr\u00e9taire g\u00e9n\u00e9ral adjointe de l\u2019UpM, Delphine Borione, a exprim\u00e9 l&rsquo;engagement de l&rsquo;Union pour la M\u00e9diterran\u00e9e en faveur d\u2019une coop\u00e9ration plus \u00e9troite avec le Comit\u00e9 \u00e9conomique et social europ\u00e9en (CESE). \u00a0 Les discussions ont port\u00e9 sur la [&hellip;]","og_url":"https:\/\/www.eumedbridge.eu\/fr\/news\/lupm-souligne-limportance-de-la-participation-de-la-societe-civile-et-des\/","og_site_name":"Voisins de l'UE","article_publisher":"https:\/\/www.facebook.com\/eumedbridge\/","article_modified_time":"2022-07-08T13:58:41+00:00","og_image":[{"width":500,"height":254,"url":"https:\/\/www.eumedbridge.eu\/wp-content\/uploads\/2022\/03\/UfM-EESC.jpg","type":"image\/jpeg"}],"twitter_card":"summary_large_image","twitter_site":"@eumedbridge","twitter_misc":{"Dur\u00e9e de lecture estim\u00e9e":"1 minute"},"schema":{"@context":"https:\/\/schema.org","@graph":[{"@type":"WebPage","@id":"https:\/\/www.eumedbridge.eu\/fr\/news\/lupm-souligne-limportance-de-la-participation-de-la-societe-civile-et-des\/","url":"https:\/\/www.eumedbridge.eu\/fr\/news\/lupm-souligne-limportance-de-la-participation-de-la-societe-civile-et-des\/","name":"L\u2019UpM souligne l'importance de la participation de la soci\u00e9t\u00e9 civile et des acteurs \u00e9conomiques et sociaux, facteur essentiel pour le renforcement de la coop\u00e9ration dans la r\u00e9gion euro-m\u00e9diterran\u00e9enne - Voisins de l'UE","isPartOf":{"@id":"https:\/\/www.eumedbridge.eu\/#website"},"datePublished":"2015-12-02T22:00:00+00:00","dateModified":"2022-07-08T13:58:41+00:00","breadcrumb":{"@id":"https:\/\/www.eumedbridge.eu\/fr\/news\/lupm-souligne-limportance-de-la-participation-de-la-societe-civile-et-des\/#breadcrumb"},"inLanguage":"fr-FR","potentialAction":[{"@type":"ReadAction","target":["https:\/\/www.eumedbridge.eu\/fr\/news\/lupm-souligne-limportance-de-la-participation-de-la-societe-civile-et-des\/"]}]},{"@type":"BreadcrumbList","@id":"https:\/\/www.eumedbridge.eu\/fr\/news\/lupm-souligne-limportance-de-la-participation-de-la-societe-civile-et-des\/#breadcrumb","itemListElement":[{"@type":"ListItem","position":1,"name":"Home","item":"https:\/\/www.eumedbridge.eu\/fr\/home-page\/"},{"@type":"ListItem","position":2,"name":"Actualit\u00e9s","item":"https:\/\/www.eumedbridge.eu\/fr\/news\/"},{"@type":"ListItem","position":3,"name":"L\u2019UpM souligne l&rsquo;importance de la participation de la soci\u00e9t\u00e9 civile et des acteurs \u00e9conomiques et sociaux, facteur essentiel pour le renforcement de la coop\u00e9ration dans la r\u00e9gion euro-m\u00e9diterran\u00e9enne"}]},{"@type":"WebSite","@id":"https:\/\/www.eumedbridge.eu\/#website","url":"https:\/\/www.eumedbridge.eu\/","name":"EU Medbridge","description":"","publisher":{"@id":"https:\/\/www.eumedbridge.eu\/#organization"},"potentialAction":[{"@type":"SearchAction","target":{"@type":"EntryPoint","urlTemplate":"https:\/\/www.eumedbridge.eu\/?s={search_term_string}"},"query-input":{"@type":"PropertyValueSpecification","valueRequired":true,"valueName":"search_term_string"}}],"inLanguage":"fr-FR"},{"@type":"Organization","@id":"https:\/\/www.eumedbridge.eu\/#organization","name":"EU Medbridge","url":"https:\/\/www.eumedbridge.eu\/","logo":{"@type":"ImageObject","inLanguage":"fr-FR","@id":"https:\/\/www.eumedbridge.eu\/#\/schema\/logo\/image\/","url":"https:\/\/www.eumedbridge.eu\/wp-content\/uploads\/2021\/12\/Logo.png","contentUrl":"https:\/\/www.eumedbridge.eu\/wp-content\/uploads\/2021\/12\/Logo.png","width":325,"height":114,"caption":"EU Medbridge"},"image":{"@id":"https:\/\/www.eumedbridge.eu\/#\/schema\/logo\/image\/"},"sameAs":["https:\/\/www.facebook.com\/eumedbridge\/","https:\/\/x.com\/eumedbridge","https:\/\/www.linkedin.com\/company\/eumedbridge","https:\/\/www.youtube.com\/@eumedbridge","https:\/\/www.instagram.com\/eumedbridge","https:\/\/www.flickr.com\/photos\/euneighbours-south\/"]}]}},"_links":{"self":[{"href":"https:\/\/www.eumedbridge.eu\/fr\/wp-json\/wp\/v2\/news\/164355","targetHints":{"allow":["GET"]}}],"collection":[{"href":"https:\/\/www.eumedbridge.eu\/fr\/wp-json\/wp\/v2\/news"}],"about":[{"href":"https:\/\/www.eumedbridge.eu\/fr\/wp-json\/wp\/v2\/types\/news"}],"wp:attachment":[{"href":"https:\/\/www.eumedbridge.eu\/fr\/wp-json\/wp\/v2\/media?parent=164355"}],"wp:term":[{"taxonomy":"news_category","embeddable":true,"href":"https:\/\/www.eumedbridge.eu\/fr\/wp-json\/wp\/v2\/news_category?post=164355"},{"taxonomy":"country","embeddable":true,"href":"https:\/\/www.eumedbridge.eu\/fr\/wp-json\/wp\/v2\/country?post=164355"},{"taxonomy":"special_action","embeddable":true,"href":"https:\/\/www.eumedbridge.eu\/fr\/wp-json\/wp\/v2\/special_action?post=164355"},{"taxonomy":"custom_tag","embeddable":true,"href":"https:\/\/www.eumedbridge.eu\/fr\/wp-json\/wp\/v2\/custom_tag?post=164355"}],"curies":[{"name":"wp","href":"https:\/\/api.w.org\/{rel}","templated":true}]}}