{"id":164392,"date":"2015-11-19T00:00:00","date_gmt":"2015-11-18T22:00:00","guid":{"rendered":"http:\/\/south.euneighbours.eu\/news\/la-fondation-anna-lindh-lance-un-appel-pour-une-prestation-de-service-pour-une-enquete-de-sondage-dopinion-en-mediterranee\/"},"modified":"2022-07-08T17:00:05","modified_gmt":"2022-07-08T14:00:05","slug":"la-fondation-anna-lindh-lance-un-appel-pour-une-prestation-de-service-pour","status":"publish","type":"news","link":"https:\/\/www.eumedbridge.eu\/fr\/news\/la-fondation-anna-lindh-lance-un-appel-pour-une-prestation-de-service-pour\/","title":{"rendered":"La Fondation Anna Lindh lance un appel pour une prestation de service pour une enqu\u00eate de sondage d&rsquo;opinion en M\u00e9diterran\u00e9e"},"content":{"rendered":"<p>\u00a0La Fondation Anna Lindh a lanc\u00e9 un appel pour une prestation de service consistant en la livraison d&rsquo;une enqu\u00eate de sondage d&rsquo;opinion adress\u00e9e aux citoyens des pays de l&rsquo;Union pour la M\u00e9diterran\u00e9e et une analyse de donn\u00e9es associ\u00e9e, dans le cadre de la troisi\u00e8me \u00e9dition du Rapport Anna Lindh sur les tendances interculturelles et changement social dans la r\u00e9gion euro-m\u00e9diterran\u00e9enne.<\/p>\n<div style=\"margin-bottom: 0.0001pt;\">\u00a0<\/div>\n<div style=\"margin-bottom: 0.0001pt;\">Le sondage sera d\u00e9velopp\u00e9 autour d&rsquo;un indicateur compos\u00e9 de variables li\u00e9es aux perceptions interculturelles, connaissances, valeurs et des comportements parmi les personnes des deux cot\u00e9s de la M\u00e9diterran\u00e9e et le changement social dans les soci\u00e9t\u00e9s de la r\u00e9gion.<\/div>\n<div style=\"margin-bottom: 0.0001pt;\">\u00a0<\/div>\n<div style=\"margin-bottom: 0.0001pt;\">Elle sera r\u00e9alis\u00e9e en 2016 sur un \u00e9chantillon repr\u00e9sentatif de 13 pays euro-m\u00e9diterran\u00e9ens et fera suite aux premier et deuxi\u00e8me sondages d&rsquo;opinion r\u00e9gionaux command\u00e9s par la Fondation Anna Lindh en 2009 et 2012.<\/div>\n<div style=\"margin-bottom: 0.0001pt;\">\u00a0<\/div>\n<div style=\"margin-bottom: 0.0001pt;\">Le montant allou\u00e9 \u00e0 ce contrat est de 400.000 euros. La date limite de r\u00e9ception des candidatures est fix\u00e9e au 20 D\u00e9cembre 2015 (16h00 heure \u00e9gyptienne).<\/div>\n<div style=\"margin-bottom: 0.0001pt;\">\u00a0<\/div>\n<div style=\"margin-bottom: 0.0001pt;\">La\u00a0<b>Fondation Anna Lindh pour le dialogue interculturel<\/b>\u00a0favorise la connaissance, le respect mutuel et le dialogue interculturel entre les populations de la r\u00e9gion euro-m\u00e9diterran\u00e9enne, au travers d&rsquo;un r\u00e9seau de plus de 3.000 organisations de la soci\u00e9t\u00e9 civile dans 43 pays. Son budget est co-financ\u00e9 par l&rsquo;UE (10 millions d\u2019euros) et les \u00c9tats membres de l&rsquo;UE (6 millions d\u2019euros) (<a href=\"http:\/\/www.enpi-info.eu\/indexmed.php?lang_id=469\"><span style=\"Arial\",\"sans-serif\";Times New Roman\";color:#AD966A;\">EU Neighbourhood Info<\/span><\/a>)<\/div>\n<div style=\"margin-bottom: 0.0001pt;\"><b>\u00a0<\/b><\/div>\n<div style=\"margin-bottom: 0.0001pt;\"><b>Pour en savoir plus<\/b><\/div>\n<div style=\"margin-bottom: 0.0001pt;\">\u00a0<\/div>\n<div style=\"margin-bottom: 0.0001pt;\"><a href=\"http:\/\/www.annalindhfoundation.org\/sites\/annalindh.org\/files\/documents\/page\/final_contract_notice_opinion_poll_2016.pdf\">Avis de march\u00e9<\/a><\/div>\n<div style=\"margin-bottom: 0.0001pt;\">\u00a0<\/div>\n<div style=\"margin-bottom: 0.0001pt;\">Young Arab Voices\u00a0<a href=\"http:\/\/www.youngarabvoices.org\/\"><span style=\"Arial\",\"sans-serif\";Times New Roman\";color:#AD966A;\">page internet<\/span><\/a>\u00a0<\/div>\n<div style=\"margin-bottom: 0.0001pt;\">\u00a0<\/div>\n<div style=\"margin-bottom: 0.0001pt;\">Fondation Anna Lindh \u2013\u00a0<a href=\"http:\/\/www.enpi-info.eu\/mainmed.php?id=387&#038;id_type=10\"><span style=\"Arial\",\"sans-serif\";Times New Roman\";color:#AD966A;\">fiche et actualit\u00e9s<\/span><\/a><\/div>\n<div style=\"margin-bottom: 0.0001pt;\">\u00a0<\/div>\n<div style=\"margin-bottom: 0.0001pt;\">Fondation Anna Lindh \u2013\u00a0<a href=\"http:\/\/www.annalindhfoundation.org\/fr\"><span style=\"Arial\",\"sans-serif\";Times New Roman\";color:#AD966A;\">site internet<\/span><\/a><\/div>\n<div style=\"margin-bottom: 0.0001pt;\">\u00a0<\/div>\n<div style=\"margin-bottom: 0.0001pt;\">Fondation Anna Lindh sur\u00a0<a href=\"https:\/\/twitter.com\/AnnaLindh\"><span style=\"Arial\",\"sans-serif\";Times New Roman\";color:#AD966A;\">Twitter<\/span><\/a>,\u00a0<a href=\"https:\/\/www.facebook.com\/annalindhfoundation?fref=ts\"><span style=\"Arial\",\"sans-serif\";Times New Roman\";color:#AD966A;\">Facebook<\/span><\/a>,\u00a0<a href=\"http:\/\/www.youtube.com\/user\/dialoguenight\"><span style=\"Arial\",\"sans-serif\";Times New Roman\";color:#AD966A;\">YouTube<\/span><\/a>\u00a0,<a href=\"http:\/\/www.flickr.com\/photos\/annalindh\"><span style=\"Arial\",\"sans-serif\";Times New Roman\";color:#AD966A;\">Flickr\u00a0<\/span><\/a><\/div>\n<div style=\"margin-bottom: 0.0001pt;\">\u00a0<\/div>\n<div style=\"margin-bottom: 0.0001pt;\"><a href=\"http:\/\/www.enpi-info.eu\/join.php\"><span style=\"Arial\",\"sans-serif\";Times New Roman\";color:#AD966A;\">Pour recevoir nos actualit\u00e9s<\/span><\/a><\/div>\n<div style=\"margin-bottom: 0.0001pt;\">\u00a0<\/div>\n<div style=\"margin-bottom: 0.0001pt;\">\u00a0<\/div>\n","protected":false},"featured_media":0,"parent":0,"template":"","news_category":[],"country":[],"special_action":[],"custom_tag":[],"class_list":["post-164392","news","type-news","status-publish","hentry"],"acf":[],"yoast_head":"<!-- This site is optimized with the Yoast SEO plugin v26.5 - https:\/\/yoast.com\/wordpress\/plugins\/seo\/ -->\n<title>La Fondation Anna Lindh lance un appel pour une prestation de service pour une enqu\u00eate de sondage d&#039;opinion en M\u00e9diterran\u00e9e - Voisins de l&#039;UE<\/title>\n<meta name=\"robots\" content=\"index, follow, max-snippet:-1, max-image-preview:large, max-video-preview:-1\" \/>\n<link rel=\"canonical\" href=\"https:\/\/www.eumedbridge.eu\/fr\/news\/la-fondation-anna-lindh-lance-un-appel-pour-une-prestation-de-service-pour\/\" \/>\n<meta property=\"og:locale\" content=\"fr_FR\" \/>\n<meta property=\"og:type\" content=\"article\" \/>\n<meta property=\"og:title\" content=\"La Fondation Anna Lindh lance un appel pour une prestation de service pour une enqu\u00eate de sondage d&#039;opinion en M\u00e9diterran\u00e9e - Voisins de l&#039;UE\" \/>\n<meta property=\"og:description\" content=\"\u00a0La Fondation Anna Lindh a lanc\u00e9 un appel pour une prestation de service consistant en la livraison d&rsquo;une enqu\u00eate de sondage d&rsquo;opinion adress\u00e9e aux citoyens des pays de l&rsquo;Union pour la M\u00e9diterran\u00e9e et une analyse de donn\u00e9es associ\u00e9e, dans le cadre de la troisi\u00e8me \u00e9dition du Rapport Anna Lindh sur les tendances interculturelles et changement [&hellip;]\" \/>\n<meta property=\"og:url\" content=\"https:\/\/www.eumedbridge.eu\/fr\/news\/la-fondation-anna-lindh-lance-un-appel-pour-une-prestation-de-service-pour\/\" \/>\n<meta property=\"og:site_name\" content=\"Voisins de l&#039;UE\" \/>\n<meta property=\"article:publisher\" content=\"https:\/\/www.facebook.com\/eumedbridge\/\" \/>\n<meta property=\"article:modified_time\" content=\"2022-07-08T14:00:05+00:00\" \/>\n<meta property=\"og:image\" content=\"https:\/\/www.eumedbridge.eu\/wp-content\/uploads\/2022\/03\/ALF.jpg\" \/>\n\t<meta property=\"og:image:width\" content=\"500\" \/>\n\t<meta property=\"og:image:height\" content=\"185\" \/>\n\t<meta property=\"og:image:type\" content=\"image\/jpeg\" \/>\n<meta name=\"twitter:card\" content=\"summary_large_image\" \/>\n<meta name=\"twitter:site\" content=\"@eumedbridge\" \/>\n<meta name=\"twitter:label1\" content=\"Dur\u00e9e de lecture estim\u00e9e\" \/>\n\t<meta name=\"twitter:data1\" content=\"1 minute\" \/>\n<script type=\"application\/ld+json\" class=\"yoast-schema-graph\">{\"@context\":\"https:\/\/schema.org\",\"@graph\":[{\"@type\":\"WebPage\",\"@id\":\"https:\/\/www.eumedbridge.eu\/fr\/news\/la-fondation-anna-lindh-lance-un-appel-pour-une-prestation-de-service-pour\/\",\"url\":\"https:\/\/www.eumedbridge.eu\/fr\/news\/la-fondation-anna-lindh-lance-un-appel-pour-une-prestation-de-service-pour\/\",\"name\":\"La Fondation Anna Lindh lance un appel pour une prestation de service pour une enqu\u00eate de sondage d'opinion en M\u00e9diterran\u00e9e - Voisins de l'UE\",\"isPartOf\":{\"@id\":\"https:\/\/www.eumedbridge.eu\/#website\"},\"datePublished\":\"2015-11-18T22:00:00+00:00\",\"dateModified\":\"2022-07-08T14:00:05+00:00\",\"breadcrumb\":{\"@id\":\"https:\/\/www.eumedbridge.eu\/fr\/news\/la-fondation-anna-lindh-lance-un-appel-pour-une-prestation-de-service-pour\/#breadcrumb\"},\"inLanguage\":\"fr-FR\",\"potentialAction\":[{\"@type\":\"ReadAction\",\"target\":[\"https:\/\/www.eumedbridge.eu\/fr\/news\/la-fondation-anna-lindh-lance-un-appel-pour-une-prestation-de-service-pour\/\"]}]},{\"@type\":\"BreadcrumbList\",\"@id\":\"https:\/\/www.eumedbridge.eu\/fr\/news\/la-fondation-anna-lindh-lance-un-appel-pour-une-prestation-de-service-pour\/#breadcrumb\",\"itemListElement\":[{\"@type\":\"ListItem\",\"position\":1,\"name\":\"Home\",\"item\":\"https:\/\/www.eumedbridge.eu\/fr\/home-page\/\"},{\"@type\":\"ListItem\",\"position\":2,\"name\":\"Actualit\u00e9s\",\"item\":\"https:\/\/www.eumedbridge.eu\/fr\/news\/\"},{\"@type\":\"ListItem\",\"position\":3,\"name\":\"La Fondation Anna Lindh lance un appel pour une prestation de service pour une enqu\u00eate de sondage d&rsquo;opinion en M\u00e9diterran\u00e9e\"}]},{\"@type\":\"WebSite\",\"@id\":\"https:\/\/www.eumedbridge.eu\/#website\",\"url\":\"https:\/\/www.eumedbridge.eu\/\",\"name\":\"EU Medbridge\",\"description\":\"\",\"publisher\":{\"@id\":\"https:\/\/www.eumedbridge.eu\/#organization\"},\"potentialAction\":[{\"@type\":\"SearchAction\",\"target\":{\"@type\":\"EntryPoint\",\"urlTemplate\":\"https:\/\/www.eumedbridge.eu\/?s={search_term_string}\"},\"query-input\":{\"@type\":\"PropertyValueSpecification\",\"valueRequired\":true,\"valueName\":\"search_term_string\"}}],\"inLanguage\":\"fr-FR\"},{\"@type\":\"Organization\",\"@id\":\"https:\/\/www.eumedbridge.eu\/#organization\",\"name\":\"EU Medbridge\",\"url\":\"https:\/\/www.eumedbridge.eu\/\",\"logo\":{\"@type\":\"ImageObject\",\"inLanguage\":\"fr-FR\",\"@id\":\"https:\/\/www.eumedbridge.eu\/#\/schema\/logo\/image\/\",\"url\":\"https:\/\/www.eumedbridge.eu\/wp-content\/uploads\/2021\/12\/Logo.png\",\"contentUrl\":\"https:\/\/www.eumedbridge.eu\/wp-content\/uploads\/2021\/12\/Logo.png\",\"width\":325,\"height\":114,\"caption\":\"EU Medbridge\"},\"image\":{\"@id\":\"https:\/\/www.eumedbridge.eu\/#\/schema\/logo\/image\/\"},\"sameAs\":[\"https:\/\/www.facebook.com\/eumedbridge\/\",\"https:\/\/x.com\/eumedbridge\",\"https:\/\/www.linkedin.com\/company\/eumedbridge\",\"https:\/\/www.youtube.com\/@eumedbridge\",\"https:\/\/www.instagram.com\/eumedbridge\",\"https:\/\/www.flickr.com\/photos\/euneighbours-south\/\"]}]}<\/script>\n<!-- \/ Yoast SEO plugin. -->","yoast_head_json":{"title":"La Fondation Anna Lindh lance un appel pour une prestation de service pour une enqu\u00eate de sondage d'opinion en M\u00e9diterran\u00e9e - Voisins de l'UE","robots":{"index":"index","follow":"follow","max-snippet":"max-snippet:-1","max-image-preview":"max-image-preview:large","max-video-preview":"max-video-preview:-1"},"canonical":"https:\/\/www.eumedbridge.eu\/fr\/news\/la-fondation-anna-lindh-lance-un-appel-pour-une-prestation-de-service-pour\/","og_locale":"fr_FR","og_type":"article","og_title":"La Fondation Anna Lindh lance un appel pour une prestation de service pour une enqu\u00eate de sondage d'opinion en M\u00e9diterran\u00e9e - Voisins de l'UE","og_description":"\u00a0La Fondation Anna Lindh a lanc\u00e9 un appel pour une prestation de service consistant en la livraison d&rsquo;une enqu\u00eate de sondage d&rsquo;opinion adress\u00e9e aux citoyens des pays de l&rsquo;Union pour la M\u00e9diterran\u00e9e et une analyse de donn\u00e9es associ\u00e9e, dans le cadre de la troisi\u00e8me \u00e9dition du Rapport Anna Lindh sur les tendances interculturelles et changement [&hellip;]","og_url":"https:\/\/www.eumedbridge.eu\/fr\/news\/la-fondation-anna-lindh-lance-un-appel-pour-une-prestation-de-service-pour\/","og_site_name":"Voisins de l'UE","article_publisher":"https:\/\/www.facebook.com\/eumedbridge\/","article_modified_time":"2022-07-08T14:00:05+00:00","og_image":[{"width":500,"height":185,"url":"https:\/\/www.eumedbridge.eu\/wp-content\/uploads\/2022\/03\/ALF.jpg","type":"image\/jpeg"}],"twitter_card":"summary_large_image","twitter_site":"@eumedbridge","twitter_misc":{"Dur\u00e9e de lecture estim\u00e9e":"1 minute"},"schema":{"@context":"https:\/\/schema.org","@graph":[{"@type":"WebPage","@id":"https:\/\/www.eumedbridge.eu\/fr\/news\/la-fondation-anna-lindh-lance-un-appel-pour-une-prestation-de-service-pour\/","url":"https:\/\/www.eumedbridge.eu\/fr\/news\/la-fondation-anna-lindh-lance-un-appel-pour-une-prestation-de-service-pour\/","name":"La Fondation Anna Lindh lance un appel pour une prestation de service pour une enqu\u00eate de sondage d'opinion en M\u00e9diterran\u00e9e - Voisins de l'UE","isPartOf":{"@id":"https:\/\/www.eumedbridge.eu\/#website"},"datePublished":"2015-11-18T22:00:00+00:00","dateModified":"2022-07-08T14:00:05+00:00","breadcrumb":{"@id":"https:\/\/www.eumedbridge.eu\/fr\/news\/la-fondation-anna-lindh-lance-un-appel-pour-une-prestation-de-service-pour\/#breadcrumb"},"inLanguage":"fr-FR","potentialAction":[{"@type":"ReadAction","target":["https:\/\/www.eumedbridge.eu\/fr\/news\/la-fondation-anna-lindh-lance-un-appel-pour-une-prestation-de-service-pour\/"]}]},{"@type":"BreadcrumbList","@id":"https:\/\/www.eumedbridge.eu\/fr\/news\/la-fondation-anna-lindh-lance-un-appel-pour-une-prestation-de-service-pour\/#breadcrumb","itemListElement":[{"@type":"ListItem","position":1,"name":"Home","item":"https:\/\/www.eumedbridge.eu\/fr\/home-page\/"},{"@type":"ListItem","position":2,"name":"Actualit\u00e9s","item":"https:\/\/www.eumedbridge.eu\/fr\/news\/"},{"@type":"ListItem","position":3,"name":"La Fondation Anna Lindh lance un appel pour une prestation de service pour une enqu\u00eate de sondage d&rsquo;opinion en M\u00e9diterran\u00e9e"}]},{"@type":"WebSite","@id":"https:\/\/www.eumedbridge.eu\/#website","url":"https:\/\/www.eumedbridge.eu\/","name":"EU Medbridge","description":"","publisher":{"@id":"https:\/\/www.eumedbridge.eu\/#organization"},"potentialAction":[{"@type":"SearchAction","target":{"@type":"EntryPoint","urlTemplate":"https:\/\/www.eumedbridge.eu\/?s={search_term_string}"},"query-input":{"@type":"PropertyValueSpecification","valueRequired":true,"valueName":"search_term_string"}}],"inLanguage":"fr-FR"},{"@type":"Organization","@id":"https:\/\/www.eumedbridge.eu\/#organization","name":"EU Medbridge","url":"https:\/\/www.eumedbridge.eu\/","logo":{"@type":"ImageObject","inLanguage":"fr-FR","@id":"https:\/\/www.eumedbridge.eu\/#\/schema\/logo\/image\/","url":"https:\/\/www.eumedbridge.eu\/wp-content\/uploads\/2021\/12\/Logo.png","contentUrl":"https:\/\/www.eumedbridge.eu\/wp-content\/uploads\/2021\/12\/Logo.png","width":325,"height":114,"caption":"EU Medbridge"},"image":{"@id":"https:\/\/www.eumedbridge.eu\/#\/schema\/logo\/image\/"},"sameAs":["https:\/\/www.facebook.com\/eumedbridge\/","https:\/\/x.com\/eumedbridge","https:\/\/www.linkedin.com\/company\/eumedbridge","https:\/\/www.youtube.com\/@eumedbridge","https:\/\/www.instagram.com\/eumedbridge","https:\/\/www.flickr.com\/photos\/euneighbours-south\/"]}]}},"_links":{"self":[{"href":"https:\/\/www.eumedbridge.eu\/fr\/wp-json\/wp\/v2\/news\/164392","targetHints":{"allow":["GET"]}}],"collection":[{"href":"https:\/\/www.eumedbridge.eu\/fr\/wp-json\/wp\/v2\/news"}],"about":[{"href":"https:\/\/www.eumedbridge.eu\/fr\/wp-json\/wp\/v2\/types\/news"}],"wp:attachment":[{"href":"https:\/\/www.eumedbridge.eu\/fr\/wp-json\/wp\/v2\/media?parent=164392"}],"wp:term":[{"taxonomy":"news_category","embeddable":true,"href":"https:\/\/www.eumedbridge.eu\/fr\/wp-json\/wp\/v2\/news_category?post=164392"},{"taxonomy":"country","embeddable":true,"href":"https:\/\/www.eumedbridge.eu\/fr\/wp-json\/wp\/v2\/country?post=164392"},{"taxonomy":"special_action","embeddable":true,"href":"https:\/\/www.eumedbridge.eu\/fr\/wp-json\/wp\/v2\/special_action?post=164392"},{"taxonomy":"custom_tag","embeddable":true,"href":"https:\/\/www.eumedbridge.eu\/fr\/wp-json\/wp\/v2\/custom_tag?post=164392"}],"curies":[{"name":"wp","href":"https:\/\/api.w.org\/{rel}","templated":true}]}}