{"id":164398,"date":"2015-11-20T00:00:00","date_gmt":"2015-11-19T22:00:00","guid":{"rendered":"http:\/\/south.euneighbours.eu\/news\/une-organisation-travaillant-avec-les-refugies-en-syrie-palestine-et-jordanie-remporte-le-prix-du-dialogue-euro-mediterraneen-2015-de-la-fondation-anna-lindh\/"},"modified":"2022-07-08T17:00:18","modified_gmt":"2022-07-08T14:00:18","slug":"une-organisation-travaillant-avec-les-refugies-en-syrie-palestine-et","status":"publish","type":"news","link":"https:\/\/www.eumedbridge.eu\/fr\/news\/une-organisation-travaillant-avec-les-refugies-en-syrie-palestine-et\/","title":{"rendered":"Une organisation travaillant avec les r\u00e9fugi\u00e9s en Syrie, Palestine et Jordanie remporte le Prix du Dialogue Euro-m\u00e9diterran\u00e9en 2015 de la Fondation Anna Lindh"},"content":{"rendered":"<p>\u00a0Capoeira 4 r\u00e9fugi\u00e9s, une organisation caritative bas\u00e9e au Royaume-Uni qui met en \u0153uvre des projets en Syrie, en Palestine et en Jordanie, a \u00e9t\u00e9 annonc\u00e9e comme le laur\u00e9at du Prix Euro-m\u00e9diterran\u00e9en 2015 de la Fondation Anna Lindh, lors d&rsquo;une c\u00e9r\u00e9monie tenue \u00e0 Bruxelles le 19 Novembre.<\/p>\n<div style=\"margin-bottom: 0.0001pt;\">\u00a0<\/div>\n<div style=\"margin-bottom: 0.0001pt;\">Le prix a \u00e9t\u00e9 remis par la Pr\u00e9sidente de la Fondation Anna Lindh, \u00c9lisabeth Guigou, et le directeur du voisinage de l&rsquo;UE Michael Kohler. Mme Guigou a soulign\u00e9 le r\u00f4le de la Fondation dans le contexte actuel: <i>\u00ab Le mandat de la Fondation Anna Lindh n&rsquo;a jamais \u00e9t\u00e9 aussi n\u00e9cessaire et urgent qu\u2019aujourd\u2019hui.\u00a0\u00bb<\/i><\/div>\n<div style=\"margin-bottom: 0.0001pt;\">\u00a0<\/div>\n<div style=\"margin-bottom: 0.0001pt;\"><i>\u00ab\u00a0La Fondation Anna Lindh est un point de rep\u00e8re et une r\u00e9f\u00e9rence; elle travaille avec tous les segments de la soci\u00e9t\u00e9, mais surtout avec de jeunes femmes et hommes qui portent une grande responsabilit\u00e9 dans l&rsquo;\u00e9laboration d&rsquo;un avenir meilleur dans la r\u00e9gion,\u00a0\u00bb<\/i> a d\u00e9clar\u00e9 le directeur du voisinage de l&rsquo;UE Michael Kohler.<\/div>\n<div style=\"margin-bottom: 0.0001pt;\">\u00a0<\/div>\n<div style=\"margin-bottom: 0.0001pt;\">Le prix de cette ann\u00e9e r\u00e9compense les initiatives exceptionnelles visant \u00e0 favoriser l&rsquo;\u00e9change culturel contre les discours de haine et de x\u00e9nophobie, qui contribuent \u00e0 construire des r\u00e9cits alternatifs bas\u00e9s sur le potentiel positif de la diversit\u00e9 ainsi que des projets qui misent sur des valeurs partag\u00e9es pour une citoyennet\u00e9 inclusive.<\/div>\n<div style=\"margin-bottom: 0.0001pt;\">\u00a0<\/div>\n<div style=\"margin-bottom: 0.0001pt;\">La\u00a0<b>Fondation Anna Lindh pour le dialogue interculturel<\/b>\u00a0favorise la connaissance, le respect mutuel et le dialogue interculturel entre les populations de la r\u00e9gion euro-m\u00e9diterran\u00e9enne, au travers d&rsquo;un r\u00e9seau de plus de 3.000 organisations de la soci\u00e9t\u00e9 civile dans 43 pays. Son budget est co-financ\u00e9 par l&rsquo;UE (10 millions d\u2019euros) et les \u00c9tats membres de l&rsquo;UE (6 millions d\u2019euros) (<a href=\"http:\/\/www.enpi-info.eu\/indexmed.php?lang_id=469\">EU Neighbourhood Info<\/a>)<\/div>\n<div style=\"margin-bottom: 0.0001pt;\"><b>\u00a0<\/b><\/div>\n<div style=\"margin-bottom: 0.0001pt;\"><b>Pour en savoir plus<\/b><\/div>\n<div style=\"margin-bottom: 0.0001pt;\">\u00a0<\/div>\n<div style=\"margin-bottom: 0.0001pt;\"><a href=\"http:\/\/www.annalindhfoundation.org\/news\/capoeira-4-refugees-wins-2015-euro-med-dialogue-award\">Communiqu\u00e9 de presse<\/a><\/div>\n<div style=\"margin-bottom: 0.0001pt;\">\u00a0\u00a0<\/div>\n<div style=\"margin-bottom: 0.0001pt;\">Fondation Anna Lindh \u2013\u00a0<a href=\"http:\/\/www.enpi-info.eu\/mainmed.php?id=387&#038;id_type=10\">fiche et actualit\u00e9s<\/a><\/div>\n<div style=\"margin-bottom: 0.0001pt;\">\u00a0<\/div>\n<div style=\"margin-bottom: 0.0001pt;\">Fondation Anna Lindh \u2013\u00a0<a href=\"http:\/\/www.annalindhfoundation.org\/fr\">site internet<\/a><\/div>\n<div style=\"margin-bottom: 0.0001pt;\">\u00a0<\/div>\n<div style=\"margin-bottom: 0.0001pt;\">Fondation Anna Lindh sur\u00a0<a href=\"https:\/\/twitter.com\/AnnaLindh\">Twitter<\/a>,\u00a0<a href=\"https:\/\/www.facebook.com\/annalindhfoundation?fref=ts\">Facebook<\/a>,\u00a0<a href=\"http:\/\/www.youtube.com\/user\/dialoguenight\">YouTube<\/a>\u00a0,<a href=\"http:\/\/www.flickr.com\/photos\/annalindh\">Flickr\u00a0<\/a><\/div>\n<div style=\"margin-bottom: 0.0001pt;\">\u00a0<\/div>\n<div style=\"margin-bottom: 0.0001pt;\"><a href=\"http:\/\/www.enpi-info.eu\/join.php\">Pour recevoir nos actualit\u00e9s<\/a><\/div>\n<div style=\"margin-bottom: 0.0001pt;\">\u00a0<\/div>\n<div style=\"margin-bottom: 0.0001pt;\">\u00a0<\/div>\n","protected":false},"featured_media":0,"parent":0,"template":"","news_category":[],"country":[],"special_action":[],"custom_tag":[1874,2312,1897,1870],"class_list":["post-164398","news","type-news","status-publish","hentry","custom_tag-culture-fr","custom_tag-developpement-durable","custom_tag-medias","custom_tag-societe-civile"],"acf":[],"yoast_head":"<!-- This site is optimized with the Yoast SEO plugin v26.5 - https:\/\/yoast.com\/wordpress\/plugins\/seo\/ -->\n<title>Une organisation travaillant avec les r\u00e9fugi\u00e9s en Syrie, Palestine et Jordanie remporte le Prix du Dialogue Euro-m\u00e9diterran\u00e9en 2015 de la Fondation Anna Lindh - Voisins de l&#039;UE<\/title>\n<meta name=\"robots\" content=\"index, follow, max-snippet:-1, max-image-preview:large, max-video-preview:-1\" \/>\n<link rel=\"canonical\" href=\"https:\/\/www.eumedbridge.eu\/fr\/news\/une-organisation-travaillant-avec-les-refugies-en-syrie-palestine-et\/\" \/>\n<meta property=\"og:locale\" content=\"fr_FR\" \/>\n<meta property=\"og:type\" content=\"article\" \/>\n<meta property=\"og:title\" content=\"Une organisation travaillant avec les r\u00e9fugi\u00e9s en Syrie, Palestine et Jordanie remporte le Prix du Dialogue Euro-m\u00e9diterran\u00e9en 2015 de la Fondation Anna Lindh - Voisins de l&#039;UE\" \/>\n<meta property=\"og:description\" content=\"\u00a0Capoeira 4 r\u00e9fugi\u00e9s, une organisation caritative bas\u00e9e au Royaume-Uni qui met en \u0153uvre des projets en Syrie, en Palestine et en Jordanie, a \u00e9t\u00e9 annonc\u00e9e comme le laur\u00e9at du Prix Euro-m\u00e9diterran\u00e9en 2015 de la Fondation Anna Lindh, lors d&rsquo;une c\u00e9r\u00e9monie tenue \u00e0 Bruxelles le 19 Novembre. \u00a0 Le prix a \u00e9t\u00e9 remis par la Pr\u00e9sidente [&hellip;]\" \/>\n<meta property=\"og:url\" content=\"https:\/\/www.eumedbridge.eu\/fr\/news\/une-organisation-travaillant-avec-les-refugies-en-syrie-palestine-et\/\" \/>\n<meta property=\"og:site_name\" content=\"Voisins de l&#039;UE\" \/>\n<meta property=\"article:publisher\" content=\"https:\/\/www.facebook.com\/eumedbridge\/\" \/>\n<meta property=\"article:modified_time\" content=\"2022-07-08T14:00:18+00:00\" \/>\n<meta property=\"og:image\" content=\"https:\/\/www.eumedbridge.eu\/wp-content\/uploads\/2022\/03\/alf-photo.jpg\" \/>\n\t<meta property=\"og:image:width\" content=\"500\" \/>\n\t<meta property=\"og:image:height\" content=\"243\" \/>\n\t<meta property=\"og:image:type\" content=\"image\/jpeg\" \/>\n<meta name=\"twitter:card\" content=\"summary_large_image\" \/>\n<meta name=\"twitter:site\" content=\"@eumedbridge\" \/>\n<meta name=\"twitter:label1\" content=\"Dur\u00e9e de lecture estim\u00e9e\" \/>\n\t<meta name=\"twitter:data1\" content=\"2 minutes\" \/>\n<script type=\"application\/ld+json\" class=\"yoast-schema-graph\">{\"@context\":\"https:\/\/schema.org\",\"@graph\":[{\"@type\":\"WebPage\",\"@id\":\"https:\/\/www.eumedbridge.eu\/fr\/news\/une-organisation-travaillant-avec-les-refugies-en-syrie-palestine-et\/\",\"url\":\"https:\/\/www.eumedbridge.eu\/fr\/news\/une-organisation-travaillant-avec-les-refugies-en-syrie-palestine-et\/\",\"name\":\"Une organisation travaillant avec les r\u00e9fugi\u00e9s en Syrie, Palestine et Jordanie remporte le Prix du Dialogue Euro-m\u00e9diterran\u00e9en 2015 de la Fondation Anna Lindh - Voisins de l'UE\",\"isPartOf\":{\"@id\":\"https:\/\/www.eumedbridge.eu\/#website\"},\"datePublished\":\"2015-11-19T22:00:00+00:00\",\"dateModified\":\"2022-07-08T14:00:18+00:00\",\"breadcrumb\":{\"@id\":\"https:\/\/www.eumedbridge.eu\/fr\/news\/une-organisation-travaillant-avec-les-refugies-en-syrie-palestine-et\/#breadcrumb\"},\"inLanguage\":\"fr-FR\",\"potentialAction\":[{\"@type\":\"ReadAction\",\"target\":[\"https:\/\/www.eumedbridge.eu\/fr\/news\/une-organisation-travaillant-avec-les-refugies-en-syrie-palestine-et\/\"]}]},{\"@type\":\"BreadcrumbList\",\"@id\":\"https:\/\/www.eumedbridge.eu\/fr\/news\/une-organisation-travaillant-avec-les-refugies-en-syrie-palestine-et\/#breadcrumb\",\"itemListElement\":[{\"@type\":\"ListItem\",\"position\":1,\"name\":\"Home\",\"item\":\"https:\/\/www.eumedbridge.eu\/fr\/home-page\/\"},{\"@type\":\"ListItem\",\"position\":2,\"name\":\"Actualit\u00e9s\",\"item\":\"https:\/\/www.eumedbridge.eu\/fr\/news\/\"},{\"@type\":\"ListItem\",\"position\":3,\"name\":\"Une organisation travaillant avec les r\u00e9fugi\u00e9s en Syrie, Palestine et Jordanie remporte le Prix du Dialogue Euro-m\u00e9diterran\u00e9en 2015 de la Fondation Anna Lindh\"}]},{\"@type\":\"WebSite\",\"@id\":\"https:\/\/www.eumedbridge.eu\/#website\",\"url\":\"https:\/\/www.eumedbridge.eu\/\",\"name\":\"EU Medbridge\",\"description\":\"\",\"publisher\":{\"@id\":\"https:\/\/www.eumedbridge.eu\/#organization\"},\"potentialAction\":[{\"@type\":\"SearchAction\",\"target\":{\"@type\":\"EntryPoint\",\"urlTemplate\":\"https:\/\/www.eumedbridge.eu\/?s={search_term_string}\"},\"query-input\":{\"@type\":\"PropertyValueSpecification\",\"valueRequired\":true,\"valueName\":\"search_term_string\"}}],\"inLanguage\":\"fr-FR\"},{\"@type\":\"Organization\",\"@id\":\"https:\/\/www.eumedbridge.eu\/#organization\",\"name\":\"EU Medbridge\",\"url\":\"https:\/\/www.eumedbridge.eu\/\",\"logo\":{\"@type\":\"ImageObject\",\"inLanguage\":\"fr-FR\",\"@id\":\"https:\/\/www.eumedbridge.eu\/#\/schema\/logo\/image\/\",\"url\":\"https:\/\/www.eumedbridge.eu\/wp-content\/uploads\/2021\/12\/Logo.png\",\"contentUrl\":\"https:\/\/www.eumedbridge.eu\/wp-content\/uploads\/2021\/12\/Logo.png\",\"width\":325,\"height\":114,\"caption\":\"EU Medbridge\"},\"image\":{\"@id\":\"https:\/\/www.eumedbridge.eu\/#\/schema\/logo\/image\/\"},\"sameAs\":[\"https:\/\/www.facebook.com\/eumedbridge\/\",\"https:\/\/x.com\/eumedbridge\",\"https:\/\/www.linkedin.com\/company\/eumedbridge\",\"https:\/\/www.youtube.com\/@eumedbridge\",\"https:\/\/www.instagram.com\/eumedbridge\",\"https:\/\/www.flickr.com\/photos\/euneighbours-south\/\"]}]}<\/script>\n<!-- \/ Yoast SEO plugin. -->","yoast_head_json":{"title":"Une organisation travaillant avec les r\u00e9fugi\u00e9s en Syrie, Palestine et Jordanie remporte le Prix du Dialogue Euro-m\u00e9diterran\u00e9en 2015 de la Fondation Anna Lindh - Voisins de l'UE","robots":{"index":"index","follow":"follow","max-snippet":"max-snippet:-1","max-image-preview":"max-image-preview:large","max-video-preview":"max-video-preview:-1"},"canonical":"https:\/\/www.eumedbridge.eu\/fr\/news\/une-organisation-travaillant-avec-les-refugies-en-syrie-palestine-et\/","og_locale":"fr_FR","og_type":"article","og_title":"Une organisation travaillant avec les r\u00e9fugi\u00e9s en Syrie, Palestine et Jordanie remporte le Prix du Dialogue Euro-m\u00e9diterran\u00e9en 2015 de la Fondation Anna Lindh - Voisins de l'UE","og_description":"\u00a0Capoeira 4 r\u00e9fugi\u00e9s, une organisation caritative bas\u00e9e au Royaume-Uni qui met en \u0153uvre des projets en Syrie, en Palestine et en Jordanie, a \u00e9t\u00e9 annonc\u00e9e comme le laur\u00e9at du Prix Euro-m\u00e9diterran\u00e9en 2015 de la Fondation Anna Lindh, lors d&rsquo;une c\u00e9r\u00e9monie tenue \u00e0 Bruxelles le 19 Novembre. \u00a0 Le prix a \u00e9t\u00e9 remis par la Pr\u00e9sidente [&hellip;]","og_url":"https:\/\/www.eumedbridge.eu\/fr\/news\/une-organisation-travaillant-avec-les-refugies-en-syrie-palestine-et\/","og_site_name":"Voisins de l'UE","article_publisher":"https:\/\/www.facebook.com\/eumedbridge\/","article_modified_time":"2022-07-08T14:00:18+00:00","og_image":[{"width":500,"height":243,"url":"https:\/\/www.eumedbridge.eu\/wp-content\/uploads\/2022\/03\/alf-photo.jpg","type":"image\/jpeg"}],"twitter_card":"summary_large_image","twitter_site":"@eumedbridge","twitter_misc":{"Dur\u00e9e de lecture estim\u00e9e":"2 minutes"},"schema":{"@context":"https:\/\/schema.org","@graph":[{"@type":"WebPage","@id":"https:\/\/www.eumedbridge.eu\/fr\/news\/une-organisation-travaillant-avec-les-refugies-en-syrie-palestine-et\/","url":"https:\/\/www.eumedbridge.eu\/fr\/news\/une-organisation-travaillant-avec-les-refugies-en-syrie-palestine-et\/","name":"Une organisation travaillant avec les r\u00e9fugi\u00e9s en Syrie, Palestine et Jordanie remporte le Prix du Dialogue Euro-m\u00e9diterran\u00e9en 2015 de la Fondation Anna Lindh - Voisins de l'UE","isPartOf":{"@id":"https:\/\/www.eumedbridge.eu\/#website"},"datePublished":"2015-11-19T22:00:00+00:00","dateModified":"2022-07-08T14:00:18+00:00","breadcrumb":{"@id":"https:\/\/www.eumedbridge.eu\/fr\/news\/une-organisation-travaillant-avec-les-refugies-en-syrie-palestine-et\/#breadcrumb"},"inLanguage":"fr-FR","potentialAction":[{"@type":"ReadAction","target":["https:\/\/www.eumedbridge.eu\/fr\/news\/une-organisation-travaillant-avec-les-refugies-en-syrie-palestine-et\/"]}]},{"@type":"BreadcrumbList","@id":"https:\/\/www.eumedbridge.eu\/fr\/news\/une-organisation-travaillant-avec-les-refugies-en-syrie-palestine-et\/#breadcrumb","itemListElement":[{"@type":"ListItem","position":1,"name":"Home","item":"https:\/\/www.eumedbridge.eu\/fr\/home-page\/"},{"@type":"ListItem","position":2,"name":"Actualit\u00e9s","item":"https:\/\/www.eumedbridge.eu\/fr\/news\/"},{"@type":"ListItem","position":3,"name":"Une organisation travaillant avec les r\u00e9fugi\u00e9s en Syrie, Palestine et Jordanie remporte le Prix du Dialogue Euro-m\u00e9diterran\u00e9en 2015 de la Fondation Anna Lindh"}]},{"@type":"WebSite","@id":"https:\/\/www.eumedbridge.eu\/#website","url":"https:\/\/www.eumedbridge.eu\/","name":"EU Medbridge","description":"","publisher":{"@id":"https:\/\/www.eumedbridge.eu\/#organization"},"potentialAction":[{"@type":"SearchAction","target":{"@type":"EntryPoint","urlTemplate":"https:\/\/www.eumedbridge.eu\/?s={search_term_string}"},"query-input":{"@type":"PropertyValueSpecification","valueRequired":true,"valueName":"search_term_string"}}],"inLanguage":"fr-FR"},{"@type":"Organization","@id":"https:\/\/www.eumedbridge.eu\/#organization","name":"EU Medbridge","url":"https:\/\/www.eumedbridge.eu\/","logo":{"@type":"ImageObject","inLanguage":"fr-FR","@id":"https:\/\/www.eumedbridge.eu\/#\/schema\/logo\/image\/","url":"https:\/\/www.eumedbridge.eu\/wp-content\/uploads\/2021\/12\/Logo.png","contentUrl":"https:\/\/www.eumedbridge.eu\/wp-content\/uploads\/2021\/12\/Logo.png","width":325,"height":114,"caption":"EU Medbridge"},"image":{"@id":"https:\/\/www.eumedbridge.eu\/#\/schema\/logo\/image\/"},"sameAs":["https:\/\/www.facebook.com\/eumedbridge\/","https:\/\/x.com\/eumedbridge","https:\/\/www.linkedin.com\/company\/eumedbridge","https:\/\/www.youtube.com\/@eumedbridge","https:\/\/www.instagram.com\/eumedbridge","https:\/\/www.flickr.com\/photos\/euneighbours-south\/"]}]}},"_links":{"self":[{"href":"https:\/\/www.eumedbridge.eu\/fr\/wp-json\/wp\/v2\/news\/164398","targetHints":{"allow":["GET"]}}],"collection":[{"href":"https:\/\/www.eumedbridge.eu\/fr\/wp-json\/wp\/v2\/news"}],"about":[{"href":"https:\/\/www.eumedbridge.eu\/fr\/wp-json\/wp\/v2\/types\/news"}],"wp:attachment":[{"href":"https:\/\/www.eumedbridge.eu\/fr\/wp-json\/wp\/v2\/media?parent=164398"}],"wp:term":[{"taxonomy":"news_category","embeddable":true,"href":"https:\/\/www.eumedbridge.eu\/fr\/wp-json\/wp\/v2\/news_category?post=164398"},{"taxonomy":"country","embeddable":true,"href":"https:\/\/www.eumedbridge.eu\/fr\/wp-json\/wp\/v2\/country?post=164398"},{"taxonomy":"special_action","embeddable":true,"href":"https:\/\/www.eumedbridge.eu\/fr\/wp-json\/wp\/v2\/special_action?post=164398"},{"taxonomy":"custom_tag","embeddable":true,"href":"https:\/\/www.eumedbridge.eu\/fr\/wp-json\/wp\/v2\/custom_tag?post=164398"}],"curies":[{"name":"wp","href":"https:\/\/api.w.org\/{rel}","templated":true}]}}