{"id":164736,"date":"2016-11-16T00:00:00","date_gmt":"2016-11-15T22:00:00","guid":{"rendered":"http:\/\/south.euneighbours.eu\/news\/celebrer-la-cooperation-le-long-des-frontieres-exterieures-de-lue-une-cooperation-transfrontaliere-fructueuse-qui-se-poursuivra-dans-le-cadre-dun-nouveau-programme\/"},"modified":"2022-07-08T16:26:58","modified_gmt":"2022-07-08T13:26:58","slug":"celebrer-la-cooperation-le-long-des-frontieres-exterieures-de-lue-une","status":"publish","type":"news","link":"https:\/\/www.eumedbridge.eu\/fr\/news\/celebrer-la-cooperation-le-long-des-frontieres-exterieures-de-lue-une\/","title":{"rendered":"C\u00e9l\u00e9brer la coop\u00e9ration le long des fronti\u00e8res ext\u00e9rieures de l\u2019UE : une coop\u00e9ration transfrontali\u00e8re fructueuse qui se poursuivra dans le cadre d\u2019un nouveau programme"},"content":{"rendered":"<p>\u00a0Les d\u00e9l\u00e9gu\u00e9s de plus de 30\u00a0pays se sont r\u00e9unis hier \u00e0 Bruxelles pour c\u00e9l\u00e9brer les r\u00e9alisations de plus de 900\u00a0projets financ\u00e9s dans le cadre de 13\u00a0programmes de coop\u00e9ration transfrontali\u00e8re men\u00e9s au titre de l\u2019Instrument europ\u00e9en de voisinage et partenariat (ENPI CBC\u00a02007-2013) et discuter des 16\u00a0nouveaux programmes de coop\u00e9ration transfrontali\u00e8re men\u00e9s au titre de l\u2019Instrument europ\u00e9en de voisinage (ENI CBC\u00a02014-2020).<\/p>\n<div style=\"margin-bottom: 0.0001pt;\">\u00a0<\/div>\n<div style=\"margin-bottom: 0.0001pt;\">La conf\u00e9rence \u00ab\u00a0C\u00e9l\u00e9brer la coop\u00e9ration aux fronti\u00e8res ext\u00e9rieures de l\u2019UE\u00a0: conf\u00e9rence de cl\u00f4ture de l\u2019ENPI CBC\u00a02007-2013 et de lancement de l\u2019ENI CBC\u00a0\u00bb (<i>Celebrating cooperation on the EU\u2019s external borders: ENPI CBC 2007-2013 closing and ENI CBC launching conference<\/i>) a abord\u00e9 la mani\u00e8re de s\u2019appuyer sur cette r\u00e9ussite, les nouvelles fonctionnalit\u00e9s des programmes ENI CBC\u00a02014-2020, ainsi que le r\u00f4le de la coop\u00e9ration transfrontali\u00e8re dans les relations entre l\u2019Union europ\u00e9enne et ses voisins.<\/div>\n<div style=\"margin-bottom: 0.0001pt;\"><i>\u00a0<\/i><\/div>\n<div style=\"margin-bottom: 0.0001pt;\"><i>\u00ab\u00a0Depuis pr\u00e8s de 10\u00a0ans maintenant, l\u2019impact positif de la coop\u00e9ration transfrontali\u00e8re est ressenti dans toute l\u2019Europe et au-del\u00e0. Elle joue un r\u00f4le essentiel dans les r\u00e9gions frontali\u00e8res\u00a0: elle renforce les \u00e9conomies, aborde les enjeux environnementaux et rassemble les peuples. L\u2019impact est \u00e9norme et fait une v\u00e9ritable diff\u00e9rence dans la vie des citoyens\u00a0\u00bb<\/i>, a d\u00e9clar\u00e9 Christian\u00a0Danielsson, directeur g\u00e9n\u00e9ral, DG Voisinage et n\u00e9gociations d\u2019\u00e9largissement (NEAR).<\/div>\n<div style=\"margin-bottom: 0.0001pt;\"><b>\u00a0<\/b><\/div>\n<div style=\"margin-bottom: 0.0001pt;\"><b>En savoir plus<\/b><\/div>\n<div style=\"margin-bottom: 0.0001pt;\">\u00a0<\/div>\n<div style=\"margin-bottom: 0.0001pt;\"><a href=\"https:\/\/www.facebook.com\/enicbc\/photos\/pcb.975689795908486\/975687842575348\/?type=3&#038;theater\">Communiqu\u00e9 de presse<\/a><\/div>\n<div style=\"margin-bottom: 0.0001pt;\">\u00a0<\/div>\n<div style=\"margin-bottom: 0.0001pt;\"><a href=\"http:\/\/www.enpicbcmed.eu\/sites\/default\/files\/c_2014_7172_f1_annex_en_v1_p1_785459.pdf\">Document de programmation CTMed 2014-20<\/a><\/div>\n<div style=\"margin-bottom: 0.0001pt;\">\u00a0<\/div>\n<div style=\"margin-bottom: 0.0001pt;\"><a href=\"https:\/\/www.facebook.com\/enicbc\/\">Page Facebook <\/a>de l\u2019ENI CBC<\/div>\n<div style=\"margin-bottom: 0.0001pt;\">\u00a0<\/div>\n<div style=\"margin-bottom: 0.0001pt;\"><a href=\"http:\/\/www.enpi-info.eu\/join.php\">Pour recevoir nos actualit\u00e9s<\/a><\/div>\n","protected":false},"featured_media":0,"parent":0,"template":"","news_category":[],"country":[],"special_action":[],"custom_tag":[],"class_list":["post-164736","news","type-news","status-publish","hentry"],"acf":[],"yoast_head":"<!-- This site is optimized with the Yoast SEO plugin v26.5 - https:\/\/yoast.com\/wordpress\/plugins\/seo\/ -->\n<title>C\u00e9l\u00e9brer la coop\u00e9ration le long des fronti\u00e8res ext\u00e9rieures de l\u2019UE : une coop\u00e9ration transfrontali\u00e8re fructueuse qui se poursuivra dans le cadre d\u2019un nouveau programme - Voisins de l&#039;UE<\/title>\n<meta name=\"robots\" content=\"index, follow, max-snippet:-1, max-image-preview:large, max-video-preview:-1\" \/>\n<link rel=\"canonical\" href=\"https:\/\/www.eumedbridge.eu\/fr\/news\/celebrer-la-cooperation-le-long-des-frontieres-exterieures-de-lue-une\/\" \/>\n<meta property=\"og:locale\" content=\"fr_FR\" \/>\n<meta property=\"og:type\" content=\"article\" \/>\n<meta property=\"og:title\" content=\"C\u00e9l\u00e9brer la coop\u00e9ration le long des fronti\u00e8res ext\u00e9rieures de l\u2019UE : une coop\u00e9ration transfrontali\u00e8re fructueuse qui se poursuivra dans le cadre d\u2019un nouveau programme - Voisins de l&#039;UE\" \/>\n<meta property=\"og:description\" content=\"\u00a0Les d\u00e9l\u00e9gu\u00e9s de plus de 30\u00a0pays se sont r\u00e9unis hier \u00e0 Bruxelles pour c\u00e9l\u00e9brer les r\u00e9alisations de plus de 900\u00a0projets financ\u00e9s dans le cadre de 13\u00a0programmes de coop\u00e9ration transfrontali\u00e8re men\u00e9s au titre de l\u2019Instrument europ\u00e9en de voisinage et partenariat (ENPI CBC\u00a02007-2013) et discuter des 16\u00a0nouveaux programmes de coop\u00e9ration transfrontali\u00e8re men\u00e9s au titre de l\u2019Instrument europ\u00e9en [&hellip;]\" \/>\n<meta property=\"og:url\" content=\"https:\/\/www.eumedbridge.eu\/fr\/news\/celebrer-la-cooperation-le-long-des-frontieres-exterieures-de-lue-une\/\" \/>\n<meta property=\"og:site_name\" content=\"Voisins de l&#039;UE\" \/>\n<meta property=\"article:publisher\" content=\"https:\/\/www.facebook.com\/eumedbridge\/\" \/>\n<meta property=\"article:modified_time\" content=\"2022-07-08T13:26:58+00:00\" \/>\n<meta property=\"og:image\" content=\"https:\/\/www.eumedbridge.eu\/wp-content\/uploads\/2022\/05\/CBC.jpg\" \/>\n\t<meta property=\"og:image:width\" content=\"500\" \/>\n\t<meta property=\"og:image:height\" content=\"350\" \/>\n\t<meta property=\"og:image:type\" content=\"image\/jpeg\" \/>\n<meta name=\"twitter:card\" content=\"summary_large_image\" \/>\n<meta name=\"twitter:site\" content=\"@eumedbridge\" \/>\n<meta name=\"twitter:label1\" content=\"Dur\u00e9e de lecture estim\u00e9e\" \/>\n\t<meta name=\"twitter:data1\" content=\"1 minute\" \/>\n<script type=\"application\/ld+json\" class=\"yoast-schema-graph\">{\"@context\":\"https:\/\/schema.org\",\"@graph\":[{\"@type\":\"WebPage\",\"@id\":\"https:\/\/www.eumedbridge.eu\/fr\/news\/celebrer-la-cooperation-le-long-des-frontieres-exterieures-de-lue-une\/\",\"url\":\"https:\/\/www.eumedbridge.eu\/fr\/news\/celebrer-la-cooperation-le-long-des-frontieres-exterieures-de-lue-une\/\",\"name\":\"C\u00e9l\u00e9brer la coop\u00e9ration le long des fronti\u00e8res ext\u00e9rieures de l\u2019UE : une coop\u00e9ration transfrontali\u00e8re fructueuse qui se poursuivra dans le cadre d\u2019un nouveau programme - Voisins de l'UE\",\"isPartOf\":{\"@id\":\"https:\/\/www.eumedbridge.eu\/#website\"},\"datePublished\":\"2016-11-15T22:00:00+00:00\",\"dateModified\":\"2022-07-08T13:26:58+00:00\",\"breadcrumb\":{\"@id\":\"https:\/\/www.eumedbridge.eu\/fr\/news\/celebrer-la-cooperation-le-long-des-frontieres-exterieures-de-lue-une\/#breadcrumb\"},\"inLanguage\":\"fr-FR\",\"potentialAction\":[{\"@type\":\"ReadAction\",\"target\":[\"https:\/\/www.eumedbridge.eu\/fr\/news\/celebrer-la-cooperation-le-long-des-frontieres-exterieures-de-lue-une\/\"]}]},{\"@type\":\"BreadcrumbList\",\"@id\":\"https:\/\/www.eumedbridge.eu\/fr\/news\/celebrer-la-cooperation-le-long-des-frontieres-exterieures-de-lue-une\/#breadcrumb\",\"itemListElement\":[{\"@type\":\"ListItem\",\"position\":1,\"name\":\"Home\",\"item\":\"https:\/\/www.eumedbridge.eu\/fr\/home-page\/\"},{\"@type\":\"ListItem\",\"position\":2,\"name\":\"Actualit\u00e9s\",\"item\":\"https:\/\/www.eumedbridge.eu\/fr\/news\/\"},{\"@type\":\"ListItem\",\"position\":3,\"name\":\"C\u00e9l\u00e9brer la coop\u00e9ration le long des fronti\u00e8res ext\u00e9rieures de l\u2019UE : une coop\u00e9ration transfrontali\u00e8re fructueuse qui se poursuivra dans le cadre d\u2019un nouveau programme\"}]},{\"@type\":\"WebSite\",\"@id\":\"https:\/\/www.eumedbridge.eu\/#website\",\"url\":\"https:\/\/www.eumedbridge.eu\/\",\"name\":\"EU Medbridge\",\"description\":\"\",\"publisher\":{\"@id\":\"https:\/\/www.eumedbridge.eu\/#organization\"},\"potentialAction\":[{\"@type\":\"SearchAction\",\"target\":{\"@type\":\"EntryPoint\",\"urlTemplate\":\"https:\/\/www.eumedbridge.eu\/?s={search_term_string}\"},\"query-input\":{\"@type\":\"PropertyValueSpecification\",\"valueRequired\":true,\"valueName\":\"search_term_string\"}}],\"inLanguage\":\"fr-FR\"},{\"@type\":\"Organization\",\"@id\":\"https:\/\/www.eumedbridge.eu\/#organization\",\"name\":\"EU Medbridge\",\"url\":\"https:\/\/www.eumedbridge.eu\/\",\"logo\":{\"@type\":\"ImageObject\",\"inLanguage\":\"fr-FR\",\"@id\":\"https:\/\/www.eumedbridge.eu\/#\/schema\/logo\/image\/\",\"url\":\"https:\/\/www.eumedbridge.eu\/wp-content\/uploads\/2021\/12\/Logo.png\",\"contentUrl\":\"https:\/\/www.eumedbridge.eu\/wp-content\/uploads\/2021\/12\/Logo.png\",\"width\":325,\"height\":114,\"caption\":\"EU Medbridge\"},\"image\":{\"@id\":\"https:\/\/www.eumedbridge.eu\/#\/schema\/logo\/image\/\"},\"sameAs\":[\"https:\/\/www.facebook.com\/eumedbridge\/\",\"https:\/\/x.com\/eumedbridge\",\"https:\/\/www.linkedin.com\/company\/eumedbridge\",\"https:\/\/www.youtube.com\/@eumedbridge\",\"https:\/\/www.instagram.com\/eumedbridge\",\"https:\/\/www.flickr.com\/photos\/euneighbours-south\/\"]}]}<\/script>\n<!-- \/ Yoast SEO plugin. -->","yoast_head_json":{"title":"C\u00e9l\u00e9brer la coop\u00e9ration le long des fronti\u00e8res ext\u00e9rieures de l\u2019UE : une coop\u00e9ration transfrontali\u00e8re fructueuse qui se poursuivra dans le cadre d\u2019un nouveau programme - Voisins de l'UE","robots":{"index":"index","follow":"follow","max-snippet":"max-snippet:-1","max-image-preview":"max-image-preview:large","max-video-preview":"max-video-preview:-1"},"canonical":"https:\/\/www.eumedbridge.eu\/fr\/news\/celebrer-la-cooperation-le-long-des-frontieres-exterieures-de-lue-une\/","og_locale":"fr_FR","og_type":"article","og_title":"C\u00e9l\u00e9brer la coop\u00e9ration le long des fronti\u00e8res ext\u00e9rieures de l\u2019UE : une coop\u00e9ration transfrontali\u00e8re fructueuse qui se poursuivra dans le cadre d\u2019un nouveau programme - Voisins de l'UE","og_description":"\u00a0Les d\u00e9l\u00e9gu\u00e9s de plus de 30\u00a0pays se sont r\u00e9unis hier \u00e0 Bruxelles pour c\u00e9l\u00e9brer les r\u00e9alisations de plus de 900\u00a0projets financ\u00e9s dans le cadre de 13\u00a0programmes de coop\u00e9ration transfrontali\u00e8re men\u00e9s au titre de l\u2019Instrument europ\u00e9en de voisinage et partenariat (ENPI CBC\u00a02007-2013) et discuter des 16\u00a0nouveaux programmes de coop\u00e9ration transfrontali\u00e8re men\u00e9s au titre de l\u2019Instrument europ\u00e9en [&hellip;]","og_url":"https:\/\/www.eumedbridge.eu\/fr\/news\/celebrer-la-cooperation-le-long-des-frontieres-exterieures-de-lue-une\/","og_site_name":"Voisins de l'UE","article_publisher":"https:\/\/www.facebook.com\/eumedbridge\/","article_modified_time":"2022-07-08T13:26:58+00:00","og_image":[{"width":500,"height":350,"url":"https:\/\/www.eumedbridge.eu\/wp-content\/uploads\/2022\/05\/CBC.jpg","type":"image\/jpeg"}],"twitter_card":"summary_large_image","twitter_site":"@eumedbridge","twitter_misc":{"Dur\u00e9e de lecture estim\u00e9e":"1 minute"},"schema":{"@context":"https:\/\/schema.org","@graph":[{"@type":"WebPage","@id":"https:\/\/www.eumedbridge.eu\/fr\/news\/celebrer-la-cooperation-le-long-des-frontieres-exterieures-de-lue-une\/","url":"https:\/\/www.eumedbridge.eu\/fr\/news\/celebrer-la-cooperation-le-long-des-frontieres-exterieures-de-lue-une\/","name":"C\u00e9l\u00e9brer la coop\u00e9ration le long des fronti\u00e8res ext\u00e9rieures de l\u2019UE : une coop\u00e9ration transfrontali\u00e8re fructueuse qui se poursuivra dans le cadre d\u2019un nouveau programme - Voisins de l'UE","isPartOf":{"@id":"https:\/\/www.eumedbridge.eu\/#website"},"datePublished":"2016-11-15T22:00:00+00:00","dateModified":"2022-07-08T13:26:58+00:00","breadcrumb":{"@id":"https:\/\/www.eumedbridge.eu\/fr\/news\/celebrer-la-cooperation-le-long-des-frontieres-exterieures-de-lue-une\/#breadcrumb"},"inLanguage":"fr-FR","potentialAction":[{"@type":"ReadAction","target":["https:\/\/www.eumedbridge.eu\/fr\/news\/celebrer-la-cooperation-le-long-des-frontieres-exterieures-de-lue-une\/"]}]},{"@type":"BreadcrumbList","@id":"https:\/\/www.eumedbridge.eu\/fr\/news\/celebrer-la-cooperation-le-long-des-frontieres-exterieures-de-lue-une\/#breadcrumb","itemListElement":[{"@type":"ListItem","position":1,"name":"Home","item":"https:\/\/www.eumedbridge.eu\/fr\/home-page\/"},{"@type":"ListItem","position":2,"name":"Actualit\u00e9s","item":"https:\/\/www.eumedbridge.eu\/fr\/news\/"},{"@type":"ListItem","position":3,"name":"C\u00e9l\u00e9brer la coop\u00e9ration le long des fronti\u00e8res ext\u00e9rieures de l\u2019UE : une coop\u00e9ration transfrontali\u00e8re fructueuse qui se poursuivra dans le cadre d\u2019un nouveau programme"}]},{"@type":"WebSite","@id":"https:\/\/www.eumedbridge.eu\/#website","url":"https:\/\/www.eumedbridge.eu\/","name":"EU Medbridge","description":"","publisher":{"@id":"https:\/\/www.eumedbridge.eu\/#organization"},"potentialAction":[{"@type":"SearchAction","target":{"@type":"EntryPoint","urlTemplate":"https:\/\/www.eumedbridge.eu\/?s={search_term_string}"},"query-input":{"@type":"PropertyValueSpecification","valueRequired":true,"valueName":"search_term_string"}}],"inLanguage":"fr-FR"},{"@type":"Organization","@id":"https:\/\/www.eumedbridge.eu\/#organization","name":"EU Medbridge","url":"https:\/\/www.eumedbridge.eu\/","logo":{"@type":"ImageObject","inLanguage":"fr-FR","@id":"https:\/\/www.eumedbridge.eu\/#\/schema\/logo\/image\/","url":"https:\/\/www.eumedbridge.eu\/wp-content\/uploads\/2021\/12\/Logo.png","contentUrl":"https:\/\/www.eumedbridge.eu\/wp-content\/uploads\/2021\/12\/Logo.png","width":325,"height":114,"caption":"EU Medbridge"},"image":{"@id":"https:\/\/www.eumedbridge.eu\/#\/schema\/logo\/image\/"},"sameAs":["https:\/\/www.facebook.com\/eumedbridge\/","https:\/\/x.com\/eumedbridge","https:\/\/www.linkedin.com\/company\/eumedbridge","https:\/\/www.youtube.com\/@eumedbridge","https:\/\/www.instagram.com\/eumedbridge","https:\/\/www.flickr.com\/photos\/euneighbours-south\/"]}]}},"_links":{"self":[{"href":"https:\/\/www.eumedbridge.eu\/fr\/wp-json\/wp\/v2\/news\/164736","targetHints":{"allow":["GET"]}}],"collection":[{"href":"https:\/\/www.eumedbridge.eu\/fr\/wp-json\/wp\/v2\/news"}],"about":[{"href":"https:\/\/www.eumedbridge.eu\/fr\/wp-json\/wp\/v2\/types\/news"}],"wp:attachment":[{"href":"https:\/\/www.eumedbridge.eu\/fr\/wp-json\/wp\/v2\/media?parent=164736"}],"wp:term":[{"taxonomy":"news_category","embeddable":true,"href":"https:\/\/www.eumedbridge.eu\/fr\/wp-json\/wp\/v2\/news_category?post=164736"},{"taxonomy":"country","embeddable":true,"href":"https:\/\/www.eumedbridge.eu\/fr\/wp-json\/wp\/v2\/country?post=164736"},{"taxonomy":"special_action","embeddable":true,"href":"https:\/\/www.eumedbridge.eu\/fr\/wp-json\/wp\/v2\/special_action?post=164736"},{"taxonomy":"custom_tag","embeddable":true,"href":"https:\/\/www.eumedbridge.eu\/fr\/wp-json\/wp\/v2\/custom_tag?post=164736"}],"curies":[{"name":"wp","href":"https:\/\/api.w.org\/{rel}","templated":true}]}}