{"id":164793,"date":"2015-12-14T00:00:00","date_gmt":"2015-12-13T22:00:00","guid":{"rendered":"http:\/\/south.euneighbours.eu\/news\/huit-videos-recompensees-dans-le-cadre-dun-concours-du-fonds-europeen-pour-la-democratie\/"},"modified":"2022-07-08T16:57:51","modified_gmt":"2022-07-08T13:57:51","slug":"huit-videos-recompensees-dans-le-cadre-dun-concours-du-fonds-europeen","status":"publish","type":"news","link":"https:\/\/www.eumedbridge.eu\/fr\/news\/huit-videos-recompensees-dans-le-cadre-dun-concours-du-fonds-europeen\/","title":{"rendered":"Huit vid\u00e9os r\u00e9compens\u00e9es dans le cadre d\u2019un concours du Fonds europ\u00e9en pour la d\u00e9mocratie"},"content":{"rendered":"<p>\u00a0Huit\u00a0vid\u00e9os ont \u00e9t\u00e9 prim\u00e9es et\u00a09\u00a0vid\u00e9os suppl\u00e9mentaires ont \u00e9t\u00e9 s\u00e9lectionn\u00e9es pour le\u00a04<sup>e<\/sup>\u00a0et dernier tour de s\u00e9lection du concours vid\u00e9o du Fonds europ\u00e9en pour la d\u00e9mocratie (FEDEM) \u00ab\u00a060 secondes de d\u00e9mocratie\u00a0\u00bb.<\/p>\n<div style=\"margin-bottom: 0.0001pt;\">\u00a0<\/div>\n<div style=\"margin-bottom: 0.0001pt;\">Le prix\u00a0\u00ab\u00a0Vision globale\u00a0\u00bb\u00a0a \u00e9t\u00e9 d\u00e9cern\u00e9 \u00e0\u00a0 \u00ab\u00a0<a href=\"https:\/\/www.youtube.com\/watch?v=H2z_UDiz2Dk&#038;feature=youtu.be&#038;list=PLl_6KIP02lFBNrRb7kFsnbktFVdVCxo1N\">Democracy is equality before the law<\/a>\u00a0\u00bb. Ana, l&rsquo;auteur de la vid\u00e9o, pr\u00e9voit d&rsquo;investir l&rsquo;argent du prix en d\u00e9veloppant des activit\u00e9s pour \u00e9veiller l&rsquo;activisme social chez les enfants en Moldavie. Le prix\u00a0\u00ab\u00a0Premier dauphin\u00a0\u00bb\u00a0a \u00e9t\u00e9 attribu\u00e9 \u00e0 une vid\u00e9o palestinienne intitul\u00e9e \u00ab\u00a0<a href=\"https:\/\/www.youtube.com\/watch?v=lbDS-ZbhXQc&#038;list=PLl_6KIP02lFBNrRb7kFsnbktFVdVCxo1N&#038;index=2\">Democracy stems from her home<\/a>\u00a0\u00bb. Les r\u00e9alisateurs viennent du\u00a0Palestine Centre for Peace and Democracy\u00a0et ont l&rsquo;intention d&rsquo;utiliser ce prix pour sensibiliser les jeunes \u00e0 la d\u00e9mocratie. \u00ab\u00a0<a href=\"https:\/\/www.youtube.com\/watch?v=luvPlia3JdI&#038;index=3&#038;list=PLl_6KIP02lFBNrRb7kFsnbktFVdVCxo1N\">Song about Democracy<\/a>\u00a0\u00bb d\u2019Adrian a remport\u00e9 le \u00ab\u00a0Prix du Public\u00a0\u00bb avec plus de 8200 votes. Tourn\u00e9 \u00e0 Chisinau au moment des manifestations pour la \u00ab\u00a0dignit\u00e9\u00a0\u00bb en septembre dernier, la vid\u00e9o met en sc\u00e8ne Adrian chantant devant de nombreux endroits symboliques de la capitale moldave.<\/div>\n<div style=\"margin-bottom: 0.0001pt;\">\u00a0<\/div>\n<div style=\"margin-bottom: 0.0001pt;\">Enfin, cinq vid\u00e9os\u00a0ont \u00e9t\u00e9 r\u00e9compens\u00e9es par des prix sp\u00e9ciaux\u00a0:<\/div>\n<div style=\"margin-bottom: 0.0001pt;\"><a href=\"https:\/\/www.youtube.com\/watch?v=9dHpPxMB00Q&#038;index=4&#038;list=PLl_6KIP02lFBNrRb7kFsnbktFVdVCxo1N\">Recipe for Democracy<\/a>\u00a0(Ukraine)<\/div>\n<div style=\"margin-bottom: 0.0001pt;\"><a href=\"https:\/\/www.youtube.com\/watch?v=E-n7GlmZ7No&#038;list=PLl_6KIP02lFBNrRb7kFsnbktFVdVCxo1N&#038;index=5\">D for Democracy<\/a>\u00a0(Moldavie)<\/div>\n<div style=\"margin-bottom: 0.0001pt;\"><a href=\"https:\/\/www.youtube.com\/watch?v=cf1_ZWgMG1Q&#038;index=6&#038;list=PLl_6KIP02lFBNrRb7kFsnbktFVdVCxo1N\">Freedom of choice<\/a>\u00a0(Ukraine)<\/div>\n<div style=\"margin-bottom: 0.0001pt;\"><a href=\"https:\/\/www.youtube.com\/watch?v=ITlfMekI5M4&#038;list=PLl_6KIP02lFBNrRb7kFsnbktFVdVCxo1N&#038;index=7\">The abandoned flower<\/a>\u00a0(Maroc)<\/div>\n<div style=\"margin-bottom: 0.0001pt;\"><a href=\"https:\/\/www.youtube.com\/watch?v=gJ3BtyhJyAY&#038;list=PLl_6KIP02lFBNrRb7kFsnbktFVdVCxo1N&#038;index=9\">What does Democracy mean to me?<\/a>\u00a0(Irak)<\/div>\n<div style=\"margin-bottom: 0.0001pt;\">\u00a0<\/div>\n<div style=\"margin-bottom: 0.0001pt;\">Le concours a suscit\u00e9 70 vid\u00e9os, provenant de 16 pays diff\u00e9rents, mettant en sc\u00e8ne la d\u00e9mocratie \u00e0 travers des chansons, des sayn\u00e8tes, de la danse mais aussi de la cuisine. Les vid\u00e9os des 17 finalistes peuvent \u00eatre visionn\u00e9es sur la\u00a0<a href=\"https:\/\/www.youtube.com\/playlist?list=PLl_6KIP02lFBNrRb7kFsnbktFVdVCxo1N\">cha\u00eene Youtube<\/a>\u00a0ou sur le\u00a0<a href=\"https:\/\/www.democracyendowment.eu\/fr\/eed-contest\/\">site Internet<\/a> du FEDEM.<\/div>\n<div style=\"margin-bottom: 0.0001pt;\">\u00a0<\/div>\n<div style=\"margin-bottom: 0.0001pt;\">Le\u00a0<b>Fonds europ\u00e9en pour la d\u00e9mocratie<\/b>\u00a0assiste les organisations de la soci\u00e9t\u00e9 civile, les mouvements et les militants individuels pro-d\u00e9mocratie qui agissent en faveur d&rsquo;un syst\u00e8me multipartite pluraliste quels que soient leur taille et leur statut formel. Le FEDEM apporte aussi son soutien aux jeunes leaders, ainsi qu&rsquo;aux m\u00e9dias et journalistes ind\u00e9pendants, \u00e0 condition que les b\u00e9n\u00e9ficiaires respectent des valeurs d\u00e9mocratiques cl\u00e9s, les droits de l&rsquo;homme et les principes de la non-violence. Des organisations de d\u00e9fense des droits de la femme et des militantes f\u00e9ministes recevront le soutien du FEDEM et l&rsquo;\u00e9galit\u00e9 des sexes sera prise en compte dans toutes les d\u00e9cisions et actions financ\u00e9es par le FEDEM.<\/div>\n<div style=\"margin-bottom: 0.0001pt;\">\u00a0<\/div>\n<div style=\"margin-bottom: 0.0001pt;\">La Commission europ\u00e9enne finance le projet \u00ab\u00a0Soutien au Fonds europ\u00e9en pour la d\u00e9mocratie\u00a0\u00bb dans le but de soutenir le fonctionnement de base du FEDEM dans le voisinage europ\u00e9en, en tant qu&rsquo;acteur cl\u00e9 du renforcement et de la promotion de la d\u00e9mocratisation et de la d\u00e9mocratie solide et durable dans les pays en transition politique et dans les soci\u00e9t\u00e9s luttant pour la d\u00e9mocratisation. (<a href=\"http:\/\/www.enpi-info.eu\/index.php?lang_id=469\">EU Neighbourhood Info<\/a>)\u00a0<\/div>\n<div style=\"margin-bottom: 0.0001pt;\">\u00a0<\/div>\n<div style=\"margin-bottom: 0.0001pt;\"><b>Pour en savoir plus<\/b><\/div>\n<div style=\"margin-bottom: 0.0001pt;\">\u00a0<\/div>\n<div style=\"margin-bottom: 0.0001pt;\"><a href=\"https:\/\/www.democracyendowment.eu\/fr\/news\/meet-the-8-winners-of-60-seconds-of-democracy-video-contest\/\">Communiqu\u00e9 de presse<\/a><\/div>\n<div style=\"margin-bottom: 0.0001pt;\">\u00a0<\/div>\n<div style=\"margin-bottom: 0.0001pt;\">Fonds europ\u00e9en pour la d\u00e9mocratie \u2013\u00a0<a href=\"http:\/\/democracyendowment.eu\/\">Site internet<\/a>\u00a0et\u00a0<a href=\"https:\/\/www.facebook.com\/EuropeanEndowmentForDemocracy\">page Facebook<\/a><\/div>\n<div style=\"margin-bottom: 0.0001pt;\">\u00a0<\/div>\n<div style=\"margin-bottom: 0.0001pt;\">EU Neighbourhood Info Centre &#8211; entretien avec le directeur ex\u00e9cutif du FEDEM Jerzy Pomianowski \u2013\u00a0<a href=\"http:\/\/www.enpi-info.eu\/mainmed.php?id=764&#038;id_type=6&#038;lang_id=469\">La mani\u00e8re europ\u00e9enne de promouvoir la d\u00e9mocratie<\/a><\/div>\n<div style=\"margin-bottom: 0.0001pt;\">\u00a0<\/div>\n<div style=\"margin-bottom: 0.0001pt;\">Soutien au Fonds europ\u00e9en pour la d\u00e9mocratie\u00a0\u2013\u00a0<a href=\"http:\/\/www.enpi-info.eu\/mainmed.php?id=481&#038;id_type=10&#038;lang_id=469\">fiche<\/a><\/div>\n<div style=\"margin-bottom: 0.0001pt;\">\u00a0<\/div>\n<div style=\"margin-bottom: 0.0001pt;\"><a href=\"http:\/\/www.enpi-info.eu\/join.php\"><b>Pour recevoir nos actualit\u00e9s<\/b><\/a><\/div>\n<div style=\"margin-bottom: 0.0001pt;\">\u00a0<\/div>\n<div style=\"margin-bottom: 0.0001pt;\">\u00a0<\/div>\n","protected":false},"featured_media":0,"parent":0,"template":"","news_category":[],"country":[],"special_action":[],"custom_tag":[1874,2312,2313,1897,1870],"class_list":["post-164793","news","type-news","status-publish","hentry","custom_tag-culture-fr","custom_tag-developpement-durable","custom_tag-droit-de-lhomme","custom_tag-medias","custom_tag-societe-civile"],"acf":[],"yoast_head":"<!-- This site is optimized with the Yoast SEO plugin v26.5 - https:\/\/yoast.com\/wordpress\/plugins\/seo\/ -->\n<title>Huit vid\u00e9os r\u00e9compens\u00e9es dans le cadre d\u2019un concours du Fonds europ\u00e9en pour la d\u00e9mocratie - Voisins de l&#039;UE<\/title>\n<meta name=\"robots\" content=\"index, follow, max-snippet:-1, max-image-preview:large, max-video-preview:-1\" \/>\n<link rel=\"canonical\" href=\"https:\/\/www.eumedbridge.eu\/fr\/news\/huit-videos-recompensees-dans-le-cadre-dun-concours-du-fonds-europeen\/\" \/>\n<meta property=\"og:locale\" content=\"fr_FR\" \/>\n<meta property=\"og:type\" content=\"article\" \/>\n<meta property=\"og:title\" content=\"Huit vid\u00e9os r\u00e9compens\u00e9es dans le cadre d\u2019un concours du Fonds europ\u00e9en pour la d\u00e9mocratie - Voisins de l&#039;UE\" \/>\n<meta property=\"og:description\" content=\"\u00a0Huit\u00a0vid\u00e9os ont \u00e9t\u00e9 prim\u00e9es et\u00a09\u00a0vid\u00e9os suppl\u00e9mentaires ont \u00e9t\u00e9 s\u00e9lectionn\u00e9es pour le\u00a04e\u00a0et dernier tour de s\u00e9lection du concours vid\u00e9o du Fonds europ\u00e9en pour la d\u00e9mocratie (FEDEM) \u00ab\u00a060 secondes de d\u00e9mocratie\u00a0\u00bb. \u00a0 Le prix\u00a0\u00ab\u00a0Vision globale\u00a0\u00bb\u00a0a \u00e9t\u00e9 d\u00e9cern\u00e9 \u00e0\u00a0 \u00ab\u00a0Democracy is equality before the law\u00a0\u00bb. Ana, l&rsquo;auteur de la vid\u00e9o, pr\u00e9voit d&rsquo;investir l&rsquo;argent du prix en d\u00e9veloppant des [&hellip;]\" \/>\n<meta property=\"og:url\" content=\"https:\/\/www.eumedbridge.eu\/fr\/news\/huit-videos-recompensees-dans-le-cadre-dun-concours-du-fonds-europeen\/\" \/>\n<meta property=\"og:site_name\" content=\"Voisins de l&#039;UE\" \/>\n<meta property=\"article:publisher\" content=\"https:\/\/www.facebook.com\/eumedbridge\/\" \/>\n<meta property=\"article:modified_time\" content=\"2022-07-08T13:57:51+00:00\" \/>\n<meta property=\"og:image\" content=\"https:\/\/www.eumedbridge.eu\/wp-content\/uploads\/2022\/03\/EED2.jpg\" \/>\n\t<meta property=\"og:image:width\" content=\"446\" \/>\n\t<meta property=\"og:image:height\" content=\"446\" \/>\n\t<meta property=\"og:image:type\" content=\"image\/jpeg\" \/>\n<meta name=\"twitter:card\" content=\"summary_large_image\" \/>\n<meta name=\"twitter:site\" content=\"@eumedbridge\" \/>\n<meta name=\"twitter:label1\" content=\"Dur\u00e9e de lecture estim\u00e9e\" \/>\n\t<meta name=\"twitter:data1\" content=\"3 minutes\" \/>\n<script type=\"application\/ld+json\" class=\"yoast-schema-graph\">{\"@context\":\"https:\/\/schema.org\",\"@graph\":[{\"@type\":\"WebPage\",\"@id\":\"https:\/\/www.eumedbridge.eu\/fr\/news\/huit-videos-recompensees-dans-le-cadre-dun-concours-du-fonds-europeen\/\",\"url\":\"https:\/\/www.eumedbridge.eu\/fr\/news\/huit-videos-recompensees-dans-le-cadre-dun-concours-du-fonds-europeen\/\",\"name\":\"Huit vid\u00e9os r\u00e9compens\u00e9es dans le cadre d\u2019un concours du Fonds europ\u00e9en pour la d\u00e9mocratie - Voisins de l'UE\",\"isPartOf\":{\"@id\":\"https:\/\/www.eumedbridge.eu\/#website\"},\"datePublished\":\"2015-12-13T22:00:00+00:00\",\"dateModified\":\"2022-07-08T13:57:51+00:00\",\"breadcrumb\":{\"@id\":\"https:\/\/www.eumedbridge.eu\/fr\/news\/huit-videos-recompensees-dans-le-cadre-dun-concours-du-fonds-europeen\/#breadcrumb\"},\"inLanguage\":\"fr-FR\",\"potentialAction\":[{\"@type\":\"ReadAction\",\"target\":[\"https:\/\/www.eumedbridge.eu\/fr\/news\/huit-videos-recompensees-dans-le-cadre-dun-concours-du-fonds-europeen\/\"]}]},{\"@type\":\"BreadcrumbList\",\"@id\":\"https:\/\/www.eumedbridge.eu\/fr\/news\/huit-videos-recompensees-dans-le-cadre-dun-concours-du-fonds-europeen\/#breadcrumb\",\"itemListElement\":[{\"@type\":\"ListItem\",\"position\":1,\"name\":\"Home\",\"item\":\"https:\/\/www.eumedbridge.eu\/fr\/home-page\/\"},{\"@type\":\"ListItem\",\"position\":2,\"name\":\"Actualit\u00e9s\",\"item\":\"https:\/\/www.eumedbridge.eu\/fr\/news\/\"},{\"@type\":\"ListItem\",\"position\":3,\"name\":\"Huit vid\u00e9os r\u00e9compens\u00e9es dans le cadre d\u2019un concours du Fonds europ\u00e9en pour la d\u00e9mocratie\"}]},{\"@type\":\"WebSite\",\"@id\":\"https:\/\/www.eumedbridge.eu\/#website\",\"url\":\"https:\/\/www.eumedbridge.eu\/\",\"name\":\"EU Medbridge\",\"description\":\"\",\"publisher\":{\"@id\":\"https:\/\/www.eumedbridge.eu\/#organization\"},\"potentialAction\":[{\"@type\":\"SearchAction\",\"target\":{\"@type\":\"EntryPoint\",\"urlTemplate\":\"https:\/\/www.eumedbridge.eu\/?s={search_term_string}\"},\"query-input\":{\"@type\":\"PropertyValueSpecification\",\"valueRequired\":true,\"valueName\":\"search_term_string\"}}],\"inLanguage\":\"fr-FR\"},{\"@type\":\"Organization\",\"@id\":\"https:\/\/www.eumedbridge.eu\/#organization\",\"name\":\"EU Medbridge\",\"url\":\"https:\/\/www.eumedbridge.eu\/\",\"logo\":{\"@type\":\"ImageObject\",\"inLanguage\":\"fr-FR\",\"@id\":\"https:\/\/www.eumedbridge.eu\/#\/schema\/logo\/image\/\",\"url\":\"https:\/\/www.eumedbridge.eu\/wp-content\/uploads\/2021\/12\/Logo.png\",\"contentUrl\":\"https:\/\/www.eumedbridge.eu\/wp-content\/uploads\/2021\/12\/Logo.png\",\"width\":325,\"height\":114,\"caption\":\"EU Medbridge\"},\"image\":{\"@id\":\"https:\/\/www.eumedbridge.eu\/#\/schema\/logo\/image\/\"},\"sameAs\":[\"https:\/\/www.facebook.com\/eumedbridge\/\",\"https:\/\/x.com\/eumedbridge\",\"https:\/\/www.linkedin.com\/company\/eumedbridge\",\"https:\/\/www.youtube.com\/@eumedbridge\",\"https:\/\/www.instagram.com\/eumedbridge\",\"https:\/\/www.flickr.com\/photos\/euneighbours-south\/\"]}]}<\/script>\n<!-- \/ Yoast SEO plugin. -->","yoast_head_json":{"title":"Huit vid\u00e9os r\u00e9compens\u00e9es dans le cadre d\u2019un concours du Fonds europ\u00e9en pour la d\u00e9mocratie - Voisins de l'UE","robots":{"index":"index","follow":"follow","max-snippet":"max-snippet:-1","max-image-preview":"max-image-preview:large","max-video-preview":"max-video-preview:-1"},"canonical":"https:\/\/www.eumedbridge.eu\/fr\/news\/huit-videos-recompensees-dans-le-cadre-dun-concours-du-fonds-europeen\/","og_locale":"fr_FR","og_type":"article","og_title":"Huit vid\u00e9os r\u00e9compens\u00e9es dans le cadre d\u2019un concours du Fonds europ\u00e9en pour la d\u00e9mocratie - Voisins de l'UE","og_description":"\u00a0Huit\u00a0vid\u00e9os ont \u00e9t\u00e9 prim\u00e9es et\u00a09\u00a0vid\u00e9os suppl\u00e9mentaires ont \u00e9t\u00e9 s\u00e9lectionn\u00e9es pour le\u00a04e\u00a0et dernier tour de s\u00e9lection du concours vid\u00e9o du Fonds europ\u00e9en pour la d\u00e9mocratie (FEDEM) \u00ab\u00a060 secondes de d\u00e9mocratie\u00a0\u00bb. \u00a0 Le prix\u00a0\u00ab\u00a0Vision globale\u00a0\u00bb\u00a0a \u00e9t\u00e9 d\u00e9cern\u00e9 \u00e0\u00a0 \u00ab\u00a0Democracy is equality before the law\u00a0\u00bb. Ana, l&rsquo;auteur de la vid\u00e9o, pr\u00e9voit d&rsquo;investir l&rsquo;argent du prix en d\u00e9veloppant des [&hellip;]","og_url":"https:\/\/www.eumedbridge.eu\/fr\/news\/huit-videos-recompensees-dans-le-cadre-dun-concours-du-fonds-europeen\/","og_site_name":"Voisins de l'UE","article_publisher":"https:\/\/www.facebook.com\/eumedbridge\/","article_modified_time":"2022-07-08T13:57:51+00:00","og_image":[{"width":446,"height":446,"url":"https:\/\/www.eumedbridge.eu\/wp-content\/uploads\/2022\/03\/EED2.jpg","type":"image\/jpeg"}],"twitter_card":"summary_large_image","twitter_site":"@eumedbridge","twitter_misc":{"Dur\u00e9e de lecture estim\u00e9e":"3 minutes"},"schema":{"@context":"https:\/\/schema.org","@graph":[{"@type":"WebPage","@id":"https:\/\/www.eumedbridge.eu\/fr\/news\/huit-videos-recompensees-dans-le-cadre-dun-concours-du-fonds-europeen\/","url":"https:\/\/www.eumedbridge.eu\/fr\/news\/huit-videos-recompensees-dans-le-cadre-dun-concours-du-fonds-europeen\/","name":"Huit vid\u00e9os r\u00e9compens\u00e9es dans le cadre d\u2019un concours du Fonds europ\u00e9en pour la d\u00e9mocratie - Voisins de l'UE","isPartOf":{"@id":"https:\/\/www.eumedbridge.eu\/#website"},"datePublished":"2015-12-13T22:00:00+00:00","dateModified":"2022-07-08T13:57:51+00:00","breadcrumb":{"@id":"https:\/\/www.eumedbridge.eu\/fr\/news\/huit-videos-recompensees-dans-le-cadre-dun-concours-du-fonds-europeen\/#breadcrumb"},"inLanguage":"fr-FR","potentialAction":[{"@type":"ReadAction","target":["https:\/\/www.eumedbridge.eu\/fr\/news\/huit-videos-recompensees-dans-le-cadre-dun-concours-du-fonds-europeen\/"]}]},{"@type":"BreadcrumbList","@id":"https:\/\/www.eumedbridge.eu\/fr\/news\/huit-videos-recompensees-dans-le-cadre-dun-concours-du-fonds-europeen\/#breadcrumb","itemListElement":[{"@type":"ListItem","position":1,"name":"Home","item":"https:\/\/www.eumedbridge.eu\/fr\/home-page\/"},{"@type":"ListItem","position":2,"name":"Actualit\u00e9s","item":"https:\/\/www.eumedbridge.eu\/fr\/news\/"},{"@type":"ListItem","position":3,"name":"Huit vid\u00e9os r\u00e9compens\u00e9es dans le cadre d\u2019un concours du Fonds europ\u00e9en pour la d\u00e9mocratie"}]},{"@type":"WebSite","@id":"https:\/\/www.eumedbridge.eu\/#website","url":"https:\/\/www.eumedbridge.eu\/","name":"EU Medbridge","description":"","publisher":{"@id":"https:\/\/www.eumedbridge.eu\/#organization"},"potentialAction":[{"@type":"SearchAction","target":{"@type":"EntryPoint","urlTemplate":"https:\/\/www.eumedbridge.eu\/?s={search_term_string}"},"query-input":{"@type":"PropertyValueSpecification","valueRequired":true,"valueName":"search_term_string"}}],"inLanguage":"fr-FR"},{"@type":"Organization","@id":"https:\/\/www.eumedbridge.eu\/#organization","name":"EU Medbridge","url":"https:\/\/www.eumedbridge.eu\/","logo":{"@type":"ImageObject","inLanguage":"fr-FR","@id":"https:\/\/www.eumedbridge.eu\/#\/schema\/logo\/image\/","url":"https:\/\/www.eumedbridge.eu\/wp-content\/uploads\/2021\/12\/Logo.png","contentUrl":"https:\/\/www.eumedbridge.eu\/wp-content\/uploads\/2021\/12\/Logo.png","width":325,"height":114,"caption":"EU Medbridge"},"image":{"@id":"https:\/\/www.eumedbridge.eu\/#\/schema\/logo\/image\/"},"sameAs":["https:\/\/www.facebook.com\/eumedbridge\/","https:\/\/x.com\/eumedbridge","https:\/\/www.linkedin.com\/company\/eumedbridge","https:\/\/www.youtube.com\/@eumedbridge","https:\/\/www.instagram.com\/eumedbridge","https:\/\/www.flickr.com\/photos\/euneighbours-south\/"]}]}},"_links":{"self":[{"href":"https:\/\/www.eumedbridge.eu\/fr\/wp-json\/wp\/v2\/news\/164793","targetHints":{"allow":["GET"]}}],"collection":[{"href":"https:\/\/www.eumedbridge.eu\/fr\/wp-json\/wp\/v2\/news"}],"about":[{"href":"https:\/\/www.eumedbridge.eu\/fr\/wp-json\/wp\/v2\/types\/news"}],"wp:attachment":[{"href":"https:\/\/www.eumedbridge.eu\/fr\/wp-json\/wp\/v2\/media?parent=164793"}],"wp:term":[{"taxonomy":"news_category","embeddable":true,"href":"https:\/\/www.eumedbridge.eu\/fr\/wp-json\/wp\/v2\/news_category?post=164793"},{"taxonomy":"country","embeddable":true,"href":"https:\/\/www.eumedbridge.eu\/fr\/wp-json\/wp\/v2\/country?post=164793"},{"taxonomy":"special_action","embeddable":true,"href":"https:\/\/www.eumedbridge.eu\/fr\/wp-json\/wp\/v2\/special_action?post=164793"},{"taxonomy":"custom_tag","embeddable":true,"href":"https:\/\/www.eumedbridge.eu\/fr\/wp-json\/wp\/v2\/custom_tag?post=164793"}],"curies":[{"name":"wp","href":"https:\/\/api.w.org\/{rel}","templated":true}]}}